{"id":155449,"date":"2025-09-15T09:59:00","date_gmt":"2025-09-15T15:59:00","guid":{"rendered":"https:\/\/nbcs.mx\/?p=155449"},"modified":"2025-09-15T09:59:00","modified_gmt":"2025-09-15T15:59:00","slug":"buro-politico-los-malquerientes","status":"publish","type":"post","link":"https:\/\/nbcs.mx\/?p=155449","title":{"rendered":"BUR\u00d3 POL\u00cdTICO\/ \u00a1LOS MALQUERIENTES!"},"content":{"rendered":"<p dir=\"auto\" style=\"text-align: justify;\"><img loading=\"lazy\" decoding=\"async\" class=\" wp-image-155450 alignleft\" src=\"https:\/\/nbcs.mx\/wp-content\/uploads\/2025\/09\/1d19ffe8-0867-4fab-b350-270c8e99e11e-755x425.jpeg\" alt=\"\" width=\"387\" height=\"218\" srcset=\"https:\/\/nbcs.mx\/wp-content\/uploads\/2025\/09\/1d19ffe8-0867-4fab-b350-270c8e99e11e-755x425.jpeg 755w, https:\/\/nbcs.mx\/wp-content\/uploads\/2025\/09\/1d19ffe8-0867-4fab-b350-270c8e99e11e-1024x576.jpeg 1024w, https:\/\/nbcs.mx\/wp-content\/uploads\/2025\/09\/1d19ffe8-0867-4fab-b350-270c8e99e11e-150x84.jpeg 150w, https:\/\/nbcs.mx\/wp-content\/uploads\/2025\/09\/1d19ffe8-0867-4fab-b350-270c8e99e11e-768x432.jpeg 768w, https:\/\/nbcs.mx\/wp-content\/uploads\/2025\/09\/1d19ffe8-0867-4fab-b350-270c8e99e11e.jpeg 1280w\" sizes=\"auto, (max-width: 387px) 100vw, 387px\" \/>POR ARIEL VILCHIS<\/p>\n<p dir=\"auto\" style=\"text-align: justify;\">La pol\u00edtica necesita memoria pero tambi\u00e9n necesita verg\u00fcenza, eso escrib\u00ed hace unos d\u00edas al referirme a ciertos ex funcionarios de la administraci\u00f3n estatal que, despu\u00e9s de salir por la puerta de atr\u00e1s, hoy se quieren erigir como paladines de la verdad y la justicia social.<\/p>\n<p dir=\"auto\" style=\"text-align: justify;\">Lo cierto es que al no corresponder a la confianza otorgada, ya sea por actos de corrupci\u00f3n o por deslealtad, ahora estos ex funcionarios pretenden utilizar la mentira y la calumnia para denostar a quien alguna vez les tendi\u00f3 la mano y eso no se vale.<\/p>\n<p dir=\"auto\" style=\"text-align: justify;\">En redes sociales, en algunos medios digitales y en reuniones de caf\u00e9, el ex director de la Junta Estatal de Caminos, Arturo Ord\u00f3\u00f1ez, as\u00ed como el\u00a0 ex Subsecretario General de Gobierno Isidro Ibarra, a quien apodan el locuaz, utilizan la calumnia y el falso discurso para criticar al gobierno del que fueron parte. Ahora que est\u00e1n fuera del erario p\u00fablico todo est\u00e1 mal para ellos, \u00a1qu\u00e9 casualidad!<\/p>\n<p dir=\"auto\" style=\"text-align: justify;\">Lo que no se debe borrar de la memoria colectiva es que estos personajes salieron mal, no cumplieron con sus responsabilidades, no supieron corresponder a la confianza que les fue otorgada y mientras a uno se le acumulaban las auditoras en la Contralor\u00eda por malos manejos de los recursos p\u00fablicos, el otro coleccionaba quejas y m\u00e1s quejas de acoso laboral, sobre todo al personal femenino de la subsecretar\u00eda. \u00bfAs\u00ed como?<\/p>\n<p dir=\"auto\" style=\"text-align: justify;\">Estas blancas palomitas ahora se creen con autoridad moral cuando es bien conocido su mal\u00a0 desempe\u00f1o en la funci\u00f3n p\u00fablica, cuando son se\u00f1alados por su falta de \u00e9tica, por tener v\u00ednculos familiares con quien ha encabezado hechos delictivos. As\u00ed que podr\u00e1n denostar y utilizar la calumnia como arma pol\u00edtica pero, definitivamente, no tienen calidad moral. Como ciudadanos debemos tener memoria, ya que algunos ex funcionarios no la tienen.<\/p>\n<p style=\"text-align: justify;\">Ya veremos qu\u00e9 sucede, es mi opini\u00f3n, al tiempo\u2026<\/p>\n","protected":false},"excerpt":{"rendered":"<p>POR ARIEL VILCHIS La pol\u00edtica necesita memoria pero tambi\u00e9n necesita verg\u00fcenza, eso escrib\u00ed hace unos d\u00edas al referirme a ciertos<\/p>\n","protected":false},"author":1,"featured_media":155450,"comment_status":"open","ping_status":"closed","sticky":false,"template":"","format":"standard","meta":{"colormag_page_container_layout":"default_layout","colormag_page_sidebar_layout":"default_layout","_jetpack_memberships_contains_paid_content":false,"footnotes":"","jetpack_publicize_message":"","jetpack_publicize_feature_enabled":true,"jetpack_social_post_already_shared":true,"jetpack_social_options":{"image_generator_settings":{"template":"highway","default_image_id":0,"font":"","enabled":false},"version":2}},"categories":[41],"tags":[],"class_list":["post-155449","post","type-post","status-publish","format-standard","has-post-thumbnail","hentry","category-las-columnas"],"yoast_head":"<!-- This site is optimized with the Yoast SEO plugin v27.4 - https:\/\/yoast.com\/product\/yoast-seo-wordpress\/ -->\n<title>BUR\u00d3 POL\u00cdTICO\/ \u00a1LOS MALQUERIENTES! - NBCS Noticias<\/title>\n<meta name=\"robots\" content=\"index, follow, max-snippet:-1, max-image-preview:large, max-video-preview:-1\" \/>\n<link rel=\"canonical\" href=\"https:\/\/nbcs.mx\/?p=155449\" \/>\n<meta property=\"og:locale\" content=\"es_ES\" \/>\n<meta property=\"og:type\" content=\"article\" \/>\n<meta property=\"og:title\" content=\"BUR\u00d3 POL\u00cdTICO\/ \u00a1LOS MALQUERIENTES! - NBCS Noticias\" \/>\n<meta property=\"og:description\" content=\"POR ARIEL VILCHIS La pol\u00edtica necesita memoria pero tambi\u00e9n necesita verg\u00fcenza, eso escrib\u00ed hace unos d\u00edas al referirme a ciertos\" \/>\n<meta property=\"og:url\" content=\"https:\/\/nbcs.mx\/?p=155449\" \/>\n<meta property=\"og:site_name\" content=\"NBCS Noticias\" \/>\n<meta property=\"article:publisher\" content=\"https:\/\/www.facebook.com\/NBCSnoticias\" \/>\n<meta property=\"article:author\" content=\"https:\/\/www.facebook.com\/NBCSnoticias\" \/>\n<meta property=\"article:published_time\" content=\"2025-09-15T15:59:00+00:00\" \/>\n<meta property=\"og:image\" content=\"https:\/\/nbcs.mx\/wp-content\/uploads\/2025\/09\/1d19ffe8-0867-4fab-b350-270c8e99e11e.jpeg\" \/>\n\t<meta property=\"og:image:width\" content=\"1280\" \/>\n\t<meta property=\"og:image:height\" content=\"720\" \/>\n\t<meta property=\"og:image:type\" content=\"image\/jpeg\" \/>\n<meta name=\"author\" content=\"NBCS Noticias\" \/>\n<meta name=\"twitter:card\" content=\"summary_large_image\" \/>\n<meta name=\"twitter:creator\" content=\"@https:\/\/twitter.com\/NBCSnoticias\" \/>\n<meta name=\"twitter:site\" content=\"@NBCSnoticias\" \/>\n<meta name=\"twitter:label1\" content=\"Escrito por\" \/>\n\t<meta name=\"twitter:data1\" content=\"NBCS Noticias\" \/>\n\t<meta name=\"twitter:label2\" content=\"Tiempo de lectura\" \/>\n\t<meta name=\"twitter:data2\" content=\"2 minutos\" \/>\n<script type=\"application\/ld+json\" class=\"yoast-schema-graph\">{\"@context\":\"https:\\\/\\\/schema.org\",\"@graph\":[{\"@type\":\"Article\",\"@id\":\"https:\\\/\\\/nbcs.mx\\\/?p=155449#article\",\"isPartOf\":{\"@id\":\"https:\\\/\\\/nbcs.mx\\\/?p=155449\"},\"author\":{\"name\":\"NBCS Noticias\",\"@id\":\"https:\\\/\\\/nbcs.mx\\\/#\\\/schema\\\/person\\\/ece58bab9a7c1e87a4d28ec9ecd79ff4\"},\"headline\":\"BUR\u00d3 POL\u00cdTICO\\\/ \u00a1LOS MALQUERIENTES!\",\"datePublished\":\"2025-09-15T15:59:00+00:00\",\"mainEntityOfPage\":{\"@id\":\"https:\\\/\\\/nbcs.mx\\\/?p=155449\"},\"wordCount\":336,\"commentCount\":0,\"publisher\":{\"@id\":\"https:\\\/\\\/nbcs.mx\\\/#organization\"},\"image\":{\"@id\":\"https:\\\/\\\/nbcs.mx\\\/?p=155449#primaryimage\"},\"thumbnailUrl\":\"https:\\\/\\\/nbcs.mx\\\/wp-content\\\/uploads\\\/2025\\\/09\\\/1d19ffe8-0867-4fab-b350-270c8e99e11e.jpeg\",\"articleSection\":[\"Las Columnas\"],\"inLanguage\":\"es\",\"potentialAction\":[{\"@type\":\"CommentAction\",\"name\":\"Comment\",\"target\":[\"https:\\\/\\\/nbcs.mx\\\/?p=155449#respond\"]}]},{\"@type\":\"WebPage\",\"@id\":\"https:\\\/\\\/nbcs.mx\\\/?p=155449\",\"url\":\"https:\\\/\\\/nbcs.mx\\\/?p=155449\",\"name\":\"BUR\u00d3 POL\u00cdTICO\\\/ \u00a1LOS MALQUERIENTES! - NBCS Noticias\",\"isPartOf\":{\"@id\":\"https:\\\/\\\/nbcs.mx\\\/#website\"},\"primaryImageOfPage\":{\"@id\":\"https:\\\/\\\/nbcs.mx\\\/?p=155449#primaryimage\"},\"image\":{\"@id\":\"https:\\\/\\\/nbcs.mx\\\/?p=155449#primaryimage\"},\"thumbnailUrl\":\"https:\\\/\\\/nbcs.mx\\\/wp-content\\\/uploads\\\/2025\\\/09\\\/1d19ffe8-0867-4fab-b350-270c8e99e11e.jpeg\",\"datePublished\":\"2025-09-15T15:59:00+00:00\",\"breadcrumb\":{\"@id\":\"https:\\\/\\\/nbcs.mx\\\/?p=155449#breadcrumb\"},\"inLanguage\":\"es\",\"potentialAction\":[{\"@type\":\"ReadAction\",\"target\":[\"https:\\\/\\\/nbcs.mx\\\/?p=155449\"]}]},{\"@type\":\"ImageObject\",\"inLanguage\":\"es\",\"@id\":\"https:\\\/\\\/nbcs.mx\\\/?p=155449#primaryimage\",\"url\":\"https:\\\/\\\/nbcs.mx\\\/wp-content\\\/uploads\\\/2025\\\/09\\\/1d19ffe8-0867-4fab-b350-270c8e99e11e.jpeg\",\"contentUrl\":\"https:\\\/\\\/nbcs.mx\\\/wp-content\\\/uploads\\\/2025\\\/09\\\/1d19ffe8-0867-4fab-b350-270c8e99e11e.jpeg\",\"width\":1280,\"height\":720},{\"@type\":\"BreadcrumbList\",\"@id\":\"https:\\\/\\\/nbcs.mx\\\/?p=155449#breadcrumb\",\"itemListElement\":[{\"@type\":\"ListItem\",\"position\":1,\"name\":\"Portada\",\"item\":\"https:\\\/\\\/nbcs.mx\\\/\"},{\"@type\":\"ListItem\",\"position\":2,\"name\":\"BUR\u00d3 POL\u00cdTICO\\\/ \u00a1LOS MALQUERIENTES!\"}]},{\"@type\":\"WebSite\",\"@id\":\"https:\\\/\\\/nbcs.mx\\\/#website\",\"url\":\"https:\\\/\\\/nbcs.mx\\\/\",\"name\":\"NBCS Noticias\",\"description\":\"Sitio web de noticias en Baja California Sur\",\"publisher\":{\"@id\":\"https:\\\/\\\/nbcs.mx\\\/#organization\"},\"potentialAction\":[{\"@type\":\"SearchAction\",\"target\":{\"@type\":\"EntryPoint\",\"urlTemplate\":\"https:\\\/\\\/nbcs.mx\\\/?s={search_term_string}\"},\"query-input\":{\"@type\":\"PropertyValueSpecification\",\"valueRequired\":true,\"valueName\":\"search_term_string\"}}],\"inLanguage\":\"es\"},{\"@type\":\"Organization\",\"@id\":\"https:\\\/\\\/nbcs.mx\\\/#organization\",\"name\":\"NBCS Noticias\",\"url\":\"https:\\\/\\\/nbcs.mx\\\/\",\"logo\":{\"@type\":\"ImageObject\",\"inLanguage\":\"es\",\"@id\":\"https:\\\/\\\/nbcs.mx\\\/#\\\/schema\\\/logo\\\/image\\\/\",\"url\":\"https:\\\/\\\/nbcs.mx\\\/wp-content\\\/uploads\\\/2018\\\/09\\\/057b69485e93575a5c2b1c1dde2dd297.jpeg\",\"contentUrl\":\"https:\\\/\\\/nbcs.mx\\\/wp-content\\\/uploads\\\/2018\\\/09\\\/057b69485e93575a5c2b1c1dde2dd297.jpeg\",\"width\":64,\"height\":64,\"caption\":\"NBCS Noticias\"},\"image\":{\"@id\":\"https:\\\/\\\/nbcs.mx\\\/#\\\/schema\\\/logo\\\/image\\\/\"},\"sameAs\":[\"https:\\\/\\\/www.facebook.com\\\/NBCSnoticias\",\"https:\\\/\\\/x.com\\\/NBCSnoticias\"]},{\"@type\":\"Person\",\"@id\":\"https:\\\/\\\/nbcs.mx\\\/#\\\/schema\\\/person\\\/ece58bab9a7c1e87a4d28ec9ecd79ff4\",\"name\":\"NBCS Noticias\",\"image\":{\"@type\":\"ImageObject\",\"inLanguage\":\"es\",\"@id\":\"https:\\\/\\\/secure.gravatar.com\\\/avatar\\\/4e52110cad1c4054b43271a0d14bbe9e2ea76aecd0e1097edfc670798d9ca1d4?s=96&d=blank&r=g\",\"url\":\"https:\\\/\\\/secure.gravatar.com\\\/avatar\\\/4e52110cad1c4054b43271a0d14bbe9e2ea76aecd0e1097edfc670798d9ca1d4?s=96&d=blank&r=g\",\"contentUrl\":\"https:\\\/\\\/secure.gravatar.com\\\/avatar\\\/4e52110cad1c4054b43271a0d14bbe9e2ea76aecd0e1097edfc670798d9ca1d4?s=96&d=blank&r=g\",\"caption\":\"NBCS Noticias\"},\"description\":\"\u00bfTienes fotos o video de alg\u00fan acto de posible negligencia, corrupci\u00f3n y abuso de autoridad? M\u00e1ndalo al WhatsApp de NBCS Noticias: 612 141 98 08\",\"sameAs\":[\"https:\\\/\\\/www.nbcs.mx\",\"https:\\\/\\\/www.facebook.com\\\/NBCSnoticias\",\"https:\\\/\\\/www.instagram.com\\\/nbcsnoticias\\\/\",\"https:\\\/\\\/x.com\\\/https:\\\/\\\/twitter.com\\\/NBCSnoticias\"]}]}<\/script>\n<!-- \/ Yoast SEO plugin. -->","yoast_head_json":{"title":"BUR\u00d3 POL\u00cdTICO\/ \u00a1LOS MALQUERIENTES! - NBCS Noticias","robots":{"index":"index","follow":"follow","max-snippet":"max-snippet:-1","max-image-preview":"max-image-preview:large","max-video-preview":"max-video-preview:-1"},"canonical":"https:\/\/nbcs.mx\/?p=155449","og_locale":"es_ES","og_type":"article","og_title":"BUR\u00d3 POL\u00cdTICO\/ \u00a1LOS MALQUERIENTES! - NBCS Noticias","og_description":"POR ARIEL VILCHIS La pol\u00edtica necesita memoria pero tambi\u00e9n necesita verg\u00fcenza, eso escrib\u00ed hace unos d\u00edas al referirme a ciertos","og_url":"https:\/\/nbcs.mx\/?p=155449","og_site_name":"NBCS Noticias","article_publisher":"https:\/\/www.facebook.com\/NBCSnoticias","article_author":"https:\/\/www.facebook.com\/NBCSnoticias","article_published_time":"2025-09-15T15:59:00+00:00","og_image":[{"width":1280,"height":720,"url":"https:\/\/nbcs.mx\/wp-content\/uploads\/2025\/09\/1d19ffe8-0867-4fab-b350-270c8e99e11e.jpeg","type":"image\/jpeg"}],"author":"NBCS Noticias","twitter_card":"summary_large_image","twitter_creator":"@https:\/\/twitter.com\/NBCSnoticias","twitter_site":"@NBCSnoticias","twitter_misc":{"Escrito por":"NBCS Noticias","Tiempo de lectura":"2 minutos"},"schema":{"@context":"https:\/\/schema.org","@graph":[{"@type":"Article","@id":"https:\/\/nbcs.mx\/?p=155449#article","isPartOf":{"@id":"https:\/\/nbcs.mx\/?p=155449"},"author":{"name":"NBCS Noticias","@id":"https:\/\/nbcs.mx\/#\/schema\/person\/ece58bab9a7c1e87a4d28ec9ecd79ff4"},"headline":"BUR\u00d3 POL\u00cdTICO\/ \u00a1LOS MALQUERIENTES!","datePublished":"2025-09-15T15:59:00+00:00","mainEntityOfPage":{"@id":"https:\/\/nbcs.mx\/?p=155449"},"wordCount":336,"commentCount":0,"publisher":{"@id":"https:\/\/nbcs.mx\/#organization"},"image":{"@id":"https:\/\/nbcs.mx\/?p=155449#primaryimage"},"thumbnailUrl":"https:\/\/nbcs.mx\/wp-content\/uploads\/2025\/09\/1d19ffe8-0867-4fab-b350-270c8e99e11e.jpeg","articleSection":["Las Columnas"],"inLanguage":"es","potentialAction":[{"@type":"CommentAction","name":"Comment","target":["https:\/\/nbcs.mx\/?p=155449#respond"]}]},{"@type":"WebPage","@id":"https:\/\/nbcs.mx\/?p=155449","url":"https:\/\/nbcs.mx\/?p=155449","name":"BUR\u00d3 POL\u00cdTICO\/ \u00a1LOS MALQUERIENTES! - NBCS Noticias","isPartOf":{"@id":"https:\/\/nbcs.mx\/#website"},"primaryImageOfPage":{"@id":"https:\/\/nbcs.mx\/?p=155449#primaryimage"},"image":{"@id":"https:\/\/nbcs.mx\/?p=155449#primaryimage"},"thumbnailUrl":"https:\/\/nbcs.mx\/wp-content\/uploads\/2025\/09\/1d19ffe8-0867-4fab-b350-270c8e99e11e.jpeg","datePublished":"2025-09-15T15:59:00+00:00","breadcrumb":{"@id":"https:\/\/nbcs.mx\/?p=155449#breadcrumb"},"inLanguage":"es","potentialAction":[{"@type":"ReadAction","target":["https:\/\/nbcs.mx\/?p=155449"]}]},{"@type":"ImageObject","inLanguage":"es","@id":"https:\/\/nbcs.mx\/?p=155449#primaryimage","url":"https:\/\/nbcs.mx\/wp-content\/uploads\/2025\/09\/1d19ffe8-0867-4fab-b350-270c8e99e11e.jpeg","contentUrl":"https:\/\/nbcs.mx\/wp-content\/uploads\/2025\/09\/1d19ffe8-0867-4fab-b350-270c8e99e11e.jpeg","width":1280,"height":720},{"@type":"BreadcrumbList","@id":"https:\/\/nbcs.mx\/?p=155449#breadcrumb","itemListElement":[{"@type":"ListItem","position":1,"name":"Portada","item":"https:\/\/nbcs.mx\/"},{"@type":"ListItem","position":2,"name":"BUR\u00d3 POL\u00cdTICO\/ \u00a1LOS MALQUERIENTES!"}]},{"@type":"WebSite","@id":"https:\/\/nbcs.mx\/#website","url":"https:\/\/nbcs.mx\/","name":"NBCS Noticias","description":"Sitio web de noticias en Baja California Sur","publisher":{"@id":"https:\/\/nbcs.mx\/#organization"},"potentialAction":[{"@type":"SearchAction","target":{"@type":"EntryPoint","urlTemplate":"https:\/\/nbcs.mx\/?s={search_term_string}"},"query-input":{"@type":"PropertyValueSpecification","valueRequired":true,"valueName":"search_term_string"}}],"inLanguage":"es"},{"@type":"Organization","@id":"https:\/\/nbcs.mx\/#organization","name":"NBCS Noticias","url":"https:\/\/nbcs.mx\/","logo":{"@type":"ImageObject","inLanguage":"es","@id":"https:\/\/nbcs.mx\/#\/schema\/logo\/image\/","url":"https:\/\/nbcs.mx\/wp-content\/uploads\/2018\/09\/057b69485e93575a5c2b1c1dde2dd297.jpeg","contentUrl":"https:\/\/nbcs.mx\/wp-content\/uploads\/2018\/09\/057b69485e93575a5c2b1c1dde2dd297.jpeg","width":64,"height":64,"caption":"NBCS Noticias"},"image":{"@id":"https:\/\/nbcs.mx\/#\/schema\/logo\/image\/"},"sameAs":["https:\/\/www.facebook.com\/NBCSnoticias","https:\/\/x.com\/NBCSnoticias"]},{"@type":"Person","@id":"https:\/\/nbcs.mx\/#\/schema\/person\/ece58bab9a7c1e87a4d28ec9ecd79ff4","name":"NBCS Noticias","image":{"@type":"ImageObject","inLanguage":"es","@id":"https:\/\/secure.gravatar.com\/avatar\/4e52110cad1c4054b43271a0d14bbe9e2ea76aecd0e1097edfc670798d9ca1d4?s=96&d=blank&r=g","url":"https:\/\/secure.gravatar.com\/avatar\/4e52110cad1c4054b43271a0d14bbe9e2ea76aecd0e1097edfc670798d9ca1d4?s=96&d=blank&r=g","contentUrl":"https:\/\/secure.gravatar.com\/avatar\/4e52110cad1c4054b43271a0d14bbe9e2ea76aecd0e1097edfc670798d9ca1d4?s=96&d=blank&r=g","caption":"NBCS Noticias"},"description":"\u00bfTienes fotos o video de alg\u00fan acto de posible negligencia, corrupci\u00f3n y abuso de autoridad? M\u00e1ndalo al WhatsApp de NBCS Noticias: 612 141 98 08","sameAs":["https:\/\/www.nbcs.mx","https:\/\/www.facebook.com\/NBCSnoticias","https:\/\/www.instagram.com\/nbcsnoticias\/","https:\/\/x.com\/https:\/\/twitter.com\/NBCSnoticias"]}]}},"jetpack_publicize_connections":[],"jetpack_featured_media_url":"https:\/\/nbcs.mx\/wp-content\/uploads\/2025\/09\/1d19ffe8-0867-4fab-b350-270c8e99e11e.jpeg","jetpack_sharing_enabled":true,"_links":{"self":[{"href":"https:\/\/nbcs.mx\/index.php?rest_route=\/wp\/v2\/posts\/155449","targetHints":{"allow":["GET"]}}],"collection":[{"href":"https:\/\/nbcs.mx\/index.php?rest_route=\/wp\/v2\/posts"}],"about":[{"href":"https:\/\/nbcs.mx\/index.php?rest_route=\/wp\/v2\/types\/post"}],"author":[{"embeddable":true,"href":"https:\/\/nbcs.mx\/index.php?rest_route=\/wp\/v2\/users\/1"}],"replies":[{"embeddable":true,"href":"https:\/\/nbcs.mx\/index.php?rest_route=%2Fwp%2Fv2%2Fcomments&post=155449"}],"version-history":[{"count":1,"href":"https:\/\/nbcs.mx\/index.php?rest_route=\/wp\/v2\/posts\/155449\/revisions"}],"predecessor-version":[{"id":155451,"href":"https:\/\/nbcs.mx\/index.php?rest_route=\/wp\/v2\/posts\/155449\/revisions\/155451"}],"wp:featuredmedia":[{"embeddable":true,"href":"https:\/\/nbcs.mx\/index.php?rest_route=\/wp\/v2\/media\/155450"}],"wp:attachment":[{"href":"https:\/\/nbcs.mx\/index.php?rest_route=%2Fwp%2Fv2%2Fmedia&parent=155449"}],"wp:term":[{"taxonomy":"category","embeddable":true,"href":"https:\/\/nbcs.mx\/index.php?rest_route=%2Fwp%2Fv2%2Fcategories&post=155449"},{"taxonomy":"post_tag","embeddable":true,"href":"https:\/\/nbcs.mx\/index.php?rest_route=%2Fwp%2Fv2%2Ftags&post=155449"}],"curies":[{"name":"wp","href":"https:\/\/api.w.org\/{rel}","templated":true}]}}