{"id":155484,"date":"2025-09-15T17:00:16","date_gmt":"2025-09-15T23:00:16","guid":{"rendered":"https:\/\/nbcs.mx\/?p=155484"},"modified":"2025-09-15T17:00:16","modified_gmt":"2025-09-15T23:00:16","slug":"propone-la-diputada-guadalupe-vazquez-incluir-el-derecho-a-la-salud-mental-en-la-constitucion-de-bcs","status":"publish","type":"post","link":"https:\/\/nbcs.mx\/?p=155484","title":{"rendered":"Propone la diputada Guadalupe V\u00e1zquez incluir el derecho a la salud mental en la constituci\u00f3n de BCS"},"content":{"rendered":"<p style=\"font-weight: 400; text-align: justify;\"><img loading=\"lazy\" decoding=\"async\" class=\" wp-image-155485 alignleft\" src=\"https:\/\/nbcs.mx\/wp-content\/uploads\/2025\/09\/DIP-LUPITA-VAZQUEZ-250911-2-740x492.jpg\" alt=\"\" width=\"399\" height=\"265\" srcset=\"https:\/\/nbcs.mx\/wp-content\/uploads\/2025\/09\/DIP-LUPITA-VAZQUEZ-250911-2-740x492.jpg 740w, https:\/\/nbcs.mx\/wp-content\/uploads\/2025\/09\/DIP-LUPITA-VAZQUEZ-250911-2-150x100.jpg 150w, https:\/\/nbcs.mx\/wp-content\/uploads\/2025\/09\/DIP-LUPITA-VAZQUEZ-250911-2-768x511.jpg 768w, https:\/\/nbcs.mx\/wp-content\/uploads\/2025\/09\/DIP-LUPITA-VAZQUEZ-250911-2.jpg 1024w\" sizes=\"auto, (max-width: 399px) 100vw, 399px\" \/>A fin de atender en tiempo la salud mental de las personas y evitar que desenlacen en suicidios, la diputada Guadalupe V\u00e1zquez Jacinto propuso una reforma a la Constituci\u00f3n de Baja California Sur para que se establezcan mecanismos de atenci\u00f3n psicol\u00f3gica para quienes sufren alg\u00fan trastorno y puedan ser atendidos de manera inmediata.<\/p>\n<p style=\"font-weight: 400; text-align: justify;\">La representante de la fracci\u00f3n de Morena en la XVII Legislatura de Baja California Sur, afirm\u00f3 que es fundamental incluir la salud mental en la constituci\u00f3n, estableciendo bases que garanticen pol\u00edticas p\u00fablicas que incluyan recursos suficientes que promuevan la prevenci\u00f3n y atenci\u00f3n m\u00e9dica suficiente para el mejoramiento de la calidad de vida de los sudcalifornianos.<\/p>\n<p style=\"font-weight: 400; text-align: justify;\">\u00a0\u201cDebemos implementar acciones en beneficio de la sociedad sudcaliforniana con la finalidad de prevenir y tratar de inhibir estas conductas (suicidio) que afectan de manera directa a las familias de nuestra sociedad\u201d, asever\u00f3.<\/p>\n<p style=\"font-weight: 400; text-align: justify;\">La propuesta reforma y adiciona el art\u00edculo 13 de la Constituci\u00f3n de Baja California Sur para establecer que \u201cTodos los habitantes del Estado tienen derecho a la protecci\u00f3n de la salud f\u00edsica y mental, y en general, al bienestar y a la seguridad individual y social, como objetivos de la permanente superaci\u00f3n del nivel de vida de la poblaci\u00f3n\u201d.<\/p>\n<p style=\"font-weight: 400; text-align: justify;\">La legisladora puntualiz\u00f3 que del a\u00f1o 2020 a 2023, en Baja California Sur se han registrado 329 casos de suicidios, destacando que, las personas m\u00e1s afectadas son hombres, seguido de mujeres y lamentablemente se observa un alto \u00edndice en j\u00f3venes de 20 a\u00f1os hasta 39 a\u00f1os de edad.<\/p>\n<p style=\"font-weight: 400; text-align: justify;\">Adem\u00e1s, Baja California Sur tiene una tendencia de suicidio de 8.1 casos por cada 100 mil habitantes, ubic\u00e1ndose en el lugar 13 del pa\u00eds, a\u00fan por encima del Estado de M\u00e9xico, Puebla, Jalisco, Nuevo Le\u00f3n, Michoac\u00e1n, entre otros.<\/p>\n","protected":false},"excerpt":{"rendered":"<p>A fin de atender en tiempo la salud mental de las personas y evitar que desenlacen en suicidios, la diputada<\/p>\n","protected":false},"author":1,"featured_media":155485,"comment_status":"open","ping_status":"closed","sticky":false,"template":"","format":"standard","meta":{"colormag_page_container_layout":"default_layout","colormag_page_sidebar_layout":"default_layout","_jetpack_memberships_contains_paid_content":false,"footnotes":"","jetpack_publicize_message":"","jetpack_publicize_feature_enabled":true,"jetpack_social_post_already_shared":true,"jetpack_social_options":{"image_generator_settings":{"template":"highway","default_image_id":0,"font":"","enabled":false},"version":2}},"categories":[48],"tags":[],"class_list":["post-155484","post","type-post","status-publish","format-standard","has-post-thumbnail","hentry","category-congreso-de-bcs"],"yoast_head":"<!-- This site is optimized with the Yoast SEO plugin v27.4 - https:\/\/yoast.com\/product\/yoast-seo-wordpress\/ -->\n<title>Propone la diputada Guadalupe V\u00e1zquez incluir el derecho a la salud mental en la constituci\u00f3n de BCS - NBCS Noticias<\/title>\n<meta name=\"robots\" content=\"index, follow, max-snippet:-1, max-image-preview:large, max-video-preview:-1\" \/>\n<link rel=\"canonical\" href=\"https:\/\/nbcs.mx\/?p=155484\" \/>\n<meta property=\"og:locale\" content=\"es_ES\" \/>\n<meta property=\"og:type\" content=\"article\" \/>\n<meta property=\"og:title\" content=\"Propone la diputada Guadalupe V\u00e1zquez incluir el derecho a la salud mental en la constituci\u00f3n de BCS - NBCS Noticias\" \/>\n<meta property=\"og:description\" content=\"A fin de atender en tiempo la salud mental de las personas y evitar que desenlacen en suicidios, la diputada\" \/>\n<meta property=\"og:url\" content=\"https:\/\/nbcs.mx\/?p=155484\" \/>\n<meta property=\"og:site_name\" content=\"NBCS Noticias\" \/>\n<meta property=\"article:publisher\" content=\"https:\/\/www.facebook.com\/NBCSnoticias\" \/>\n<meta property=\"article:author\" content=\"https:\/\/www.facebook.com\/NBCSnoticias\" \/>\n<meta property=\"article:published_time\" content=\"2025-09-15T23:00:16+00:00\" \/>\n<meta property=\"og:image\" content=\"https:\/\/nbcs.mx\/wp-content\/uploads\/2025\/09\/DIP-LUPITA-VAZQUEZ-250911-2.jpg\" \/>\n\t<meta property=\"og:image:width\" content=\"1024\" \/>\n\t<meta property=\"og:image:height\" content=\"681\" \/>\n\t<meta property=\"og:image:type\" content=\"image\/jpeg\" \/>\n<meta name=\"author\" content=\"NBCS Noticias\" \/>\n<meta name=\"twitter:card\" content=\"summary_large_image\" \/>\n<meta name=\"twitter:creator\" content=\"@https:\/\/twitter.com\/NBCSnoticias\" \/>\n<meta name=\"twitter:site\" content=\"@NBCSnoticias\" \/>\n<meta name=\"twitter:label1\" content=\"Escrito por\" \/>\n\t<meta name=\"twitter:data1\" content=\"NBCS Noticias\" \/>\n\t<meta name=\"twitter:label2\" content=\"Tiempo de lectura\" \/>\n\t<meta name=\"twitter:data2\" content=\"2 minutos\" \/>\n<script type=\"application\/ld+json\" class=\"yoast-schema-graph\">{\"@context\":\"https:\\\/\\\/schema.org\",\"@graph\":[{\"@type\":\"Article\",\"@id\":\"https:\\\/\\\/nbcs.mx\\\/?p=155484#article\",\"isPartOf\":{\"@id\":\"https:\\\/\\\/nbcs.mx\\\/?p=155484\"},\"author\":{\"name\":\"NBCS Noticias\",\"@id\":\"https:\\\/\\\/nbcs.mx\\\/#\\\/schema\\\/person\\\/ece58bab9a7c1e87a4d28ec9ecd79ff4\"},\"headline\":\"Propone la diputada Guadalupe V\u00e1zquez incluir el derecho a la salud mental en la constituci\u00f3n de BCS\",\"datePublished\":\"2025-09-15T23:00:16+00:00\",\"mainEntityOfPage\":{\"@id\":\"https:\\\/\\\/nbcs.mx\\\/?p=155484\"},\"wordCount\":326,\"commentCount\":0,\"publisher\":{\"@id\":\"https:\\\/\\\/nbcs.mx\\\/#organization\"},\"image\":{\"@id\":\"https:\\\/\\\/nbcs.mx\\\/?p=155484#primaryimage\"},\"thumbnailUrl\":\"https:\\\/\\\/nbcs.mx\\\/wp-content\\\/uploads\\\/2025\\\/09\\\/DIP-LUPITA-VAZQUEZ-250911-2.jpg\",\"articleSection\":[\"Congreso de BCS\"],\"inLanguage\":\"es\",\"potentialAction\":[{\"@type\":\"CommentAction\",\"name\":\"Comment\",\"target\":[\"https:\\\/\\\/nbcs.mx\\\/?p=155484#respond\"]}]},{\"@type\":\"WebPage\",\"@id\":\"https:\\\/\\\/nbcs.mx\\\/?p=155484\",\"url\":\"https:\\\/\\\/nbcs.mx\\\/?p=155484\",\"name\":\"Propone la diputada Guadalupe V\u00e1zquez incluir el derecho a la salud mental en la constituci\u00f3n de BCS - NBCS Noticias\",\"isPartOf\":{\"@id\":\"https:\\\/\\\/nbcs.mx\\\/#website\"},\"primaryImageOfPage\":{\"@id\":\"https:\\\/\\\/nbcs.mx\\\/?p=155484#primaryimage\"},\"image\":{\"@id\":\"https:\\\/\\\/nbcs.mx\\\/?p=155484#primaryimage\"},\"thumbnailUrl\":\"https:\\\/\\\/nbcs.mx\\\/wp-content\\\/uploads\\\/2025\\\/09\\\/DIP-LUPITA-VAZQUEZ-250911-2.jpg\",\"datePublished\":\"2025-09-15T23:00:16+00:00\",\"breadcrumb\":{\"@id\":\"https:\\\/\\\/nbcs.mx\\\/?p=155484#breadcrumb\"},\"inLanguage\":\"es\",\"potentialAction\":[{\"@type\":\"ReadAction\",\"target\":[\"https:\\\/\\\/nbcs.mx\\\/?p=155484\"]}]},{\"@type\":\"ImageObject\",\"inLanguage\":\"es\",\"@id\":\"https:\\\/\\\/nbcs.mx\\\/?p=155484#primaryimage\",\"url\":\"https:\\\/\\\/nbcs.mx\\\/wp-content\\\/uploads\\\/2025\\\/09\\\/DIP-LUPITA-VAZQUEZ-250911-2.jpg\",\"contentUrl\":\"https:\\\/\\\/nbcs.mx\\\/wp-content\\\/uploads\\\/2025\\\/09\\\/DIP-LUPITA-VAZQUEZ-250911-2.jpg\",\"width\":1024,\"height\":681},{\"@type\":\"BreadcrumbList\",\"@id\":\"https:\\\/\\\/nbcs.mx\\\/?p=155484#breadcrumb\",\"itemListElement\":[{\"@type\":\"ListItem\",\"position\":1,\"name\":\"Portada\",\"item\":\"https:\\\/\\\/nbcs.mx\\\/\"},{\"@type\":\"ListItem\",\"position\":2,\"name\":\"Propone la diputada Guadalupe V\u00e1zquez incluir el derecho a la salud mental en la constituci\u00f3n de BCS\"}]},{\"@type\":\"WebSite\",\"@id\":\"https:\\\/\\\/nbcs.mx\\\/#website\",\"url\":\"https:\\\/\\\/nbcs.mx\\\/\",\"name\":\"NBCS Noticias\",\"description\":\"Sitio web de noticias en Baja California Sur\",\"publisher\":{\"@id\":\"https:\\\/\\\/nbcs.mx\\\/#organization\"},\"potentialAction\":[{\"@type\":\"SearchAction\",\"target\":{\"@type\":\"EntryPoint\",\"urlTemplate\":\"https:\\\/\\\/nbcs.mx\\\/?s={search_term_string}\"},\"query-input\":{\"@type\":\"PropertyValueSpecification\",\"valueRequired\":true,\"valueName\":\"search_term_string\"}}],\"inLanguage\":\"es\"},{\"@type\":\"Organization\",\"@id\":\"https:\\\/\\\/nbcs.mx\\\/#organization\",\"name\":\"NBCS Noticias\",\"url\":\"https:\\\/\\\/nbcs.mx\\\/\",\"logo\":{\"@type\":\"ImageObject\",\"inLanguage\":\"es\",\"@id\":\"https:\\\/\\\/nbcs.mx\\\/#\\\/schema\\\/logo\\\/image\\\/\",\"url\":\"https:\\\/\\\/nbcs.mx\\\/wp-content\\\/uploads\\\/2018\\\/09\\\/057b69485e93575a5c2b1c1dde2dd297.jpeg\",\"contentUrl\":\"https:\\\/\\\/nbcs.mx\\\/wp-content\\\/uploads\\\/2018\\\/09\\\/057b69485e93575a5c2b1c1dde2dd297.jpeg\",\"width\":64,\"height\":64,\"caption\":\"NBCS Noticias\"},\"image\":{\"@id\":\"https:\\\/\\\/nbcs.mx\\\/#\\\/schema\\\/logo\\\/image\\\/\"},\"sameAs\":[\"https:\\\/\\\/www.facebook.com\\\/NBCSnoticias\",\"https:\\\/\\\/x.com\\\/NBCSnoticias\"]},{\"@type\":\"Person\",\"@id\":\"https:\\\/\\\/nbcs.mx\\\/#\\\/schema\\\/person\\\/ece58bab9a7c1e87a4d28ec9ecd79ff4\",\"name\":\"NBCS Noticias\",\"image\":{\"@type\":\"ImageObject\",\"inLanguage\":\"es\",\"@id\":\"https:\\\/\\\/secure.gravatar.com\\\/avatar\\\/4e52110cad1c4054b43271a0d14bbe9e2ea76aecd0e1097edfc670798d9ca1d4?s=96&d=blank&r=g\",\"url\":\"https:\\\/\\\/secure.gravatar.com\\\/avatar\\\/4e52110cad1c4054b43271a0d14bbe9e2ea76aecd0e1097edfc670798d9ca1d4?s=96&d=blank&r=g\",\"contentUrl\":\"https:\\\/\\\/secure.gravatar.com\\\/avatar\\\/4e52110cad1c4054b43271a0d14bbe9e2ea76aecd0e1097edfc670798d9ca1d4?s=96&d=blank&r=g\",\"caption\":\"NBCS Noticias\"},\"description\":\"\u00bfTienes fotos o video de alg\u00fan acto de posible negligencia, corrupci\u00f3n y abuso de autoridad? M\u00e1ndalo al WhatsApp de NBCS Noticias: 612 141 98 08\",\"sameAs\":[\"https:\\\/\\\/www.nbcs.mx\",\"https:\\\/\\\/www.facebook.com\\\/NBCSnoticias\",\"https:\\\/\\\/www.instagram.com\\\/nbcsnoticias\\\/\",\"https:\\\/\\\/x.com\\\/https:\\\/\\\/twitter.com\\\/NBCSnoticias\"]}]}<\/script>\n<!-- \/ Yoast SEO plugin. -->","yoast_head_json":{"title":"Propone la diputada Guadalupe V\u00e1zquez incluir el derecho a la salud mental en la constituci\u00f3n de BCS - NBCS Noticias","robots":{"index":"index","follow":"follow","max-snippet":"max-snippet:-1","max-image-preview":"max-image-preview:large","max-video-preview":"max-video-preview:-1"},"canonical":"https:\/\/nbcs.mx\/?p=155484","og_locale":"es_ES","og_type":"article","og_title":"Propone la diputada Guadalupe V\u00e1zquez incluir el derecho a la salud mental en la constituci\u00f3n de BCS - NBCS Noticias","og_description":"A fin de atender en tiempo la salud mental de las personas y evitar que desenlacen en suicidios, la diputada","og_url":"https:\/\/nbcs.mx\/?p=155484","og_site_name":"NBCS Noticias","article_publisher":"https:\/\/www.facebook.com\/NBCSnoticias","article_author":"https:\/\/www.facebook.com\/NBCSnoticias","article_published_time":"2025-09-15T23:00:16+00:00","og_image":[{"width":1024,"height":681,"url":"https:\/\/nbcs.mx\/wp-content\/uploads\/2025\/09\/DIP-LUPITA-VAZQUEZ-250911-2.jpg","type":"image\/jpeg"}],"author":"NBCS Noticias","twitter_card":"summary_large_image","twitter_creator":"@https:\/\/twitter.com\/NBCSnoticias","twitter_site":"@NBCSnoticias","twitter_misc":{"Escrito por":"NBCS Noticias","Tiempo de lectura":"2 minutos"},"schema":{"@context":"https:\/\/schema.org","@graph":[{"@type":"Article","@id":"https:\/\/nbcs.mx\/?p=155484#article","isPartOf":{"@id":"https:\/\/nbcs.mx\/?p=155484"},"author":{"name":"NBCS Noticias","@id":"https:\/\/nbcs.mx\/#\/schema\/person\/ece58bab9a7c1e87a4d28ec9ecd79ff4"},"headline":"Propone la diputada Guadalupe V\u00e1zquez incluir el derecho a la salud mental en la constituci\u00f3n de BCS","datePublished":"2025-09-15T23:00:16+00:00","mainEntityOfPage":{"@id":"https:\/\/nbcs.mx\/?p=155484"},"wordCount":326,"commentCount":0,"publisher":{"@id":"https:\/\/nbcs.mx\/#organization"},"image":{"@id":"https:\/\/nbcs.mx\/?p=155484#primaryimage"},"thumbnailUrl":"https:\/\/nbcs.mx\/wp-content\/uploads\/2025\/09\/DIP-LUPITA-VAZQUEZ-250911-2.jpg","articleSection":["Congreso de BCS"],"inLanguage":"es","potentialAction":[{"@type":"CommentAction","name":"Comment","target":["https:\/\/nbcs.mx\/?p=155484#respond"]}]},{"@type":"WebPage","@id":"https:\/\/nbcs.mx\/?p=155484","url":"https:\/\/nbcs.mx\/?p=155484","name":"Propone la diputada Guadalupe V\u00e1zquez incluir el derecho a la salud mental en la constituci\u00f3n de BCS - NBCS Noticias","isPartOf":{"@id":"https:\/\/nbcs.mx\/#website"},"primaryImageOfPage":{"@id":"https:\/\/nbcs.mx\/?p=155484#primaryimage"},"image":{"@id":"https:\/\/nbcs.mx\/?p=155484#primaryimage"},"thumbnailUrl":"https:\/\/nbcs.mx\/wp-content\/uploads\/2025\/09\/DIP-LUPITA-VAZQUEZ-250911-2.jpg","datePublished":"2025-09-15T23:00:16+00:00","breadcrumb":{"@id":"https:\/\/nbcs.mx\/?p=155484#breadcrumb"},"inLanguage":"es","potentialAction":[{"@type":"ReadAction","target":["https:\/\/nbcs.mx\/?p=155484"]}]},{"@type":"ImageObject","inLanguage":"es","@id":"https:\/\/nbcs.mx\/?p=155484#primaryimage","url":"https:\/\/nbcs.mx\/wp-content\/uploads\/2025\/09\/DIP-LUPITA-VAZQUEZ-250911-2.jpg","contentUrl":"https:\/\/nbcs.mx\/wp-content\/uploads\/2025\/09\/DIP-LUPITA-VAZQUEZ-250911-2.jpg","width":1024,"height":681},{"@type":"BreadcrumbList","@id":"https:\/\/nbcs.mx\/?p=155484#breadcrumb","itemListElement":[{"@type":"ListItem","position":1,"name":"Portada","item":"https:\/\/nbcs.mx\/"},{"@type":"ListItem","position":2,"name":"Propone la diputada Guadalupe V\u00e1zquez incluir el derecho a la salud mental en la constituci\u00f3n de BCS"}]},{"@type":"WebSite","@id":"https:\/\/nbcs.mx\/#website","url":"https:\/\/nbcs.mx\/","name":"NBCS Noticias","description":"Sitio web de noticias en Baja California Sur","publisher":{"@id":"https:\/\/nbcs.mx\/#organization"},"potentialAction":[{"@type":"SearchAction","target":{"@type":"EntryPoint","urlTemplate":"https:\/\/nbcs.mx\/?s={search_term_string}"},"query-input":{"@type":"PropertyValueSpecification","valueRequired":true,"valueName":"search_term_string"}}],"inLanguage":"es"},{"@type":"Organization","@id":"https:\/\/nbcs.mx\/#organization","name":"NBCS Noticias","url":"https:\/\/nbcs.mx\/","logo":{"@type":"ImageObject","inLanguage":"es","@id":"https:\/\/nbcs.mx\/#\/schema\/logo\/image\/","url":"https:\/\/nbcs.mx\/wp-content\/uploads\/2018\/09\/057b69485e93575a5c2b1c1dde2dd297.jpeg","contentUrl":"https:\/\/nbcs.mx\/wp-content\/uploads\/2018\/09\/057b69485e93575a5c2b1c1dde2dd297.jpeg","width":64,"height":64,"caption":"NBCS Noticias"},"image":{"@id":"https:\/\/nbcs.mx\/#\/schema\/logo\/image\/"},"sameAs":["https:\/\/www.facebook.com\/NBCSnoticias","https:\/\/x.com\/NBCSnoticias"]},{"@type":"Person","@id":"https:\/\/nbcs.mx\/#\/schema\/person\/ece58bab9a7c1e87a4d28ec9ecd79ff4","name":"NBCS Noticias","image":{"@type":"ImageObject","inLanguage":"es","@id":"https:\/\/secure.gravatar.com\/avatar\/4e52110cad1c4054b43271a0d14bbe9e2ea76aecd0e1097edfc670798d9ca1d4?s=96&d=blank&r=g","url":"https:\/\/secure.gravatar.com\/avatar\/4e52110cad1c4054b43271a0d14bbe9e2ea76aecd0e1097edfc670798d9ca1d4?s=96&d=blank&r=g","contentUrl":"https:\/\/secure.gravatar.com\/avatar\/4e52110cad1c4054b43271a0d14bbe9e2ea76aecd0e1097edfc670798d9ca1d4?s=96&d=blank&r=g","caption":"NBCS Noticias"},"description":"\u00bfTienes fotos o video de alg\u00fan acto de posible negligencia, corrupci\u00f3n y abuso de autoridad? M\u00e1ndalo al WhatsApp de NBCS Noticias: 612 141 98 08","sameAs":["https:\/\/www.nbcs.mx","https:\/\/www.facebook.com\/NBCSnoticias","https:\/\/www.instagram.com\/nbcsnoticias\/","https:\/\/x.com\/https:\/\/twitter.com\/NBCSnoticias"]}]}},"jetpack_publicize_connections":[],"jetpack_featured_media_url":"https:\/\/nbcs.mx\/wp-content\/uploads\/2025\/09\/DIP-LUPITA-VAZQUEZ-250911-2.jpg","jetpack_sharing_enabled":true,"_links":{"self":[{"href":"https:\/\/nbcs.mx\/index.php?rest_route=\/wp\/v2\/posts\/155484","targetHints":{"allow":["GET"]}}],"collection":[{"href":"https:\/\/nbcs.mx\/index.php?rest_route=\/wp\/v2\/posts"}],"about":[{"href":"https:\/\/nbcs.mx\/index.php?rest_route=\/wp\/v2\/types\/post"}],"author":[{"embeddable":true,"href":"https:\/\/nbcs.mx\/index.php?rest_route=\/wp\/v2\/users\/1"}],"replies":[{"embeddable":true,"href":"https:\/\/nbcs.mx\/index.php?rest_route=%2Fwp%2Fv2%2Fcomments&post=155484"}],"version-history":[{"count":1,"href":"https:\/\/nbcs.mx\/index.php?rest_route=\/wp\/v2\/posts\/155484\/revisions"}],"predecessor-version":[{"id":155486,"href":"https:\/\/nbcs.mx\/index.php?rest_route=\/wp\/v2\/posts\/155484\/revisions\/155486"}],"wp:featuredmedia":[{"embeddable":true,"href":"https:\/\/nbcs.mx\/index.php?rest_route=\/wp\/v2\/media\/155485"}],"wp:attachment":[{"href":"https:\/\/nbcs.mx\/index.php?rest_route=%2Fwp%2Fv2%2Fmedia&parent=155484"}],"wp:term":[{"taxonomy":"category","embeddable":true,"href":"https:\/\/nbcs.mx\/index.php?rest_route=%2Fwp%2Fv2%2Fcategories&post=155484"},{"taxonomy":"post_tag","embeddable":true,"href":"https:\/\/nbcs.mx\/index.php?rest_route=%2Fwp%2Fv2%2Ftags&post=155484"}],"curies":[{"name":"wp","href":"https:\/\/api.w.org\/{rel}","templated":true}]}}