{"id":155721,"date":"2025-09-21T10:44:20","date_gmt":"2025-09-21T16:44:20","guid":{"rendered":"https:\/\/nbcs.mx\/?p=155721"},"modified":"2025-09-21T10:44:20","modified_gmt":"2025-09-21T16:44:20","slug":"empresa-constructora-de-la-puerta-de-la-paz-hara-reparaciones-de-la-obra-y-asumira-los-costos","status":"publish","type":"post","link":"https:\/\/nbcs.mx\/?p=155721","title":{"rendered":"Empresa Constructora de \u201cLa Puerta de La Paz\u201d har\u00e1 reparaciones de la obra y asumir\u00e1 los costos"},"content":{"rendered":"<p style=\"font-weight: 400; text-align: justify;\"><img loading=\"lazy\" decoding=\"async\" class=\" wp-image-155722 alignleft\" src=\"https:\/\/nbcs.mx\/wp-content\/uploads\/2025\/09\/Captura-de-pantalla-2025-09-21-a-las-9.43.40\u202fa.m-755x448.png\" alt=\"\" width=\"356\" height=\"211\" srcset=\"https:\/\/nbcs.mx\/wp-content\/uploads\/2025\/09\/Captura-de-pantalla-2025-09-21-a-las-9.43.40\u202fa.m-755x448.png 755w, https:\/\/nbcs.mx\/wp-content\/uploads\/2025\/09\/Captura-de-pantalla-2025-09-21-a-las-9.43.40\u202fa.m-1024x607.png 1024w, https:\/\/nbcs.mx\/wp-content\/uploads\/2025\/09\/Captura-de-pantalla-2025-09-21-a-las-9.43.40\u202fa.m-150x89.png 150w, https:\/\/nbcs.mx\/wp-content\/uploads\/2025\/09\/Captura-de-pantalla-2025-09-21-a-las-9.43.40\u202fa.m-768x455.png 768w, https:\/\/nbcs.mx\/wp-content\/uploads\/2025\/09\/Captura-de-pantalla-2025-09-21-a-las-9.43.40\u202fa.m-1536x911.png 1536w, https:\/\/nbcs.mx\/wp-content\/uploads\/2025\/09\/Captura-de-pantalla-2025-09-21-a-las-9.43.40\u202fa.m-2048x1214.png 2048w\" sizes=\"auto, (max-width: 356px) 100vw, 356px\" \/>Ante los da\u00f1os en acabados como emplaste y pintura que registr\u00f3 la obra \u201cLa Puerta de La Paz\u201d, por filtraciones de agua de lluvia, ser\u00e1 la empresa constructora la que realice las reparaciones correspondientes y asuma los costos de dichos trabajos, inform\u00f3 el director general de Gesti\u00f3n Integral de la Ciudad, Carlos Rodr\u00edguez Malpica Nava.<\/p>\n<p style=\"font-weight: 400; text-align: justify;\">\n<p style=\"font-weight: 400; text-align: justify;\">En redes sociales circularon videos que muestran c\u00f3mo la estructura perdi\u00f3 el emplaste de la parte de abajo del arco por el reblandecimiento del material, lo que ocurri\u00f3 debido a que fueron robados los paneles solares instalados para la iluminaci\u00f3n, afectando la impermeabilidad de la obra.<\/p>\n<p style=\"font-weight: 400; text-align: justify;\">\n<p style=\"font-weight: 400; text-align: justify;\">Malpica Nava subray\u00f3 que la empresa constructora habr\u00e1 de cumplir con la garant\u00eda de obra e iniciar\u00e1 los trabajos de rehabilitaci\u00f3n lo antes posible para restaurar la estructura de acuerdo a lo establecido en el contrato, asumiendo los costos correspondientes.<\/p>\n","protected":false},"excerpt":{"rendered":"<p>Ante los da\u00f1os en acabados como emplaste y pintura que registr\u00f3 la obra \u201cLa Puerta de La Paz\u201d, por filtraciones<\/p>\n","protected":false},"author":1,"featured_media":155722,"comment_status":"open","ping_status":"closed","sticky":false,"template":"","format":"standard","meta":{"colormag_page_container_layout":"default_layout","colormag_page_sidebar_layout":"default_layout","_jetpack_memberships_contains_paid_content":false,"footnotes":"","jetpack_publicize_message":"","jetpack_publicize_feature_enabled":true,"jetpack_social_post_already_shared":true,"jetpack_social_options":{"image_generator_settings":{"template":"highway","default_image_id":0,"font":"","enabled":false},"version":2}},"categories":[1],"tags":[],"class_list":["post-155721","post","type-post","status-publish","format-standard","has-post-thumbnail","hentry","category-noticias"],"yoast_head":"<!-- This site is optimized with the Yoast SEO plugin v27.5 - https:\/\/yoast.com\/product\/yoast-seo-wordpress\/ -->\n<title>Empresa Constructora de \u201cLa Puerta de La Paz\u201d har\u00e1 reparaciones de la obra y asumir\u00e1 los costos - NBCS Noticias<\/title>\n<meta name=\"robots\" content=\"index, follow, max-snippet:-1, max-image-preview:large, max-video-preview:-1\" \/>\n<link rel=\"canonical\" href=\"https:\/\/nbcs.mx\/?p=155721\" \/>\n<meta property=\"og:locale\" content=\"es_ES\" \/>\n<meta property=\"og:type\" content=\"article\" \/>\n<meta property=\"og:title\" content=\"Empresa Constructora de \u201cLa Puerta de La Paz\u201d har\u00e1 reparaciones de la obra y asumir\u00e1 los costos - NBCS Noticias\" \/>\n<meta property=\"og:description\" content=\"Ante los da\u00f1os en acabados como emplaste y pintura que registr\u00f3 la obra \u201cLa Puerta de La Paz\u201d, por filtraciones\" \/>\n<meta property=\"og:url\" content=\"https:\/\/nbcs.mx\/?p=155721\" \/>\n<meta property=\"og:site_name\" content=\"NBCS Noticias\" \/>\n<meta property=\"article:publisher\" content=\"https:\/\/www.facebook.com\/NBCSnoticias\" \/>\n<meta property=\"article:author\" content=\"https:\/\/www.facebook.com\/NBCSnoticias\" \/>\n<meta property=\"article:published_time\" content=\"2025-09-21T16:44:20+00:00\" \/>\n<meta property=\"og:image\" content=\"https:\/\/nbcs.mx\/wp-content\/uploads\/2025\/09\/Captura-de-pantalla-2025-09-21-a-las-9.43.40\u202fa.m.png\" \/>\n\t<meta property=\"og:image:width\" content=\"2250\" \/>\n\t<meta property=\"og:image:height\" content=\"1334\" \/>\n\t<meta property=\"og:image:type\" content=\"image\/png\" \/>\n<meta name=\"author\" content=\"NBCS Noticias\" \/>\n<meta name=\"twitter:card\" content=\"summary_large_image\" \/>\n<meta name=\"twitter:creator\" content=\"@https:\/\/twitter.com\/NBCSnoticias\" \/>\n<meta name=\"twitter:site\" content=\"@NBCSnoticias\" \/>\n<meta name=\"twitter:label1\" content=\"Escrito por\" \/>\n\t<meta name=\"twitter:data1\" content=\"NBCS Noticias\" \/>\n\t<meta name=\"twitter:label2\" content=\"Tiempo de lectura\" \/>\n\t<meta name=\"twitter:data2\" content=\"2 minutos\" \/>\n<script type=\"application\/ld+json\" class=\"yoast-schema-graph\">{\"@context\":\"https:\\\/\\\/schema.org\",\"@graph\":[{\"@type\":\"Article\",\"@id\":\"https:\\\/\\\/nbcs.mx\\\/?p=155721#article\",\"isPartOf\":{\"@id\":\"https:\\\/\\\/nbcs.mx\\\/?p=155721\"},\"author\":{\"name\":\"NBCS Noticias\",\"@id\":\"https:\\\/\\\/nbcs.mx\\\/#\\\/schema\\\/person\\\/ece58bab9a7c1e87a4d28ec9ecd79ff4\"},\"headline\":\"Empresa Constructora de \u201cLa Puerta de La Paz\u201d har\u00e1 reparaciones de la obra y asumir\u00e1 los costos\",\"datePublished\":\"2025-09-21T16:44:20+00:00\",\"mainEntityOfPage\":{\"@id\":\"https:\\\/\\\/nbcs.mx\\\/?p=155721\"},\"wordCount\":165,\"commentCount\":0,\"publisher\":{\"@id\":\"https:\\\/\\\/nbcs.mx\\\/#organization\"},\"image\":{\"@id\":\"https:\\\/\\\/nbcs.mx\\\/?p=155721#primaryimage\"},\"thumbnailUrl\":\"https:\\\/\\\/nbcs.mx\\\/wp-content\\\/uploads\\\/2025\\\/09\\\/Captura-de-pantalla-2025-09-21-a-las-9.43.40\u202fa.m.png\",\"articleSection\":[\"Noticias\"],\"inLanguage\":\"es\",\"potentialAction\":[{\"@type\":\"CommentAction\",\"name\":\"Comment\",\"target\":[\"https:\\\/\\\/nbcs.mx\\\/?p=155721#respond\"]}]},{\"@type\":\"WebPage\",\"@id\":\"https:\\\/\\\/nbcs.mx\\\/?p=155721\",\"url\":\"https:\\\/\\\/nbcs.mx\\\/?p=155721\",\"name\":\"Empresa Constructora de \u201cLa Puerta de La Paz\u201d har\u00e1 reparaciones de la obra y asumir\u00e1 los costos - NBCS Noticias\",\"isPartOf\":{\"@id\":\"https:\\\/\\\/nbcs.mx\\\/#website\"},\"primaryImageOfPage\":{\"@id\":\"https:\\\/\\\/nbcs.mx\\\/?p=155721#primaryimage\"},\"image\":{\"@id\":\"https:\\\/\\\/nbcs.mx\\\/?p=155721#primaryimage\"},\"thumbnailUrl\":\"https:\\\/\\\/nbcs.mx\\\/wp-content\\\/uploads\\\/2025\\\/09\\\/Captura-de-pantalla-2025-09-21-a-las-9.43.40\u202fa.m.png\",\"datePublished\":\"2025-09-21T16:44:20+00:00\",\"breadcrumb\":{\"@id\":\"https:\\\/\\\/nbcs.mx\\\/?p=155721#breadcrumb\"},\"inLanguage\":\"es\",\"potentialAction\":[{\"@type\":\"ReadAction\",\"target\":[\"https:\\\/\\\/nbcs.mx\\\/?p=155721\"]}]},{\"@type\":\"ImageObject\",\"inLanguage\":\"es\",\"@id\":\"https:\\\/\\\/nbcs.mx\\\/?p=155721#primaryimage\",\"url\":\"https:\\\/\\\/nbcs.mx\\\/wp-content\\\/uploads\\\/2025\\\/09\\\/Captura-de-pantalla-2025-09-21-a-las-9.43.40\u202fa.m.png\",\"contentUrl\":\"https:\\\/\\\/nbcs.mx\\\/wp-content\\\/uploads\\\/2025\\\/09\\\/Captura-de-pantalla-2025-09-21-a-las-9.43.40\u202fa.m.png\",\"width\":2250,\"height\":1334},{\"@type\":\"BreadcrumbList\",\"@id\":\"https:\\\/\\\/nbcs.mx\\\/?p=155721#breadcrumb\",\"itemListElement\":[{\"@type\":\"ListItem\",\"position\":1,\"name\":\"Portada\",\"item\":\"https:\\\/\\\/nbcs.mx\\\/\"},{\"@type\":\"ListItem\",\"position\":2,\"name\":\"Empresa Constructora de \u201cLa Puerta de La Paz\u201d har\u00e1 reparaciones de la obra y asumir\u00e1 los costos\"}]},{\"@type\":\"WebSite\",\"@id\":\"https:\\\/\\\/nbcs.mx\\\/#website\",\"url\":\"https:\\\/\\\/nbcs.mx\\\/\",\"name\":\"NBCS Noticias\",\"description\":\"Sitio web de noticias en Baja California Sur\",\"publisher\":{\"@id\":\"https:\\\/\\\/nbcs.mx\\\/#organization\"},\"potentialAction\":[{\"@type\":\"SearchAction\",\"target\":{\"@type\":\"EntryPoint\",\"urlTemplate\":\"https:\\\/\\\/nbcs.mx\\\/?s={search_term_string}\"},\"query-input\":{\"@type\":\"PropertyValueSpecification\",\"valueRequired\":true,\"valueName\":\"search_term_string\"}}],\"inLanguage\":\"es\"},{\"@type\":\"Organization\",\"@id\":\"https:\\\/\\\/nbcs.mx\\\/#organization\",\"name\":\"NBCS Noticias\",\"url\":\"https:\\\/\\\/nbcs.mx\\\/\",\"logo\":{\"@type\":\"ImageObject\",\"inLanguage\":\"es\",\"@id\":\"https:\\\/\\\/nbcs.mx\\\/#\\\/schema\\\/logo\\\/image\\\/\",\"url\":\"https:\\\/\\\/nbcs.mx\\\/wp-content\\\/uploads\\\/2018\\\/09\\\/057b69485e93575a5c2b1c1dde2dd297.jpeg\",\"contentUrl\":\"https:\\\/\\\/nbcs.mx\\\/wp-content\\\/uploads\\\/2018\\\/09\\\/057b69485e93575a5c2b1c1dde2dd297.jpeg\",\"width\":64,\"height\":64,\"caption\":\"NBCS Noticias\"},\"image\":{\"@id\":\"https:\\\/\\\/nbcs.mx\\\/#\\\/schema\\\/logo\\\/image\\\/\"},\"sameAs\":[\"https:\\\/\\\/www.facebook.com\\\/NBCSnoticias\",\"https:\\\/\\\/x.com\\\/NBCSnoticias\"]},{\"@type\":\"Person\",\"@id\":\"https:\\\/\\\/nbcs.mx\\\/#\\\/schema\\\/person\\\/ece58bab9a7c1e87a4d28ec9ecd79ff4\",\"name\":\"NBCS Noticias\",\"image\":{\"@type\":\"ImageObject\",\"inLanguage\":\"es\",\"@id\":\"https:\\\/\\\/secure.gravatar.com\\\/avatar\\\/4e52110cad1c4054b43271a0d14bbe9e2ea76aecd0e1097edfc670798d9ca1d4?s=96&d=blank&r=g\",\"url\":\"https:\\\/\\\/secure.gravatar.com\\\/avatar\\\/4e52110cad1c4054b43271a0d14bbe9e2ea76aecd0e1097edfc670798d9ca1d4?s=96&d=blank&r=g\",\"contentUrl\":\"https:\\\/\\\/secure.gravatar.com\\\/avatar\\\/4e52110cad1c4054b43271a0d14bbe9e2ea76aecd0e1097edfc670798d9ca1d4?s=96&d=blank&r=g\",\"caption\":\"NBCS Noticias\"},\"description\":\"\u00bfTienes fotos o video de alg\u00fan acto de posible negligencia, corrupci\u00f3n y abuso de autoridad? M\u00e1ndalo al WhatsApp de NBCS Noticias: 612 141 98 08\",\"sameAs\":[\"https:\\\/\\\/www.nbcs.mx\",\"https:\\\/\\\/www.facebook.com\\\/NBCSnoticias\",\"https:\\\/\\\/www.instagram.com\\\/nbcsnoticias\\\/\",\"https:\\\/\\\/x.com\\\/https:\\\/\\\/twitter.com\\\/NBCSnoticias\"]}]}<\/script>\n<!-- \/ Yoast SEO plugin. -->","yoast_head_json":{"title":"Empresa Constructora de \u201cLa Puerta de La Paz\u201d har\u00e1 reparaciones de la obra y asumir\u00e1 los costos - NBCS Noticias","robots":{"index":"index","follow":"follow","max-snippet":"max-snippet:-1","max-image-preview":"max-image-preview:large","max-video-preview":"max-video-preview:-1"},"canonical":"https:\/\/nbcs.mx\/?p=155721","og_locale":"es_ES","og_type":"article","og_title":"Empresa Constructora de \u201cLa Puerta de La Paz\u201d har\u00e1 reparaciones de la obra y asumir\u00e1 los costos - NBCS Noticias","og_description":"Ante los da\u00f1os en acabados como emplaste y pintura que registr\u00f3 la obra \u201cLa Puerta de La Paz\u201d, por filtraciones","og_url":"https:\/\/nbcs.mx\/?p=155721","og_site_name":"NBCS Noticias","article_publisher":"https:\/\/www.facebook.com\/NBCSnoticias","article_author":"https:\/\/www.facebook.com\/NBCSnoticias","article_published_time":"2025-09-21T16:44:20+00:00","og_image":[{"width":2250,"height":1334,"url":"https:\/\/nbcs.mx\/wp-content\/uploads\/2025\/09\/Captura-de-pantalla-2025-09-21-a-las-9.43.40\u202fa.m.png","type":"image\/png"}],"author":"NBCS Noticias","twitter_card":"summary_large_image","twitter_creator":"@https:\/\/twitter.com\/NBCSnoticias","twitter_site":"@NBCSnoticias","twitter_misc":{"Escrito por":"NBCS Noticias","Tiempo de lectura":"2 minutos"},"schema":{"@context":"https:\/\/schema.org","@graph":[{"@type":"Article","@id":"https:\/\/nbcs.mx\/?p=155721#article","isPartOf":{"@id":"https:\/\/nbcs.mx\/?p=155721"},"author":{"name":"NBCS Noticias","@id":"https:\/\/nbcs.mx\/#\/schema\/person\/ece58bab9a7c1e87a4d28ec9ecd79ff4"},"headline":"Empresa Constructora de \u201cLa Puerta de La Paz\u201d har\u00e1 reparaciones de la obra y asumir\u00e1 los costos","datePublished":"2025-09-21T16:44:20+00:00","mainEntityOfPage":{"@id":"https:\/\/nbcs.mx\/?p=155721"},"wordCount":165,"commentCount":0,"publisher":{"@id":"https:\/\/nbcs.mx\/#organization"},"image":{"@id":"https:\/\/nbcs.mx\/?p=155721#primaryimage"},"thumbnailUrl":"https:\/\/nbcs.mx\/wp-content\/uploads\/2025\/09\/Captura-de-pantalla-2025-09-21-a-las-9.43.40\u202fa.m.png","articleSection":["Noticias"],"inLanguage":"es","potentialAction":[{"@type":"CommentAction","name":"Comment","target":["https:\/\/nbcs.mx\/?p=155721#respond"]}]},{"@type":"WebPage","@id":"https:\/\/nbcs.mx\/?p=155721","url":"https:\/\/nbcs.mx\/?p=155721","name":"Empresa Constructora de \u201cLa Puerta de La Paz\u201d har\u00e1 reparaciones de la obra y asumir\u00e1 los costos - NBCS Noticias","isPartOf":{"@id":"https:\/\/nbcs.mx\/#website"},"primaryImageOfPage":{"@id":"https:\/\/nbcs.mx\/?p=155721#primaryimage"},"image":{"@id":"https:\/\/nbcs.mx\/?p=155721#primaryimage"},"thumbnailUrl":"https:\/\/nbcs.mx\/wp-content\/uploads\/2025\/09\/Captura-de-pantalla-2025-09-21-a-las-9.43.40\u202fa.m.png","datePublished":"2025-09-21T16:44:20+00:00","breadcrumb":{"@id":"https:\/\/nbcs.mx\/?p=155721#breadcrumb"},"inLanguage":"es","potentialAction":[{"@type":"ReadAction","target":["https:\/\/nbcs.mx\/?p=155721"]}]},{"@type":"ImageObject","inLanguage":"es","@id":"https:\/\/nbcs.mx\/?p=155721#primaryimage","url":"https:\/\/nbcs.mx\/wp-content\/uploads\/2025\/09\/Captura-de-pantalla-2025-09-21-a-las-9.43.40\u202fa.m.png","contentUrl":"https:\/\/nbcs.mx\/wp-content\/uploads\/2025\/09\/Captura-de-pantalla-2025-09-21-a-las-9.43.40\u202fa.m.png","width":2250,"height":1334},{"@type":"BreadcrumbList","@id":"https:\/\/nbcs.mx\/?p=155721#breadcrumb","itemListElement":[{"@type":"ListItem","position":1,"name":"Portada","item":"https:\/\/nbcs.mx\/"},{"@type":"ListItem","position":2,"name":"Empresa Constructora de \u201cLa Puerta de La Paz\u201d har\u00e1 reparaciones de la obra y asumir\u00e1 los costos"}]},{"@type":"WebSite","@id":"https:\/\/nbcs.mx\/#website","url":"https:\/\/nbcs.mx\/","name":"NBCS Noticias","description":"Sitio web de noticias en Baja California Sur","publisher":{"@id":"https:\/\/nbcs.mx\/#organization"},"potentialAction":[{"@type":"SearchAction","target":{"@type":"EntryPoint","urlTemplate":"https:\/\/nbcs.mx\/?s={search_term_string}"},"query-input":{"@type":"PropertyValueSpecification","valueRequired":true,"valueName":"search_term_string"}}],"inLanguage":"es"},{"@type":"Organization","@id":"https:\/\/nbcs.mx\/#organization","name":"NBCS Noticias","url":"https:\/\/nbcs.mx\/","logo":{"@type":"ImageObject","inLanguage":"es","@id":"https:\/\/nbcs.mx\/#\/schema\/logo\/image\/","url":"https:\/\/nbcs.mx\/wp-content\/uploads\/2018\/09\/057b69485e93575a5c2b1c1dde2dd297.jpeg","contentUrl":"https:\/\/nbcs.mx\/wp-content\/uploads\/2018\/09\/057b69485e93575a5c2b1c1dde2dd297.jpeg","width":64,"height":64,"caption":"NBCS Noticias"},"image":{"@id":"https:\/\/nbcs.mx\/#\/schema\/logo\/image\/"},"sameAs":["https:\/\/www.facebook.com\/NBCSnoticias","https:\/\/x.com\/NBCSnoticias"]},{"@type":"Person","@id":"https:\/\/nbcs.mx\/#\/schema\/person\/ece58bab9a7c1e87a4d28ec9ecd79ff4","name":"NBCS Noticias","image":{"@type":"ImageObject","inLanguage":"es","@id":"https:\/\/secure.gravatar.com\/avatar\/4e52110cad1c4054b43271a0d14bbe9e2ea76aecd0e1097edfc670798d9ca1d4?s=96&d=blank&r=g","url":"https:\/\/secure.gravatar.com\/avatar\/4e52110cad1c4054b43271a0d14bbe9e2ea76aecd0e1097edfc670798d9ca1d4?s=96&d=blank&r=g","contentUrl":"https:\/\/secure.gravatar.com\/avatar\/4e52110cad1c4054b43271a0d14bbe9e2ea76aecd0e1097edfc670798d9ca1d4?s=96&d=blank&r=g","caption":"NBCS Noticias"},"description":"\u00bfTienes fotos o video de alg\u00fan acto de posible negligencia, corrupci\u00f3n y abuso de autoridad? M\u00e1ndalo al WhatsApp de NBCS Noticias: 612 141 98 08","sameAs":["https:\/\/www.nbcs.mx","https:\/\/www.facebook.com\/NBCSnoticias","https:\/\/www.instagram.com\/nbcsnoticias\/","https:\/\/x.com\/https:\/\/twitter.com\/NBCSnoticias"]}]}},"jetpack_publicize_connections":[],"jetpack_featured_media_url":"https:\/\/nbcs.mx\/wp-content\/uploads\/2025\/09\/Captura-de-pantalla-2025-09-21-a-las-9.43.40\u202fa.m.png","jetpack_sharing_enabled":true,"_links":{"self":[{"href":"https:\/\/nbcs.mx\/index.php?rest_route=\/wp\/v2\/posts\/155721","targetHints":{"allow":["GET"]}}],"collection":[{"href":"https:\/\/nbcs.mx\/index.php?rest_route=\/wp\/v2\/posts"}],"about":[{"href":"https:\/\/nbcs.mx\/index.php?rest_route=\/wp\/v2\/types\/post"}],"author":[{"embeddable":true,"href":"https:\/\/nbcs.mx\/index.php?rest_route=\/wp\/v2\/users\/1"}],"replies":[{"embeddable":true,"href":"https:\/\/nbcs.mx\/index.php?rest_route=%2Fwp%2Fv2%2Fcomments&post=155721"}],"version-history":[{"count":1,"href":"https:\/\/nbcs.mx\/index.php?rest_route=\/wp\/v2\/posts\/155721\/revisions"}],"predecessor-version":[{"id":155723,"href":"https:\/\/nbcs.mx\/index.php?rest_route=\/wp\/v2\/posts\/155721\/revisions\/155723"}],"wp:featuredmedia":[{"embeddable":true,"href":"https:\/\/nbcs.mx\/index.php?rest_route=\/wp\/v2\/media\/155722"}],"wp:attachment":[{"href":"https:\/\/nbcs.mx\/index.php?rest_route=%2Fwp%2Fv2%2Fmedia&parent=155721"}],"wp:term":[{"taxonomy":"category","embeddable":true,"href":"https:\/\/nbcs.mx\/index.php?rest_route=%2Fwp%2Fv2%2Fcategories&post=155721"},{"taxonomy":"post_tag","embeddable":true,"href":"https:\/\/nbcs.mx\/index.php?rest_route=%2Fwp%2Fv2%2Ftags&post=155721"}],"curies":[{"name":"wp","href":"https:\/\/api.w.org\/{rel}","templated":true}]}}