{"id":155724,"date":"2025-09-21T10:46:38","date_gmt":"2025-09-21T16:46:38","guid":{"rendered":"https:\/\/nbcs.mx\/?p=155724"},"modified":"2025-09-21T20:15:11","modified_gmt":"2025-09-22T02:15:11","slug":"abre-imm-la-paz-convocatoria-para-apoyar-a-madres-estudiantes-con-beca-economica","status":"publish","type":"post","link":"https:\/\/nbcs.mx\/?p=155724","title":{"rendered":"Abre IMM La Paz convocatoria para apoyar a madres estudiantes con beca econ\u00f3mica"},"content":{"rendered":"<p style=\"font-weight: 400; text-align: justify;\"><img loading=\"lazy\" decoding=\"async\" class=\" wp-image-155725 alignleft\" src=\"https:\/\/nbcs.mx\/wp-content\/uploads\/2025\/09\/Becas-Madres-Solteras-1.jpeg-738x492.webp\" alt=\"\" width=\"377\" height=\"251\" srcset=\"https:\/\/nbcs.mx\/wp-content\/uploads\/2025\/09\/Becas-Madres-Solteras-1.jpeg-738x492.webp 738w, https:\/\/nbcs.mx\/wp-content\/uploads\/2025\/09\/Becas-Madres-Solteras-1.jpeg-150x100.webp 150w, https:\/\/nbcs.mx\/wp-content\/uploads\/2025\/09\/Becas-Madres-Solteras-1.jpeg-768x512.webp 768w, https:\/\/nbcs.mx\/wp-content\/uploads\/2025\/09\/Becas-Madres-Solteras-1.jpeg.webp 1024w\" sizes=\"auto, (max-width: 377px) 100vw, 377px\" \/>El Instituto Municipal de las Mujeres (IMM) de La Paz invita a mujeres adolescentes, j\u00f3venes y adultas del municipio de La Paz que sean madres y\/o est\u00e9n embarazadas y estudien, a participar en el Programa de Fortalecimiento a Madres Estudiantes 2025.<\/p>\n<p style=\"font-weight: 400; text-align: justify;\">La titular del IMM, Christa Gonz\u00e1lez Robinson, precis\u00f3 que el objetivo es brindar un apoyo econ\u00f3mico \u00fanico de $12,000.00 a madres estudiantes, impulsando su permanencia y \u00e9xito escolar. Adem\u00e1s, se ofrecer\u00e1 seguimiento personalizado y un ciclo de talleres formativos para fortalecer sus capacidades personales, acad\u00e9micas y de autocuidado.<\/p>\n<p style=\"font-weight: 400; text-align: justify;\">Podr\u00e1n participar mujeres de 15 a\u00f1os en adelante, residentes de La Paz, que sean madres y est\u00e9n inscritas en una instituci\u00f3n educativa avalada por la SEP. Igualmente, mujeres embarazadas que se encuentren estudiando, que no hayan sido beneficiarias en a\u00f1os anteriores y que no cuenten con alg\u00fan apoyo o beca de otra instituci\u00f3n.<\/p>\n<p style=\"font-weight: 400; text-align: justify;\">Los requisitos a cubrir son: vivir en el municipio de La Paz, realizar su registro en l\u00ednea a trav\u00e9s del QR del flyer con informaci\u00f3n o en forms.gle\/3ns57yMfkKCBUKUY7, entregar en digital para su registro e impreso (en caso de ser seleccionada) una identificaci\u00f3n oficial vigente (o acta de nacimiento si es menor de edad).<\/p>\n<p style=\"font-weight: 400; text-align: justify;\">De igual manera, estar matriculada en una instituci\u00f3n educativa oficial en el municipio de La Paz y entregar constancia de estudios actualizada; menores de edad deber\u00e1n presentar INE de madre, padre o tutor legal y CURP de la participante; as\u00ed como el acta de nacimiento de las y los hijos. En caso de estar embarazada, presentar certificado m\u00e9dico.<\/p>\n<p style=\"font-weight: 400; text-align: justify;\">Es importante destacar que, al recibir este apoyo econ\u00f3mico, las beneficiarias participar\u00e1n en talleres como: Gesti\u00f3n del tiempo y conciliaci\u00f3n de la maternidad con los estudios, Habilidades socioemocionales y autocuidado, Educaci\u00f3n financiera b\u00e1sica, Uso de herramientas digitales para el estudio, Liderazgo y empoderamiento personal.<\/p>\n<p style=\"font-weight: 400; text-align: justify;\">El cierre de la convocatoria ser\u00e1 el 26 de septiembre de 2025 y los resultados se dar\u00e1n a conocer el 17 de octubre. Para mayores informes podr\u00e1n escribir al correo ipg.empoderamiento@gmail.com o llamar al tel\u00e9fono 612 123 3440.<\/p>\n","protected":false},"excerpt":{"rendered":"<p>El Instituto Municipal de las Mujeres (IMM) de La Paz invita a mujeres adolescentes, j\u00f3venes y adultas del municipio de<\/p>\n","protected":false},"author":1,"featured_media":0,"comment_status":"open","ping_status":"closed","sticky":false,"template":"","format":"standard","meta":{"colormag_page_container_layout":"default_layout","colormag_page_sidebar_layout":"default_layout","_jetpack_memberships_contains_paid_content":false,"footnotes":"","jetpack_publicize_message":"","jetpack_publicize_feature_enabled":true,"jetpack_social_post_already_shared":true,"jetpack_social_options":{"image_generator_settings":{"template":"highway","default_image_id":0,"font":"","enabled":false},"version":2}},"categories":[40],"tags":[],"class_list":["post-155724","post","type-post","status-publish","format-standard","hentry","category-municipios"],"yoast_head":"<!-- This site is optimized with the Yoast SEO plugin v27.5 - https:\/\/yoast.com\/product\/yoast-seo-wordpress\/ -->\n<title>Abre IMM La Paz convocatoria para apoyar a madres estudiantes con beca econ\u00f3mica - NBCS Noticias<\/title>\n<meta name=\"robots\" content=\"index, follow, max-snippet:-1, max-image-preview:large, max-video-preview:-1\" \/>\n<link rel=\"canonical\" href=\"https:\/\/nbcs.mx\/?p=155724\" \/>\n<meta property=\"og:locale\" content=\"es_ES\" \/>\n<meta property=\"og:type\" content=\"article\" \/>\n<meta property=\"og:title\" content=\"Abre IMM La Paz convocatoria para apoyar a madres estudiantes con beca econ\u00f3mica - NBCS Noticias\" \/>\n<meta property=\"og:description\" content=\"El Instituto Municipal de las Mujeres (IMM) de La Paz invita a mujeres adolescentes, j\u00f3venes y adultas del municipio de\" \/>\n<meta property=\"og:url\" content=\"https:\/\/nbcs.mx\/?p=155724\" \/>\n<meta property=\"og:site_name\" content=\"NBCS Noticias\" \/>\n<meta property=\"article:publisher\" content=\"https:\/\/www.facebook.com\/NBCSnoticias\" \/>\n<meta property=\"article:author\" content=\"https:\/\/www.facebook.com\/NBCSnoticias\" \/>\n<meta property=\"article:published_time\" content=\"2025-09-21T16:46:38+00:00\" \/>\n<meta property=\"article:modified_time\" content=\"2025-09-22T02:15:11+00:00\" \/>\n<meta property=\"og:image\" content=\"https:\/\/nbcs.mx\/wp-content\/uploads\/2022\/02\/02-Este-28-de-febrero-inicia-en-Los-Cabos-el-pago-de-becas-1.jpeg\" \/>\n\t<meta property=\"og:image:width\" content=\"1280\" \/>\n\t<meta property=\"og:image:height\" content=\"958\" \/>\n\t<meta property=\"og:image:type\" content=\"image\/jpeg\" \/>\n<meta name=\"author\" content=\"NBCS Noticias\" \/>\n<meta name=\"twitter:card\" content=\"summary_large_image\" \/>\n<meta name=\"twitter:creator\" content=\"@https:\/\/twitter.com\/NBCSnoticias\" \/>\n<meta name=\"twitter:site\" content=\"@NBCSnoticias\" \/>\n<meta name=\"twitter:label1\" content=\"Escrito por\" \/>\n\t<meta name=\"twitter:data1\" content=\"NBCS Noticias\" \/>\n\t<meta name=\"twitter:label2\" content=\"Tiempo de lectura\" \/>\n\t<meta name=\"twitter:data2\" content=\"2 minutos\" \/>\n<script type=\"application\/ld+json\" class=\"yoast-schema-graph\">{\"@context\":\"https:\\\/\\\/schema.org\",\"@graph\":[{\"@type\":\"Article\",\"@id\":\"https:\\\/\\\/nbcs.mx\\\/?p=155724#article\",\"isPartOf\":{\"@id\":\"https:\\\/\\\/nbcs.mx\\\/?p=155724\"},\"author\":{\"name\":\"NBCS Noticias\",\"@id\":\"https:\\\/\\\/nbcs.mx\\\/#\\\/schema\\\/person\\\/ece58bab9a7c1e87a4d28ec9ecd79ff4\"},\"headline\":\"Abre IMM La Paz convocatoria para apoyar a madres estudiantes con beca econ\u00f3mica\",\"datePublished\":\"2025-09-21T16:46:38+00:00\",\"dateModified\":\"2025-09-22T02:15:11+00:00\",\"mainEntityOfPage\":{\"@id\":\"https:\\\/\\\/nbcs.mx\\\/?p=155724\"},\"wordCount\":377,\"commentCount\":0,\"publisher\":{\"@id\":\"https:\\\/\\\/nbcs.mx\\\/#organization\"},\"image\":{\"@id\":\"https:\\\/\\\/nbcs.mx\\\/?p=155724#primaryimage\"},\"thumbnailUrl\":\"https:\\\/\\\/nbcs.mx\\\/wp-content\\\/uploads\\\/2025\\\/09\\\/Becas-Madres-Solteras-1.jpeg-738x492.webp\",\"articleSection\":[\"Municipios\"],\"inLanguage\":\"es\",\"potentialAction\":[{\"@type\":\"CommentAction\",\"name\":\"Comment\",\"target\":[\"https:\\\/\\\/nbcs.mx\\\/?p=155724#respond\"]}]},{\"@type\":\"WebPage\",\"@id\":\"https:\\\/\\\/nbcs.mx\\\/?p=155724\",\"url\":\"https:\\\/\\\/nbcs.mx\\\/?p=155724\",\"name\":\"Abre IMM La Paz convocatoria para apoyar a madres estudiantes con beca econ\u00f3mica - NBCS Noticias\",\"isPartOf\":{\"@id\":\"https:\\\/\\\/nbcs.mx\\\/#website\"},\"primaryImageOfPage\":{\"@id\":\"https:\\\/\\\/nbcs.mx\\\/?p=155724#primaryimage\"},\"image\":{\"@id\":\"https:\\\/\\\/nbcs.mx\\\/?p=155724#primaryimage\"},\"thumbnailUrl\":\"https:\\\/\\\/nbcs.mx\\\/wp-content\\\/uploads\\\/2025\\\/09\\\/Becas-Madres-Solteras-1.jpeg-738x492.webp\",\"datePublished\":\"2025-09-21T16:46:38+00:00\",\"dateModified\":\"2025-09-22T02:15:11+00:00\",\"breadcrumb\":{\"@id\":\"https:\\\/\\\/nbcs.mx\\\/?p=155724#breadcrumb\"},\"inLanguage\":\"es\",\"potentialAction\":[{\"@type\":\"ReadAction\",\"target\":[\"https:\\\/\\\/nbcs.mx\\\/?p=155724\"]}]},{\"@type\":\"ImageObject\",\"inLanguage\":\"es\",\"@id\":\"https:\\\/\\\/nbcs.mx\\\/?p=155724#primaryimage\",\"url\":\"https:\\\/\\\/nbcs.mx\\\/wp-content\\\/uploads\\\/2025\\\/09\\\/Becas-Madres-Solteras-1.jpeg-738x492.webp\",\"contentUrl\":\"https:\\\/\\\/nbcs.mx\\\/wp-content\\\/uploads\\\/2025\\\/09\\\/Becas-Madres-Solteras-1.jpeg-738x492.webp\"},{\"@type\":\"BreadcrumbList\",\"@id\":\"https:\\\/\\\/nbcs.mx\\\/?p=155724#breadcrumb\",\"itemListElement\":[{\"@type\":\"ListItem\",\"position\":1,\"name\":\"Portada\",\"item\":\"https:\\\/\\\/nbcs.mx\\\/\"},{\"@type\":\"ListItem\",\"position\":2,\"name\":\"Abre IMM La Paz convocatoria para apoyar a madres estudiantes con beca econ\u00f3mica\"}]},{\"@type\":\"WebSite\",\"@id\":\"https:\\\/\\\/nbcs.mx\\\/#website\",\"url\":\"https:\\\/\\\/nbcs.mx\\\/\",\"name\":\"NBCS Noticias\",\"description\":\"Sitio web de noticias en Baja California Sur\",\"publisher\":{\"@id\":\"https:\\\/\\\/nbcs.mx\\\/#organization\"},\"potentialAction\":[{\"@type\":\"SearchAction\",\"target\":{\"@type\":\"EntryPoint\",\"urlTemplate\":\"https:\\\/\\\/nbcs.mx\\\/?s={search_term_string}\"},\"query-input\":{\"@type\":\"PropertyValueSpecification\",\"valueRequired\":true,\"valueName\":\"search_term_string\"}}],\"inLanguage\":\"es\"},{\"@type\":\"Organization\",\"@id\":\"https:\\\/\\\/nbcs.mx\\\/#organization\",\"name\":\"NBCS Noticias\",\"url\":\"https:\\\/\\\/nbcs.mx\\\/\",\"logo\":{\"@type\":\"ImageObject\",\"inLanguage\":\"es\",\"@id\":\"https:\\\/\\\/nbcs.mx\\\/#\\\/schema\\\/logo\\\/image\\\/\",\"url\":\"https:\\\/\\\/nbcs.mx\\\/wp-content\\\/uploads\\\/2018\\\/09\\\/057b69485e93575a5c2b1c1dde2dd297.jpeg\",\"contentUrl\":\"https:\\\/\\\/nbcs.mx\\\/wp-content\\\/uploads\\\/2018\\\/09\\\/057b69485e93575a5c2b1c1dde2dd297.jpeg\",\"width\":64,\"height\":64,\"caption\":\"NBCS Noticias\"},\"image\":{\"@id\":\"https:\\\/\\\/nbcs.mx\\\/#\\\/schema\\\/logo\\\/image\\\/\"},\"sameAs\":[\"https:\\\/\\\/www.facebook.com\\\/NBCSnoticias\",\"https:\\\/\\\/x.com\\\/NBCSnoticias\"]},{\"@type\":\"Person\",\"@id\":\"https:\\\/\\\/nbcs.mx\\\/#\\\/schema\\\/person\\\/ece58bab9a7c1e87a4d28ec9ecd79ff4\",\"name\":\"NBCS Noticias\",\"image\":{\"@type\":\"ImageObject\",\"inLanguage\":\"es\",\"@id\":\"https:\\\/\\\/secure.gravatar.com\\\/avatar\\\/4e52110cad1c4054b43271a0d14bbe9e2ea76aecd0e1097edfc670798d9ca1d4?s=96&d=blank&r=g\",\"url\":\"https:\\\/\\\/secure.gravatar.com\\\/avatar\\\/4e52110cad1c4054b43271a0d14bbe9e2ea76aecd0e1097edfc670798d9ca1d4?s=96&d=blank&r=g\",\"contentUrl\":\"https:\\\/\\\/secure.gravatar.com\\\/avatar\\\/4e52110cad1c4054b43271a0d14bbe9e2ea76aecd0e1097edfc670798d9ca1d4?s=96&d=blank&r=g\",\"caption\":\"NBCS Noticias\"},\"description\":\"\u00bfTienes fotos o video de alg\u00fan acto de posible negligencia, corrupci\u00f3n y abuso de autoridad? M\u00e1ndalo al WhatsApp de NBCS Noticias: 612 141 98 08\",\"sameAs\":[\"https:\\\/\\\/www.nbcs.mx\",\"https:\\\/\\\/www.facebook.com\\\/NBCSnoticias\",\"https:\\\/\\\/www.instagram.com\\\/nbcsnoticias\\\/\",\"https:\\\/\\\/x.com\\\/https:\\\/\\\/twitter.com\\\/NBCSnoticias\"]}]}<\/script>\n<!-- \/ Yoast SEO plugin. -->","yoast_head_json":{"title":"Abre IMM La Paz convocatoria para apoyar a madres estudiantes con beca econ\u00f3mica - NBCS Noticias","robots":{"index":"index","follow":"follow","max-snippet":"max-snippet:-1","max-image-preview":"max-image-preview:large","max-video-preview":"max-video-preview:-1"},"canonical":"https:\/\/nbcs.mx\/?p=155724","og_locale":"es_ES","og_type":"article","og_title":"Abre IMM La Paz convocatoria para apoyar a madres estudiantes con beca econ\u00f3mica - NBCS Noticias","og_description":"El Instituto Municipal de las Mujeres (IMM) de La Paz invita a mujeres adolescentes, j\u00f3venes y adultas del municipio de","og_url":"https:\/\/nbcs.mx\/?p=155724","og_site_name":"NBCS Noticias","article_publisher":"https:\/\/www.facebook.com\/NBCSnoticias","article_author":"https:\/\/www.facebook.com\/NBCSnoticias","article_published_time":"2025-09-21T16:46:38+00:00","article_modified_time":"2025-09-22T02:15:11+00:00","og_image":[{"width":1280,"height":958,"url":"https:\/\/nbcs.mx\/wp-content\/uploads\/2022\/02\/02-Este-28-de-febrero-inicia-en-Los-Cabos-el-pago-de-becas-1.jpeg","type":"image\/jpeg"}],"author":"NBCS Noticias","twitter_card":"summary_large_image","twitter_creator":"@https:\/\/twitter.com\/NBCSnoticias","twitter_site":"@NBCSnoticias","twitter_misc":{"Escrito por":"NBCS Noticias","Tiempo de lectura":"2 minutos"},"schema":{"@context":"https:\/\/schema.org","@graph":[{"@type":"Article","@id":"https:\/\/nbcs.mx\/?p=155724#article","isPartOf":{"@id":"https:\/\/nbcs.mx\/?p=155724"},"author":{"name":"NBCS Noticias","@id":"https:\/\/nbcs.mx\/#\/schema\/person\/ece58bab9a7c1e87a4d28ec9ecd79ff4"},"headline":"Abre IMM La Paz convocatoria para apoyar a madres estudiantes con beca econ\u00f3mica","datePublished":"2025-09-21T16:46:38+00:00","dateModified":"2025-09-22T02:15:11+00:00","mainEntityOfPage":{"@id":"https:\/\/nbcs.mx\/?p=155724"},"wordCount":377,"commentCount":0,"publisher":{"@id":"https:\/\/nbcs.mx\/#organization"},"image":{"@id":"https:\/\/nbcs.mx\/?p=155724#primaryimage"},"thumbnailUrl":"https:\/\/nbcs.mx\/wp-content\/uploads\/2025\/09\/Becas-Madres-Solteras-1.jpeg-738x492.webp","articleSection":["Municipios"],"inLanguage":"es","potentialAction":[{"@type":"CommentAction","name":"Comment","target":["https:\/\/nbcs.mx\/?p=155724#respond"]}]},{"@type":"WebPage","@id":"https:\/\/nbcs.mx\/?p=155724","url":"https:\/\/nbcs.mx\/?p=155724","name":"Abre IMM La Paz convocatoria para apoyar a madres estudiantes con beca econ\u00f3mica - NBCS Noticias","isPartOf":{"@id":"https:\/\/nbcs.mx\/#website"},"primaryImageOfPage":{"@id":"https:\/\/nbcs.mx\/?p=155724#primaryimage"},"image":{"@id":"https:\/\/nbcs.mx\/?p=155724#primaryimage"},"thumbnailUrl":"https:\/\/nbcs.mx\/wp-content\/uploads\/2025\/09\/Becas-Madres-Solteras-1.jpeg-738x492.webp","datePublished":"2025-09-21T16:46:38+00:00","dateModified":"2025-09-22T02:15:11+00:00","breadcrumb":{"@id":"https:\/\/nbcs.mx\/?p=155724#breadcrumb"},"inLanguage":"es","potentialAction":[{"@type":"ReadAction","target":["https:\/\/nbcs.mx\/?p=155724"]}]},{"@type":"ImageObject","inLanguage":"es","@id":"https:\/\/nbcs.mx\/?p=155724#primaryimage","url":"https:\/\/nbcs.mx\/wp-content\/uploads\/2025\/09\/Becas-Madres-Solteras-1.jpeg-738x492.webp","contentUrl":"https:\/\/nbcs.mx\/wp-content\/uploads\/2025\/09\/Becas-Madres-Solteras-1.jpeg-738x492.webp"},{"@type":"BreadcrumbList","@id":"https:\/\/nbcs.mx\/?p=155724#breadcrumb","itemListElement":[{"@type":"ListItem","position":1,"name":"Portada","item":"https:\/\/nbcs.mx\/"},{"@type":"ListItem","position":2,"name":"Abre IMM La Paz convocatoria para apoyar a madres estudiantes con beca econ\u00f3mica"}]},{"@type":"WebSite","@id":"https:\/\/nbcs.mx\/#website","url":"https:\/\/nbcs.mx\/","name":"NBCS Noticias","description":"Sitio web de noticias en Baja California Sur","publisher":{"@id":"https:\/\/nbcs.mx\/#organization"},"potentialAction":[{"@type":"SearchAction","target":{"@type":"EntryPoint","urlTemplate":"https:\/\/nbcs.mx\/?s={search_term_string}"},"query-input":{"@type":"PropertyValueSpecification","valueRequired":true,"valueName":"search_term_string"}}],"inLanguage":"es"},{"@type":"Organization","@id":"https:\/\/nbcs.mx\/#organization","name":"NBCS Noticias","url":"https:\/\/nbcs.mx\/","logo":{"@type":"ImageObject","inLanguage":"es","@id":"https:\/\/nbcs.mx\/#\/schema\/logo\/image\/","url":"https:\/\/nbcs.mx\/wp-content\/uploads\/2018\/09\/057b69485e93575a5c2b1c1dde2dd297.jpeg","contentUrl":"https:\/\/nbcs.mx\/wp-content\/uploads\/2018\/09\/057b69485e93575a5c2b1c1dde2dd297.jpeg","width":64,"height":64,"caption":"NBCS Noticias"},"image":{"@id":"https:\/\/nbcs.mx\/#\/schema\/logo\/image\/"},"sameAs":["https:\/\/www.facebook.com\/NBCSnoticias","https:\/\/x.com\/NBCSnoticias"]},{"@type":"Person","@id":"https:\/\/nbcs.mx\/#\/schema\/person\/ece58bab9a7c1e87a4d28ec9ecd79ff4","name":"NBCS Noticias","image":{"@type":"ImageObject","inLanguage":"es","@id":"https:\/\/secure.gravatar.com\/avatar\/4e52110cad1c4054b43271a0d14bbe9e2ea76aecd0e1097edfc670798d9ca1d4?s=96&d=blank&r=g","url":"https:\/\/secure.gravatar.com\/avatar\/4e52110cad1c4054b43271a0d14bbe9e2ea76aecd0e1097edfc670798d9ca1d4?s=96&d=blank&r=g","contentUrl":"https:\/\/secure.gravatar.com\/avatar\/4e52110cad1c4054b43271a0d14bbe9e2ea76aecd0e1097edfc670798d9ca1d4?s=96&d=blank&r=g","caption":"NBCS Noticias"},"description":"\u00bfTienes fotos o video de alg\u00fan acto de posible negligencia, corrupci\u00f3n y abuso de autoridad? M\u00e1ndalo al WhatsApp de NBCS Noticias: 612 141 98 08","sameAs":["https:\/\/www.nbcs.mx","https:\/\/www.facebook.com\/NBCSnoticias","https:\/\/www.instagram.com\/nbcsnoticias\/","https:\/\/x.com\/https:\/\/twitter.com\/NBCSnoticias"]}]}},"jetpack_publicize_connections":[],"jetpack_featured_media_url":"","jetpack_sharing_enabled":true,"_links":{"self":[{"href":"https:\/\/nbcs.mx\/index.php?rest_route=\/wp\/v2\/posts\/155724","targetHints":{"allow":["GET"]}}],"collection":[{"href":"https:\/\/nbcs.mx\/index.php?rest_route=\/wp\/v2\/posts"}],"about":[{"href":"https:\/\/nbcs.mx\/index.php?rest_route=\/wp\/v2\/types\/post"}],"author":[{"embeddable":true,"href":"https:\/\/nbcs.mx\/index.php?rest_route=\/wp\/v2\/users\/1"}],"replies":[{"embeddable":true,"href":"https:\/\/nbcs.mx\/index.php?rest_route=%2Fwp%2Fv2%2Fcomments&post=155724"}],"version-history":[{"count":2,"href":"https:\/\/nbcs.mx\/index.php?rest_route=\/wp\/v2\/posts\/155724\/revisions"}],"predecessor-version":[{"id":155738,"href":"https:\/\/nbcs.mx\/index.php?rest_route=\/wp\/v2\/posts\/155724\/revisions\/155738"}],"wp:attachment":[{"href":"https:\/\/nbcs.mx\/index.php?rest_route=%2Fwp%2Fv2%2Fmedia&parent=155724"}],"wp:term":[{"taxonomy":"category","embeddable":true,"href":"https:\/\/nbcs.mx\/index.php?rest_route=%2Fwp%2Fv2%2Fcategories&post=155724"},{"taxonomy":"post_tag","embeddable":true,"href":"https:\/\/nbcs.mx\/index.php?rest_route=%2Fwp%2Fv2%2Ftags&post=155724"}],"curies":[{"name":"wp","href":"https:\/\/api.w.org\/{rel}","templated":true}]}}