{"id":156187,"date":"2025-10-01T15:50:17","date_gmt":"2025-10-01T21:50:17","guid":{"rendered":"https:\/\/nbcs.mx\/?p=156187"},"modified":"2025-10-01T15:50:17","modified_gmt":"2025-10-01T21:50:17","slug":"llega-a-loreto-el-programa-de-vivienda-para-el-bienestar","status":"publish","type":"post","link":"https:\/\/nbcs.mx\/?p=156187","title":{"rendered":"Llega a Loreto el Programa de Vivienda para el Bienestar"},"content":{"rendered":"<p style=\"font-weight: 400; text-align: justify;\"><img loading=\"lazy\" decoding=\"async\" class=\" wp-image-156188 alignleft\" src=\"https:\/\/nbcs.mx\/wp-content\/uploads\/2025\/10\/VIVIENDA-755x427.jpg\" alt=\"\" width=\"371\" height=\"210\" srcset=\"https:\/\/nbcs.mx\/wp-content\/uploads\/2025\/10\/VIVIENDA-755x427.jpg 755w, https:\/\/nbcs.mx\/wp-content\/uploads\/2025\/10\/VIVIENDA-1024x579.jpg 1024w, https:\/\/nbcs.mx\/wp-content\/uploads\/2025\/10\/VIVIENDA-150x85.jpg 150w, https:\/\/nbcs.mx\/wp-content\/uploads\/2025\/10\/VIVIENDA-768x434.jpg 768w, https:\/\/nbcs.mx\/wp-content\/uploads\/2025\/10\/VIVIENDA.jpg 1311w\" sizes=\"auto, (max-width: 371px) 100vw, 371px\" \/>Con el fuerte compromiso de construir 500 viviendas dignas para mejorar la calidad de vida de familias en situaci\u00f3n de vulnerabilidad, este lunes se llev\u00f3 a cabo en la ciudad de Loreto, la primera asamblea informativa del programa \u201cVIVIENDA PARA EL BIENESTAR\u201d impulsado por la Presidenta de M\u00e9xico Claudia Sheinbaum Pardo, as\u00ed lo indic\u00f3 la alcaldesa Paz Ochoa Amador.<\/p>\n<p style=\"font-weight: 400; text-align: justify;\">\n<p style=\"font-weight: 400; text-align: justify;\">Ante cientos de familias loretanas reunidas en la cancha \u201cDante Rojas\u201d, la alcaldesa Paz Ochoa recalc\u00f3 que la llegada de este programa refleja un acto puro de justicia social, pues se trata dijo, de satisfacer una necesidad urgente de muchas familias que llevan a\u00f1os luchado por hacerse de una vivienda propia que brinde certeza a su descendencia.<\/p>\n<p style=\"font-weight: 400; text-align: justify;\">\n<p style=\"font-weight: 400; text-align: justify;\">Record\u00f3 que fue un compromiso de la presidenta Sheinbaum iniciar este programa en BCS priorizando a los municipios de Los cabos, La Paz y Loreto. En ese contexto agreg\u00f3 que ser\u00e1 en la zona conocida como \u201cLas Vegas\u201d donde se lleve a cabo la construcci\u00f3n de una primera etapa de un complejo habitacional consistente en poco m\u00e1s de 300 viviendas.<\/p>\n<p style=\"font-weight: 400; text-align: justify;\">Al finalizar su intervenci\u00f3n Paz Ochoa asegur\u00f3 que \u201cVivienda para el Bienestar\u201d ha sido dise\u00f1ado con una serie de filtros que aseguran transparencia total para garantizar que el beneficio llegue a quienes realmente lo necesitan y enfatiz\u00f3 que, el programa no ve colores, s\u00f3lo ve a mexicanos y loretanos necesitados de vivienda.<\/p>\n<p style=\"font-weight: 400; text-align: justify;\">\n<p style=\"font-weight: 400; text-align: justify;\">Por su parte el coordinador de Programas para el Bienestar en los municipios de Comond\u00fa y Loreto Humberto Arce Cordero, explic\u00f3 que para poder tener acceso a este beneficio se requieren estos requisitos:<\/p>\n<p style=\"font-weight: 400; text-align: justify;\">\n<ul style=\"text-align: justify;\">\n<li>Ser mayor de edad<\/li>\n<li>Ser loretano y residir en Loreto<\/li>\n<li>Percibir un sueldo menor de 17,000 pesos mensuales<\/li>\n<li>No haber tenido nunca ning\u00fan tipo de cr\u00e9dito de vivienda (INVI, FOVISSSTE, INFONAVIT, etc.)<\/li>\n<\/ul>\n<p style=\"font-weight: 400; text-align: justify;\">\n<p style=\"font-weight: 400; text-align: justify;\">El funcionario agreg\u00f3 que, del 29 de septiembre al 02 de octubre los servidores de la naci\u00f3n realizar\u00e1n el registro de aspirantes a quienes se proporcionar\u00e1 un n\u00famero de folio en lo que es la primera etapa del programa, posteriormente se llevar\u00e1 a cabo la segunda etapa de verificaci\u00f3n domiciliaria qu\u00e9 consiste en un estudio socioecon\u00f3mico, en estas dos etapas se aplicar\u00e1n filtros con bases de datos para depurar a los candidatos que no cumplan con los requisitos.<\/p>\n<p style=\"font-weight: 400; text-align: justify;\">\n<p style=\"font-weight: 400; text-align: justify;\">Finalmente para la \u00faltima etapa se realizara una asamblea en la cancha Dante Rojas donde todos los ciudadanos aprobados, depositar\u00e1n su n\u00famero de folio en una t\u00f3mbola donde la propia ciudadan\u00eda realizar\u00e1 un sorteo para designar a los beneficiados para la primera etapa de construcci\u00f3n; \u201cquienes se registren podr\u00e1n dar seguimiento al proceso de aprobaci\u00f3n visitando el sitio oficial <a href=\"http:\/\/www.gob.mx\/conavi\">www.gob.mx\/conavi<\/a>\u201d, concluy\u00f3 el funcionario.<\/p>\n<p style=\"font-weight: 400; text-align: justify;\"><strong>\u00a0<\/strong><\/p>\n","protected":false},"excerpt":{"rendered":"<p>Con el fuerte compromiso de construir 500 viviendas dignas para mejorar la calidad de vida de familias en situaci\u00f3n de<\/p>\n","protected":false},"author":1,"featured_media":156188,"comment_status":"open","ping_status":"closed","sticky":false,"template":"","format":"standard","meta":{"colormag_page_container_layout":"default_layout","colormag_page_sidebar_layout":"default_layout","_jetpack_memberships_contains_paid_content":false,"footnotes":"","jetpack_publicize_message":"","jetpack_publicize_feature_enabled":true,"jetpack_social_post_already_shared":true,"jetpack_social_options":{"image_generator_settings":{"template":"highway","default_image_id":0,"font":"","enabled":false},"version":2}},"categories":[40],"tags":[],"class_list":["post-156187","post","type-post","status-publish","format-standard","has-post-thumbnail","hentry","category-municipios"],"yoast_head":"<!-- This site is optimized with the Yoast SEO plugin v27.5 - https:\/\/yoast.com\/product\/yoast-seo-wordpress\/ -->\n<title>Llega a Loreto el Programa de Vivienda para el Bienestar - NBCS Noticias<\/title>\n<meta name=\"robots\" content=\"index, follow, max-snippet:-1, max-image-preview:large, max-video-preview:-1\" \/>\n<link rel=\"canonical\" href=\"https:\/\/nbcs.mx\/?p=156187\" \/>\n<meta property=\"og:locale\" content=\"es_ES\" \/>\n<meta property=\"og:type\" content=\"article\" \/>\n<meta property=\"og:title\" content=\"Llega a Loreto el Programa de Vivienda para el Bienestar - NBCS Noticias\" \/>\n<meta property=\"og:description\" content=\"Con el fuerte compromiso de construir 500 viviendas dignas para mejorar la calidad de vida de familias en situaci\u00f3n de\" \/>\n<meta property=\"og:url\" content=\"https:\/\/nbcs.mx\/?p=156187\" \/>\n<meta property=\"og:site_name\" content=\"NBCS Noticias\" \/>\n<meta property=\"article:publisher\" content=\"https:\/\/www.facebook.com\/NBCSnoticias\" \/>\n<meta property=\"article:author\" content=\"https:\/\/www.facebook.com\/NBCSnoticias\" \/>\n<meta property=\"article:published_time\" content=\"2025-10-01T21:50:17+00:00\" \/>\n<meta property=\"og:image\" content=\"https:\/\/nbcs.mx\/wp-content\/uploads\/2025\/10\/VIVIENDA.jpg\" \/>\n\t<meta property=\"og:image:width\" content=\"1311\" \/>\n\t<meta property=\"og:image:height\" content=\"741\" \/>\n\t<meta property=\"og:image:type\" content=\"image\/jpeg\" \/>\n<meta name=\"author\" content=\"NBCS Noticias\" \/>\n<meta name=\"twitter:card\" content=\"summary_large_image\" \/>\n<meta name=\"twitter:creator\" content=\"@https:\/\/twitter.com\/NBCSnoticias\" \/>\n<meta name=\"twitter:site\" content=\"@NBCSnoticias\" \/>\n<meta name=\"twitter:label1\" content=\"Escrito por\" \/>\n\t<meta name=\"twitter:data1\" content=\"NBCS Noticias\" \/>\n\t<meta name=\"twitter:label2\" content=\"Tiempo de lectura\" \/>\n\t<meta name=\"twitter:data2\" content=\"3 minutos\" \/>\n<script type=\"application\/ld+json\" class=\"yoast-schema-graph\">{\"@context\":\"https:\\\/\\\/schema.org\",\"@graph\":[{\"@type\":\"Article\",\"@id\":\"https:\\\/\\\/nbcs.mx\\\/?p=156187#article\",\"isPartOf\":{\"@id\":\"https:\\\/\\\/nbcs.mx\\\/?p=156187\"},\"author\":{\"name\":\"NBCS Noticias\",\"@id\":\"https:\\\/\\\/nbcs.mx\\\/#\\\/schema\\\/person\\\/ece58bab9a7c1e87a4d28ec9ecd79ff4\"},\"headline\":\"Llega a Loreto el Programa de Vivienda para el Bienestar\",\"datePublished\":\"2025-10-01T21:50:17+00:00\",\"mainEntityOfPage\":{\"@id\":\"https:\\\/\\\/nbcs.mx\\\/?p=156187\"},\"wordCount\":465,\"commentCount\":0,\"publisher\":{\"@id\":\"https:\\\/\\\/nbcs.mx\\\/#organization\"},\"image\":{\"@id\":\"https:\\\/\\\/nbcs.mx\\\/?p=156187#primaryimage\"},\"thumbnailUrl\":\"https:\\\/\\\/nbcs.mx\\\/wp-content\\\/uploads\\\/2025\\\/10\\\/VIVIENDA.jpg\",\"articleSection\":[\"Municipios\"],\"inLanguage\":\"es\",\"potentialAction\":[{\"@type\":\"CommentAction\",\"name\":\"Comment\",\"target\":[\"https:\\\/\\\/nbcs.mx\\\/?p=156187#respond\"]}]},{\"@type\":\"WebPage\",\"@id\":\"https:\\\/\\\/nbcs.mx\\\/?p=156187\",\"url\":\"https:\\\/\\\/nbcs.mx\\\/?p=156187\",\"name\":\"Llega a Loreto el Programa de Vivienda para el Bienestar - NBCS Noticias\",\"isPartOf\":{\"@id\":\"https:\\\/\\\/nbcs.mx\\\/#website\"},\"primaryImageOfPage\":{\"@id\":\"https:\\\/\\\/nbcs.mx\\\/?p=156187#primaryimage\"},\"image\":{\"@id\":\"https:\\\/\\\/nbcs.mx\\\/?p=156187#primaryimage\"},\"thumbnailUrl\":\"https:\\\/\\\/nbcs.mx\\\/wp-content\\\/uploads\\\/2025\\\/10\\\/VIVIENDA.jpg\",\"datePublished\":\"2025-10-01T21:50:17+00:00\",\"breadcrumb\":{\"@id\":\"https:\\\/\\\/nbcs.mx\\\/?p=156187#breadcrumb\"},\"inLanguage\":\"es\",\"potentialAction\":[{\"@type\":\"ReadAction\",\"target\":[\"https:\\\/\\\/nbcs.mx\\\/?p=156187\"]}]},{\"@type\":\"ImageObject\",\"inLanguage\":\"es\",\"@id\":\"https:\\\/\\\/nbcs.mx\\\/?p=156187#primaryimage\",\"url\":\"https:\\\/\\\/nbcs.mx\\\/wp-content\\\/uploads\\\/2025\\\/10\\\/VIVIENDA.jpg\",\"contentUrl\":\"https:\\\/\\\/nbcs.mx\\\/wp-content\\\/uploads\\\/2025\\\/10\\\/VIVIENDA.jpg\",\"width\":1311,\"height\":741},{\"@type\":\"BreadcrumbList\",\"@id\":\"https:\\\/\\\/nbcs.mx\\\/?p=156187#breadcrumb\",\"itemListElement\":[{\"@type\":\"ListItem\",\"position\":1,\"name\":\"Portada\",\"item\":\"https:\\\/\\\/nbcs.mx\\\/\"},{\"@type\":\"ListItem\",\"position\":2,\"name\":\"Llega a Loreto el Programa de Vivienda para el Bienestar\"}]},{\"@type\":\"WebSite\",\"@id\":\"https:\\\/\\\/nbcs.mx\\\/#website\",\"url\":\"https:\\\/\\\/nbcs.mx\\\/\",\"name\":\"NBCS Noticias\",\"description\":\"Sitio web de noticias en Baja California Sur\",\"publisher\":{\"@id\":\"https:\\\/\\\/nbcs.mx\\\/#organization\"},\"potentialAction\":[{\"@type\":\"SearchAction\",\"target\":{\"@type\":\"EntryPoint\",\"urlTemplate\":\"https:\\\/\\\/nbcs.mx\\\/?s={search_term_string}\"},\"query-input\":{\"@type\":\"PropertyValueSpecification\",\"valueRequired\":true,\"valueName\":\"search_term_string\"}}],\"inLanguage\":\"es\"},{\"@type\":\"Organization\",\"@id\":\"https:\\\/\\\/nbcs.mx\\\/#organization\",\"name\":\"NBCS Noticias\",\"url\":\"https:\\\/\\\/nbcs.mx\\\/\",\"logo\":{\"@type\":\"ImageObject\",\"inLanguage\":\"es\",\"@id\":\"https:\\\/\\\/nbcs.mx\\\/#\\\/schema\\\/logo\\\/image\\\/\",\"url\":\"https:\\\/\\\/nbcs.mx\\\/wp-content\\\/uploads\\\/2018\\\/09\\\/057b69485e93575a5c2b1c1dde2dd297.jpeg\",\"contentUrl\":\"https:\\\/\\\/nbcs.mx\\\/wp-content\\\/uploads\\\/2018\\\/09\\\/057b69485e93575a5c2b1c1dde2dd297.jpeg\",\"width\":64,\"height\":64,\"caption\":\"NBCS Noticias\"},\"image\":{\"@id\":\"https:\\\/\\\/nbcs.mx\\\/#\\\/schema\\\/logo\\\/image\\\/\"},\"sameAs\":[\"https:\\\/\\\/www.facebook.com\\\/NBCSnoticias\",\"https:\\\/\\\/x.com\\\/NBCSnoticias\"]},{\"@type\":\"Person\",\"@id\":\"https:\\\/\\\/nbcs.mx\\\/#\\\/schema\\\/person\\\/ece58bab9a7c1e87a4d28ec9ecd79ff4\",\"name\":\"NBCS Noticias\",\"image\":{\"@type\":\"ImageObject\",\"inLanguage\":\"es\",\"@id\":\"https:\\\/\\\/secure.gravatar.com\\\/avatar\\\/4e52110cad1c4054b43271a0d14bbe9e2ea76aecd0e1097edfc670798d9ca1d4?s=96&d=blank&r=g\",\"url\":\"https:\\\/\\\/secure.gravatar.com\\\/avatar\\\/4e52110cad1c4054b43271a0d14bbe9e2ea76aecd0e1097edfc670798d9ca1d4?s=96&d=blank&r=g\",\"contentUrl\":\"https:\\\/\\\/secure.gravatar.com\\\/avatar\\\/4e52110cad1c4054b43271a0d14bbe9e2ea76aecd0e1097edfc670798d9ca1d4?s=96&d=blank&r=g\",\"caption\":\"NBCS Noticias\"},\"description\":\"\u00bfTienes fotos o video de alg\u00fan acto de posible negligencia, corrupci\u00f3n y abuso de autoridad? M\u00e1ndalo al WhatsApp de NBCS Noticias: 612 141 98 08\",\"sameAs\":[\"https:\\\/\\\/www.nbcs.mx\",\"https:\\\/\\\/www.facebook.com\\\/NBCSnoticias\",\"https:\\\/\\\/www.instagram.com\\\/nbcsnoticias\\\/\",\"https:\\\/\\\/x.com\\\/https:\\\/\\\/twitter.com\\\/NBCSnoticias\"]}]}<\/script>\n<!-- \/ Yoast SEO plugin. -->","yoast_head_json":{"title":"Llega a Loreto el Programa de Vivienda para el Bienestar - NBCS Noticias","robots":{"index":"index","follow":"follow","max-snippet":"max-snippet:-1","max-image-preview":"max-image-preview:large","max-video-preview":"max-video-preview:-1"},"canonical":"https:\/\/nbcs.mx\/?p=156187","og_locale":"es_ES","og_type":"article","og_title":"Llega a Loreto el Programa de Vivienda para el Bienestar - NBCS Noticias","og_description":"Con el fuerte compromiso de construir 500 viviendas dignas para mejorar la calidad de vida de familias en situaci\u00f3n de","og_url":"https:\/\/nbcs.mx\/?p=156187","og_site_name":"NBCS Noticias","article_publisher":"https:\/\/www.facebook.com\/NBCSnoticias","article_author":"https:\/\/www.facebook.com\/NBCSnoticias","article_published_time":"2025-10-01T21:50:17+00:00","og_image":[{"width":1311,"height":741,"url":"https:\/\/nbcs.mx\/wp-content\/uploads\/2025\/10\/VIVIENDA.jpg","type":"image\/jpeg"}],"author":"NBCS Noticias","twitter_card":"summary_large_image","twitter_creator":"@https:\/\/twitter.com\/NBCSnoticias","twitter_site":"@NBCSnoticias","twitter_misc":{"Escrito por":"NBCS Noticias","Tiempo de lectura":"3 minutos"},"schema":{"@context":"https:\/\/schema.org","@graph":[{"@type":"Article","@id":"https:\/\/nbcs.mx\/?p=156187#article","isPartOf":{"@id":"https:\/\/nbcs.mx\/?p=156187"},"author":{"name":"NBCS Noticias","@id":"https:\/\/nbcs.mx\/#\/schema\/person\/ece58bab9a7c1e87a4d28ec9ecd79ff4"},"headline":"Llega a Loreto el Programa de Vivienda para el Bienestar","datePublished":"2025-10-01T21:50:17+00:00","mainEntityOfPage":{"@id":"https:\/\/nbcs.mx\/?p=156187"},"wordCount":465,"commentCount":0,"publisher":{"@id":"https:\/\/nbcs.mx\/#organization"},"image":{"@id":"https:\/\/nbcs.mx\/?p=156187#primaryimage"},"thumbnailUrl":"https:\/\/nbcs.mx\/wp-content\/uploads\/2025\/10\/VIVIENDA.jpg","articleSection":["Municipios"],"inLanguage":"es","potentialAction":[{"@type":"CommentAction","name":"Comment","target":["https:\/\/nbcs.mx\/?p=156187#respond"]}]},{"@type":"WebPage","@id":"https:\/\/nbcs.mx\/?p=156187","url":"https:\/\/nbcs.mx\/?p=156187","name":"Llega a Loreto el Programa de Vivienda para el Bienestar - NBCS Noticias","isPartOf":{"@id":"https:\/\/nbcs.mx\/#website"},"primaryImageOfPage":{"@id":"https:\/\/nbcs.mx\/?p=156187#primaryimage"},"image":{"@id":"https:\/\/nbcs.mx\/?p=156187#primaryimage"},"thumbnailUrl":"https:\/\/nbcs.mx\/wp-content\/uploads\/2025\/10\/VIVIENDA.jpg","datePublished":"2025-10-01T21:50:17+00:00","breadcrumb":{"@id":"https:\/\/nbcs.mx\/?p=156187#breadcrumb"},"inLanguage":"es","potentialAction":[{"@type":"ReadAction","target":["https:\/\/nbcs.mx\/?p=156187"]}]},{"@type":"ImageObject","inLanguage":"es","@id":"https:\/\/nbcs.mx\/?p=156187#primaryimage","url":"https:\/\/nbcs.mx\/wp-content\/uploads\/2025\/10\/VIVIENDA.jpg","contentUrl":"https:\/\/nbcs.mx\/wp-content\/uploads\/2025\/10\/VIVIENDA.jpg","width":1311,"height":741},{"@type":"BreadcrumbList","@id":"https:\/\/nbcs.mx\/?p=156187#breadcrumb","itemListElement":[{"@type":"ListItem","position":1,"name":"Portada","item":"https:\/\/nbcs.mx\/"},{"@type":"ListItem","position":2,"name":"Llega a Loreto el Programa de Vivienda para el Bienestar"}]},{"@type":"WebSite","@id":"https:\/\/nbcs.mx\/#website","url":"https:\/\/nbcs.mx\/","name":"NBCS Noticias","description":"Sitio web de noticias en Baja California Sur","publisher":{"@id":"https:\/\/nbcs.mx\/#organization"},"potentialAction":[{"@type":"SearchAction","target":{"@type":"EntryPoint","urlTemplate":"https:\/\/nbcs.mx\/?s={search_term_string}"},"query-input":{"@type":"PropertyValueSpecification","valueRequired":true,"valueName":"search_term_string"}}],"inLanguage":"es"},{"@type":"Organization","@id":"https:\/\/nbcs.mx\/#organization","name":"NBCS Noticias","url":"https:\/\/nbcs.mx\/","logo":{"@type":"ImageObject","inLanguage":"es","@id":"https:\/\/nbcs.mx\/#\/schema\/logo\/image\/","url":"https:\/\/nbcs.mx\/wp-content\/uploads\/2018\/09\/057b69485e93575a5c2b1c1dde2dd297.jpeg","contentUrl":"https:\/\/nbcs.mx\/wp-content\/uploads\/2018\/09\/057b69485e93575a5c2b1c1dde2dd297.jpeg","width":64,"height":64,"caption":"NBCS Noticias"},"image":{"@id":"https:\/\/nbcs.mx\/#\/schema\/logo\/image\/"},"sameAs":["https:\/\/www.facebook.com\/NBCSnoticias","https:\/\/x.com\/NBCSnoticias"]},{"@type":"Person","@id":"https:\/\/nbcs.mx\/#\/schema\/person\/ece58bab9a7c1e87a4d28ec9ecd79ff4","name":"NBCS Noticias","image":{"@type":"ImageObject","inLanguage":"es","@id":"https:\/\/secure.gravatar.com\/avatar\/4e52110cad1c4054b43271a0d14bbe9e2ea76aecd0e1097edfc670798d9ca1d4?s=96&d=blank&r=g","url":"https:\/\/secure.gravatar.com\/avatar\/4e52110cad1c4054b43271a0d14bbe9e2ea76aecd0e1097edfc670798d9ca1d4?s=96&d=blank&r=g","contentUrl":"https:\/\/secure.gravatar.com\/avatar\/4e52110cad1c4054b43271a0d14bbe9e2ea76aecd0e1097edfc670798d9ca1d4?s=96&d=blank&r=g","caption":"NBCS Noticias"},"description":"\u00bfTienes fotos o video de alg\u00fan acto de posible negligencia, corrupci\u00f3n y abuso de autoridad? M\u00e1ndalo al WhatsApp de NBCS Noticias: 612 141 98 08","sameAs":["https:\/\/www.nbcs.mx","https:\/\/www.facebook.com\/NBCSnoticias","https:\/\/www.instagram.com\/nbcsnoticias\/","https:\/\/x.com\/https:\/\/twitter.com\/NBCSnoticias"]}]}},"jetpack_publicize_connections":[],"jetpack_featured_media_url":"https:\/\/nbcs.mx\/wp-content\/uploads\/2025\/10\/VIVIENDA.jpg","jetpack_sharing_enabled":true,"_links":{"self":[{"href":"https:\/\/nbcs.mx\/index.php?rest_route=\/wp\/v2\/posts\/156187","targetHints":{"allow":["GET"]}}],"collection":[{"href":"https:\/\/nbcs.mx\/index.php?rest_route=\/wp\/v2\/posts"}],"about":[{"href":"https:\/\/nbcs.mx\/index.php?rest_route=\/wp\/v2\/types\/post"}],"author":[{"embeddable":true,"href":"https:\/\/nbcs.mx\/index.php?rest_route=\/wp\/v2\/users\/1"}],"replies":[{"embeddable":true,"href":"https:\/\/nbcs.mx\/index.php?rest_route=%2Fwp%2Fv2%2Fcomments&post=156187"}],"version-history":[{"count":1,"href":"https:\/\/nbcs.mx\/index.php?rest_route=\/wp\/v2\/posts\/156187\/revisions"}],"predecessor-version":[{"id":156189,"href":"https:\/\/nbcs.mx\/index.php?rest_route=\/wp\/v2\/posts\/156187\/revisions\/156189"}],"wp:featuredmedia":[{"embeddable":true,"href":"https:\/\/nbcs.mx\/index.php?rest_route=\/wp\/v2\/media\/156188"}],"wp:attachment":[{"href":"https:\/\/nbcs.mx\/index.php?rest_route=%2Fwp%2Fv2%2Fmedia&parent=156187"}],"wp:term":[{"taxonomy":"category","embeddable":true,"href":"https:\/\/nbcs.mx\/index.php?rest_route=%2Fwp%2Fv2%2Fcategories&post=156187"},{"taxonomy":"post_tag","embeddable":true,"href":"https:\/\/nbcs.mx\/index.php?rest_route=%2Fwp%2Fv2%2Ftags&post=156187"}],"curies":[{"name":"wp","href":"https:\/\/api.w.org\/{rel}","templated":true}]}}