{"id":156272,"date":"2025-10-02T18:07:29","date_gmt":"2025-10-03T00:07:29","guid":{"rendered":"https:\/\/nbcs.mx\/?p=156272"},"modified":"2025-10-02T18:07:29","modified_gmt":"2025-10-03T00:07:29","slug":"celebro-congreso-de-bcs-el-178-aniversario-de-la-defensa-heroica-de-mulege-2","status":"publish","type":"post","link":"https:\/\/nbcs.mx\/?p=156272","title":{"rendered":"Celebr\u00f3 Congreso de BCS el 178 aniversario de la defensa heroica de Muleg\u00e9"},"content":{"rendered":"<p style=\"font-weight: 400; text-align: justify;\"><img loading=\"lazy\" decoding=\"async\" class=\" wp-image-156273 alignleft\" src=\"https:\/\/nbcs.mx\/wp-content\/uploads\/2025\/10\/SESION-SOLEMNE-MULEGE-251002-2-755x425.jpeg\" alt=\"\" width=\"352\" height=\"198\" srcset=\"https:\/\/nbcs.mx\/wp-content\/uploads\/2025\/10\/SESION-SOLEMNE-MULEGE-251002-2-755x425.jpeg 755w, https:\/\/nbcs.mx\/wp-content\/uploads\/2025\/10\/SESION-SOLEMNE-MULEGE-251002-2-1024x576.jpeg 1024w, https:\/\/nbcs.mx\/wp-content\/uploads\/2025\/10\/SESION-SOLEMNE-MULEGE-251002-2-150x84.jpeg 150w, https:\/\/nbcs.mx\/wp-content\/uploads\/2025\/10\/SESION-SOLEMNE-MULEGE-251002-2-768x432.jpeg 768w, https:\/\/nbcs.mx\/wp-content\/uploads\/2025\/10\/SESION-SOLEMNE-MULEGE-251002-2-1536x864.jpeg 1536w, https:\/\/nbcs.mx\/wp-content\/uploads\/2025\/10\/SESION-SOLEMNE-MULEGE-251002-2.jpeg 1600w\" sizes=\"auto, (max-width: 352px) 100vw, 352px\" \/>En el marco de la ceremonia conmemorativa del 178 aniversario de la defensa de la Heroica de Muleg\u00e9, el Congreso del Estado de Baja California Sur particip\u00f3 activamente en este importante acto c\u00edvico que recuerda la valent\u00eda de un grupo de sudcalifornianos encabezados por el Capit\u00e1n Manuel Pineda Mu\u00f1oz, quienes en 1847 resistieron con honor la intervenci\u00f3n extranjera, logrando una victoria hist\u00f3rica frente a las fuerzas invasoras norteamericanas.<\/p>\n<p style=\"font-weight: 400; text-align: justify;\">Durante su intervenci\u00f3n, el representante del Poder Legislativo, diputado Venustiano P\u00e9rez S\u00e1nchez, se\u00f1al\u00f3 que esta gesta hist\u00f3rica, considerada la \u00fanica victoria en territorio nacional durante la invasi\u00f3n estadounidense de mediados del siglo XIX, debe ser revalorada y difundida entre las nuevas generaciones como un ejemplo de dignidad, unidad y defensa de la soberan\u00eda.<\/p>\n<p style=\"font-weight: 400; text-align: justify;\">\u201cEn este hecho hist\u00f3rico hace m\u00e1s de 170 a\u00f1os, por m\u00e1s de ocho horas, se defendi\u00f3 con valent\u00eda, gallard\u00eda y amor a esta tierra, a no ser gobernados por otras naciones, es algo que no puede olvidarse, porque a diario vivimos esa amenaza\u201d, manifest\u00f3.<\/p>\n<p style=\"font-weight: 400; text-align: justify;\">Asimismo, se anunci\u00f3 una propuesta de reforma al decreto de traslado de poderes, con el fin de incluir como parte de los actos conmemorativos una escenificaci\u00f3n hist\u00f3rica de la batalla de Muleg\u00e9, a realizarse a partir del a\u00f1o 2026 con el respaldo de las Fuerzas Armadas, incluyendo al Ej\u00e9rcito Mexicano, la Marina Armada de M\u00e9xico y la Fuerza A\u00e9rea Mexicana. Esta iniciativa busca replicar experiencias exitosas como la escenificaci\u00f3n que realiza la Secretar\u00eda de la Defensa Nacional cada 5 de mayo en Puebla, y se cuenta ya con la disposici\u00f3n de los mandos militares en la entidad, Gobierno del Estado y Ayuntamiento de Muleg\u00e9 en conjunto.<\/p>\n<p style=\"font-weight: 400; text-align: justify;\">En nombre de la sociedad civil, el ciudadano Jes\u00fas Loreto Ortega Lizardi expres\u00f3 que \u201cEsta historia no solo es de los muleginos, es de todos los sudcalifornianos y de todos los mexicanos. Sigamos trabajando juntos autoridades y ciudadanos para que nuestra historia nunca se olvide y llegue con fuerza a las nuevas generaciones\u201d.<\/p>\n<p style=\"font-weight: 400; text-align: justify;\">Finalmente, P\u00e9rez S\u00e1nchez hizo un llamado a la unidad y a trabajar juntos, pueblo y gobierno, por el desarrollo y bienestar de Muleg\u00e9 y de toda la entidad.<\/p>\n","protected":false},"excerpt":{"rendered":"<p>En el marco de la ceremonia conmemorativa del 178 aniversario de la defensa de la Heroica de Muleg\u00e9, el Congreso<\/p>\n","protected":false},"author":1,"featured_media":156273,"comment_status":"open","ping_status":"closed","sticky":false,"template":"","format":"standard","meta":{"colormag_page_container_layout":"default_layout","colormag_page_sidebar_layout":"default_layout","_jetpack_memberships_contains_paid_content":false,"footnotes":"","jetpack_publicize_message":"","jetpack_publicize_feature_enabled":true,"jetpack_social_post_already_shared":true,"jetpack_social_options":{"image_generator_settings":{"template":"highway","default_image_id":0,"font":"","enabled":false},"version":2}},"categories":[48],"tags":[],"class_list":["post-156272","post","type-post","status-publish","format-standard","has-post-thumbnail","hentry","category-congreso-de-bcs"],"yoast_head":"<!-- This site is optimized with the Yoast SEO plugin v27.4 - https:\/\/yoast.com\/product\/yoast-seo-wordpress\/ -->\n<title>Celebr\u00f3 Congreso de BCS el 178 aniversario de la defensa heroica de Muleg\u00e9 - NBCS Noticias<\/title>\n<meta name=\"robots\" content=\"index, follow, max-snippet:-1, max-image-preview:large, max-video-preview:-1\" \/>\n<link rel=\"canonical\" href=\"https:\/\/nbcs.mx\/?p=156272\" \/>\n<meta property=\"og:locale\" content=\"es_ES\" \/>\n<meta property=\"og:type\" content=\"article\" \/>\n<meta property=\"og:title\" content=\"Celebr\u00f3 Congreso de BCS el 178 aniversario de la defensa heroica de Muleg\u00e9 - NBCS Noticias\" \/>\n<meta property=\"og:description\" content=\"En el marco de la ceremonia conmemorativa del 178 aniversario de la defensa de la Heroica de Muleg\u00e9, el Congreso\" \/>\n<meta property=\"og:url\" content=\"https:\/\/nbcs.mx\/?p=156272\" \/>\n<meta property=\"og:site_name\" content=\"NBCS Noticias\" \/>\n<meta property=\"article:publisher\" content=\"https:\/\/www.facebook.com\/NBCSnoticias\" \/>\n<meta property=\"article:author\" content=\"https:\/\/www.facebook.com\/NBCSnoticias\" \/>\n<meta property=\"article:published_time\" content=\"2025-10-03T00:07:29+00:00\" \/>\n<meta property=\"og:image\" content=\"https:\/\/nbcs.mx\/wp-content\/uploads\/2025\/10\/SESION-SOLEMNE-MULEGE-251002-2.jpeg\" \/>\n\t<meta property=\"og:image:width\" content=\"1600\" \/>\n\t<meta property=\"og:image:height\" content=\"900\" \/>\n\t<meta property=\"og:image:type\" content=\"image\/jpeg\" \/>\n<meta name=\"author\" content=\"NBCS Noticias\" \/>\n<meta name=\"twitter:card\" content=\"summary_large_image\" \/>\n<meta name=\"twitter:creator\" content=\"@https:\/\/twitter.com\/NBCSnoticias\" \/>\n<meta name=\"twitter:site\" content=\"@NBCSnoticias\" \/>\n<meta name=\"twitter:label1\" content=\"Escrito por\" \/>\n\t<meta name=\"twitter:data1\" content=\"NBCS Noticias\" \/>\n\t<meta name=\"twitter:label2\" content=\"Tiempo de lectura\" \/>\n\t<meta name=\"twitter:data2\" content=\"3 minutos\" \/>\n<script type=\"application\/ld+json\" class=\"yoast-schema-graph\">{\"@context\":\"https:\\\/\\\/schema.org\",\"@graph\":[{\"@type\":\"Article\",\"@id\":\"https:\\\/\\\/nbcs.mx\\\/?p=156272#article\",\"isPartOf\":{\"@id\":\"https:\\\/\\\/nbcs.mx\\\/?p=156272\"},\"author\":{\"name\":\"NBCS Noticias\",\"@id\":\"https:\\\/\\\/nbcs.mx\\\/#\\\/schema\\\/person\\\/ece58bab9a7c1e87a4d28ec9ecd79ff4\"},\"headline\":\"Celebr\u00f3 Congreso de BCS el 178 aniversario de la defensa heroica de Muleg\u00e9\",\"datePublished\":\"2025-10-03T00:07:29+00:00\",\"mainEntityOfPage\":{\"@id\":\"https:\\\/\\\/nbcs.mx\\\/?p=156272\"},\"wordCount\":390,\"commentCount\":0,\"publisher\":{\"@id\":\"https:\\\/\\\/nbcs.mx\\\/#organization\"},\"image\":{\"@id\":\"https:\\\/\\\/nbcs.mx\\\/?p=156272#primaryimage\"},\"thumbnailUrl\":\"https:\\\/\\\/nbcs.mx\\\/wp-content\\\/uploads\\\/2025\\\/10\\\/SESION-SOLEMNE-MULEGE-251002-2.jpeg\",\"articleSection\":[\"Congreso de BCS\"],\"inLanguage\":\"es\",\"potentialAction\":[{\"@type\":\"CommentAction\",\"name\":\"Comment\",\"target\":[\"https:\\\/\\\/nbcs.mx\\\/?p=156272#respond\"]}]},{\"@type\":\"WebPage\",\"@id\":\"https:\\\/\\\/nbcs.mx\\\/?p=156272\",\"url\":\"https:\\\/\\\/nbcs.mx\\\/?p=156272\",\"name\":\"Celebr\u00f3 Congreso de BCS el 178 aniversario de la defensa heroica de Muleg\u00e9 - NBCS Noticias\",\"isPartOf\":{\"@id\":\"https:\\\/\\\/nbcs.mx\\\/#website\"},\"primaryImageOfPage\":{\"@id\":\"https:\\\/\\\/nbcs.mx\\\/?p=156272#primaryimage\"},\"image\":{\"@id\":\"https:\\\/\\\/nbcs.mx\\\/?p=156272#primaryimage\"},\"thumbnailUrl\":\"https:\\\/\\\/nbcs.mx\\\/wp-content\\\/uploads\\\/2025\\\/10\\\/SESION-SOLEMNE-MULEGE-251002-2.jpeg\",\"datePublished\":\"2025-10-03T00:07:29+00:00\",\"breadcrumb\":{\"@id\":\"https:\\\/\\\/nbcs.mx\\\/?p=156272#breadcrumb\"},\"inLanguage\":\"es\",\"potentialAction\":[{\"@type\":\"ReadAction\",\"target\":[\"https:\\\/\\\/nbcs.mx\\\/?p=156272\"]}]},{\"@type\":\"ImageObject\",\"inLanguage\":\"es\",\"@id\":\"https:\\\/\\\/nbcs.mx\\\/?p=156272#primaryimage\",\"url\":\"https:\\\/\\\/nbcs.mx\\\/wp-content\\\/uploads\\\/2025\\\/10\\\/SESION-SOLEMNE-MULEGE-251002-2.jpeg\",\"contentUrl\":\"https:\\\/\\\/nbcs.mx\\\/wp-content\\\/uploads\\\/2025\\\/10\\\/SESION-SOLEMNE-MULEGE-251002-2.jpeg\",\"width\":1600,\"height\":900},{\"@type\":\"BreadcrumbList\",\"@id\":\"https:\\\/\\\/nbcs.mx\\\/?p=156272#breadcrumb\",\"itemListElement\":[{\"@type\":\"ListItem\",\"position\":1,\"name\":\"Portada\",\"item\":\"https:\\\/\\\/nbcs.mx\\\/\"},{\"@type\":\"ListItem\",\"position\":2,\"name\":\"Celebr\u00f3 Congreso de BCS el 178 aniversario de la defensa heroica de Muleg\u00e9\"}]},{\"@type\":\"WebSite\",\"@id\":\"https:\\\/\\\/nbcs.mx\\\/#website\",\"url\":\"https:\\\/\\\/nbcs.mx\\\/\",\"name\":\"NBCS Noticias\",\"description\":\"Sitio web de noticias en Baja California Sur\",\"publisher\":{\"@id\":\"https:\\\/\\\/nbcs.mx\\\/#organization\"},\"potentialAction\":[{\"@type\":\"SearchAction\",\"target\":{\"@type\":\"EntryPoint\",\"urlTemplate\":\"https:\\\/\\\/nbcs.mx\\\/?s={search_term_string}\"},\"query-input\":{\"@type\":\"PropertyValueSpecification\",\"valueRequired\":true,\"valueName\":\"search_term_string\"}}],\"inLanguage\":\"es\"},{\"@type\":\"Organization\",\"@id\":\"https:\\\/\\\/nbcs.mx\\\/#organization\",\"name\":\"NBCS Noticias\",\"url\":\"https:\\\/\\\/nbcs.mx\\\/\",\"logo\":{\"@type\":\"ImageObject\",\"inLanguage\":\"es\",\"@id\":\"https:\\\/\\\/nbcs.mx\\\/#\\\/schema\\\/logo\\\/image\\\/\",\"url\":\"https:\\\/\\\/nbcs.mx\\\/wp-content\\\/uploads\\\/2018\\\/09\\\/057b69485e93575a5c2b1c1dde2dd297.jpeg\",\"contentUrl\":\"https:\\\/\\\/nbcs.mx\\\/wp-content\\\/uploads\\\/2018\\\/09\\\/057b69485e93575a5c2b1c1dde2dd297.jpeg\",\"width\":64,\"height\":64,\"caption\":\"NBCS Noticias\"},\"image\":{\"@id\":\"https:\\\/\\\/nbcs.mx\\\/#\\\/schema\\\/logo\\\/image\\\/\"},\"sameAs\":[\"https:\\\/\\\/www.facebook.com\\\/NBCSnoticias\",\"https:\\\/\\\/x.com\\\/NBCSnoticias\"]},{\"@type\":\"Person\",\"@id\":\"https:\\\/\\\/nbcs.mx\\\/#\\\/schema\\\/person\\\/ece58bab9a7c1e87a4d28ec9ecd79ff4\",\"name\":\"NBCS Noticias\",\"image\":{\"@type\":\"ImageObject\",\"inLanguage\":\"es\",\"@id\":\"https:\\\/\\\/secure.gravatar.com\\\/avatar\\\/4e52110cad1c4054b43271a0d14bbe9e2ea76aecd0e1097edfc670798d9ca1d4?s=96&d=blank&r=g\",\"url\":\"https:\\\/\\\/secure.gravatar.com\\\/avatar\\\/4e52110cad1c4054b43271a0d14bbe9e2ea76aecd0e1097edfc670798d9ca1d4?s=96&d=blank&r=g\",\"contentUrl\":\"https:\\\/\\\/secure.gravatar.com\\\/avatar\\\/4e52110cad1c4054b43271a0d14bbe9e2ea76aecd0e1097edfc670798d9ca1d4?s=96&d=blank&r=g\",\"caption\":\"NBCS Noticias\"},\"description\":\"\u00bfTienes fotos o video de alg\u00fan acto de posible negligencia, corrupci\u00f3n y abuso de autoridad? M\u00e1ndalo al WhatsApp de NBCS Noticias: 612 141 98 08\",\"sameAs\":[\"https:\\\/\\\/www.nbcs.mx\",\"https:\\\/\\\/www.facebook.com\\\/NBCSnoticias\",\"https:\\\/\\\/www.instagram.com\\\/nbcsnoticias\\\/\",\"https:\\\/\\\/x.com\\\/https:\\\/\\\/twitter.com\\\/NBCSnoticias\"]}]}<\/script>\n<!-- \/ Yoast SEO plugin. -->","yoast_head_json":{"title":"Celebr\u00f3 Congreso de BCS el 178 aniversario de la defensa heroica de Muleg\u00e9 - NBCS Noticias","robots":{"index":"index","follow":"follow","max-snippet":"max-snippet:-1","max-image-preview":"max-image-preview:large","max-video-preview":"max-video-preview:-1"},"canonical":"https:\/\/nbcs.mx\/?p=156272","og_locale":"es_ES","og_type":"article","og_title":"Celebr\u00f3 Congreso de BCS el 178 aniversario de la defensa heroica de Muleg\u00e9 - NBCS Noticias","og_description":"En el marco de la ceremonia conmemorativa del 178 aniversario de la defensa de la Heroica de Muleg\u00e9, el Congreso","og_url":"https:\/\/nbcs.mx\/?p=156272","og_site_name":"NBCS Noticias","article_publisher":"https:\/\/www.facebook.com\/NBCSnoticias","article_author":"https:\/\/www.facebook.com\/NBCSnoticias","article_published_time":"2025-10-03T00:07:29+00:00","og_image":[{"width":1600,"height":900,"url":"https:\/\/nbcs.mx\/wp-content\/uploads\/2025\/10\/SESION-SOLEMNE-MULEGE-251002-2.jpeg","type":"image\/jpeg"}],"author":"NBCS Noticias","twitter_card":"summary_large_image","twitter_creator":"@https:\/\/twitter.com\/NBCSnoticias","twitter_site":"@NBCSnoticias","twitter_misc":{"Escrito por":"NBCS Noticias","Tiempo de lectura":"3 minutos"},"schema":{"@context":"https:\/\/schema.org","@graph":[{"@type":"Article","@id":"https:\/\/nbcs.mx\/?p=156272#article","isPartOf":{"@id":"https:\/\/nbcs.mx\/?p=156272"},"author":{"name":"NBCS Noticias","@id":"https:\/\/nbcs.mx\/#\/schema\/person\/ece58bab9a7c1e87a4d28ec9ecd79ff4"},"headline":"Celebr\u00f3 Congreso de BCS el 178 aniversario de la defensa heroica de Muleg\u00e9","datePublished":"2025-10-03T00:07:29+00:00","mainEntityOfPage":{"@id":"https:\/\/nbcs.mx\/?p=156272"},"wordCount":390,"commentCount":0,"publisher":{"@id":"https:\/\/nbcs.mx\/#organization"},"image":{"@id":"https:\/\/nbcs.mx\/?p=156272#primaryimage"},"thumbnailUrl":"https:\/\/nbcs.mx\/wp-content\/uploads\/2025\/10\/SESION-SOLEMNE-MULEGE-251002-2.jpeg","articleSection":["Congreso de BCS"],"inLanguage":"es","potentialAction":[{"@type":"CommentAction","name":"Comment","target":["https:\/\/nbcs.mx\/?p=156272#respond"]}]},{"@type":"WebPage","@id":"https:\/\/nbcs.mx\/?p=156272","url":"https:\/\/nbcs.mx\/?p=156272","name":"Celebr\u00f3 Congreso de BCS el 178 aniversario de la defensa heroica de Muleg\u00e9 - NBCS Noticias","isPartOf":{"@id":"https:\/\/nbcs.mx\/#website"},"primaryImageOfPage":{"@id":"https:\/\/nbcs.mx\/?p=156272#primaryimage"},"image":{"@id":"https:\/\/nbcs.mx\/?p=156272#primaryimage"},"thumbnailUrl":"https:\/\/nbcs.mx\/wp-content\/uploads\/2025\/10\/SESION-SOLEMNE-MULEGE-251002-2.jpeg","datePublished":"2025-10-03T00:07:29+00:00","breadcrumb":{"@id":"https:\/\/nbcs.mx\/?p=156272#breadcrumb"},"inLanguage":"es","potentialAction":[{"@type":"ReadAction","target":["https:\/\/nbcs.mx\/?p=156272"]}]},{"@type":"ImageObject","inLanguage":"es","@id":"https:\/\/nbcs.mx\/?p=156272#primaryimage","url":"https:\/\/nbcs.mx\/wp-content\/uploads\/2025\/10\/SESION-SOLEMNE-MULEGE-251002-2.jpeg","contentUrl":"https:\/\/nbcs.mx\/wp-content\/uploads\/2025\/10\/SESION-SOLEMNE-MULEGE-251002-2.jpeg","width":1600,"height":900},{"@type":"BreadcrumbList","@id":"https:\/\/nbcs.mx\/?p=156272#breadcrumb","itemListElement":[{"@type":"ListItem","position":1,"name":"Portada","item":"https:\/\/nbcs.mx\/"},{"@type":"ListItem","position":2,"name":"Celebr\u00f3 Congreso de BCS el 178 aniversario de la defensa heroica de Muleg\u00e9"}]},{"@type":"WebSite","@id":"https:\/\/nbcs.mx\/#website","url":"https:\/\/nbcs.mx\/","name":"NBCS Noticias","description":"Sitio web de noticias en Baja California Sur","publisher":{"@id":"https:\/\/nbcs.mx\/#organization"},"potentialAction":[{"@type":"SearchAction","target":{"@type":"EntryPoint","urlTemplate":"https:\/\/nbcs.mx\/?s={search_term_string}"},"query-input":{"@type":"PropertyValueSpecification","valueRequired":true,"valueName":"search_term_string"}}],"inLanguage":"es"},{"@type":"Organization","@id":"https:\/\/nbcs.mx\/#organization","name":"NBCS Noticias","url":"https:\/\/nbcs.mx\/","logo":{"@type":"ImageObject","inLanguage":"es","@id":"https:\/\/nbcs.mx\/#\/schema\/logo\/image\/","url":"https:\/\/nbcs.mx\/wp-content\/uploads\/2018\/09\/057b69485e93575a5c2b1c1dde2dd297.jpeg","contentUrl":"https:\/\/nbcs.mx\/wp-content\/uploads\/2018\/09\/057b69485e93575a5c2b1c1dde2dd297.jpeg","width":64,"height":64,"caption":"NBCS Noticias"},"image":{"@id":"https:\/\/nbcs.mx\/#\/schema\/logo\/image\/"},"sameAs":["https:\/\/www.facebook.com\/NBCSnoticias","https:\/\/x.com\/NBCSnoticias"]},{"@type":"Person","@id":"https:\/\/nbcs.mx\/#\/schema\/person\/ece58bab9a7c1e87a4d28ec9ecd79ff4","name":"NBCS Noticias","image":{"@type":"ImageObject","inLanguage":"es","@id":"https:\/\/secure.gravatar.com\/avatar\/4e52110cad1c4054b43271a0d14bbe9e2ea76aecd0e1097edfc670798d9ca1d4?s=96&d=blank&r=g","url":"https:\/\/secure.gravatar.com\/avatar\/4e52110cad1c4054b43271a0d14bbe9e2ea76aecd0e1097edfc670798d9ca1d4?s=96&d=blank&r=g","contentUrl":"https:\/\/secure.gravatar.com\/avatar\/4e52110cad1c4054b43271a0d14bbe9e2ea76aecd0e1097edfc670798d9ca1d4?s=96&d=blank&r=g","caption":"NBCS Noticias"},"description":"\u00bfTienes fotos o video de alg\u00fan acto de posible negligencia, corrupci\u00f3n y abuso de autoridad? M\u00e1ndalo al WhatsApp de NBCS Noticias: 612 141 98 08","sameAs":["https:\/\/www.nbcs.mx","https:\/\/www.facebook.com\/NBCSnoticias","https:\/\/www.instagram.com\/nbcsnoticias\/","https:\/\/x.com\/https:\/\/twitter.com\/NBCSnoticias"]}]}},"jetpack_publicize_connections":[],"jetpack_featured_media_url":"https:\/\/nbcs.mx\/wp-content\/uploads\/2025\/10\/SESION-SOLEMNE-MULEGE-251002-2.jpeg","jetpack_sharing_enabled":true,"_links":{"self":[{"href":"https:\/\/nbcs.mx\/index.php?rest_route=\/wp\/v2\/posts\/156272","targetHints":{"allow":["GET"]}}],"collection":[{"href":"https:\/\/nbcs.mx\/index.php?rest_route=\/wp\/v2\/posts"}],"about":[{"href":"https:\/\/nbcs.mx\/index.php?rest_route=\/wp\/v2\/types\/post"}],"author":[{"embeddable":true,"href":"https:\/\/nbcs.mx\/index.php?rest_route=\/wp\/v2\/users\/1"}],"replies":[{"embeddable":true,"href":"https:\/\/nbcs.mx\/index.php?rest_route=%2Fwp%2Fv2%2Fcomments&post=156272"}],"version-history":[{"count":1,"href":"https:\/\/nbcs.mx\/index.php?rest_route=\/wp\/v2\/posts\/156272\/revisions"}],"predecessor-version":[{"id":156274,"href":"https:\/\/nbcs.mx\/index.php?rest_route=\/wp\/v2\/posts\/156272\/revisions\/156274"}],"wp:featuredmedia":[{"embeddable":true,"href":"https:\/\/nbcs.mx\/index.php?rest_route=\/wp\/v2\/media\/156273"}],"wp:attachment":[{"href":"https:\/\/nbcs.mx\/index.php?rest_route=%2Fwp%2Fv2%2Fmedia&parent=156272"}],"wp:term":[{"taxonomy":"category","embeddable":true,"href":"https:\/\/nbcs.mx\/index.php?rest_route=%2Fwp%2Fv2%2Fcategories&post=156272"},{"taxonomy":"post_tag","embeddable":true,"href":"https:\/\/nbcs.mx\/index.php?rest_route=%2Fwp%2Fv2%2Ftags&post=156272"}],"curies":[{"name":"wp","href":"https:\/\/api.w.org\/{rel}","templated":true}]}}