{"id":156486,"date":"2025-10-08T17:33:02","date_gmt":"2025-10-08T23:33:02","guid":{"rendered":"https:\/\/nbcs.mx\/?p=156486"},"modified":"2025-10-08T17:33:02","modified_gmt":"2025-10-08T23:33:02","slug":"gobernador-victor-castro-encabeza-la-celebracion-del-51-aniversario-de-bcs-como-estado-libre-y-soberano","status":"publish","type":"post","link":"https:\/\/nbcs.mx\/?p=156486","title":{"rendered":"Gobernador V\u00edctor Castro encabeza la celebraci\u00f3n del 51 aniversario de BCS como Estado Libre y Soberano"},"content":{"rendered":"<p style=\"font-weight: 400; text-align: justify;\"><img loading=\"lazy\" decoding=\"async\" class=\" wp-image-156487 alignleft\" src=\"https:\/\/nbcs.mx\/wp-content\/uploads\/2025\/10\/FOTO2-BOLETIN-0353-VMCC-CELEBRACION-755x423.jpg\" alt=\"\" width=\"391\" height=\"219\" srcset=\"https:\/\/nbcs.mx\/wp-content\/uploads\/2025\/10\/FOTO2-BOLETIN-0353-VMCC-CELEBRACION-755x423.jpg 755w, https:\/\/nbcs.mx\/wp-content\/uploads\/2025\/10\/FOTO2-BOLETIN-0353-VMCC-CELEBRACION-1024x573.jpg 1024w, https:\/\/nbcs.mx\/wp-content\/uploads\/2025\/10\/FOTO2-BOLETIN-0353-VMCC-CELEBRACION-150x84.jpg 150w, https:\/\/nbcs.mx\/wp-content\/uploads\/2025\/10\/FOTO2-BOLETIN-0353-VMCC-CELEBRACION-768x430.jpg 768w, https:\/\/nbcs.mx\/wp-content\/uploads\/2025\/10\/FOTO2-BOLETIN-0353-VMCC-CELEBRACION-1536x860.jpg 1536w, https:\/\/nbcs.mx\/wp-content\/uploads\/2025\/10\/FOTO2-BOLETIN-0353-VMCC-CELEBRACION-2048x1147.jpg 2048w\" sizes=\"auto, (max-width: 391px) 100vw, 391px\" \/>Al encabezar la sesi\u00f3n p\u00fablica solemne del Congreso del Estado, con motivo del 51 aniversario de Baja California Sur como Estado Libre y Soberano, el gobernador V\u00edctor Manuel Castro Cos\u00edo destac\u00f3 la importancia de reflexionar sobre los avances logrados y los retos pendientes, e hizo un llamado a las y los sudcalifornianos a redoblar esfuerzos para alcanzar un desarrollo m\u00e1s justo y equitativo.<\/p>\n<p style=\"font-weight: 400; text-align: justify;\">\n<p style=\"font-weight: 400; text-align: justify;\">Castro Cos\u00edo enfatiz\u00f3 que este ejercicio republicano va m\u00e1s all\u00e1 de los protocolos y de la historia que representa. \u201cSe trata de una oportunidad para fortalecer las instituciones del estado, promoviendo el bien vivir en nuestra tierra, en toda su diversidad y pluralidad. Debemos mantener siempre un di\u00e1logo constructivo que refuerce la Rep\u00fablica en la que vivimos, afirm\u00f3.<\/p>\n<p style=\"font-weight: 400; text-align: justify;\">\n<p style=\"font-weight: 400; text-align: justify;\">Tambi\u00e9n resalt\u00f3 el esfuerzo y compromiso de quienes lucharon para que, en 1974, Baja California Sur se convirtiera en un Estado Libre y Soberano, dejando atr\u00e1s la etapa en que su gobierno estaba a cargo de militares designados por el presidente de la Rep\u00fablica, para pasar a ser elegido directamente por las y los sudcalifornianos.<\/p>\n<p style=\"font-weight: 400; text-align: justify;\">\n<p style=\"font-weight: 400; text-align: justify;\">El Gobernador record\u00f3 la uni\u00f3n de notables sudcalifornianos, que en 1945 se entrevistaron con el presidente Manuel \u00c1vila Camacho para expresar la sentida demanda de que la regi\u00f3n, entonces territorio, contara con gobernantes locales. 20 a\u00f1os despu\u00e9s, Hugo Cervantes del R\u00edo asumi\u00f3 la gubernatura en 1965, aunque sin pasar por un proceso electivo.<\/p>\n<p style=\"font-weight: 400; text-align: justify;\">\n<p style=\"font-weight: 400; text-align: justify;\">Agreg\u00f3 que, al concluir el mandato, se realiz\u00f3 la hist\u00f3rica asamblea conocida como Loreto 70, en la que se reafirm\u00f3 la exigencia de gobernadores nativos. Como resultado, F\u00e9lix Agramont Cota se convirti\u00f3 en el primer gobernador sudcaliforniano electo que asumi\u00f3 el cargo tras haber ejercido responsabilidades en otra entidad del pa\u00eds.<\/p>\n<p style=\"font-weight: 400; text-align: justify;\">\n<p style=\"font-weight: 400; text-align: justify;\">Por ello, coment\u00f3 que se exigi\u00f3 que los gobernantes no solo fueran nativos, sino que tambi\u00e9n tuvieran vinculaci\u00f3n con la regi\u00f3n, como garant\u00eda de conocimiento de la realidad sudcaliforniana. Finalmente, el 8 de octubre de 1974, Baja California Sur se convirti\u00f3 en Estado Libre y Soberano, y \u00c1ngel C\u00e9sar Mendoza Ar\u00e1mburo asumi\u00f3 como el primer gobernador electo.<\/p>\n<p style=\"font-weight: 400; text-align: justify;\">\n<p style=\"font-weight: 400; text-align: justify;\">El gobernador V\u00edctor Castro Cos\u00edo subray\u00f3 que, a m\u00e1s de 50 a\u00f1os de la conversi\u00f3n, la lucha por reforzar la democracia y la justicia contin\u00faa, con el compromiso de seguir construyendo un presente y un\u00a0futuro pr\u00f3spero para todas y todos.<\/p>\n","protected":false},"excerpt":{"rendered":"<p>Al encabezar la sesi\u00f3n p\u00fablica solemne del Congreso del Estado, con motivo del 51 aniversario de Baja California Sur como<\/p>\n","protected":false},"author":1,"featured_media":156487,"comment_status":"open","ping_status":"closed","sticky":false,"template":"","format":"standard","meta":{"colormag_page_container_layout":"default_layout","colormag_page_sidebar_layout":"default_layout","_jetpack_memberships_contains_paid_content":false,"footnotes":"","jetpack_publicize_message":"","jetpack_publicize_feature_enabled":true,"jetpack_social_post_already_shared":true,"jetpack_social_options":{"image_generator_settings":{"template":"highway","default_image_id":0,"font":"","enabled":false},"version":2}},"categories":[1],"tags":[],"class_list":["post-156486","post","type-post","status-publish","format-standard","has-post-thumbnail","hentry","category-noticias"],"yoast_head":"<!-- This site is optimized with the Yoast SEO plugin v27.5 - https:\/\/yoast.com\/product\/yoast-seo-wordpress\/ -->\n<title>Gobernador V\u00edctor Castro encabeza la celebraci\u00f3n del 51 aniversario de BCS como Estado Libre y Soberano - NBCS Noticias<\/title>\n<meta name=\"robots\" content=\"index, follow, max-snippet:-1, max-image-preview:large, max-video-preview:-1\" \/>\n<link rel=\"canonical\" href=\"https:\/\/nbcs.mx\/?p=156486\" \/>\n<meta property=\"og:locale\" content=\"es_ES\" \/>\n<meta property=\"og:type\" content=\"article\" \/>\n<meta property=\"og:title\" content=\"Gobernador V\u00edctor Castro encabeza la celebraci\u00f3n del 51 aniversario de BCS como Estado Libre y Soberano - NBCS Noticias\" \/>\n<meta property=\"og:description\" content=\"Al encabezar la sesi\u00f3n p\u00fablica solemne del Congreso del Estado, con motivo del 51 aniversario de Baja California Sur como\" \/>\n<meta property=\"og:url\" content=\"https:\/\/nbcs.mx\/?p=156486\" \/>\n<meta property=\"og:site_name\" content=\"NBCS Noticias\" \/>\n<meta property=\"article:publisher\" content=\"https:\/\/www.facebook.com\/NBCSnoticias\" \/>\n<meta property=\"article:author\" content=\"https:\/\/www.facebook.com\/NBCSnoticias\" \/>\n<meta property=\"article:published_time\" content=\"2025-10-08T23:33:02+00:00\" \/>\n<meta property=\"og:image\" content=\"https:\/\/nbcs.mx\/wp-content\/uploads\/2025\/10\/FOTO2-BOLETIN-0353-VMCC-CELEBRACION.jpg\" \/>\n\t<meta property=\"og:image:width\" content=\"2400\" \/>\n\t<meta property=\"og:image:height\" content=\"1344\" \/>\n\t<meta property=\"og:image:type\" content=\"image\/jpeg\" \/>\n<meta name=\"author\" content=\"NBCS Noticias\" \/>\n<meta name=\"twitter:card\" content=\"summary_large_image\" \/>\n<meta name=\"twitter:creator\" content=\"@https:\/\/twitter.com\/NBCSnoticias\" \/>\n<meta name=\"twitter:site\" content=\"@NBCSnoticias\" \/>\n<meta name=\"twitter:label1\" content=\"Escrito por\" \/>\n\t<meta name=\"twitter:data1\" content=\"NBCS Noticias\" \/>\n\t<meta name=\"twitter:label2\" content=\"Tiempo de lectura\" \/>\n\t<meta name=\"twitter:data2\" content=\"3 minutos\" \/>\n<script type=\"application\/ld+json\" class=\"yoast-schema-graph\">{\"@context\":\"https:\\\/\\\/schema.org\",\"@graph\":[{\"@type\":\"Article\",\"@id\":\"https:\\\/\\\/nbcs.mx\\\/?p=156486#article\",\"isPartOf\":{\"@id\":\"https:\\\/\\\/nbcs.mx\\\/?p=156486\"},\"author\":{\"name\":\"NBCS Noticias\",\"@id\":\"https:\\\/\\\/nbcs.mx\\\/#\\\/schema\\\/person\\\/ece58bab9a7c1e87a4d28ec9ecd79ff4\"},\"headline\":\"Gobernador V\u00edctor Castro encabeza la celebraci\u00f3n del 51 aniversario de BCS como Estado Libre y Soberano\",\"datePublished\":\"2025-10-08T23:33:02+00:00\",\"mainEntityOfPage\":{\"@id\":\"https:\\\/\\\/nbcs.mx\\\/?p=156486\"},\"wordCount\":419,\"commentCount\":0,\"publisher\":{\"@id\":\"https:\\\/\\\/nbcs.mx\\\/#organization\"},\"image\":{\"@id\":\"https:\\\/\\\/nbcs.mx\\\/?p=156486#primaryimage\"},\"thumbnailUrl\":\"https:\\\/\\\/nbcs.mx\\\/wp-content\\\/uploads\\\/2025\\\/10\\\/FOTO2-BOLETIN-0353-VMCC-CELEBRACION.jpg\",\"articleSection\":[\"Noticias\"],\"inLanguage\":\"es\",\"potentialAction\":[{\"@type\":\"CommentAction\",\"name\":\"Comment\",\"target\":[\"https:\\\/\\\/nbcs.mx\\\/?p=156486#respond\"]}]},{\"@type\":\"WebPage\",\"@id\":\"https:\\\/\\\/nbcs.mx\\\/?p=156486\",\"url\":\"https:\\\/\\\/nbcs.mx\\\/?p=156486\",\"name\":\"Gobernador V\u00edctor Castro encabeza la celebraci\u00f3n del 51 aniversario de BCS como Estado Libre y Soberano - NBCS Noticias\",\"isPartOf\":{\"@id\":\"https:\\\/\\\/nbcs.mx\\\/#website\"},\"primaryImageOfPage\":{\"@id\":\"https:\\\/\\\/nbcs.mx\\\/?p=156486#primaryimage\"},\"image\":{\"@id\":\"https:\\\/\\\/nbcs.mx\\\/?p=156486#primaryimage\"},\"thumbnailUrl\":\"https:\\\/\\\/nbcs.mx\\\/wp-content\\\/uploads\\\/2025\\\/10\\\/FOTO2-BOLETIN-0353-VMCC-CELEBRACION.jpg\",\"datePublished\":\"2025-10-08T23:33:02+00:00\",\"breadcrumb\":{\"@id\":\"https:\\\/\\\/nbcs.mx\\\/?p=156486#breadcrumb\"},\"inLanguage\":\"es\",\"potentialAction\":[{\"@type\":\"ReadAction\",\"target\":[\"https:\\\/\\\/nbcs.mx\\\/?p=156486\"]}]},{\"@type\":\"ImageObject\",\"inLanguage\":\"es\",\"@id\":\"https:\\\/\\\/nbcs.mx\\\/?p=156486#primaryimage\",\"url\":\"https:\\\/\\\/nbcs.mx\\\/wp-content\\\/uploads\\\/2025\\\/10\\\/FOTO2-BOLETIN-0353-VMCC-CELEBRACION.jpg\",\"contentUrl\":\"https:\\\/\\\/nbcs.mx\\\/wp-content\\\/uploads\\\/2025\\\/10\\\/FOTO2-BOLETIN-0353-VMCC-CELEBRACION.jpg\",\"width\":2400,\"height\":1344},{\"@type\":\"BreadcrumbList\",\"@id\":\"https:\\\/\\\/nbcs.mx\\\/?p=156486#breadcrumb\",\"itemListElement\":[{\"@type\":\"ListItem\",\"position\":1,\"name\":\"Portada\",\"item\":\"https:\\\/\\\/nbcs.mx\\\/\"},{\"@type\":\"ListItem\",\"position\":2,\"name\":\"Gobernador V\u00edctor Castro encabeza la celebraci\u00f3n del 51 aniversario de BCS como Estado Libre y Soberano\"}]},{\"@type\":\"WebSite\",\"@id\":\"https:\\\/\\\/nbcs.mx\\\/#website\",\"url\":\"https:\\\/\\\/nbcs.mx\\\/\",\"name\":\"NBCS Noticias\",\"description\":\"Sitio web de noticias en Baja California Sur\",\"publisher\":{\"@id\":\"https:\\\/\\\/nbcs.mx\\\/#organization\"},\"potentialAction\":[{\"@type\":\"SearchAction\",\"target\":{\"@type\":\"EntryPoint\",\"urlTemplate\":\"https:\\\/\\\/nbcs.mx\\\/?s={search_term_string}\"},\"query-input\":{\"@type\":\"PropertyValueSpecification\",\"valueRequired\":true,\"valueName\":\"search_term_string\"}}],\"inLanguage\":\"es\"},{\"@type\":\"Organization\",\"@id\":\"https:\\\/\\\/nbcs.mx\\\/#organization\",\"name\":\"NBCS Noticias\",\"url\":\"https:\\\/\\\/nbcs.mx\\\/\",\"logo\":{\"@type\":\"ImageObject\",\"inLanguage\":\"es\",\"@id\":\"https:\\\/\\\/nbcs.mx\\\/#\\\/schema\\\/logo\\\/image\\\/\",\"url\":\"https:\\\/\\\/nbcs.mx\\\/wp-content\\\/uploads\\\/2018\\\/09\\\/057b69485e93575a5c2b1c1dde2dd297.jpeg\",\"contentUrl\":\"https:\\\/\\\/nbcs.mx\\\/wp-content\\\/uploads\\\/2018\\\/09\\\/057b69485e93575a5c2b1c1dde2dd297.jpeg\",\"width\":64,\"height\":64,\"caption\":\"NBCS Noticias\"},\"image\":{\"@id\":\"https:\\\/\\\/nbcs.mx\\\/#\\\/schema\\\/logo\\\/image\\\/\"},\"sameAs\":[\"https:\\\/\\\/www.facebook.com\\\/NBCSnoticias\",\"https:\\\/\\\/x.com\\\/NBCSnoticias\"]},{\"@type\":\"Person\",\"@id\":\"https:\\\/\\\/nbcs.mx\\\/#\\\/schema\\\/person\\\/ece58bab9a7c1e87a4d28ec9ecd79ff4\",\"name\":\"NBCS Noticias\",\"image\":{\"@type\":\"ImageObject\",\"inLanguage\":\"es\",\"@id\":\"https:\\\/\\\/secure.gravatar.com\\\/avatar\\\/4e52110cad1c4054b43271a0d14bbe9e2ea76aecd0e1097edfc670798d9ca1d4?s=96&d=blank&r=g\",\"url\":\"https:\\\/\\\/secure.gravatar.com\\\/avatar\\\/4e52110cad1c4054b43271a0d14bbe9e2ea76aecd0e1097edfc670798d9ca1d4?s=96&d=blank&r=g\",\"contentUrl\":\"https:\\\/\\\/secure.gravatar.com\\\/avatar\\\/4e52110cad1c4054b43271a0d14bbe9e2ea76aecd0e1097edfc670798d9ca1d4?s=96&d=blank&r=g\",\"caption\":\"NBCS Noticias\"},\"description\":\"\u00bfTienes fotos o video de alg\u00fan acto de posible negligencia, corrupci\u00f3n y abuso de autoridad? M\u00e1ndalo al WhatsApp de NBCS Noticias: 612 141 98 08\",\"sameAs\":[\"https:\\\/\\\/www.nbcs.mx\",\"https:\\\/\\\/www.facebook.com\\\/NBCSnoticias\",\"https:\\\/\\\/www.instagram.com\\\/nbcsnoticias\\\/\",\"https:\\\/\\\/x.com\\\/https:\\\/\\\/twitter.com\\\/NBCSnoticias\"]}]}<\/script>\n<!-- \/ Yoast SEO plugin. -->","yoast_head_json":{"title":"Gobernador V\u00edctor Castro encabeza la celebraci\u00f3n del 51 aniversario de BCS como Estado Libre y Soberano - NBCS Noticias","robots":{"index":"index","follow":"follow","max-snippet":"max-snippet:-1","max-image-preview":"max-image-preview:large","max-video-preview":"max-video-preview:-1"},"canonical":"https:\/\/nbcs.mx\/?p=156486","og_locale":"es_ES","og_type":"article","og_title":"Gobernador V\u00edctor Castro encabeza la celebraci\u00f3n del 51 aniversario de BCS como Estado Libre y Soberano - NBCS Noticias","og_description":"Al encabezar la sesi\u00f3n p\u00fablica solemne del Congreso del Estado, con motivo del 51 aniversario de Baja California Sur como","og_url":"https:\/\/nbcs.mx\/?p=156486","og_site_name":"NBCS Noticias","article_publisher":"https:\/\/www.facebook.com\/NBCSnoticias","article_author":"https:\/\/www.facebook.com\/NBCSnoticias","article_published_time":"2025-10-08T23:33:02+00:00","og_image":[{"width":2400,"height":1344,"url":"https:\/\/nbcs.mx\/wp-content\/uploads\/2025\/10\/FOTO2-BOLETIN-0353-VMCC-CELEBRACION.jpg","type":"image\/jpeg"}],"author":"NBCS Noticias","twitter_card":"summary_large_image","twitter_creator":"@https:\/\/twitter.com\/NBCSnoticias","twitter_site":"@NBCSnoticias","twitter_misc":{"Escrito por":"NBCS Noticias","Tiempo de lectura":"3 minutos"},"schema":{"@context":"https:\/\/schema.org","@graph":[{"@type":"Article","@id":"https:\/\/nbcs.mx\/?p=156486#article","isPartOf":{"@id":"https:\/\/nbcs.mx\/?p=156486"},"author":{"name":"NBCS Noticias","@id":"https:\/\/nbcs.mx\/#\/schema\/person\/ece58bab9a7c1e87a4d28ec9ecd79ff4"},"headline":"Gobernador V\u00edctor Castro encabeza la celebraci\u00f3n del 51 aniversario de BCS como Estado Libre y Soberano","datePublished":"2025-10-08T23:33:02+00:00","mainEntityOfPage":{"@id":"https:\/\/nbcs.mx\/?p=156486"},"wordCount":419,"commentCount":0,"publisher":{"@id":"https:\/\/nbcs.mx\/#organization"},"image":{"@id":"https:\/\/nbcs.mx\/?p=156486#primaryimage"},"thumbnailUrl":"https:\/\/nbcs.mx\/wp-content\/uploads\/2025\/10\/FOTO2-BOLETIN-0353-VMCC-CELEBRACION.jpg","articleSection":["Noticias"],"inLanguage":"es","potentialAction":[{"@type":"CommentAction","name":"Comment","target":["https:\/\/nbcs.mx\/?p=156486#respond"]}]},{"@type":"WebPage","@id":"https:\/\/nbcs.mx\/?p=156486","url":"https:\/\/nbcs.mx\/?p=156486","name":"Gobernador V\u00edctor Castro encabeza la celebraci\u00f3n del 51 aniversario de BCS como Estado Libre y Soberano - NBCS Noticias","isPartOf":{"@id":"https:\/\/nbcs.mx\/#website"},"primaryImageOfPage":{"@id":"https:\/\/nbcs.mx\/?p=156486#primaryimage"},"image":{"@id":"https:\/\/nbcs.mx\/?p=156486#primaryimage"},"thumbnailUrl":"https:\/\/nbcs.mx\/wp-content\/uploads\/2025\/10\/FOTO2-BOLETIN-0353-VMCC-CELEBRACION.jpg","datePublished":"2025-10-08T23:33:02+00:00","breadcrumb":{"@id":"https:\/\/nbcs.mx\/?p=156486#breadcrumb"},"inLanguage":"es","potentialAction":[{"@type":"ReadAction","target":["https:\/\/nbcs.mx\/?p=156486"]}]},{"@type":"ImageObject","inLanguage":"es","@id":"https:\/\/nbcs.mx\/?p=156486#primaryimage","url":"https:\/\/nbcs.mx\/wp-content\/uploads\/2025\/10\/FOTO2-BOLETIN-0353-VMCC-CELEBRACION.jpg","contentUrl":"https:\/\/nbcs.mx\/wp-content\/uploads\/2025\/10\/FOTO2-BOLETIN-0353-VMCC-CELEBRACION.jpg","width":2400,"height":1344},{"@type":"BreadcrumbList","@id":"https:\/\/nbcs.mx\/?p=156486#breadcrumb","itemListElement":[{"@type":"ListItem","position":1,"name":"Portada","item":"https:\/\/nbcs.mx\/"},{"@type":"ListItem","position":2,"name":"Gobernador V\u00edctor Castro encabeza la celebraci\u00f3n del 51 aniversario de BCS como Estado Libre y Soberano"}]},{"@type":"WebSite","@id":"https:\/\/nbcs.mx\/#website","url":"https:\/\/nbcs.mx\/","name":"NBCS Noticias","description":"Sitio web de noticias en Baja California Sur","publisher":{"@id":"https:\/\/nbcs.mx\/#organization"},"potentialAction":[{"@type":"SearchAction","target":{"@type":"EntryPoint","urlTemplate":"https:\/\/nbcs.mx\/?s={search_term_string}"},"query-input":{"@type":"PropertyValueSpecification","valueRequired":true,"valueName":"search_term_string"}}],"inLanguage":"es"},{"@type":"Organization","@id":"https:\/\/nbcs.mx\/#organization","name":"NBCS Noticias","url":"https:\/\/nbcs.mx\/","logo":{"@type":"ImageObject","inLanguage":"es","@id":"https:\/\/nbcs.mx\/#\/schema\/logo\/image\/","url":"https:\/\/nbcs.mx\/wp-content\/uploads\/2018\/09\/057b69485e93575a5c2b1c1dde2dd297.jpeg","contentUrl":"https:\/\/nbcs.mx\/wp-content\/uploads\/2018\/09\/057b69485e93575a5c2b1c1dde2dd297.jpeg","width":64,"height":64,"caption":"NBCS Noticias"},"image":{"@id":"https:\/\/nbcs.mx\/#\/schema\/logo\/image\/"},"sameAs":["https:\/\/www.facebook.com\/NBCSnoticias","https:\/\/x.com\/NBCSnoticias"]},{"@type":"Person","@id":"https:\/\/nbcs.mx\/#\/schema\/person\/ece58bab9a7c1e87a4d28ec9ecd79ff4","name":"NBCS Noticias","image":{"@type":"ImageObject","inLanguage":"es","@id":"https:\/\/secure.gravatar.com\/avatar\/4e52110cad1c4054b43271a0d14bbe9e2ea76aecd0e1097edfc670798d9ca1d4?s=96&d=blank&r=g","url":"https:\/\/secure.gravatar.com\/avatar\/4e52110cad1c4054b43271a0d14bbe9e2ea76aecd0e1097edfc670798d9ca1d4?s=96&d=blank&r=g","contentUrl":"https:\/\/secure.gravatar.com\/avatar\/4e52110cad1c4054b43271a0d14bbe9e2ea76aecd0e1097edfc670798d9ca1d4?s=96&d=blank&r=g","caption":"NBCS Noticias"},"description":"\u00bfTienes fotos o video de alg\u00fan acto de posible negligencia, corrupci\u00f3n y abuso de autoridad? M\u00e1ndalo al WhatsApp de NBCS Noticias: 612 141 98 08","sameAs":["https:\/\/www.nbcs.mx","https:\/\/www.facebook.com\/NBCSnoticias","https:\/\/www.instagram.com\/nbcsnoticias\/","https:\/\/x.com\/https:\/\/twitter.com\/NBCSnoticias"]}]}},"jetpack_publicize_connections":[],"jetpack_featured_media_url":"https:\/\/nbcs.mx\/wp-content\/uploads\/2025\/10\/FOTO2-BOLETIN-0353-VMCC-CELEBRACION.jpg","jetpack_sharing_enabled":true,"_links":{"self":[{"href":"https:\/\/nbcs.mx\/index.php?rest_route=\/wp\/v2\/posts\/156486","targetHints":{"allow":["GET"]}}],"collection":[{"href":"https:\/\/nbcs.mx\/index.php?rest_route=\/wp\/v2\/posts"}],"about":[{"href":"https:\/\/nbcs.mx\/index.php?rest_route=\/wp\/v2\/types\/post"}],"author":[{"embeddable":true,"href":"https:\/\/nbcs.mx\/index.php?rest_route=\/wp\/v2\/users\/1"}],"replies":[{"embeddable":true,"href":"https:\/\/nbcs.mx\/index.php?rest_route=%2Fwp%2Fv2%2Fcomments&post=156486"}],"version-history":[{"count":1,"href":"https:\/\/nbcs.mx\/index.php?rest_route=\/wp\/v2\/posts\/156486\/revisions"}],"predecessor-version":[{"id":156488,"href":"https:\/\/nbcs.mx\/index.php?rest_route=\/wp\/v2\/posts\/156486\/revisions\/156488"}],"wp:featuredmedia":[{"embeddable":true,"href":"https:\/\/nbcs.mx\/index.php?rest_route=\/wp\/v2\/media\/156487"}],"wp:attachment":[{"href":"https:\/\/nbcs.mx\/index.php?rest_route=%2Fwp%2Fv2%2Fmedia&parent=156486"}],"wp:term":[{"taxonomy":"category","embeddable":true,"href":"https:\/\/nbcs.mx\/index.php?rest_route=%2Fwp%2Fv2%2Fcategories&post=156486"},{"taxonomy":"post_tag","embeddable":true,"href":"https:\/\/nbcs.mx\/index.php?rest_route=%2Fwp%2Fv2%2Ftags&post=156486"}],"curies":[{"name":"wp","href":"https:\/\/api.w.org\/{rel}","templated":true}]}}