{"id":156495,"date":"2025-10-08T17:37:20","date_gmt":"2025-10-08T23:37:20","guid":{"rendered":"https:\/\/nbcs.mx\/?p=156495"},"modified":"2025-10-08T17:37:20","modified_gmt":"2025-10-08T23:37:20","slug":"modifican-decreto-de-la-medalla-rosaura-zapata-para-reconocer-tambien-a-personal-administrativo-y-de-apoyo","status":"publish","type":"post","link":"https:\/\/nbcs.mx\/?p=156495","title":{"rendered":"Modifican decreto de la Medalla Rosaura Zapata para reconocer tambi\u00e9n a personal administrativo y de apoyo"},"content":{"rendered":"<div>\n<p style=\"text-align: justify;\"><img loading=\"lazy\" decoding=\"async\" class=\" wp-image-156496 alignleft\" src=\"https:\/\/nbcs.mx\/wp-content\/uploads\/2025\/10\/PLENO-251008-3-739x492.jpg\" alt=\"\" width=\"395\" height=\"263\" srcset=\"https:\/\/nbcs.mx\/wp-content\/uploads\/2025\/10\/PLENO-251008-3-739x492.jpg 739w, https:\/\/nbcs.mx\/wp-content\/uploads\/2025\/10\/PLENO-251008-3-1024x681.jpg 1024w, https:\/\/nbcs.mx\/wp-content\/uploads\/2025\/10\/PLENO-251008-3-150x100.jpg 150w, https:\/\/nbcs.mx\/wp-content\/uploads\/2025\/10\/PLENO-251008-3-768x511.jpg 768w, https:\/\/nbcs.mx\/wp-content\/uploads\/2025\/10\/PLENO-251008-3-1536x1022.jpg 1536w, https:\/\/nbcs.mx\/wp-content\/uploads\/2025\/10\/PLENO-251008-3-2048x1363.jpg 2048w\" sizes=\"auto, (max-width: 395px) 100vw, 395px\" \/>La XVII Legislatura realiz\u00f3 reformas al decreto 267 de la medalla \u00abMar\u00eda Rosaura Zapata Cano\u00bb para trabajadoras y trabajadores docentes que hayan prestado 30 a\u00f1os o m\u00e1s de servicio efectivo a la educaci\u00f3n, en planteles de la Rep\u00fablica Mexicana y que hayan laborado durante los \u00faltimos tres a\u00f1os anteriores al otorgamiento de la medalla en el Estado de Baja California Sur. En lo sucesivo podr\u00e1n aspirar a la presea y estimulo docentes que desarrollaron trabajos de apoyo o administrativos.<\/p>\n<\/div>\n<div style=\"text-align: justify;\">\n<p>En sesi\u00f3n extraordinaria del mi\u00e9rcoles 8 de octubre fue dispensada la segunda lectura del dictamen de las comisiones unidas de Asuntos Fiscales y Administrativos y de Asuntos Educativos a la iniciativa de la Comisi\u00f3n de Asuntos Educativos de la XVII Legislatura.<\/p>\n<\/div>\n<div style=\"text-align: justify;\">\n<p>\u201cEs un reconocimiento a compa\u00f1eros docentes que en un inicio desarrollaron trabajos de apoyo o administrativos y que decidieron estudiar y acceder a una plaza docente\u201d, expres\u00f3 la diputada Lourdes Cornejo, quien explic\u00f3 que el decreto anterior ten\u00eda una laguna que no les permit\u00eda acceder al reconocimiento ni como personal de apoyo ni como docentes.<\/p>\n<\/div>\n<div style=\"text-align: justify;\">\n<p>Al establecer 30 a\u00f1os o m\u00e1s de servicio efectivo, ya sea como docentes o complement\u00e1ndolo como personal de apoyo (intendentes, secretarias), podr\u00e1n aspirar al reconocimiento, explic\u00f3.<\/p>\n<\/div>\n<div style=\"text-align: justify;\">\n<p>Como ya estaba establecido la ganadora o ganador recibir\u00e1 medalla y diploma, adem\u00e1s, recibir\u00e1 el monto establecido en la \u00faltima negociaci\u00f3n realizada entre el Gobierno del Estado y la Secci\u00f3n 3 del Sindicato Nacional de Trabajadores de la Educaci\u00f3n, consistente en 250 d\u00edas de sueldo de una plaza inicial vigente de maestro de grupo de primaria.<\/p>\n<\/div>\n<div style=\"text-align: justify;\">\n<p>Las maestras que al a\u00f1o de la entrega de la presea se encuentren en proceso de jubilaci\u00f3n y quienes se hubieren jubilado hasta un a\u00f1o anterior a la fecha de la entrega de la presea; podr\u00e1n solicitar la entrega de la medalla al contar con 27 a\u00f1os, 6 meses y 01 d\u00eda de servicio efectivo a la educaci\u00f3n al d\u00eda de la jubilaci\u00f3n.<\/p>\n<\/div>\n<div style=\"text-align: justify;\">\n<p>Tambi\u00e9n, podr\u00e1n solicitar la entrega de la medalla con 29 a\u00f1os, 6 meses y 01 d\u00eda de servicio efectivo a la educaci\u00f3n, los maestros que al a\u00f1o de la entrega de la presea se encuentran en proceso de jubilaci\u00f3n, y aquellos que se hubieren jubilado hasta un a\u00f1o anterior a la fecha de la entrega de la presea.<\/p>\n<\/div>\n<div>\n<p style=\"text-align: justify;\">En la discusi\u00f3n, el diputado Venustiano P\u00e9rez S\u00e1nchez abord\u00f3 la tribuna para apoyar el dictamen de la comisi\u00f3n y se\u00f1al\u00f3 que el acuerdo beneficiar\u00e1 a un sector del magisterio que estaba impedido de ser reconocido.<\/p>\n<\/div>\n","protected":false},"excerpt":{"rendered":"<p>La XVII Legislatura realiz\u00f3 reformas al decreto 267 de la medalla \u00abMar\u00eda Rosaura Zapata Cano\u00bb para trabajadoras y trabajadores docentes<\/p>\n","protected":false},"author":1,"featured_media":156496,"comment_status":"open","ping_status":"closed","sticky":false,"template":"","format":"standard","meta":{"colormag_page_container_layout":"default_layout","colormag_page_sidebar_layout":"default_layout","_jetpack_memberships_contains_paid_content":false,"footnotes":"","jetpack_publicize_message":"","jetpack_publicize_feature_enabled":true,"jetpack_social_post_already_shared":true,"jetpack_social_options":{"image_generator_settings":{"template":"highway","default_image_id":0,"font":"","enabled":false},"version":2}},"categories":[48],"tags":[],"class_list":["post-156495","post","type-post","status-publish","format-standard","has-post-thumbnail","hentry","category-congreso-de-bcs"],"yoast_head":"<!-- This site is optimized with the Yoast SEO plugin v27.4 - https:\/\/yoast.com\/product\/yoast-seo-wordpress\/ -->\n<title>Modifican decreto de la Medalla Rosaura Zapata para reconocer tambi\u00e9n a personal administrativo y de apoyo - NBCS Noticias<\/title>\n<meta name=\"robots\" content=\"index, follow, max-snippet:-1, max-image-preview:large, max-video-preview:-1\" \/>\n<link rel=\"canonical\" href=\"https:\/\/nbcs.mx\/?p=156495\" \/>\n<meta property=\"og:locale\" content=\"es_ES\" \/>\n<meta property=\"og:type\" content=\"article\" \/>\n<meta property=\"og:title\" content=\"Modifican decreto de la Medalla Rosaura Zapata para reconocer tambi\u00e9n a personal administrativo y de apoyo - NBCS Noticias\" \/>\n<meta property=\"og:description\" content=\"La XVII Legislatura realiz\u00f3 reformas al decreto 267 de la medalla \u00abMar\u00eda Rosaura Zapata Cano\u00bb para trabajadoras y trabajadores docentes\" \/>\n<meta property=\"og:url\" content=\"https:\/\/nbcs.mx\/?p=156495\" \/>\n<meta property=\"og:site_name\" content=\"NBCS Noticias\" \/>\n<meta property=\"article:publisher\" content=\"https:\/\/www.facebook.com\/NBCSnoticias\" \/>\n<meta property=\"article:author\" content=\"https:\/\/www.facebook.com\/NBCSnoticias\" \/>\n<meta property=\"article:published_time\" content=\"2025-10-08T23:37:20+00:00\" \/>\n<meta property=\"og:image\" content=\"https:\/\/nbcs.mx\/wp-content\/uploads\/2025\/10\/PLENO-251008-3-scaled.jpg\" \/>\n\t<meta property=\"og:image:width\" content=\"2560\" \/>\n\t<meta property=\"og:image:height\" content=\"1703\" \/>\n\t<meta property=\"og:image:type\" content=\"image\/jpeg\" \/>\n<meta name=\"author\" content=\"NBCS Noticias\" \/>\n<meta name=\"twitter:card\" content=\"summary_large_image\" \/>\n<meta name=\"twitter:creator\" content=\"@https:\/\/twitter.com\/NBCSnoticias\" \/>\n<meta name=\"twitter:site\" content=\"@NBCSnoticias\" \/>\n<meta name=\"twitter:label1\" content=\"Escrito por\" \/>\n\t<meta name=\"twitter:data1\" content=\"NBCS Noticias\" \/>\n\t<meta name=\"twitter:label2\" content=\"Tiempo de lectura\" \/>\n\t<meta name=\"twitter:data2\" content=\"3 minutos\" \/>\n<script type=\"application\/ld+json\" class=\"yoast-schema-graph\">{\"@context\":\"https:\\\/\\\/schema.org\",\"@graph\":[{\"@type\":\"Article\",\"@id\":\"https:\\\/\\\/nbcs.mx\\\/?p=156495#article\",\"isPartOf\":{\"@id\":\"https:\\\/\\\/nbcs.mx\\\/?p=156495\"},\"author\":{\"name\":\"NBCS Noticias\",\"@id\":\"https:\\\/\\\/nbcs.mx\\\/#\\\/schema\\\/person\\\/ece58bab9a7c1e87a4d28ec9ecd79ff4\"},\"headline\":\"Modifican decreto de la Medalla Rosaura Zapata para reconocer tambi\u00e9n a personal administrativo y de apoyo\",\"datePublished\":\"2025-10-08T23:37:20+00:00\",\"mainEntityOfPage\":{\"@id\":\"https:\\\/\\\/nbcs.mx\\\/?p=156495\"},\"wordCount\":462,\"commentCount\":0,\"publisher\":{\"@id\":\"https:\\\/\\\/nbcs.mx\\\/#organization\"},\"image\":{\"@id\":\"https:\\\/\\\/nbcs.mx\\\/?p=156495#primaryimage\"},\"thumbnailUrl\":\"https:\\\/\\\/nbcs.mx\\\/wp-content\\\/uploads\\\/2025\\\/10\\\/PLENO-251008-3-scaled.jpg\",\"articleSection\":[\"Congreso de BCS\"],\"inLanguage\":\"es\",\"potentialAction\":[{\"@type\":\"CommentAction\",\"name\":\"Comment\",\"target\":[\"https:\\\/\\\/nbcs.mx\\\/?p=156495#respond\"]}]},{\"@type\":\"WebPage\",\"@id\":\"https:\\\/\\\/nbcs.mx\\\/?p=156495\",\"url\":\"https:\\\/\\\/nbcs.mx\\\/?p=156495\",\"name\":\"Modifican decreto de la Medalla Rosaura Zapata para reconocer tambi\u00e9n a personal administrativo y de apoyo - NBCS Noticias\",\"isPartOf\":{\"@id\":\"https:\\\/\\\/nbcs.mx\\\/#website\"},\"primaryImageOfPage\":{\"@id\":\"https:\\\/\\\/nbcs.mx\\\/?p=156495#primaryimage\"},\"image\":{\"@id\":\"https:\\\/\\\/nbcs.mx\\\/?p=156495#primaryimage\"},\"thumbnailUrl\":\"https:\\\/\\\/nbcs.mx\\\/wp-content\\\/uploads\\\/2025\\\/10\\\/PLENO-251008-3-scaled.jpg\",\"datePublished\":\"2025-10-08T23:37:20+00:00\",\"breadcrumb\":{\"@id\":\"https:\\\/\\\/nbcs.mx\\\/?p=156495#breadcrumb\"},\"inLanguage\":\"es\",\"potentialAction\":[{\"@type\":\"ReadAction\",\"target\":[\"https:\\\/\\\/nbcs.mx\\\/?p=156495\"]}]},{\"@type\":\"ImageObject\",\"inLanguage\":\"es\",\"@id\":\"https:\\\/\\\/nbcs.mx\\\/?p=156495#primaryimage\",\"url\":\"https:\\\/\\\/nbcs.mx\\\/wp-content\\\/uploads\\\/2025\\\/10\\\/PLENO-251008-3-scaled.jpg\",\"contentUrl\":\"https:\\\/\\\/nbcs.mx\\\/wp-content\\\/uploads\\\/2025\\\/10\\\/PLENO-251008-3-scaled.jpg\",\"width\":2560,\"height\":1703},{\"@type\":\"BreadcrumbList\",\"@id\":\"https:\\\/\\\/nbcs.mx\\\/?p=156495#breadcrumb\",\"itemListElement\":[{\"@type\":\"ListItem\",\"position\":1,\"name\":\"Portada\",\"item\":\"https:\\\/\\\/nbcs.mx\\\/\"},{\"@type\":\"ListItem\",\"position\":2,\"name\":\"Modifican decreto de la Medalla Rosaura Zapata para reconocer tambi\u00e9n a personal administrativo y de apoyo\"}]},{\"@type\":\"WebSite\",\"@id\":\"https:\\\/\\\/nbcs.mx\\\/#website\",\"url\":\"https:\\\/\\\/nbcs.mx\\\/\",\"name\":\"NBCS Noticias\",\"description\":\"Sitio web de noticias en Baja California Sur\",\"publisher\":{\"@id\":\"https:\\\/\\\/nbcs.mx\\\/#organization\"},\"potentialAction\":[{\"@type\":\"SearchAction\",\"target\":{\"@type\":\"EntryPoint\",\"urlTemplate\":\"https:\\\/\\\/nbcs.mx\\\/?s={search_term_string}\"},\"query-input\":{\"@type\":\"PropertyValueSpecification\",\"valueRequired\":true,\"valueName\":\"search_term_string\"}}],\"inLanguage\":\"es\"},{\"@type\":\"Organization\",\"@id\":\"https:\\\/\\\/nbcs.mx\\\/#organization\",\"name\":\"NBCS Noticias\",\"url\":\"https:\\\/\\\/nbcs.mx\\\/\",\"logo\":{\"@type\":\"ImageObject\",\"inLanguage\":\"es\",\"@id\":\"https:\\\/\\\/nbcs.mx\\\/#\\\/schema\\\/logo\\\/image\\\/\",\"url\":\"https:\\\/\\\/nbcs.mx\\\/wp-content\\\/uploads\\\/2018\\\/09\\\/057b69485e93575a5c2b1c1dde2dd297.jpeg\",\"contentUrl\":\"https:\\\/\\\/nbcs.mx\\\/wp-content\\\/uploads\\\/2018\\\/09\\\/057b69485e93575a5c2b1c1dde2dd297.jpeg\",\"width\":64,\"height\":64,\"caption\":\"NBCS Noticias\"},\"image\":{\"@id\":\"https:\\\/\\\/nbcs.mx\\\/#\\\/schema\\\/logo\\\/image\\\/\"},\"sameAs\":[\"https:\\\/\\\/www.facebook.com\\\/NBCSnoticias\",\"https:\\\/\\\/x.com\\\/NBCSnoticias\"]},{\"@type\":\"Person\",\"@id\":\"https:\\\/\\\/nbcs.mx\\\/#\\\/schema\\\/person\\\/ece58bab9a7c1e87a4d28ec9ecd79ff4\",\"name\":\"NBCS Noticias\",\"image\":{\"@type\":\"ImageObject\",\"inLanguage\":\"es\",\"@id\":\"https:\\\/\\\/secure.gravatar.com\\\/avatar\\\/4e52110cad1c4054b43271a0d14bbe9e2ea76aecd0e1097edfc670798d9ca1d4?s=96&d=blank&r=g\",\"url\":\"https:\\\/\\\/secure.gravatar.com\\\/avatar\\\/4e52110cad1c4054b43271a0d14bbe9e2ea76aecd0e1097edfc670798d9ca1d4?s=96&d=blank&r=g\",\"contentUrl\":\"https:\\\/\\\/secure.gravatar.com\\\/avatar\\\/4e52110cad1c4054b43271a0d14bbe9e2ea76aecd0e1097edfc670798d9ca1d4?s=96&d=blank&r=g\",\"caption\":\"NBCS Noticias\"},\"description\":\"\u00bfTienes fotos o video de alg\u00fan acto de posible negligencia, corrupci\u00f3n y abuso de autoridad? M\u00e1ndalo al WhatsApp de NBCS Noticias: 612 141 98 08\",\"sameAs\":[\"https:\\\/\\\/www.nbcs.mx\",\"https:\\\/\\\/www.facebook.com\\\/NBCSnoticias\",\"https:\\\/\\\/www.instagram.com\\\/nbcsnoticias\\\/\",\"https:\\\/\\\/x.com\\\/https:\\\/\\\/twitter.com\\\/NBCSnoticias\"]}]}<\/script>\n<!-- \/ Yoast SEO plugin. -->","yoast_head_json":{"title":"Modifican decreto de la Medalla Rosaura Zapata para reconocer tambi\u00e9n a personal administrativo y de apoyo - NBCS Noticias","robots":{"index":"index","follow":"follow","max-snippet":"max-snippet:-1","max-image-preview":"max-image-preview:large","max-video-preview":"max-video-preview:-1"},"canonical":"https:\/\/nbcs.mx\/?p=156495","og_locale":"es_ES","og_type":"article","og_title":"Modifican decreto de la Medalla Rosaura Zapata para reconocer tambi\u00e9n a personal administrativo y de apoyo - NBCS Noticias","og_description":"La XVII Legislatura realiz\u00f3 reformas al decreto 267 de la medalla \u00abMar\u00eda Rosaura Zapata Cano\u00bb para trabajadoras y trabajadores docentes","og_url":"https:\/\/nbcs.mx\/?p=156495","og_site_name":"NBCS Noticias","article_publisher":"https:\/\/www.facebook.com\/NBCSnoticias","article_author":"https:\/\/www.facebook.com\/NBCSnoticias","article_published_time":"2025-10-08T23:37:20+00:00","og_image":[{"width":2560,"height":1703,"url":"https:\/\/nbcs.mx\/wp-content\/uploads\/2025\/10\/PLENO-251008-3-scaled.jpg","type":"image\/jpeg"}],"author":"NBCS Noticias","twitter_card":"summary_large_image","twitter_creator":"@https:\/\/twitter.com\/NBCSnoticias","twitter_site":"@NBCSnoticias","twitter_misc":{"Escrito por":"NBCS Noticias","Tiempo de lectura":"3 minutos"},"schema":{"@context":"https:\/\/schema.org","@graph":[{"@type":"Article","@id":"https:\/\/nbcs.mx\/?p=156495#article","isPartOf":{"@id":"https:\/\/nbcs.mx\/?p=156495"},"author":{"name":"NBCS Noticias","@id":"https:\/\/nbcs.mx\/#\/schema\/person\/ece58bab9a7c1e87a4d28ec9ecd79ff4"},"headline":"Modifican decreto de la Medalla Rosaura Zapata para reconocer tambi\u00e9n a personal administrativo y de apoyo","datePublished":"2025-10-08T23:37:20+00:00","mainEntityOfPage":{"@id":"https:\/\/nbcs.mx\/?p=156495"},"wordCount":462,"commentCount":0,"publisher":{"@id":"https:\/\/nbcs.mx\/#organization"},"image":{"@id":"https:\/\/nbcs.mx\/?p=156495#primaryimage"},"thumbnailUrl":"https:\/\/nbcs.mx\/wp-content\/uploads\/2025\/10\/PLENO-251008-3-scaled.jpg","articleSection":["Congreso de BCS"],"inLanguage":"es","potentialAction":[{"@type":"CommentAction","name":"Comment","target":["https:\/\/nbcs.mx\/?p=156495#respond"]}]},{"@type":"WebPage","@id":"https:\/\/nbcs.mx\/?p=156495","url":"https:\/\/nbcs.mx\/?p=156495","name":"Modifican decreto de la Medalla Rosaura Zapata para reconocer tambi\u00e9n a personal administrativo y de apoyo - NBCS Noticias","isPartOf":{"@id":"https:\/\/nbcs.mx\/#website"},"primaryImageOfPage":{"@id":"https:\/\/nbcs.mx\/?p=156495#primaryimage"},"image":{"@id":"https:\/\/nbcs.mx\/?p=156495#primaryimage"},"thumbnailUrl":"https:\/\/nbcs.mx\/wp-content\/uploads\/2025\/10\/PLENO-251008-3-scaled.jpg","datePublished":"2025-10-08T23:37:20+00:00","breadcrumb":{"@id":"https:\/\/nbcs.mx\/?p=156495#breadcrumb"},"inLanguage":"es","potentialAction":[{"@type":"ReadAction","target":["https:\/\/nbcs.mx\/?p=156495"]}]},{"@type":"ImageObject","inLanguage":"es","@id":"https:\/\/nbcs.mx\/?p=156495#primaryimage","url":"https:\/\/nbcs.mx\/wp-content\/uploads\/2025\/10\/PLENO-251008-3-scaled.jpg","contentUrl":"https:\/\/nbcs.mx\/wp-content\/uploads\/2025\/10\/PLENO-251008-3-scaled.jpg","width":2560,"height":1703},{"@type":"BreadcrumbList","@id":"https:\/\/nbcs.mx\/?p=156495#breadcrumb","itemListElement":[{"@type":"ListItem","position":1,"name":"Portada","item":"https:\/\/nbcs.mx\/"},{"@type":"ListItem","position":2,"name":"Modifican decreto de la Medalla Rosaura Zapata para reconocer tambi\u00e9n a personal administrativo y de apoyo"}]},{"@type":"WebSite","@id":"https:\/\/nbcs.mx\/#website","url":"https:\/\/nbcs.mx\/","name":"NBCS Noticias","description":"Sitio web de noticias en Baja California Sur","publisher":{"@id":"https:\/\/nbcs.mx\/#organization"},"potentialAction":[{"@type":"SearchAction","target":{"@type":"EntryPoint","urlTemplate":"https:\/\/nbcs.mx\/?s={search_term_string}"},"query-input":{"@type":"PropertyValueSpecification","valueRequired":true,"valueName":"search_term_string"}}],"inLanguage":"es"},{"@type":"Organization","@id":"https:\/\/nbcs.mx\/#organization","name":"NBCS Noticias","url":"https:\/\/nbcs.mx\/","logo":{"@type":"ImageObject","inLanguage":"es","@id":"https:\/\/nbcs.mx\/#\/schema\/logo\/image\/","url":"https:\/\/nbcs.mx\/wp-content\/uploads\/2018\/09\/057b69485e93575a5c2b1c1dde2dd297.jpeg","contentUrl":"https:\/\/nbcs.mx\/wp-content\/uploads\/2018\/09\/057b69485e93575a5c2b1c1dde2dd297.jpeg","width":64,"height":64,"caption":"NBCS Noticias"},"image":{"@id":"https:\/\/nbcs.mx\/#\/schema\/logo\/image\/"},"sameAs":["https:\/\/www.facebook.com\/NBCSnoticias","https:\/\/x.com\/NBCSnoticias"]},{"@type":"Person","@id":"https:\/\/nbcs.mx\/#\/schema\/person\/ece58bab9a7c1e87a4d28ec9ecd79ff4","name":"NBCS Noticias","image":{"@type":"ImageObject","inLanguage":"es","@id":"https:\/\/secure.gravatar.com\/avatar\/4e52110cad1c4054b43271a0d14bbe9e2ea76aecd0e1097edfc670798d9ca1d4?s=96&d=blank&r=g","url":"https:\/\/secure.gravatar.com\/avatar\/4e52110cad1c4054b43271a0d14bbe9e2ea76aecd0e1097edfc670798d9ca1d4?s=96&d=blank&r=g","contentUrl":"https:\/\/secure.gravatar.com\/avatar\/4e52110cad1c4054b43271a0d14bbe9e2ea76aecd0e1097edfc670798d9ca1d4?s=96&d=blank&r=g","caption":"NBCS Noticias"},"description":"\u00bfTienes fotos o video de alg\u00fan acto de posible negligencia, corrupci\u00f3n y abuso de autoridad? M\u00e1ndalo al WhatsApp de NBCS Noticias: 612 141 98 08","sameAs":["https:\/\/www.nbcs.mx","https:\/\/www.facebook.com\/NBCSnoticias","https:\/\/www.instagram.com\/nbcsnoticias\/","https:\/\/x.com\/https:\/\/twitter.com\/NBCSnoticias"]}]}},"jetpack_publicize_connections":[],"jetpack_featured_media_url":"https:\/\/nbcs.mx\/wp-content\/uploads\/2025\/10\/PLENO-251008-3-scaled.jpg","jetpack_sharing_enabled":true,"_links":{"self":[{"href":"https:\/\/nbcs.mx\/index.php?rest_route=\/wp\/v2\/posts\/156495","targetHints":{"allow":["GET"]}}],"collection":[{"href":"https:\/\/nbcs.mx\/index.php?rest_route=\/wp\/v2\/posts"}],"about":[{"href":"https:\/\/nbcs.mx\/index.php?rest_route=\/wp\/v2\/types\/post"}],"author":[{"embeddable":true,"href":"https:\/\/nbcs.mx\/index.php?rest_route=\/wp\/v2\/users\/1"}],"replies":[{"embeddable":true,"href":"https:\/\/nbcs.mx\/index.php?rest_route=%2Fwp%2Fv2%2Fcomments&post=156495"}],"version-history":[{"count":1,"href":"https:\/\/nbcs.mx\/index.php?rest_route=\/wp\/v2\/posts\/156495\/revisions"}],"predecessor-version":[{"id":156497,"href":"https:\/\/nbcs.mx\/index.php?rest_route=\/wp\/v2\/posts\/156495\/revisions\/156497"}],"wp:featuredmedia":[{"embeddable":true,"href":"https:\/\/nbcs.mx\/index.php?rest_route=\/wp\/v2\/media\/156496"}],"wp:attachment":[{"href":"https:\/\/nbcs.mx\/index.php?rest_route=%2Fwp%2Fv2%2Fmedia&parent=156495"}],"wp:term":[{"taxonomy":"category","embeddable":true,"href":"https:\/\/nbcs.mx\/index.php?rest_route=%2Fwp%2Fv2%2Fcategories&post=156495"},{"taxonomy":"post_tag","embeddable":true,"href":"https:\/\/nbcs.mx\/index.php?rest_route=%2Fwp%2Fv2%2Ftags&post=156495"}],"curies":[{"name":"wp","href":"https:\/\/api.w.org\/{rel}","templated":true}]}}