{"id":156520,"date":"2025-10-09T09:32:53","date_gmt":"2025-10-09T15:32:53","guid":{"rendered":"https:\/\/nbcs.mx\/?p=156520"},"modified":"2025-10-09T09:32:53","modified_gmt":"2025-10-09T15:32:53","slug":"declararan-de-tercer-nivel-al-hospital-juan-maria-de-salvatierra","status":"publish","type":"post","link":"https:\/\/nbcs.mx\/?p=156520","title":{"rendered":"Declarar\u00e1n de tercer nivel al hospital Juan Mar\u00eda de Salvatierra"},"content":{"rendered":"<div dir=\"auto\" style=\"text-align: justify;\"><img loading=\"lazy\" decoding=\"async\" class=\" wp-image-156521 alignleft\" src=\"https:\/\/nbcs.mx\/wp-content\/uploads\/2025\/10\/Captura-de-pantalla-2025-10-09-a-las-8.32.14\u202fa.m-755x459.png\" alt=\"\" width=\"368\" height=\"224\" srcset=\"https:\/\/nbcs.mx\/wp-content\/uploads\/2025\/10\/Captura-de-pantalla-2025-10-09-a-las-8.32.14\u202fa.m-755x459.png 755w, https:\/\/nbcs.mx\/wp-content\/uploads\/2025\/10\/Captura-de-pantalla-2025-10-09-a-las-8.32.14\u202fa.m-1024x622.png 1024w, https:\/\/nbcs.mx\/wp-content\/uploads\/2025\/10\/Captura-de-pantalla-2025-10-09-a-las-8.32.14\u202fa.m-150x91.png 150w, https:\/\/nbcs.mx\/wp-content\/uploads\/2025\/10\/Captura-de-pantalla-2025-10-09-a-las-8.32.14\u202fa.m-768x467.png 768w, https:\/\/nbcs.mx\/wp-content\/uploads\/2025\/10\/Captura-de-pantalla-2025-10-09-a-las-8.32.14\u202fa.m-1536x933.png 1536w, https:\/\/nbcs.mx\/wp-content\/uploads\/2025\/10\/Captura-de-pantalla-2025-10-09-a-las-8.32.14\u202fa.m.png 2034w\" sizes=\"auto, (max-width: 368px) 100vw, 368px\" \/>El hospital Juan Mar\u00eda de Salvatierra ser\u00e1 declarado de tercer nivel, confirm\u00f3 el gobernador, V\u00edctor Manuel Castro Cos\u00edo, y para lo cual estar\u00e1 en La Paz el director general de IMSS Bienestar, Alejandro Svarch P\u00e9rez.<\/div>\n<div dir=\"auto\"><\/div>\n<div dir=\"auto\" style=\"text-align: justify;\">El Mandatario estatal inform\u00f3 que tal declaratoria se dar\u00e1 este viernes 10 de octubre, presumiblemente en instalaciones del mismo hospital, donde adem\u00e1s se verificar\u00e1n los avances en el tema del aire acondicionado, que ha sido una queja constante de los pacientes y sus familiares.<\/div>\n<div dir=\"auto\"><\/div>\n<div dir=\"auto\" style=\"text-align: justify;\">Record\u00f3 que durante su visita a La Paz en julio de este a\u00f1o, en la ceremonia de entrega de la ampliaci\u00f3n y adecuaci\u00f3n de la sala de Hemodinamia, la Presidenta de M\u00e9xico anunci\u00f3 una inversi\u00f3n de 300 millones de pesos para mejorar el servicio a la derechohabiencia.<\/div>\n<div dir=\"auto\"><\/div>\n<div dir=\"auto\" style=\"text-align: justify;\">Con esos recursos se pretende que los 14 quir\u00f3fanos existentes en el estado funcionen correctamente, adem\u00e1s de que se adquirir\u00e1n cinco unidades m\u00e9dicas m\u00f3viles que ofrecer\u00e1n atenci\u00f3n a las comunidades m\u00e1s apartadas.<\/div>\n<div dir=\"auto\"><\/div>\n<div dir=\"auto\" style=\"text-align: justify;\">Adem\u00e1s, se reforzar\u00e1n la red de primer nivel de atenci\u00f3n en San Jos\u00e9 del Cabo, se establecer\u00e1 de tercer nivel el hospital Salvatierra, y construir\u00e1 una nueva sala de Hemodinamia en el hospital de Santa Rosal\u00eda.<\/div>\n<div dir=\"auto\"><\/div>\n<div dir=\"auto\" style=\"text-align: justify;\">Castro Cos\u00edo, consider\u00f3 que declarar al hospital Salvatierra como de tercer nivel, es algo bueno porque significa que se cumple con los requisitos para ello, lo que representa ventajas para los usuarios, pero todav\u00eda falta m\u00e1s por hacer, por lo que se requiere seguir trabajando en materia de salud.<\/div>\n<div dir=\"auto\"><\/div>\n<div dir=\"auto\" style=\"text-align: justify;\">Ya anteriormente la secretaria de Salud del Estado, Ana Luisa Guluarte Castro, hab\u00eda expresado que pr\u00e1cticamente dicha instituci\u00f3n ya se desempe\u00f1aba como de tercer nivel o de alta especialidad, sin embargo, al reconocerse formalmente, significar\u00e1 acceder a m\u00e1s recursos para poder responder mejor a la poblaci\u00f3n. (Por: Arturo Nieves).<\/div>\n","protected":false},"excerpt":{"rendered":"<p>El hospital Juan Mar\u00eda de Salvatierra ser\u00e1 declarado de tercer nivel, confirm\u00f3 el gobernador, V\u00edctor Manuel Castro Cos\u00edo, y para<\/p>\n","protected":false},"author":1,"featured_media":156521,"comment_status":"open","ping_status":"closed","sticky":false,"template":"","format":"standard","meta":{"colormag_page_container_layout":"default_layout","colormag_page_sidebar_layout":"default_layout","_jetpack_memberships_contains_paid_content":false,"footnotes":"","jetpack_publicize_message":"","jetpack_publicize_feature_enabled":true,"jetpack_social_post_already_shared":true,"jetpack_social_options":{"image_generator_settings":{"template":"highway","default_image_id":0,"font":"","enabled":false},"version":2}},"categories":[1],"tags":[],"class_list":["post-156520","post","type-post","status-publish","format-standard","has-post-thumbnail","hentry","category-noticias"],"yoast_head":"<!-- This site is optimized with the Yoast SEO plugin v27.4 - https:\/\/yoast.com\/product\/yoast-seo-wordpress\/ -->\n<title>Declarar\u00e1n de tercer nivel al hospital Juan Mar\u00eda de Salvatierra - NBCS Noticias<\/title>\n<meta name=\"robots\" content=\"index, follow, max-snippet:-1, max-image-preview:large, max-video-preview:-1\" \/>\n<link rel=\"canonical\" href=\"https:\/\/nbcs.mx\/?p=156520\" \/>\n<meta property=\"og:locale\" content=\"es_ES\" \/>\n<meta property=\"og:type\" content=\"article\" \/>\n<meta property=\"og:title\" content=\"Declarar\u00e1n de tercer nivel al hospital Juan Mar\u00eda de Salvatierra - NBCS Noticias\" \/>\n<meta property=\"og:description\" content=\"El hospital Juan Mar\u00eda de Salvatierra ser\u00e1 declarado de tercer nivel, confirm\u00f3 el gobernador, V\u00edctor Manuel Castro Cos\u00edo, y para\" \/>\n<meta property=\"og:url\" content=\"https:\/\/nbcs.mx\/?p=156520\" \/>\n<meta property=\"og:site_name\" content=\"NBCS Noticias\" \/>\n<meta property=\"article:publisher\" content=\"https:\/\/www.facebook.com\/NBCSnoticias\" \/>\n<meta property=\"article:author\" content=\"https:\/\/www.facebook.com\/NBCSnoticias\" \/>\n<meta property=\"article:published_time\" content=\"2025-10-09T15:32:53+00:00\" \/>\n<meta property=\"og:image\" content=\"https:\/\/nbcs.mx\/wp-content\/uploads\/2025\/10\/Captura-de-pantalla-2025-10-09-a-las-8.32.14\u202fa.m-1024x622.png\" \/>\n\t<meta property=\"og:image:width\" content=\"1024\" \/>\n\t<meta property=\"og:image:height\" content=\"622\" \/>\n\t<meta property=\"og:image:type\" content=\"image\/png\" \/>\n<meta name=\"author\" content=\"NBCS Noticias\" \/>\n<meta name=\"twitter:card\" content=\"summary_large_image\" \/>\n<meta name=\"twitter:creator\" content=\"@https:\/\/twitter.com\/NBCSnoticias\" \/>\n<meta name=\"twitter:site\" content=\"@NBCSnoticias\" \/>\n<meta name=\"twitter:label1\" content=\"Escrito por\" \/>\n\t<meta name=\"twitter:data1\" content=\"NBCS Noticias\" \/>\n\t<meta name=\"twitter:label2\" content=\"Tiempo de lectura\" \/>\n\t<meta name=\"twitter:data2\" content=\"2 minutos\" \/>\n<script type=\"application\/ld+json\" class=\"yoast-schema-graph\">{\"@context\":\"https:\\\/\\\/schema.org\",\"@graph\":[{\"@type\":\"Article\",\"@id\":\"https:\\\/\\\/nbcs.mx\\\/?p=156520#article\",\"isPartOf\":{\"@id\":\"https:\\\/\\\/nbcs.mx\\\/?p=156520\"},\"author\":{\"name\":\"NBCS Noticias\",\"@id\":\"https:\\\/\\\/nbcs.mx\\\/#\\\/schema\\\/person\\\/ece58bab9a7c1e87a4d28ec9ecd79ff4\"},\"headline\":\"Declarar\u00e1n de tercer nivel al hospital Juan Mar\u00eda de Salvatierra\",\"datePublished\":\"2025-10-09T15:32:53+00:00\",\"mainEntityOfPage\":{\"@id\":\"https:\\\/\\\/nbcs.mx\\\/?p=156520\"},\"wordCount\":333,\"commentCount\":0,\"publisher\":{\"@id\":\"https:\\\/\\\/nbcs.mx\\\/#organization\"},\"image\":{\"@id\":\"https:\\\/\\\/nbcs.mx\\\/?p=156520#primaryimage\"},\"thumbnailUrl\":\"https:\\\/\\\/nbcs.mx\\\/wp-content\\\/uploads\\\/2025\\\/10\\\/Captura-de-pantalla-2025-10-09-a-las-8.32.14\u202fa.m.png\",\"articleSection\":[\"Noticias\"],\"inLanguage\":\"es\",\"potentialAction\":[{\"@type\":\"CommentAction\",\"name\":\"Comment\",\"target\":[\"https:\\\/\\\/nbcs.mx\\\/?p=156520#respond\"]}]},{\"@type\":\"WebPage\",\"@id\":\"https:\\\/\\\/nbcs.mx\\\/?p=156520\",\"url\":\"https:\\\/\\\/nbcs.mx\\\/?p=156520\",\"name\":\"Declarar\u00e1n de tercer nivel al hospital Juan Mar\u00eda de Salvatierra - NBCS Noticias\",\"isPartOf\":{\"@id\":\"https:\\\/\\\/nbcs.mx\\\/#website\"},\"primaryImageOfPage\":{\"@id\":\"https:\\\/\\\/nbcs.mx\\\/?p=156520#primaryimage\"},\"image\":{\"@id\":\"https:\\\/\\\/nbcs.mx\\\/?p=156520#primaryimage\"},\"thumbnailUrl\":\"https:\\\/\\\/nbcs.mx\\\/wp-content\\\/uploads\\\/2025\\\/10\\\/Captura-de-pantalla-2025-10-09-a-las-8.32.14\u202fa.m.png\",\"datePublished\":\"2025-10-09T15:32:53+00:00\",\"breadcrumb\":{\"@id\":\"https:\\\/\\\/nbcs.mx\\\/?p=156520#breadcrumb\"},\"inLanguage\":\"es\",\"potentialAction\":[{\"@type\":\"ReadAction\",\"target\":[\"https:\\\/\\\/nbcs.mx\\\/?p=156520\"]}]},{\"@type\":\"ImageObject\",\"inLanguage\":\"es\",\"@id\":\"https:\\\/\\\/nbcs.mx\\\/?p=156520#primaryimage\",\"url\":\"https:\\\/\\\/nbcs.mx\\\/wp-content\\\/uploads\\\/2025\\\/10\\\/Captura-de-pantalla-2025-10-09-a-las-8.32.14\u202fa.m.png\",\"contentUrl\":\"https:\\\/\\\/nbcs.mx\\\/wp-content\\\/uploads\\\/2025\\\/10\\\/Captura-de-pantalla-2025-10-09-a-las-8.32.14\u202fa.m.png\",\"width\":2034,\"height\":1236},{\"@type\":\"BreadcrumbList\",\"@id\":\"https:\\\/\\\/nbcs.mx\\\/?p=156520#breadcrumb\",\"itemListElement\":[{\"@type\":\"ListItem\",\"position\":1,\"name\":\"Portada\",\"item\":\"https:\\\/\\\/nbcs.mx\\\/\"},{\"@type\":\"ListItem\",\"position\":2,\"name\":\"Declarar\u00e1n de tercer nivel al hospital Juan Mar\u00eda de Salvatierra\"}]},{\"@type\":\"WebSite\",\"@id\":\"https:\\\/\\\/nbcs.mx\\\/#website\",\"url\":\"https:\\\/\\\/nbcs.mx\\\/\",\"name\":\"NBCS Noticias\",\"description\":\"Sitio web de noticias en Baja California Sur\",\"publisher\":{\"@id\":\"https:\\\/\\\/nbcs.mx\\\/#organization\"},\"potentialAction\":[{\"@type\":\"SearchAction\",\"target\":{\"@type\":\"EntryPoint\",\"urlTemplate\":\"https:\\\/\\\/nbcs.mx\\\/?s={search_term_string}\"},\"query-input\":{\"@type\":\"PropertyValueSpecification\",\"valueRequired\":true,\"valueName\":\"search_term_string\"}}],\"inLanguage\":\"es\"},{\"@type\":\"Organization\",\"@id\":\"https:\\\/\\\/nbcs.mx\\\/#organization\",\"name\":\"NBCS Noticias\",\"url\":\"https:\\\/\\\/nbcs.mx\\\/\",\"logo\":{\"@type\":\"ImageObject\",\"inLanguage\":\"es\",\"@id\":\"https:\\\/\\\/nbcs.mx\\\/#\\\/schema\\\/logo\\\/image\\\/\",\"url\":\"https:\\\/\\\/nbcs.mx\\\/wp-content\\\/uploads\\\/2018\\\/09\\\/057b69485e93575a5c2b1c1dde2dd297.jpeg\",\"contentUrl\":\"https:\\\/\\\/nbcs.mx\\\/wp-content\\\/uploads\\\/2018\\\/09\\\/057b69485e93575a5c2b1c1dde2dd297.jpeg\",\"width\":64,\"height\":64,\"caption\":\"NBCS Noticias\"},\"image\":{\"@id\":\"https:\\\/\\\/nbcs.mx\\\/#\\\/schema\\\/logo\\\/image\\\/\"},\"sameAs\":[\"https:\\\/\\\/www.facebook.com\\\/NBCSnoticias\",\"https:\\\/\\\/x.com\\\/NBCSnoticias\"]},{\"@type\":\"Person\",\"@id\":\"https:\\\/\\\/nbcs.mx\\\/#\\\/schema\\\/person\\\/ece58bab9a7c1e87a4d28ec9ecd79ff4\",\"name\":\"NBCS Noticias\",\"image\":{\"@type\":\"ImageObject\",\"inLanguage\":\"es\",\"@id\":\"https:\\\/\\\/secure.gravatar.com\\\/avatar\\\/4e52110cad1c4054b43271a0d14bbe9e2ea76aecd0e1097edfc670798d9ca1d4?s=96&d=blank&r=g\",\"url\":\"https:\\\/\\\/secure.gravatar.com\\\/avatar\\\/4e52110cad1c4054b43271a0d14bbe9e2ea76aecd0e1097edfc670798d9ca1d4?s=96&d=blank&r=g\",\"contentUrl\":\"https:\\\/\\\/secure.gravatar.com\\\/avatar\\\/4e52110cad1c4054b43271a0d14bbe9e2ea76aecd0e1097edfc670798d9ca1d4?s=96&d=blank&r=g\",\"caption\":\"NBCS Noticias\"},\"description\":\"\u00bfTienes fotos o video de alg\u00fan acto de posible negligencia, corrupci\u00f3n y abuso de autoridad? M\u00e1ndalo al WhatsApp de NBCS Noticias: 612 141 98 08\",\"sameAs\":[\"https:\\\/\\\/www.nbcs.mx\",\"https:\\\/\\\/www.facebook.com\\\/NBCSnoticias\",\"https:\\\/\\\/www.instagram.com\\\/nbcsnoticias\\\/\",\"https:\\\/\\\/x.com\\\/https:\\\/\\\/twitter.com\\\/NBCSnoticias\"]}]}<\/script>\n<!-- \/ Yoast SEO plugin. -->","yoast_head_json":{"title":"Declarar\u00e1n de tercer nivel al hospital Juan Mar\u00eda de Salvatierra - NBCS Noticias","robots":{"index":"index","follow":"follow","max-snippet":"max-snippet:-1","max-image-preview":"max-image-preview:large","max-video-preview":"max-video-preview:-1"},"canonical":"https:\/\/nbcs.mx\/?p=156520","og_locale":"es_ES","og_type":"article","og_title":"Declarar\u00e1n de tercer nivel al hospital Juan Mar\u00eda de Salvatierra - NBCS Noticias","og_description":"El hospital Juan Mar\u00eda de Salvatierra ser\u00e1 declarado de tercer nivel, confirm\u00f3 el gobernador, V\u00edctor Manuel Castro Cos\u00edo, y para","og_url":"https:\/\/nbcs.mx\/?p=156520","og_site_name":"NBCS Noticias","article_publisher":"https:\/\/www.facebook.com\/NBCSnoticias","article_author":"https:\/\/www.facebook.com\/NBCSnoticias","article_published_time":"2025-10-09T15:32:53+00:00","og_image":[{"width":1024,"height":622,"url":"https:\/\/nbcs.mx\/wp-content\/uploads\/2025\/10\/Captura-de-pantalla-2025-10-09-a-las-8.32.14\u202fa.m-1024x622.png","type":"image\/png"}],"author":"NBCS Noticias","twitter_card":"summary_large_image","twitter_creator":"@https:\/\/twitter.com\/NBCSnoticias","twitter_site":"@NBCSnoticias","twitter_misc":{"Escrito por":"NBCS Noticias","Tiempo de lectura":"2 minutos"},"schema":{"@context":"https:\/\/schema.org","@graph":[{"@type":"Article","@id":"https:\/\/nbcs.mx\/?p=156520#article","isPartOf":{"@id":"https:\/\/nbcs.mx\/?p=156520"},"author":{"name":"NBCS Noticias","@id":"https:\/\/nbcs.mx\/#\/schema\/person\/ece58bab9a7c1e87a4d28ec9ecd79ff4"},"headline":"Declarar\u00e1n de tercer nivel al hospital Juan Mar\u00eda de Salvatierra","datePublished":"2025-10-09T15:32:53+00:00","mainEntityOfPage":{"@id":"https:\/\/nbcs.mx\/?p=156520"},"wordCount":333,"commentCount":0,"publisher":{"@id":"https:\/\/nbcs.mx\/#organization"},"image":{"@id":"https:\/\/nbcs.mx\/?p=156520#primaryimage"},"thumbnailUrl":"https:\/\/nbcs.mx\/wp-content\/uploads\/2025\/10\/Captura-de-pantalla-2025-10-09-a-las-8.32.14\u202fa.m.png","articleSection":["Noticias"],"inLanguage":"es","potentialAction":[{"@type":"CommentAction","name":"Comment","target":["https:\/\/nbcs.mx\/?p=156520#respond"]}]},{"@type":"WebPage","@id":"https:\/\/nbcs.mx\/?p=156520","url":"https:\/\/nbcs.mx\/?p=156520","name":"Declarar\u00e1n de tercer nivel al hospital Juan Mar\u00eda de Salvatierra - NBCS Noticias","isPartOf":{"@id":"https:\/\/nbcs.mx\/#website"},"primaryImageOfPage":{"@id":"https:\/\/nbcs.mx\/?p=156520#primaryimage"},"image":{"@id":"https:\/\/nbcs.mx\/?p=156520#primaryimage"},"thumbnailUrl":"https:\/\/nbcs.mx\/wp-content\/uploads\/2025\/10\/Captura-de-pantalla-2025-10-09-a-las-8.32.14\u202fa.m.png","datePublished":"2025-10-09T15:32:53+00:00","breadcrumb":{"@id":"https:\/\/nbcs.mx\/?p=156520#breadcrumb"},"inLanguage":"es","potentialAction":[{"@type":"ReadAction","target":["https:\/\/nbcs.mx\/?p=156520"]}]},{"@type":"ImageObject","inLanguage":"es","@id":"https:\/\/nbcs.mx\/?p=156520#primaryimage","url":"https:\/\/nbcs.mx\/wp-content\/uploads\/2025\/10\/Captura-de-pantalla-2025-10-09-a-las-8.32.14\u202fa.m.png","contentUrl":"https:\/\/nbcs.mx\/wp-content\/uploads\/2025\/10\/Captura-de-pantalla-2025-10-09-a-las-8.32.14\u202fa.m.png","width":2034,"height":1236},{"@type":"BreadcrumbList","@id":"https:\/\/nbcs.mx\/?p=156520#breadcrumb","itemListElement":[{"@type":"ListItem","position":1,"name":"Portada","item":"https:\/\/nbcs.mx\/"},{"@type":"ListItem","position":2,"name":"Declarar\u00e1n de tercer nivel al hospital Juan Mar\u00eda de Salvatierra"}]},{"@type":"WebSite","@id":"https:\/\/nbcs.mx\/#website","url":"https:\/\/nbcs.mx\/","name":"NBCS Noticias","description":"Sitio web de noticias en Baja California Sur","publisher":{"@id":"https:\/\/nbcs.mx\/#organization"},"potentialAction":[{"@type":"SearchAction","target":{"@type":"EntryPoint","urlTemplate":"https:\/\/nbcs.mx\/?s={search_term_string}"},"query-input":{"@type":"PropertyValueSpecification","valueRequired":true,"valueName":"search_term_string"}}],"inLanguage":"es"},{"@type":"Organization","@id":"https:\/\/nbcs.mx\/#organization","name":"NBCS Noticias","url":"https:\/\/nbcs.mx\/","logo":{"@type":"ImageObject","inLanguage":"es","@id":"https:\/\/nbcs.mx\/#\/schema\/logo\/image\/","url":"https:\/\/nbcs.mx\/wp-content\/uploads\/2018\/09\/057b69485e93575a5c2b1c1dde2dd297.jpeg","contentUrl":"https:\/\/nbcs.mx\/wp-content\/uploads\/2018\/09\/057b69485e93575a5c2b1c1dde2dd297.jpeg","width":64,"height":64,"caption":"NBCS Noticias"},"image":{"@id":"https:\/\/nbcs.mx\/#\/schema\/logo\/image\/"},"sameAs":["https:\/\/www.facebook.com\/NBCSnoticias","https:\/\/x.com\/NBCSnoticias"]},{"@type":"Person","@id":"https:\/\/nbcs.mx\/#\/schema\/person\/ece58bab9a7c1e87a4d28ec9ecd79ff4","name":"NBCS Noticias","image":{"@type":"ImageObject","inLanguage":"es","@id":"https:\/\/secure.gravatar.com\/avatar\/4e52110cad1c4054b43271a0d14bbe9e2ea76aecd0e1097edfc670798d9ca1d4?s=96&d=blank&r=g","url":"https:\/\/secure.gravatar.com\/avatar\/4e52110cad1c4054b43271a0d14bbe9e2ea76aecd0e1097edfc670798d9ca1d4?s=96&d=blank&r=g","contentUrl":"https:\/\/secure.gravatar.com\/avatar\/4e52110cad1c4054b43271a0d14bbe9e2ea76aecd0e1097edfc670798d9ca1d4?s=96&d=blank&r=g","caption":"NBCS Noticias"},"description":"\u00bfTienes fotos o video de alg\u00fan acto de posible negligencia, corrupci\u00f3n y abuso de autoridad? M\u00e1ndalo al WhatsApp de NBCS Noticias: 612 141 98 08","sameAs":["https:\/\/www.nbcs.mx","https:\/\/www.facebook.com\/NBCSnoticias","https:\/\/www.instagram.com\/nbcsnoticias\/","https:\/\/x.com\/https:\/\/twitter.com\/NBCSnoticias"]}]}},"jetpack_publicize_connections":[],"jetpack_featured_media_url":"https:\/\/nbcs.mx\/wp-content\/uploads\/2025\/10\/Captura-de-pantalla-2025-10-09-a-las-8.32.14\u202fa.m.png","jetpack_sharing_enabled":true,"_links":{"self":[{"href":"https:\/\/nbcs.mx\/index.php?rest_route=\/wp\/v2\/posts\/156520","targetHints":{"allow":["GET"]}}],"collection":[{"href":"https:\/\/nbcs.mx\/index.php?rest_route=\/wp\/v2\/posts"}],"about":[{"href":"https:\/\/nbcs.mx\/index.php?rest_route=\/wp\/v2\/types\/post"}],"author":[{"embeddable":true,"href":"https:\/\/nbcs.mx\/index.php?rest_route=\/wp\/v2\/users\/1"}],"replies":[{"embeddable":true,"href":"https:\/\/nbcs.mx\/index.php?rest_route=%2Fwp%2Fv2%2Fcomments&post=156520"}],"version-history":[{"count":1,"href":"https:\/\/nbcs.mx\/index.php?rest_route=\/wp\/v2\/posts\/156520\/revisions"}],"predecessor-version":[{"id":156522,"href":"https:\/\/nbcs.mx\/index.php?rest_route=\/wp\/v2\/posts\/156520\/revisions\/156522"}],"wp:featuredmedia":[{"embeddable":true,"href":"https:\/\/nbcs.mx\/index.php?rest_route=\/wp\/v2\/media\/156521"}],"wp:attachment":[{"href":"https:\/\/nbcs.mx\/index.php?rest_route=%2Fwp%2Fv2%2Fmedia&parent=156520"}],"wp:term":[{"taxonomy":"category","embeddable":true,"href":"https:\/\/nbcs.mx\/index.php?rest_route=%2Fwp%2Fv2%2Fcategories&post=156520"},{"taxonomy":"post_tag","embeddable":true,"href":"https:\/\/nbcs.mx\/index.php?rest_route=%2Fwp%2Fv2%2Ftags&post=156520"}],"curies":[{"name":"wp","href":"https:\/\/api.w.org\/{rel}","templated":true}]}}