{"id":156523,"date":"2025-10-09T09:34:29","date_gmt":"2025-10-09T15:34:29","guid":{"rendered":"https:\/\/nbcs.mx\/?p=156523"},"modified":"2025-10-09T09:34:29","modified_gmt":"2025-10-09T15:34:29","slug":"mas-de-500-personas-fueron-refugiadas-en-albergues-durante-paso-de-priscilla-por-los-cabos","status":"publish","type":"post","link":"https:\/\/nbcs.mx\/?p=156523","title":{"rendered":"M\u00e1s de 500 personas fueron refugiadas en albergues durante paso de \u201cPriscilla\u201d por Los Cabos"},"content":{"rendered":"<div dir=\"auto\" style=\"text-align: justify;\"><img loading=\"lazy\" decoding=\"async\" class=\" wp-image-156524 alignleft\" src=\"https:\/\/nbcs.mx\/wp-content\/uploads\/2025\/10\/559946141_1366119685516116_6510695571224861064_n-755x487.jpg\" alt=\"\" width=\"398\" height=\"257\" srcset=\"https:\/\/nbcs.mx\/wp-content\/uploads\/2025\/10\/559946141_1366119685516116_6510695571224861064_n-755x487.jpg 755w, https:\/\/nbcs.mx\/wp-content\/uploads\/2025\/10\/559946141_1366119685516116_6510695571224861064_n-1024x660.jpg 1024w, https:\/\/nbcs.mx\/wp-content\/uploads\/2025\/10\/559946141_1366119685516116_6510695571224861064_n-150x97.jpg 150w, https:\/\/nbcs.mx\/wp-content\/uploads\/2025\/10\/559946141_1366119685516116_6510695571224861064_n-768x495.jpg 768w, https:\/\/nbcs.mx\/wp-content\/uploads\/2025\/10\/559946141_1366119685516116_6510695571224861064_n.jpg 1168w\" sizes=\"auto, (max-width: 398px) 100vw, 398px\" \/>Un total de 528 personas fueron refugiadas durante el paso de hurac\u00e1n \u201cPriscilla\u201d, como parte del operativo preventivo que implement\u00f3 el XV Ayuntamiento de Los Cabos, a trav\u00e9s del Sistema para el Desarrollo Integral de la Familia (DIF) Los Cabos, que preside Sol Delgado Moreno, para salvaguardar la integridad de la poblaci\u00f3n ante las intensas lluvias registradas.<\/div>\n<div dir=\"auto\"><\/div>\n<div dir=\"auto\" style=\"text-align: justify;\">En total, se habilitaron 23 refugios temporales: ocho en San Jos\u00e9 del Cabo, siete en Cabo San Lucas, uno en Miraflores, tres en Santiago y cuatro en La Ribera, los cuales se mantuvieron en operaci\u00f3n durante la contingencia bajo la coordinaci\u00f3n del Consejo Municipal de Protecci\u00f3n Civil.<\/div>\n<div dir=\"auto\"><\/div>\n<div dir=\"auto\" style=\"text-align: justify;\">En San Jos\u00e9 del Cabo, se brind\u00f3 resguardo a 220 personas en espacios educativos como la primaria Venustiano Carranza, la primaria Paula Olachea Montejano, la Secundaria T\u00e9cnica No.14, la primaria Jacinto Roch\u00edn Pino, el CECYT 04, la primaria Valent\u00edn G\u00f3mez Far\u00edas, la Secundaria No.42 y la primaria Felipe de Jes\u00fas Pedroza.<\/div>\n<div dir=\"auto\"><\/div>\n<div dir=\"auto\" style=\"text-align: justify;\">En Cabo San Lucas, los refugios habilitados -entre ellos la primaria Juana In\u00e9s de la Cruz, la primaria L\u00e1zaro C\u00e1rdenas del R\u00edo\/Narciso Mendoza, Los Ni\u00f1os del Capit\u00e1n, primaria Fernando I. Cota, Primaria H\u00e9roes de 1847, Telesecundaria No.29 Carmen Fisher Cota y el CBTIS #256-, recibieron a 250 personas.<\/div>\n<div dir=\"auto\"><\/div>\n<div dir=\"auto\" style=\"text-align: justify;\">En La Ribera, fueron atendidas 53 personas en la Telesecundaria No.1 y la escuela Josefa Ort\u00edz de Dom\u00ednguez; mientras que en Miraflores se brind\u00f3 refugio a cinco personas en la escuela Alfredo Green Gonz\u00e1lez. En Santiago, los tres refugios permanecieron en condici\u00f3n preventiva sin recibir personas evacuadas.<\/div>\n<div dir=\"auto\"><\/div>\n<div dir=\"auto\" style=\"text-align: justify;\">Durante este operativo, se entregaron mil 461 comidas y participaron 418 servidores p\u00fablicos municipales, quienes brindaron atenci\u00f3n, apoyo m\u00e9dico y acompa\u00f1amiento a las familias refugiadas.<\/div>\n<div dir=\"auto\"><\/div>\n<div dir=\"auto\" style=\"text-align: justify;\">El XV Ayuntamiento de Los Cabos reiter\u00f3 su compromiso con la protecci\u00f3n civil y la seguridad de la ciudadan\u00eda, destacando la labor coordinada de las dependencias municipales y el respaldo de los tres \u00f3rdenes de gobierno para atender de manera oportuna las necesidades de la poblaci\u00f3n durante la emergencia.<\/div>\n","protected":false},"excerpt":{"rendered":"<p>Un total de 528 personas fueron refugiadas durante el paso de hurac\u00e1n \u201cPriscilla\u201d, como parte del operativo preventivo que implement\u00f3<\/p>\n","protected":false},"author":1,"featured_media":156524,"comment_status":"open","ping_status":"closed","sticky":false,"template":"","format":"standard","meta":{"colormag_page_container_layout":"default_layout","colormag_page_sidebar_layout":"default_layout","_jetpack_memberships_contains_paid_content":false,"footnotes":"","jetpack_publicize_message":"","jetpack_publicize_feature_enabled":true,"jetpack_social_post_already_shared":true,"jetpack_social_options":{"image_generator_settings":{"template":"highway","default_image_id":0,"font":"","enabled":false},"version":2}},"categories":[40],"tags":[],"class_list":["post-156523","post","type-post","status-publish","format-standard","has-post-thumbnail","hentry","category-municipios"],"yoast_head":"<!-- This site is optimized with the Yoast SEO plugin v27.5 - https:\/\/yoast.com\/product\/yoast-seo-wordpress\/ -->\n<title>M\u00e1s de 500 personas fueron refugiadas en albergues durante paso de \u201cPriscilla\u201d por Los Cabos - NBCS Noticias<\/title>\n<meta name=\"robots\" content=\"index, follow, max-snippet:-1, max-image-preview:large, max-video-preview:-1\" \/>\n<link rel=\"canonical\" href=\"https:\/\/nbcs.mx\/?p=156523\" \/>\n<meta property=\"og:locale\" content=\"es_ES\" \/>\n<meta property=\"og:type\" content=\"article\" \/>\n<meta property=\"og:title\" content=\"M\u00e1s de 500 personas fueron refugiadas en albergues durante paso de \u201cPriscilla\u201d por Los Cabos - NBCS Noticias\" \/>\n<meta property=\"og:description\" content=\"Un total de 528 personas fueron refugiadas durante el paso de hurac\u00e1n \u201cPriscilla\u201d, como parte del operativo preventivo que implement\u00f3\" \/>\n<meta property=\"og:url\" content=\"https:\/\/nbcs.mx\/?p=156523\" \/>\n<meta property=\"og:site_name\" content=\"NBCS Noticias\" \/>\n<meta property=\"article:publisher\" content=\"https:\/\/www.facebook.com\/NBCSnoticias\" \/>\n<meta property=\"article:author\" content=\"https:\/\/www.facebook.com\/NBCSnoticias\" \/>\n<meta property=\"article:published_time\" content=\"2025-10-09T15:34:29+00:00\" \/>\n<meta property=\"og:image\" content=\"https:\/\/nbcs.mx\/wp-content\/uploads\/2025\/10\/559946141_1366119685516116_6510695571224861064_n.jpg\" \/>\n\t<meta property=\"og:image:width\" content=\"1168\" \/>\n\t<meta property=\"og:image:height\" content=\"753\" \/>\n\t<meta property=\"og:image:type\" content=\"image\/jpeg\" \/>\n<meta name=\"author\" content=\"NBCS Noticias\" \/>\n<meta name=\"twitter:card\" content=\"summary_large_image\" \/>\n<meta name=\"twitter:creator\" content=\"@https:\/\/twitter.com\/NBCSnoticias\" \/>\n<meta name=\"twitter:site\" content=\"@NBCSnoticias\" \/>\n<meta name=\"twitter:label1\" content=\"Escrito por\" \/>\n\t<meta name=\"twitter:data1\" content=\"NBCS Noticias\" \/>\n\t<meta name=\"twitter:label2\" content=\"Tiempo de lectura\" \/>\n\t<meta name=\"twitter:data2\" content=\"2 minutos\" \/>\n<script type=\"application\/ld+json\" class=\"yoast-schema-graph\">{\"@context\":\"https:\\\/\\\/schema.org\",\"@graph\":[{\"@type\":\"Article\",\"@id\":\"https:\\\/\\\/nbcs.mx\\\/?p=156523#article\",\"isPartOf\":{\"@id\":\"https:\\\/\\\/nbcs.mx\\\/?p=156523\"},\"author\":{\"name\":\"NBCS Noticias\",\"@id\":\"https:\\\/\\\/nbcs.mx\\\/#\\\/schema\\\/person\\\/ece58bab9a7c1e87a4d28ec9ecd79ff4\"},\"headline\":\"M\u00e1s de 500 personas fueron refugiadas en albergues durante paso de \u201cPriscilla\u201d por Los Cabos\",\"datePublished\":\"2025-10-09T15:34:29+00:00\",\"mainEntityOfPage\":{\"@id\":\"https:\\\/\\\/nbcs.mx\\\/?p=156523\"},\"wordCount\":361,\"commentCount\":0,\"publisher\":{\"@id\":\"https:\\\/\\\/nbcs.mx\\\/#organization\"},\"image\":{\"@id\":\"https:\\\/\\\/nbcs.mx\\\/?p=156523#primaryimage\"},\"thumbnailUrl\":\"https:\\\/\\\/nbcs.mx\\\/wp-content\\\/uploads\\\/2025\\\/10\\\/559946141_1366119685516116_6510695571224861064_n.jpg\",\"articleSection\":[\"Municipios\"],\"inLanguage\":\"es\",\"potentialAction\":[{\"@type\":\"CommentAction\",\"name\":\"Comment\",\"target\":[\"https:\\\/\\\/nbcs.mx\\\/?p=156523#respond\"]}]},{\"@type\":\"WebPage\",\"@id\":\"https:\\\/\\\/nbcs.mx\\\/?p=156523\",\"url\":\"https:\\\/\\\/nbcs.mx\\\/?p=156523\",\"name\":\"M\u00e1s de 500 personas fueron refugiadas en albergues durante paso de \u201cPriscilla\u201d por Los Cabos - NBCS Noticias\",\"isPartOf\":{\"@id\":\"https:\\\/\\\/nbcs.mx\\\/#website\"},\"primaryImageOfPage\":{\"@id\":\"https:\\\/\\\/nbcs.mx\\\/?p=156523#primaryimage\"},\"image\":{\"@id\":\"https:\\\/\\\/nbcs.mx\\\/?p=156523#primaryimage\"},\"thumbnailUrl\":\"https:\\\/\\\/nbcs.mx\\\/wp-content\\\/uploads\\\/2025\\\/10\\\/559946141_1366119685516116_6510695571224861064_n.jpg\",\"datePublished\":\"2025-10-09T15:34:29+00:00\",\"breadcrumb\":{\"@id\":\"https:\\\/\\\/nbcs.mx\\\/?p=156523#breadcrumb\"},\"inLanguage\":\"es\",\"potentialAction\":[{\"@type\":\"ReadAction\",\"target\":[\"https:\\\/\\\/nbcs.mx\\\/?p=156523\"]}]},{\"@type\":\"ImageObject\",\"inLanguage\":\"es\",\"@id\":\"https:\\\/\\\/nbcs.mx\\\/?p=156523#primaryimage\",\"url\":\"https:\\\/\\\/nbcs.mx\\\/wp-content\\\/uploads\\\/2025\\\/10\\\/559946141_1366119685516116_6510695571224861064_n.jpg\",\"contentUrl\":\"https:\\\/\\\/nbcs.mx\\\/wp-content\\\/uploads\\\/2025\\\/10\\\/559946141_1366119685516116_6510695571224861064_n.jpg\",\"width\":1168,\"height\":753},{\"@type\":\"BreadcrumbList\",\"@id\":\"https:\\\/\\\/nbcs.mx\\\/?p=156523#breadcrumb\",\"itemListElement\":[{\"@type\":\"ListItem\",\"position\":1,\"name\":\"Portada\",\"item\":\"https:\\\/\\\/nbcs.mx\\\/\"},{\"@type\":\"ListItem\",\"position\":2,\"name\":\"M\u00e1s de 500 personas fueron refugiadas en albergues durante paso de \u201cPriscilla\u201d por Los Cabos\"}]},{\"@type\":\"WebSite\",\"@id\":\"https:\\\/\\\/nbcs.mx\\\/#website\",\"url\":\"https:\\\/\\\/nbcs.mx\\\/\",\"name\":\"NBCS Noticias\",\"description\":\"Sitio web de noticias en Baja California Sur\",\"publisher\":{\"@id\":\"https:\\\/\\\/nbcs.mx\\\/#organization\"},\"potentialAction\":[{\"@type\":\"SearchAction\",\"target\":{\"@type\":\"EntryPoint\",\"urlTemplate\":\"https:\\\/\\\/nbcs.mx\\\/?s={search_term_string}\"},\"query-input\":{\"@type\":\"PropertyValueSpecification\",\"valueRequired\":true,\"valueName\":\"search_term_string\"}}],\"inLanguage\":\"es\"},{\"@type\":\"Organization\",\"@id\":\"https:\\\/\\\/nbcs.mx\\\/#organization\",\"name\":\"NBCS Noticias\",\"url\":\"https:\\\/\\\/nbcs.mx\\\/\",\"logo\":{\"@type\":\"ImageObject\",\"inLanguage\":\"es\",\"@id\":\"https:\\\/\\\/nbcs.mx\\\/#\\\/schema\\\/logo\\\/image\\\/\",\"url\":\"https:\\\/\\\/nbcs.mx\\\/wp-content\\\/uploads\\\/2018\\\/09\\\/057b69485e93575a5c2b1c1dde2dd297.jpeg\",\"contentUrl\":\"https:\\\/\\\/nbcs.mx\\\/wp-content\\\/uploads\\\/2018\\\/09\\\/057b69485e93575a5c2b1c1dde2dd297.jpeg\",\"width\":64,\"height\":64,\"caption\":\"NBCS Noticias\"},\"image\":{\"@id\":\"https:\\\/\\\/nbcs.mx\\\/#\\\/schema\\\/logo\\\/image\\\/\"},\"sameAs\":[\"https:\\\/\\\/www.facebook.com\\\/NBCSnoticias\",\"https:\\\/\\\/x.com\\\/NBCSnoticias\"]},{\"@type\":\"Person\",\"@id\":\"https:\\\/\\\/nbcs.mx\\\/#\\\/schema\\\/person\\\/ece58bab9a7c1e87a4d28ec9ecd79ff4\",\"name\":\"NBCS Noticias\",\"image\":{\"@type\":\"ImageObject\",\"inLanguage\":\"es\",\"@id\":\"https:\\\/\\\/secure.gravatar.com\\\/avatar\\\/4e52110cad1c4054b43271a0d14bbe9e2ea76aecd0e1097edfc670798d9ca1d4?s=96&d=blank&r=g\",\"url\":\"https:\\\/\\\/secure.gravatar.com\\\/avatar\\\/4e52110cad1c4054b43271a0d14bbe9e2ea76aecd0e1097edfc670798d9ca1d4?s=96&d=blank&r=g\",\"contentUrl\":\"https:\\\/\\\/secure.gravatar.com\\\/avatar\\\/4e52110cad1c4054b43271a0d14bbe9e2ea76aecd0e1097edfc670798d9ca1d4?s=96&d=blank&r=g\",\"caption\":\"NBCS Noticias\"},\"description\":\"\u00bfTienes fotos o video de alg\u00fan acto de posible negligencia, corrupci\u00f3n y abuso de autoridad? M\u00e1ndalo al WhatsApp de NBCS Noticias: 612 141 98 08\",\"sameAs\":[\"https:\\\/\\\/www.nbcs.mx\",\"https:\\\/\\\/www.facebook.com\\\/NBCSnoticias\",\"https:\\\/\\\/www.instagram.com\\\/nbcsnoticias\\\/\",\"https:\\\/\\\/x.com\\\/https:\\\/\\\/twitter.com\\\/NBCSnoticias\"]}]}<\/script>\n<!-- \/ Yoast SEO plugin. -->","yoast_head_json":{"title":"M\u00e1s de 500 personas fueron refugiadas en albergues durante paso de \u201cPriscilla\u201d por Los Cabos - NBCS Noticias","robots":{"index":"index","follow":"follow","max-snippet":"max-snippet:-1","max-image-preview":"max-image-preview:large","max-video-preview":"max-video-preview:-1"},"canonical":"https:\/\/nbcs.mx\/?p=156523","og_locale":"es_ES","og_type":"article","og_title":"M\u00e1s de 500 personas fueron refugiadas en albergues durante paso de \u201cPriscilla\u201d por Los Cabos - NBCS Noticias","og_description":"Un total de 528 personas fueron refugiadas durante el paso de hurac\u00e1n \u201cPriscilla\u201d, como parte del operativo preventivo que implement\u00f3","og_url":"https:\/\/nbcs.mx\/?p=156523","og_site_name":"NBCS Noticias","article_publisher":"https:\/\/www.facebook.com\/NBCSnoticias","article_author":"https:\/\/www.facebook.com\/NBCSnoticias","article_published_time":"2025-10-09T15:34:29+00:00","og_image":[{"width":1168,"height":753,"url":"https:\/\/nbcs.mx\/wp-content\/uploads\/2025\/10\/559946141_1366119685516116_6510695571224861064_n.jpg","type":"image\/jpeg"}],"author":"NBCS Noticias","twitter_card":"summary_large_image","twitter_creator":"@https:\/\/twitter.com\/NBCSnoticias","twitter_site":"@NBCSnoticias","twitter_misc":{"Escrito por":"NBCS Noticias","Tiempo de lectura":"2 minutos"},"schema":{"@context":"https:\/\/schema.org","@graph":[{"@type":"Article","@id":"https:\/\/nbcs.mx\/?p=156523#article","isPartOf":{"@id":"https:\/\/nbcs.mx\/?p=156523"},"author":{"name":"NBCS Noticias","@id":"https:\/\/nbcs.mx\/#\/schema\/person\/ece58bab9a7c1e87a4d28ec9ecd79ff4"},"headline":"M\u00e1s de 500 personas fueron refugiadas en albergues durante paso de \u201cPriscilla\u201d por Los Cabos","datePublished":"2025-10-09T15:34:29+00:00","mainEntityOfPage":{"@id":"https:\/\/nbcs.mx\/?p=156523"},"wordCount":361,"commentCount":0,"publisher":{"@id":"https:\/\/nbcs.mx\/#organization"},"image":{"@id":"https:\/\/nbcs.mx\/?p=156523#primaryimage"},"thumbnailUrl":"https:\/\/nbcs.mx\/wp-content\/uploads\/2025\/10\/559946141_1366119685516116_6510695571224861064_n.jpg","articleSection":["Municipios"],"inLanguage":"es","potentialAction":[{"@type":"CommentAction","name":"Comment","target":["https:\/\/nbcs.mx\/?p=156523#respond"]}]},{"@type":"WebPage","@id":"https:\/\/nbcs.mx\/?p=156523","url":"https:\/\/nbcs.mx\/?p=156523","name":"M\u00e1s de 500 personas fueron refugiadas en albergues durante paso de \u201cPriscilla\u201d por Los Cabos - NBCS Noticias","isPartOf":{"@id":"https:\/\/nbcs.mx\/#website"},"primaryImageOfPage":{"@id":"https:\/\/nbcs.mx\/?p=156523#primaryimage"},"image":{"@id":"https:\/\/nbcs.mx\/?p=156523#primaryimage"},"thumbnailUrl":"https:\/\/nbcs.mx\/wp-content\/uploads\/2025\/10\/559946141_1366119685516116_6510695571224861064_n.jpg","datePublished":"2025-10-09T15:34:29+00:00","breadcrumb":{"@id":"https:\/\/nbcs.mx\/?p=156523#breadcrumb"},"inLanguage":"es","potentialAction":[{"@type":"ReadAction","target":["https:\/\/nbcs.mx\/?p=156523"]}]},{"@type":"ImageObject","inLanguage":"es","@id":"https:\/\/nbcs.mx\/?p=156523#primaryimage","url":"https:\/\/nbcs.mx\/wp-content\/uploads\/2025\/10\/559946141_1366119685516116_6510695571224861064_n.jpg","contentUrl":"https:\/\/nbcs.mx\/wp-content\/uploads\/2025\/10\/559946141_1366119685516116_6510695571224861064_n.jpg","width":1168,"height":753},{"@type":"BreadcrumbList","@id":"https:\/\/nbcs.mx\/?p=156523#breadcrumb","itemListElement":[{"@type":"ListItem","position":1,"name":"Portada","item":"https:\/\/nbcs.mx\/"},{"@type":"ListItem","position":2,"name":"M\u00e1s de 500 personas fueron refugiadas en albergues durante paso de \u201cPriscilla\u201d por Los Cabos"}]},{"@type":"WebSite","@id":"https:\/\/nbcs.mx\/#website","url":"https:\/\/nbcs.mx\/","name":"NBCS Noticias","description":"Sitio web de noticias en Baja California Sur","publisher":{"@id":"https:\/\/nbcs.mx\/#organization"},"potentialAction":[{"@type":"SearchAction","target":{"@type":"EntryPoint","urlTemplate":"https:\/\/nbcs.mx\/?s={search_term_string}"},"query-input":{"@type":"PropertyValueSpecification","valueRequired":true,"valueName":"search_term_string"}}],"inLanguage":"es"},{"@type":"Organization","@id":"https:\/\/nbcs.mx\/#organization","name":"NBCS Noticias","url":"https:\/\/nbcs.mx\/","logo":{"@type":"ImageObject","inLanguage":"es","@id":"https:\/\/nbcs.mx\/#\/schema\/logo\/image\/","url":"https:\/\/nbcs.mx\/wp-content\/uploads\/2018\/09\/057b69485e93575a5c2b1c1dde2dd297.jpeg","contentUrl":"https:\/\/nbcs.mx\/wp-content\/uploads\/2018\/09\/057b69485e93575a5c2b1c1dde2dd297.jpeg","width":64,"height":64,"caption":"NBCS Noticias"},"image":{"@id":"https:\/\/nbcs.mx\/#\/schema\/logo\/image\/"},"sameAs":["https:\/\/www.facebook.com\/NBCSnoticias","https:\/\/x.com\/NBCSnoticias"]},{"@type":"Person","@id":"https:\/\/nbcs.mx\/#\/schema\/person\/ece58bab9a7c1e87a4d28ec9ecd79ff4","name":"NBCS Noticias","image":{"@type":"ImageObject","inLanguage":"es","@id":"https:\/\/secure.gravatar.com\/avatar\/4e52110cad1c4054b43271a0d14bbe9e2ea76aecd0e1097edfc670798d9ca1d4?s=96&d=blank&r=g","url":"https:\/\/secure.gravatar.com\/avatar\/4e52110cad1c4054b43271a0d14bbe9e2ea76aecd0e1097edfc670798d9ca1d4?s=96&d=blank&r=g","contentUrl":"https:\/\/secure.gravatar.com\/avatar\/4e52110cad1c4054b43271a0d14bbe9e2ea76aecd0e1097edfc670798d9ca1d4?s=96&d=blank&r=g","caption":"NBCS Noticias"},"description":"\u00bfTienes fotos o video de alg\u00fan acto de posible negligencia, corrupci\u00f3n y abuso de autoridad? M\u00e1ndalo al WhatsApp de NBCS Noticias: 612 141 98 08","sameAs":["https:\/\/www.nbcs.mx","https:\/\/www.facebook.com\/NBCSnoticias","https:\/\/www.instagram.com\/nbcsnoticias\/","https:\/\/x.com\/https:\/\/twitter.com\/NBCSnoticias"]}]}},"jetpack_publicize_connections":[],"jetpack_featured_media_url":"https:\/\/nbcs.mx\/wp-content\/uploads\/2025\/10\/559946141_1366119685516116_6510695571224861064_n.jpg","jetpack_sharing_enabled":true,"_links":{"self":[{"href":"https:\/\/nbcs.mx\/index.php?rest_route=\/wp\/v2\/posts\/156523","targetHints":{"allow":["GET"]}}],"collection":[{"href":"https:\/\/nbcs.mx\/index.php?rest_route=\/wp\/v2\/posts"}],"about":[{"href":"https:\/\/nbcs.mx\/index.php?rest_route=\/wp\/v2\/types\/post"}],"author":[{"embeddable":true,"href":"https:\/\/nbcs.mx\/index.php?rest_route=\/wp\/v2\/users\/1"}],"replies":[{"embeddable":true,"href":"https:\/\/nbcs.mx\/index.php?rest_route=%2Fwp%2Fv2%2Fcomments&post=156523"}],"version-history":[{"count":1,"href":"https:\/\/nbcs.mx\/index.php?rest_route=\/wp\/v2\/posts\/156523\/revisions"}],"predecessor-version":[{"id":156525,"href":"https:\/\/nbcs.mx\/index.php?rest_route=\/wp\/v2\/posts\/156523\/revisions\/156525"}],"wp:featuredmedia":[{"embeddable":true,"href":"https:\/\/nbcs.mx\/index.php?rest_route=\/wp\/v2\/media\/156524"}],"wp:attachment":[{"href":"https:\/\/nbcs.mx\/index.php?rest_route=%2Fwp%2Fv2%2Fmedia&parent=156523"}],"wp:term":[{"taxonomy":"category","embeddable":true,"href":"https:\/\/nbcs.mx\/index.php?rest_route=%2Fwp%2Fv2%2Fcategories&post=156523"},{"taxonomy":"post_tag","embeddable":true,"href":"https:\/\/nbcs.mx\/index.php?rest_route=%2Fwp%2Fv2%2Ftags&post=156523"}],"curies":[{"name":"wp","href":"https:\/\/api.w.org\/{rel}","templated":true}]}}