{"id":156526,"date":"2025-10-09T10:44:10","date_gmt":"2025-10-09T16:44:10","guid":{"rendered":"https:\/\/nbcs.mx\/?p=156526"},"modified":"2025-10-09T10:44:10","modified_gmt":"2025-10-09T16:44:10","slug":"suma-bcs-tres-oro-mas-en-paralimpiada-nacional-2025","status":"publish","type":"post","link":"https:\/\/nbcs.mx\/?p=156526","title":{"rendered":"Suma BCS tres oro m\u00e1s en Paralimpiada Nacional 2025"},"content":{"rendered":"<p style=\"font-weight: 400; text-align: justify;\"><img loading=\"lazy\" decoding=\"async\" class=\" wp-image-156527 alignleft\" src=\"https:\/\/nbcs.mx\/wp-content\/uploads\/2025\/10\/BCS-SUMA-TRES-ORO-MAS-EN-PARALIMPIADA-NACIONAL-2025-2-738x492.jpeg\" alt=\"\" width=\"395\" height=\"263\" srcset=\"https:\/\/nbcs.mx\/wp-content\/uploads\/2025\/10\/BCS-SUMA-TRES-ORO-MAS-EN-PARALIMPIADA-NACIONAL-2025-2-738x492.jpeg 738w, https:\/\/nbcs.mx\/wp-content\/uploads\/2025\/10\/BCS-SUMA-TRES-ORO-MAS-EN-PARALIMPIADA-NACIONAL-2025-2-150x100.jpeg 150w, https:\/\/nbcs.mx\/wp-content\/uploads\/2025\/10\/BCS-SUMA-TRES-ORO-MAS-EN-PARALIMPIADA-NACIONAL-2025-2-768x512.jpeg 768w, https:\/\/nbcs.mx\/wp-content\/uploads\/2025\/10\/BCS-SUMA-TRES-ORO-MAS-EN-PARALIMPIADA-NACIONAL-2025-2.jpeg 1024w\" sizes=\"auto, (max-width: 395px) 100vw, 395px\" \/>Una jornada dorada para Baja California Sur, en el inicio de la tercera etapa de la Paralimpiada Nacional CONADE 2025, por las tres preseas de oro que ganaron nuestros atletas en 100 metros y en impulso de bala.<\/p>\n<p style=\"font-weight: 400; text-align: justify;\">En total, inform\u00f3 el Instituto Sudcaliforniano del Deporte (INSUDE), Baja California Sur registr\u00f3 once medallas: cinco de oro, tres de plata y tres de bronce.<\/p>\n<p style=\"font-weight: 400; text-align: justify;\">La primera medalla cay\u00f3 gracias al extraordinario papel de Diego &#8216;turbo&#8217; Torres, qui\u00e9n corri\u00f3 los 100 metros en la categor\u00eda T21, obteniendo un tiempo de 14 segundos con 52 cent\u00e9simas.<\/p>\n<p style=\"font-weight: 400; text-align: justify;\">La segunda de oro la gan\u00f3 Gian Pierre Geraldo Madrid en 100 metros, en la categor\u00eda T37, demostrando la calidad de los deportistas sudcalifornianos en paratletismo.<\/p>\n<p style=\"font-weight: 400; text-align: justify;\">El atleta aprovech\u00f3 su triunfo para recordar al hist\u00f3rico entrenador de atletismo, Francisco Caballero Beter\u00e1n, fallecido hace unos meses en la capital de Baja California Sur.<\/p>\n<p style=\"font-weight: 400; text-align: justify;\">Por otro lado, Rosa Keisi Reinecke Valdez demostr\u00f3 ser la mejor de M\u00e9xico en impulso, qui\u00e9n gan\u00f3 f\u00e1cilmente ante sus competidoras con un registro de 7.60 metros demostrando porque ella es una atleta extraordinaria.<\/p>\n","protected":false},"excerpt":{"rendered":"<p>Una jornada dorada para Baja California Sur, en el inicio de la tercera etapa de la Paralimpiada Nacional CONADE 2025,<\/p>\n","protected":false},"author":1,"featured_media":156527,"comment_status":"open","ping_status":"closed","sticky":false,"template":"","format":"standard","meta":{"colormag_page_container_layout":"default_layout","colormag_page_sidebar_layout":"default_layout","_jetpack_memberships_contains_paid_content":false,"footnotes":"","jetpack_publicize_message":"","jetpack_publicize_feature_enabled":true,"jetpack_social_post_already_shared":true,"jetpack_social_options":{"image_generator_settings":{"template":"highway","default_image_id":0,"font":"","enabled":false},"version":2}},"categories":[23],"tags":[],"class_list":["post-156526","post","type-post","status-publish","format-standard","has-post-thumbnail","hentry","category-deportes"],"yoast_head":"<!-- This site is optimized with the Yoast SEO plugin v27.5 - https:\/\/yoast.com\/product\/yoast-seo-wordpress\/ -->\n<title>Suma BCS tres oro m\u00e1s en Paralimpiada Nacional 2025 - NBCS Noticias<\/title>\n<meta name=\"robots\" content=\"index, follow, max-snippet:-1, max-image-preview:large, max-video-preview:-1\" \/>\n<link rel=\"canonical\" href=\"https:\/\/nbcs.mx\/?p=156526\" \/>\n<meta property=\"og:locale\" content=\"es_ES\" \/>\n<meta property=\"og:type\" content=\"article\" \/>\n<meta property=\"og:title\" content=\"Suma BCS tres oro m\u00e1s en Paralimpiada Nacional 2025 - NBCS Noticias\" \/>\n<meta property=\"og:description\" content=\"Una jornada dorada para Baja California Sur, en el inicio de la tercera etapa de la Paralimpiada Nacional CONADE 2025,\" \/>\n<meta property=\"og:url\" content=\"https:\/\/nbcs.mx\/?p=156526\" \/>\n<meta property=\"og:site_name\" content=\"NBCS Noticias\" \/>\n<meta property=\"article:publisher\" content=\"https:\/\/www.facebook.com\/NBCSnoticias\" \/>\n<meta property=\"article:author\" content=\"https:\/\/www.facebook.com\/NBCSnoticias\" \/>\n<meta property=\"article:published_time\" content=\"2025-10-09T16:44:10+00:00\" \/>\n<meta property=\"og:image\" content=\"https:\/\/nbcs.mx\/wp-content\/uploads\/2025\/10\/BCS-SUMA-TRES-ORO-MAS-EN-PARALIMPIADA-NACIONAL-2025-2.jpeg\" \/>\n\t<meta property=\"og:image:width\" content=\"1024\" \/>\n\t<meta property=\"og:image:height\" content=\"683\" \/>\n\t<meta property=\"og:image:type\" content=\"image\/jpeg\" \/>\n<meta name=\"author\" content=\"NBCS Noticias\" \/>\n<meta name=\"twitter:card\" content=\"summary_large_image\" \/>\n<meta name=\"twitter:creator\" content=\"@https:\/\/twitter.com\/NBCSnoticias\" \/>\n<meta name=\"twitter:site\" content=\"@NBCSnoticias\" \/>\n<meta name=\"twitter:label1\" content=\"Escrito por\" \/>\n\t<meta name=\"twitter:data1\" content=\"NBCS Noticias\" \/>\n\t<meta name=\"twitter:label2\" content=\"Tiempo de lectura\" \/>\n\t<meta name=\"twitter:data2\" content=\"2 minutos\" \/>\n<script type=\"application\/ld+json\" class=\"yoast-schema-graph\">{\"@context\":\"https:\\\/\\\/schema.org\",\"@graph\":[{\"@type\":\"Article\",\"@id\":\"https:\\\/\\\/nbcs.mx\\\/?p=156526#article\",\"isPartOf\":{\"@id\":\"https:\\\/\\\/nbcs.mx\\\/?p=156526\"},\"author\":{\"name\":\"NBCS Noticias\",\"@id\":\"https:\\\/\\\/nbcs.mx\\\/#\\\/schema\\\/person\\\/ece58bab9a7c1e87a4d28ec9ecd79ff4\"},\"headline\":\"Suma BCS tres oro m\u00e1s en Paralimpiada Nacional 2025\",\"datePublished\":\"2025-10-09T16:44:10+00:00\",\"mainEntityOfPage\":{\"@id\":\"https:\\\/\\\/nbcs.mx\\\/?p=156526\"},\"wordCount\":190,\"commentCount\":0,\"publisher\":{\"@id\":\"https:\\\/\\\/nbcs.mx\\\/#organization\"},\"image\":{\"@id\":\"https:\\\/\\\/nbcs.mx\\\/?p=156526#primaryimage\"},\"thumbnailUrl\":\"https:\\\/\\\/nbcs.mx\\\/wp-content\\\/uploads\\\/2025\\\/10\\\/BCS-SUMA-TRES-ORO-MAS-EN-PARALIMPIADA-NACIONAL-2025-2.jpeg\",\"articleSection\":[\"Deportes\"],\"inLanguage\":\"es\",\"potentialAction\":[{\"@type\":\"CommentAction\",\"name\":\"Comment\",\"target\":[\"https:\\\/\\\/nbcs.mx\\\/?p=156526#respond\"]}]},{\"@type\":\"WebPage\",\"@id\":\"https:\\\/\\\/nbcs.mx\\\/?p=156526\",\"url\":\"https:\\\/\\\/nbcs.mx\\\/?p=156526\",\"name\":\"Suma BCS tres oro m\u00e1s en Paralimpiada Nacional 2025 - NBCS Noticias\",\"isPartOf\":{\"@id\":\"https:\\\/\\\/nbcs.mx\\\/#website\"},\"primaryImageOfPage\":{\"@id\":\"https:\\\/\\\/nbcs.mx\\\/?p=156526#primaryimage\"},\"image\":{\"@id\":\"https:\\\/\\\/nbcs.mx\\\/?p=156526#primaryimage\"},\"thumbnailUrl\":\"https:\\\/\\\/nbcs.mx\\\/wp-content\\\/uploads\\\/2025\\\/10\\\/BCS-SUMA-TRES-ORO-MAS-EN-PARALIMPIADA-NACIONAL-2025-2.jpeg\",\"datePublished\":\"2025-10-09T16:44:10+00:00\",\"breadcrumb\":{\"@id\":\"https:\\\/\\\/nbcs.mx\\\/?p=156526#breadcrumb\"},\"inLanguage\":\"es\",\"potentialAction\":[{\"@type\":\"ReadAction\",\"target\":[\"https:\\\/\\\/nbcs.mx\\\/?p=156526\"]}]},{\"@type\":\"ImageObject\",\"inLanguage\":\"es\",\"@id\":\"https:\\\/\\\/nbcs.mx\\\/?p=156526#primaryimage\",\"url\":\"https:\\\/\\\/nbcs.mx\\\/wp-content\\\/uploads\\\/2025\\\/10\\\/BCS-SUMA-TRES-ORO-MAS-EN-PARALIMPIADA-NACIONAL-2025-2.jpeg\",\"contentUrl\":\"https:\\\/\\\/nbcs.mx\\\/wp-content\\\/uploads\\\/2025\\\/10\\\/BCS-SUMA-TRES-ORO-MAS-EN-PARALIMPIADA-NACIONAL-2025-2.jpeg\",\"width\":1024,\"height\":683},{\"@type\":\"BreadcrumbList\",\"@id\":\"https:\\\/\\\/nbcs.mx\\\/?p=156526#breadcrumb\",\"itemListElement\":[{\"@type\":\"ListItem\",\"position\":1,\"name\":\"Portada\",\"item\":\"https:\\\/\\\/nbcs.mx\\\/\"},{\"@type\":\"ListItem\",\"position\":2,\"name\":\"Suma BCS tres oro m\u00e1s en Paralimpiada Nacional 2025\"}]},{\"@type\":\"WebSite\",\"@id\":\"https:\\\/\\\/nbcs.mx\\\/#website\",\"url\":\"https:\\\/\\\/nbcs.mx\\\/\",\"name\":\"NBCS Noticias\",\"description\":\"Sitio web de noticias en Baja California Sur\",\"publisher\":{\"@id\":\"https:\\\/\\\/nbcs.mx\\\/#organization\"},\"potentialAction\":[{\"@type\":\"SearchAction\",\"target\":{\"@type\":\"EntryPoint\",\"urlTemplate\":\"https:\\\/\\\/nbcs.mx\\\/?s={search_term_string}\"},\"query-input\":{\"@type\":\"PropertyValueSpecification\",\"valueRequired\":true,\"valueName\":\"search_term_string\"}}],\"inLanguage\":\"es\"},{\"@type\":\"Organization\",\"@id\":\"https:\\\/\\\/nbcs.mx\\\/#organization\",\"name\":\"NBCS Noticias\",\"url\":\"https:\\\/\\\/nbcs.mx\\\/\",\"logo\":{\"@type\":\"ImageObject\",\"inLanguage\":\"es\",\"@id\":\"https:\\\/\\\/nbcs.mx\\\/#\\\/schema\\\/logo\\\/image\\\/\",\"url\":\"https:\\\/\\\/nbcs.mx\\\/wp-content\\\/uploads\\\/2018\\\/09\\\/057b69485e93575a5c2b1c1dde2dd297.jpeg\",\"contentUrl\":\"https:\\\/\\\/nbcs.mx\\\/wp-content\\\/uploads\\\/2018\\\/09\\\/057b69485e93575a5c2b1c1dde2dd297.jpeg\",\"width\":64,\"height\":64,\"caption\":\"NBCS Noticias\"},\"image\":{\"@id\":\"https:\\\/\\\/nbcs.mx\\\/#\\\/schema\\\/logo\\\/image\\\/\"},\"sameAs\":[\"https:\\\/\\\/www.facebook.com\\\/NBCSnoticias\",\"https:\\\/\\\/x.com\\\/NBCSnoticias\"]},{\"@type\":\"Person\",\"@id\":\"https:\\\/\\\/nbcs.mx\\\/#\\\/schema\\\/person\\\/ece58bab9a7c1e87a4d28ec9ecd79ff4\",\"name\":\"NBCS Noticias\",\"image\":{\"@type\":\"ImageObject\",\"inLanguage\":\"es\",\"@id\":\"https:\\\/\\\/secure.gravatar.com\\\/avatar\\\/4e52110cad1c4054b43271a0d14bbe9e2ea76aecd0e1097edfc670798d9ca1d4?s=96&d=blank&r=g\",\"url\":\"https:\\\/\\\/secure.gravatar.com\\\/avatar\\\/4e52110cad1c4054b43271a0d14bbe9e2ea76aecd0e1097edfc670798d9ca1d4?s=96&d=blank&r=g\",\"contentUrl\":\"https:\\\/\\\/secure.gravatar.com\\\/avatar\\\/4e52110cad1c4054b43271a0d14bbe9e2ea76aecd0e1097edfc670798d9ca1d4?s=96&d=blank&r=g\",\"caption\":\"NBCS Noticias\"},\"description\":\"\u00bfTienes fotos o video de alg\u00fan acto de posible negligencia, corrupci\u00f3n y abuso de autoridad? M\u00e1ndalo al WhatsApp de NBCS Noticias: 612 141 98 08\",\"sameAs\":[\"https:\\\/\\\/www.nbcs.mx\",\"https:\\\/\\\/www.facebook.com\\\/NBCSnoticias\",\"https:\\\/\\\/www.instagram.com\\\/nbcsnoticias\\\/\",\"https:\\\/\\\/x.com\\\/https:\\\/\\\/twitter.com\\\/NBCSnoticias\"]}]}<\/script>\n<!-- \/ Yoast SEO plugin. -->","yoast_head_json":{"title":"Suma BCS tres oro m\u00e1s en Paralimpiada Nacional 2025 - NBCS Noticias","robots":{"index":"index","follow":"follow","max-snippet":"max-snippet:-1","max-image-preview":"max-image-preview:large","max-video-preview":"max-video-preview:-1"},"canonical":"https:\/\/nbcs.mx\/?p=156526","og_locale":"es_ES","og_type":"article","og_title":"Suma BCS tres oro m\u00e1s en Paralimpiada Nacional 2025 - NBCS Noticias","og_description":"Una jornada dorada para Baja California Sur, en el inicio de la tercera etapa de la Paralimpiada Nacional CONADE 2025,","og_url":"https:\/\/nbcs.mx\/?p=156526","og_site_name":"NBCS Noticias","article_publisher":"https:\/\/www.facebook.com\/NBCSnoticias","article_author":"https:\/\/www.facebook.com\/NBCSnoticias","article_published_time":"2025-10-09T16:44:10+00:00","og_image":[{"width":1024,"height":683,"url":"https:\/\/nbcs.mx\/wp-content\/uploads\/2025\/10\/BCS-SUMA-TRES-ORO-MAS-EN-PARALIMPIADA-NACIONAL-2025-2.jpeg","type":"image\/jpeg"}],"author":"NBCS Noticias","twitter_card":"summary_large_image","twitter_creator":"@https:\/\/twitter.com\/NBCSnoticias","twitter_site":"@NBCSnoticias","twitter_misc":{"Escrito por":"NBCS Noticias","Tiempo de lectura":"2 minutos"},"schema":{"@context":"https:\/\/schema.org","@graph":[{"@type":"Article","@id":"https:\/\/nbcs.mx\/?p=156526#article","isPartOf":{"@id":"https:\/\/nbcs.mx\/?p=156526"},"author":{"name":"NBCS Noticias","@id":"https:\/\/nbcs.mx\/#\/schema\/person\/ece58bab9a7c1e87a4d28ec9ecd79ff4"},"headline":"Suma BCS tres oro m\u00e1s en Paralimpiada Nacional 2025","datePublished":"2025-10-09T16:44:10+00:00","mainEntityOfPage":{"@id":"https:\/\/nbcs.mx\/?p=156526"},"wordCount":190,"commentCount":0,"publisher":{"@id":"https:\/\/nbcs.mx\/#organization"},"image":{"@id":"https:\/\/nbcs.mx\/?p=156526#primaryimage"},"thumbnailUrl":"https:\/\/nbcs.mx\/wp-content\/uploads\/2025\/10\/BCS-SUMA-TRES-ORO-MAS-EN-PARALIMPIADA-NACIONAL-2025-2.jpeg","articleSection":["Deportes"],"inLanguage":"es","potentialAction":[{"@type":"CommentAction","name":"Comment","target":["https:\/\/nbcs.mx\/?p=156526#respond"]}]},{"@type":"WebPage","@id":"https:\/\/nbcs.mx\/?p=156526","url":"https:\/\/nbcs.mx\/?p=156526","name":"Suma BCS tres oro m\u00e1s en Paralimpiada Nacional 2025 - NBCS Noticias","isPartOf":{"@id":"https:\/\/nbcs.mx\/#website"},"primaryImageOfPage":{"@id":"https:\/\/nbcs.mx\/?p=156526#primaryimage"},"image":{"@id":"https:\/\/nbcs.mx\/?p=156526#primaryimage"},"thumbnailUrl":"https:\/\/nbcs.mx\/wp-content\/uploads\/2025\/10\/BCS-SUMA-TRES-ORO-MAS-EN-PARALIMPIADA-NACIONAL-2025-2.jpeg","datePublished":"2025-10-09T16:44:10+00:00","breadcrumb":{"@id":"https:\/\/nbcs.mx\/?p=156526#breadcrumb"},"inLanguage":"es","potentialAction":[{"@type":"ReadAction","target":["https:\/\/nbcs.mx\/?p=156526"]}]},{"@type":"ImageObject","inLanguage":"es","@id":"https:\/\/nbcs.mx\/?p=156526#primaryimage","url":"https:\/\/nbcs.mx\/wp-content\/uploads\/2025\/10\/BCS-SUMA-TRES-ORO-MAS-EN-PARALIMPIADA-NACIONAL-2025-2.jpeg","contentUrl":"https:\/\/nbcs.mx\/wp-content\/uploads\/2025\/10\/BCS-SUMA-TRES-ORO-MAS-EN-PARALIMPIADA-NACIONAL-2025-2.jpeg","width":1024,"height":683},{"@type":"BreadcrumbList","@id":"https:\/\/nbcs.mx\/?p=156526#breadcrumb","itemListElement":[{"@type":"ListItem","position":1,"name":"Portada","item":"https:\/\/nbcs.mx\/"},{"@type":"ListItem","position":2,"name":"Suma BCS tres oro m\u00e1s en Paralimpiada Nacional 2025"}]},{"@type":"WebSite","@id":"https:\/\/nbcs.mx\/#website","url":"https:\/\/nbcs.mx\/","name":"NBCS Noticias","description":"Sitio web de noticias en Baja California Sur","publisher":{"@id":"https:\/\/nbcs.mx\/#organization"},"potentialAction":[{"@type":"SearchAction","target":{"@type":"EntryPoint","urlTemplate":"https:\/\/nbcs.mx\/?s={search_term_string}"},"query-input":{"@type":"PropertyValueSpecification","valueRequired":true,"valueName":"search_term_string"}}],"inLanguage":"es"},{"@type":"Organization","@id":"https:\/\/nbcs.mx\/#organization","name":"NBCS Noticias","url":"https:\/\/nbcs.mx\/","logo":{"@type":"ImageObject","inLanguage":"es","@id":"https:\/\/nbcs.mx\/#\/schema\/logo\/image\/","url":"https:\/\/nbcs.mx\/wp-content\/uploads\/2018\/09\/057b69485e93575a5c2b1c1dde2dd297.jpeg","contentUrl":"https:\/\/nbcs.mx\/wp-content\/uploads\/2018\/09\/057b69485e93575a5c2b1c1dde2dd297.jpeg","width":64,"height":64,"caption":"NBCS Noticias"},"image":{"@id":"https:\/\/nbcs.mx\/#\/schema\/logo\/image\/"},"sameAs":["https:\/\/www.facebook.com\/NBCSnoticias","https:\/\/x.com\/NBCSnoticias"]},{"@type":"Person","@id":"https:\/\/nbcs.mx\/#\/schema\/person\/ece58bab9a7c1e87a4d28ec9ecd79ff4","name":"NBCS Noticias","image":{"@type":"ImageObject","inLanguage":"es","@id":"https:\/\/secure.gravatar.com\/avatar\/4e52110cad1c4054b43271a0d14bbe9e2ea76aecd0e1097edfc670798d9ca1d4?s=96&d=blank&r=g","url":"https:\/\/secure.gravatar.com\/avatar\/4e52110cad1c4054b43271a0d14bbe9e2ea76aecd0e1097edfc670798d9ca1d4?s=96&d=blank&r=g","contentUrl":"https:\/\/secure.gravatar.com\/avatar\/4e52110cad1c4054b43271a0d14bbe9e2ea76aecd0e1097edfc670798d9ca1d4?s=96&d=blank&r=g","caption":"NBCS Noticias"},"description":"\u00bfTienes fotos o video de alg\u00fan acto de posible negligencia, corrupci\u00f3n y abuso de autoridad? M\u00e1ndalo al WhatsApp de NBCS Noticias: 612 141 98 08","sameAs":["https:\/\/www.nbcs.mx","https:\/\/www.facebook.com\/NBCSnoticias","https:\/\/www.instagram.com\/nbcsnoticias\/","https:\/\/x.com\/https:\/\/twitter.com\/NBCSnoticias"]}]}},"jetpack_publicize_connections":[],"jetpack_featured_media_url":"https:\/\/nbcs.mx\/wp-content\/uploads\/2025\/10\/BCS-SUMA-TRES-ORO-MAS-EN-PARALIMPIADA-NACIONAL-2025-2.jpeg","jetpack_sharing_enabled":true,"_links":{"self":[{"href":"https:\/\/nbcs.mx\/index.php?rest_route=\/wp\/v2\/posts\/156526","targetHints":{"allow":["GET"]}}],"collection":[{"href":"https:\/\/nbcs.mx\/index.php?rest_route=\/wp\/v2\/posts"}],"about":[{"href":"https:\/\/nbcs.mx\/index.php?rest_route=\/wp\/v2\/types\/post"}],"author":[{"embeddable":true,"href":"https:\/\/nbcs.mx\/index.php?rest_route=\/wp\/v2\/users\/1"}],"replies":[{"embeddable":true,"href":"https:\/\/nbcs.mx\/index.php?rest_route=%2Fwp%2Fv2%2Fcomments&post=156526"}],"version-history":[{"count":1,"href":"https:\/\/nbcs.mx\/index.php?rest_route=\/wp\/v2\/posts\/156526\/revisions"}],"predecessor-version":[{"id":156528,"href":"https:\/\/nbcs.mx\/index.php?rest_route=\/wp\/v2\/posts\/156526\/revisions\/156528"}],"wp:featuredmedia":[{"embeddable":true,"href":"https:\/\/nbcs.mx\/index.php?rest_route=\/wp\/v2\/media\/156527"}],"wp:attachment":[{"href":"https:\/\/nbcs.mx\/index.php?rest_route=%2Fwp%2Fv2%2Fmedia&parent=156526"}],"wp:term":[{"taxonomy":"category","embeddable":true,"href":"https:\/\/nbcs.mx\/index.php?rest_route=%2Fwp%2Fv2%2Fcategories&post=156526"},{"taxonomy":"post_tag","embeddable":true,"href":"https:\/\/nbcs.mx\/index.php?rest_route=%2Fwp%2Fv2%2Ftags&post=156526"}],"curies":[{"name":"wp","href":"https:\/\/api.w.org\/{rel}","templated":true}]}}