{"id":156543,"date":"2025-10-09T14:43:02","date_gmt":"2025-10-09T20:43:02","guid":{"rendered":"https:\/\/nbcs.mx\/?p=156543"},"modified":"2025-10-09T14:53:00","modified_gmt":"2025-10-09T20:53:00","slug":"bcs-encabezara-la-primera-cumbre-internacional-de-especialistas-en-comercio-exterior-y-aduanas-2025","status":"publish","type":"post","link":"https:\/\/nbcs.mx\/?p=156543","title":{"rendered":"BCS encabezar\u00e1 la Primera Cumbre Internacional de Especialistas en Comercio Exterior y Aduanas 2025"},"content":{"rendered":"<p><img loading=\"lazy\" decoding=\"async\" class=\"wp-image-156546 alignleft\" src=\"https:\/\/nbcs.mx\/wp-content\/uploads\/2025\/10\/IMG_2175-755x434.jpg\" alt=\"\" width=\"391\" height=\"225\" srcset=\"https:\/\/nbcs.mx\/wp-content\/uploads\/2025\/10\/IMG_2175-755x434.jpg 755w, https:\/\/nbcs.mx\/wp-content\/uploads\/2025\/10\/IMG_2175-1024x589.jpg 1024w, https:\/\/nbcs.mx\/wp-content\/uploads\/2025\/10\/IMG_2175-150x86.jpg 150w, https:\/\/nbcs.mx\/wp-content\/uploads\/2025\/10\/IMG_2175-768x442.jpg 768w, https:\/\/nbcs.mx\/wp-content\/uploads\/2025\/10\/IMG_2175.jpg 1220w\" sizes=\"auto, (max-width: 391px) 100vw, 391px\" \/><\/p>\n<p style=\"font-weight: 400; text-align: justify;\">Los d\u00edas 23 y 24 de octubre, La Paz, Baja California Sur, ser\u00e1 sede de la Primera Cumbre Internacional de Especialistas en Comercio Exterior y Aduanas 2025, evento que marcar\u00e1 un precedente en el fortalecimiento de las relaciones comerciales internacionales.<\/p>\n<p style=\"font-weight: 400; text-align: justify;\">La actividad reunir\u00e1 a 20 ponentes provenientes de Espa\u00f1a, Argentina, M\u00e9xico, Colombia, Panam\u00e1, Italia y Estados Unidos, inform\u00f3 Clarisa Villarreal Zavala, directora de Fiscalizaci\u00f3n Aduanera.<\/p>\n<p style=\"font-weight: 400; text-align: justify;\">Precis\u00f3 que esta actividad, que se desarrollar\u00e1 en el Centro de Convenciones de La Paz, es organizada por el Gobierno del Estado, a trav\u00e9s de la Secretar\u00eda de Finanzas y Administraci\u00f3n, en coordinaci\u00f3n con el Centro Nacional para la Competitividad del Comercio Exterior, y est\u00e1 dirigida al sector empresarial y acad\u00e9mico.<\/p>\n<p style=\"font-weight: 400; text-align: justify;\">Villarreal Zavala subray\u00f3 que Baja California Sur destaca como una regi\u00f3n con amplias oportunidades en materia de comercio exterior debido a su potencial geogr\u00e1fico y de desarrollo econ\u00f3mico, raz\u00f3n por lo cual La Paz fue seleccionada a nivel internacional como el lugar ideal de este estrat\u00e9gico foro, que re\u00fane a juristas, empresarios, acad\u00e9micos y expertos en competitividad comercial.<\/p>\n<p style=\"font-weight: 400; text-align: justify;\">La servidora p\u00fablica reiter\u00f3 la invitaci\u00f3n a estudiantes de las carreras de comercio exterior, administraci\u00f3n o afines, as\u00ed como a acad\u00e9micos y empresarios, a participar en esta Primera Cumbre Internacional, que ser\u00e1 un espacio para el diagn\u00f3stico y la obtenci\u00f3n de propuestas concretas que puedan integrarse en la toma de decisiones empresariales y p\u00fablicas.<\/p>\n<p style=\"font-weight: 400; text-align: justify;\">Asimismo, indic\u00f3 que las personas interesas pueden obtener mayores informes, a trav\u00e9s de los n\u00fameros de WhatsApp\u00a0222-7350-518 o 222-926-8469, o mediante los correos electr\u00f3nicos ana.rojas@estrategiaaduanera.mx y gabriela.rojas@estrategiaaduanera.mx.<\/p>\n<p style=\"font-weight: 400; text-align: justify;\">\n","protected":false},"excerpt":{"rendered":"<p>Los d\u00edas 23 y 24 de octubre, La Paz, Baja California Sur, ser\u00e1 sede de la Primera Cumbre Internacional de<\/p>\n","protected":false},"author":1,"featured_media":156546,"comment_status":"open","ping_status":"closed","sticky":false,"template":"","format":"standard","meta":{"colormag_page_container_layout":"default_layout","colormag_page_sidebar_layout":"default_layout","_jetpack_memberships_contains_paid_content":false,"footnotes":"","jetpack_publicize_message":"","jetpack_publicize_feature_enabled":true,"jetpack_social_post_already_shared":true,"jetpack_social_options":{"image_generator_settings":{"template":"highway","default_image_id":0,"font":"","enabled":false},"version":2}},"categories":[1],"tags":[],"class_list":["post-156543","post","type-post","status-publish","format-standard","has-post-thumbnail","hentry","category-noticias"],"yoast_head":"<!-- This site is optimized with the Yoast SEO plugin v27.4 - https:\/\/yoast.com\/product\/yoast-seo-wordpress\/ -->\n<title>BCS encabezar\u00e1 la Primera Cumbre Internacional de Especialistas en Comercio Exterior y Aduanas 2025 - NBCS Noticias<\/title>\n<meta name=\"robots\" content=\"index, follow, max-snippet:-1, max-image-preview:large, max-video-preview:-1\" \/>\n<link rel=\"canonical\" href=\"https:\/\/nbcs.mx\/?p=156543\" \/>\n<meta property=\"og:locale\" content=\"es_ES\" \/>\n<meta property=\"og:type\" content=\"article\" \/>\n<meta property=\"og:title\" content=\"BCS encabezar\u00e1 la Primera Cumbre Internacional de Especialistas en Comercio Exterior y Aduanas 2025 - NBCS Noticias\" \/>\n<meta property=\"og:description\" content=\"Los d\u00edas 23 y 24 de octubre, La Paz, Baja California Sur, ser\u00e1 sede de la Primera Cumbre Internacional de\" \/>\n<meta property=\"og:url\" content=\"https:\/\/nbcs.mx\/?p=156543\" \/>\n<meta property=\"og:site_name\" content=\"NBCS Noticias\" \/>\n<meta property=\"article:publisher\" content=\"https:\/\/www.facebook.com\/NBCSnoticias\" \/>\n<meta property=\"article:author\" content=\"https:\/\/www.facebook.com\/NBCSnoticias\" \/>\n<meta property=\"article:published_time\" content=\"2025-10-09T20:43:02+00:00\" \/>\n<meta property=\"article:modified_time\" content=\"2025-10-09T20:53:00+00:00\" \/>\n<meta property=\"og:image\" content=\"https:\/\/nbcs.mx\/wp-content\/uploads\/2025\/10\/IMG_2175.jpg\" \/>\n\t<meta property=\"og:image:width\" content=\"1220\" \/>\n\t<meta property=\"og:image:height\" content=\"702\" \/>\n\t<meta property=\"og:image:type\" content=\"image\/jpeg\" \/>\n<meta name=\"author\" content=\"NBCS Noticias\" \/>\n<meta name=\"twitter:card\" content=\"summary_large_image\" \/>\n<meta name=\"twitter:creator\" content=\"@https:\/\/twitter.com\/NBCSnoticias\" \/>\n<meta name=\"twitter:site\" content=\"@NBCSnoticias\" \/>\n<meta name=\"twitter:label1\" content=\"Escrito por\" \/>\n\t<meta name=\"twitter:data1\" content=\"NBCS Noticias\" \/>\n\t<meta name=\"twitter:label2\" content=\"Tiempo de lectura\" \/>\n\t<meta name=\"twitter:data2\" content=\"2 minutos\" \/>\n<script type=\"application\/ld+json\" class=\"yoast-schema-graph\">{\"@context\":\"https:\\\/\\\/schema.org\",\"@graph\":[{\"@type\":\"Article\",\"@id\":\"https:\\\/\\\/nbcs.mx\\\/?p=156543#article\",\"isPartOf\":{\"@id\":\"https:\\\/\\\/nbcs.mx\\\/?p=156543\"},\"author\":{\"name\":\"NBCS Noticias\",\"@id\":\"https:\\\/\\\/nbcs.mx\\\/#\\\/schema\\\/person\\\/ece58bab9a7c1e87a4d28ec9ecd79ff4\"},\"headline\":\"BCS encabezar\u00e1 la Primera Cumbre Internacional de Especialistas en Comercio Exterior y Aduanas 2025\",\"datePublished\":\"2025-10-09T20:43:02+00:00\",\"dateModified\":\"2025-10-09T20:53:00+00:00\",\"mainEntityOfPage\":{\"@id\":\"https:\\\/\\\/nbcs.mx\\\/?p=156543\"},\"wordCount\":299,\"commentCount\":0,\"publisher\":{\"@id\":\"https:\\\/\\\/nbcs.mx\\\/#organization\"},\"image\":{\"@id\":\"https:\\\/\\\/nbcs.mx\\\/?p=156543#primaryimage\"},\"thumbnailUrl\":\"https:\\\/\\\/nbcs.mx\\\/wp-content\\\/uploads\\\/2025\\\/10\\\/IMG_2175.jpg\",\"articleSection\":[\"Noticias\"],\"inLanguage\":\"es\",\"potentialAction\":[{\"@type\":\"CommentAction\",\"name\":\"Comment\",\"target\":[\"https:\\\/\\\/nbcs.mx\\\/?p=156543#respond\"]}]},{\"@type\":\"WebPage\",\"@id\":\"https:\\\/\\\/nbcs.mx\\\/?p=156543\",\"url\":\"https:\\\/\\\/nbcs.mx\\\/?p=156543\",\"name\":\"BCS encabezar\u00e1 la Primera Cumbre Internacional de Especialistas en Comercio Exterior y Aduanas 2025 - NBCS Noticias\",\"isPartOf\":{\"@id\":\"https:\\\/\\\/nbcs.mx\\\/#website\"},\"primaryImageOfPage\":{\"@id\":\"https:\\\/\\\/nbcs.mx\\\/?p=156543#primaryimage\"},\"image\":{\"@id\":\"https:\\\/\\\/nbcs.mx\\\/?p=156543#primaryimage\"},\"thumbnailUrl\":\"https:\\\/\\\/nbcs.mx\\\/wp-content\\\/uploads\\\/2025\\\/10\\\/IMG_2175.jpg\",\"datePublished\":\"2025-10-09T20:43:02+00:00\",\"dateModified\":\"2025-10-09T20:53:00+00:00\",\"breadcrumb\":{\"@id\":\"https:\\\/\\\/nbcs.mx\\\/?p=156543#breadcrumb\"},\"inLanguage\":\"es\",\"potentialAction\":[{\"@type\":\"ReadAction\",\"target\":[\"https:\\\/\\\/nbcs.mx\\\/?p=156543\"]}]},{\"@type\":\"ImageObject\",\"inLanguage\":\"es\",\"@id\":\"https:\\\/\\\/nbcs.mx\\\/?p=156543#primaryimage\",\"url\":\"https:\\\/\\\/nbcs.mx\\\/wp-content\\\/uploads\\\/2025\\\/10\\\/IMG_2175.jpg\",\"contentUrl\":\"https:\\\/\\\/nbcs.mx\\\/wp-content\\\/uploads\\\/2025\\\/10\\\/IMG_2175.jpg\",\"width\":1220,\"height\":702,\"caption\":\"Screenshot\"},{\"@type\":\"BreadcrumbList\",\"@id\":\"https:\\\/\\\/nbcs.mx\\\/?p=156543#breadcrumb\",\"itemListElement\":[{\"@type\":\"ListItem\",\"position\":1,\"name\":\"Portada\",\"item\":\"https:\\\/\\\/nbcs.mx\\\/\"},{\"@type\":\"ListItem\",\"position\":2,\"name\":\"BCS encabezar\u00e1 la Primera Cumbre Internacional de Especialistas en Comercio Exterior y Aduanas 2025\"}]},{\"@type\":\"WebSite\",\"@id\":\"https:\\\/\\\/nbcs.mx\\\/#website\",\"url\":\"https:\\\/\\\/nbcs.mx\\\/\",\"name\":\"NBCS Noticias\",\"description\":\"Sitio web de noticias en Baja California Sur\",\"publisher\":{\"@id\":\"https:\\\/\\\/nbcs.mx\\\/#organization\"},\"potentialAction\":[{\"@type\":\"SearchAction\",\"target\":{\"@type\":\"EntryPoint\",\"urlTemplate\":\"https:\\\/\\\/nbcs.mx\\\/?s={search_term_string}\"},\"query-input\":{\"@type\":\"PropertyValueSpecification\",\"valueRequired\":true,\"valueName\":\"search_term_string\"}}],\"inLanguage\":\"es\"},{\"@type\":\"Organization\",\"@id\":\"https:\\\/\\\/nbcs.mx\\\/#organization\",\"name\":\"NBCS Noticias\",\"url\":\"https:\\\/\\\/nbcs.mx\\\/\",\"logo\":{\"@type\":\"ImageObject\",\"inLanguage\":\"es\",\"@id\":\"https:\\\/\\\/nbcs.mx\\\/#\\\/schema\\\/logo\\\/image\\\/\",\"url\":\"https:\\\/\\\/nbcs.mx\\\/wp-content\\\/uploads\\\/2018\\\/09\\\/057b69485e93575a5c2b1c1dde2dd297.jpeg\",\"contentUrl\":\"https:\\\/\\\/nbcs.mx\\\/wp-content\\\/uploads\\\/2018\\\/09\\\/057b69485e93575a5c2b1c1dde2dd297.jpeg\",\"width\":64,\"height\":64,\"caption\":\"NBCS Noticias\"},\"image\":{\"@id\":\"https:\\\/\\\/nbcs.mx\\\/#\\\/schema\\\/logo\\\/image\\\/\"},\"sameAs\":[\"https:\\\/\\\/www.facebook.com\\\/NBCSnoticias\",\"https:\\\/\\\/x.com\\\/NBCSnoticias\"]},{\"@type\":\"Person\",\"@id\":\"https:\\\/\\\/nbcs.mx\\\/#\\\/schema\\\/person\\\/ece58bab9a7c1e87a4d28ec9ecd79ff4\",\"name\":\"NBCS Noticias\",\"image\":{\"@type\":\"ImageObject\",\"inLanguage\":\"es\",\"@id\":\"https:\\\/\\\/secure.gravatar.com\\\/avatar\\\/4e52110cad1c4054b43271a0d14bbe9e2ea76aecd0e1097edfc670798d9ca1d4?s=96&d=blank&r=g\",\"url\":\"https:\\\/\\\/secure.gravatar.com\\\/avatar\\\/4e52110cad1c4054b43271a0d14bbe9e2ea76aecd0e1097edfc670798d9ca1d4?s=96&d=blank&r=g\",\"contentUrl\":\"https:\\\/\\\/secure.gravatar.com\\\/avatar\\\/4e52110cad1c4054b43271a0d14bbe9e2ea76aecd0e1097edfc670798d9ca1d4?s=96&d=blank&r=g\",\"caption\":\"NBCS Noticias\"},\"description\":\"\u00bfTienes fotos o video de alg\u00fan acto de posible negligencia, corrupci\u00f3n y abuso de autoridad? M\u00e1ndalo al WhatsApp de NBCS Noticias: 612 141 98 08\",\"sameAs\":[\"https:\\\/\\\/www.nbcs.mx\",\"https:\\\/\\\/www.facebook.com\\\/NBCSnoticias\",\"https:\\\/\\\/www.instagram.com\\\/nbcsnoticias\\\/\",\"https:\\\/\\\/x.com\\\/https:\\\/\\\/twitter.com\\\/NBCSnoticias\"]}]}<\/script>\n<!-- \/ Yoast SEO plugin. -->","yoast_head_json":{"title":"BCS encabezar\u00e1 la Primera Cumbre Internacional de Especialistas en Comercio Exterior y Aduanas 2025 - NBCS Noticias","robots":{"index":"index","follow":"follow","max-snippet":"max-snippet:-1","max-image-preview":"max-image-preview:large","max-video-preview":"max-video-preview:-1"},"canonical":"https:\/\/nbcs.mx\/?p=156543","og_locale":"es_ES","og_type":"article","og_title":"BCS encabezar\u00e1 la Primera Cumbre Internacional de Especialistas en Comercio Exterior y Aduanas 2025 - NBCS Noticias","og_description":"Los d\u00edas 23 y 24 de octubre, La Paz, Baja California Sur, ser\u00e1 sede de la Primera Cumbre Internacional de","og_url":"https:\/\/nbcs.mx\/?p=156543","og_site_name":"NBCS Noticias","article_publisher":"https:\/\/www.facebook.com\/NBCSnoticias","article_author":"https:\/\/www.facebook.com\/NBCSnoticias","article_published_time":"2025-10-09T20:43:02+00:00","article_modified_time":"2025-10-09T20:53:00+00:00","og_image":[{"width":1220,"height":702,"url":"https:\/\/nbcs.mx\/wp-content\/uploads\/2025\/10\/IMG_2175.jpg","type":"image\/jpeg"}],"author":"NBCS Noticias","twitter_card":"summary_large_image","twitter_creator":"@https:\/\/twitter.com\/NBCSnoticias","twitter_site":"@NBCSnoticias","twitter_misc":{"Escrito por":"NBCS Noticias","Tiempo de lectura":"2 minutos"},"schema":{"@context":"https:\/\/schema.org","@graph":[{"@type":"Article","@id":"https:\/\/nbcs.mx\/?p=156543#article","isPartOf":{"@id":"https:\/\/nbcs.mx\/?p=156543"},"author":{"name":"NBCS Noticias","@id":"https:\/\/nbcs.mx\/#\/schema\/person\/ece58bab9a7c1e87a4d28ec9ecd79ff4"},"headline":"BCS encabezar\u00e1 la Primera Cumbre Internacional de Especialistas en Comercio Exterior y Aduanas 2025","datePublished":"2025-10-09T20:43:02+00:00","dateModified":"2025-10-09T20:53:00+00:00","mainEntityOfPage":{"@id":"https:\/\/nbcs.mx\/?p=156543"},"wordCount":299,"commentCount":0,"publisher":{"@id":"https:\/\/nbcs.mx\/#organization"},"image":{"@id":"https:\/\/nbcs.mx\/?p=156543#primaryimage"},"thumbnailUrl":"https:\/\/nbcs.mx\/wp-content\/uploads\/2025\/10\/IMG_2175.jpg","articleSection":["Noticias"],"inLanguage":"es","potentialAction":[{"@type":"CommentAction","name":"Comment","target":["https:\/\/nbcs.mx\/?p=156543#respond"]}]},{"@type":"WebPage","@id":"https:\/\/nbcs.mx\/?p=156543","url":"https:\/\/nbcs.mx\/?p=156543","name":"BCS encabezar\u00e1 la Primera Cumbre Internacional de Especialistas en Comercio Exterior y Aduanas 2025 - NBCS Noticias","isPartOf":{"@id":"https:\/\/nbcs.mx\/#website"},"primaryImageOfPage":{"@id":"https:\/\/nbcs.mx\/?p=156543#primaryimage"},"image":{"@id":"https:\/\/nbcs.mx\/?p=156543#primaryimage"},"thumbnailUrl":"https:\/\/nbcs.mx\/wp-content\/uploads\/2025\/10\/IMG_2175.jpg","datePublished":"2025-10-09T20:43:02+00:00","dateModified":"2025-10-09T20:53:00+00:00","breadcrumb":{"@id":"https:\/\/nbcs.mx\/?p=156543#breadcrumb"},"inLanguage":"es","potentialAction":[{"@type":"ReadAction","target":["https:\/\/nbcs.mx\/?p=156543"]}]},{"@type":"ImageObject","inLanguage":"es","@id":"https:\/\/nbcs.mx\/?p=156543#primaryimage","url":"https:\/\/nbcs.mx\/wp-content\/uploads\/2025\/10\/IMG_2175.jpg","contentUrl":"https:\/\/nbcs.mx\/wp-content\/uploads\/2025\/10\/IMG_2175.jpg","width":1220,"height":702,"caption":"Screenshot"},{"@type":"BreadcrumbList","@id":"https:\/\/nbcs.mx\/?p=156543#breadcrumb","itemListElement":[{"@type":"ListItem","position":1,"name":"Portada","item":"https:\/\/nbcs.mx\/"},{"@type":"ListItem","position":2,"name":"BCS encabezar\u00e1 la Primera Cumbre Internacional de Especialistas en Comercio Exterior y Aduanas 2025"}]},{"@type":"WebSite","@id":"https:\/\/nbcs.mx\/#website","url":"https:\/\/nbcs.mx\/","name":"NBCS Noticias","description":"Sitio web de noticias en Baja California Sur","publisher":{"@id":"https:\/\/nbcs.mx\/#organization"},"potentialAction":[{"@type":"SearchAction","target":{"@type":"EntryPoint","urlTemplate":"https:\/\/nbcs.mx\/?s={search_term_string}"},"query-input":{"@type":"PropertyValueSpecification","valueRequired":true,"valueName":"search_term_string"}}],"inLanguage":"es"},{"@type":"Organization","@id":"https:\/\/nbcs.mx\/#organization","name":"NBCS Noticias","url":"https:\/\/nbcs.mx\/","logo":{"@type":"ImageObject","inLanguage":"es","@id":"https:\/\/nbcs.mx\/#\/schema\/logo\/image\/","url":"https:\/\/nbcs.mx\/wp-content\/uploads\/2018\/09\/057b69485e93575a5c2b1c1dde2dd297.jpeg","contentUrl":"https:\/\/nbcs.mx\/wp-content\/uploads\/2018\/09\/057b69485e93575a5c2b1c1dde2dd297.jpeg","width":64,"height":64,"caption":"NBCS Noticias"},"image":{"@id":"https:\/\/nbcs.mx\/#\/schema\/logo\/image\/"},"sameAs":["https:\/\/www.facebook.com\/NBCSnoticias","https:\/\/x.com\/NBCSnoticias"]},{"@type":"Person","@id":"https:\/\/nbcs.mx\/#\/schema\/person\/ece58bab9a7c1e87a4d28ec9ecd79ff4","name":"NBCS Noticias","image":{"@type":"ImageObject","inLanguage":"es","@id":"https:\/\/secure.gravatar.com\/avatar\/4e52110cad1c4054b43271a0d14bbe9e2ea76aecd0e1097edfc670798d9ca1d4?s=96&d=blank&r=g","url":"https:\/\/secure.gravatar.com\/avatar\/4e52110cad1c4054b43271a0d14bbe9e2ea76aecd0e1097edfc670798d9ca1d4?s=96&d=blank&r=g","contentUrl":"https:\/\/secure.gravatar.com\/avatar\/4e52110cad1c4054b43271a0d14bbe9e2ea76aecd0e1097edfc670798d9ca1d4?s=96&d=blank&r=g","caption":"NBCS Noticias"},"description":"\u00bfTienes fotos o video de alg\u00fan acto de posible negligencia, corrupci\u00f3n y abuso de autoridad? M\u00e1ndalo al WhatsApp de NBCS Noticias: 612 141 98 08","sameAs":["https:\/\/www.nbcs.mx","https:\/\/www.facebook.com\/NBCSnoticias","https:\/\/www.instagram.com\/nbcsnoticias\/","https:\/\/x.com\/https:\/\/twitter.com\/NBCSnoticias"]}]}},"jetpack_publicize_connections":[],"jetpack_featured_media_url":"https:\/\/nbcs.mx\/wp-content\/uploads\/2025\/10\/IMG_2175.jpg","jetpack_sharing_enabled":true,"_links":{"self":[{"href":"https:\/\/nbcs.mx\/index.php?rest_route=\/wp\/v2\/posts\/156543","targetHints":{"allow":["GET"]}}],"collection":[{"href":"https:\/\/nbcs.mx\/index.php?rest_route=\/wp\/v2\/posts"}],"about":[{"href":"https:\/\/nbcs.mx\/index.php?rest_route=\/wp\/v2\/types\/post"}],"author":[{"embeddable":true,"href":"https:\/\/nbcs.mx\/index.php?rest_route=\/wp\/v2\/users\/1"}],"replies":[{"embeddable":true,"href":"https:\/\/nbcs.mx\/index.php?rest_route=%2Fwp%2Fv2%2Fcomments&post=156543"}],"version-history":[{"count":3,"href":"https:\/\/nbcs.mx\/index.php?rest_route=\/wp\/v2\/posts\/156543\/revisions"}],"predecessor-version":[{"id":156548,"href":"https:\/\/nbcs.mx\/index.php?rest_route=\/wp\/v2\/posts\/156543\/revisions\/156548"}],"wp:featuredmedia":[{"embeddable":true,"href":"https:\/\/nbcs.mx\/index.php?rest_route=\/wp\/v2\/media\/156546"}],"wp:attachment":[{"href":"https:\/\/nbcs.mx\/index.php?rest_route=%2Fwp%2Fv2%2Fmedia&parent=156543"}],"wp:term":[{"taxonomy":"category","embeddable":true,"href":"https:\/\/nbcs.mx\/index.php?rest_route=%2Fwp%2Fv2%2Fcategories&post=156543"},{"taxonomy":"post_tag","embeddable":true,"href":"https:\/\/nbcs.mx\/index.php?rest_route=%2Fwp%2Fv2%2Ftags&post=156543"}],"curies":[{"name":"wp","href":"https:\/\/api.w.org\/{rel}","templated":true}]}}