{"id":156739,"date":"2025-10-13T23:20:44","date_gmt":"2025-10-14T05:20:44","guid":{"rendered":"https:\/\/nbcs.mx\/?p=156739"},"modified":"2025-10-13T23:20:44","modified_gmt":"2025-10-14T05:20:44","slug":"temperatura-agradable-en-bcs-para-esta-semana-maxima-en-la-paz-con-33-y-minima-de-13-en-vizcaino","status":"publish","type":"post","link":"https:\/\/nbcs.mx\/?p=156739","title":{"rendered":"Temperatura agradable en BCS para esta semana; m\u00e1xima en La Paz con 33 y m\u00ednima de 13 en Vizca\u00edno"},"content":{"rendered":"<p style=\"text-align: justify;\"><img loading=\"lazy\" decoding=\"async\" class=\" wp-image-156740 alignleft\" src=\"https:\/\/nbcs.mx\/wp-content\/uploads\/2025\/10\/Temperatura1.jpg\" alt=\"\" width=\"366\" height=\"202\" srcset=\"https:\/\/nbcs.mx\/wp-content\/uploads\/2025\/10\/Temperatura1.jpg 725w, https:\/\/nbcs.mx\/wp-content\/uploads\/2025\/10\/Temperatura1-150x83.jpg 150w\" sizes=\"auto, (max-width: 366px) 100vw, 366px\" \/>Temperaturas agradables son las que se tienen pronosticadas durante esta semana en Baja California Sur, cuando las m\u00e1ximas ocurrir\u00edan en La Paz con 33 grados como m\u00e1xima, en tanto que las m\u00ednimas ser\u00edan de 13 en El Vizca\u00edno.<\/p>\n<p style=\"text-align: justify;\">En lo que pareciera ser la entrada a la etapa pre invernal, las condiciones del clima en la entidad se deber\u00edan al ingreso del frente fr\u00edo n\u00famero 7, que este martes ingresar\u00eda por Baja California y el mi\u00e9rcoles empezar\u00edan a resentirse sus efectos en el municipio de Muleg\u00e9, con bajas temperaturas y rachas de viento.<\/p>\n<p style=\"text-align: justify;\">Al sur de ese municipio, el frente fr\u00edo pasar\u00eda a ser frente estacionario; es decir, la convecci\u00f3n de dos masas de aire, una fr\u00eda y otra caliente, que neutralizar\u00edan su movimiento, provocando nublados, algunas lloviznas y neblina.<\/p>\n<p style=\"text-align: justify;\">De esta manera, del martes al jueves las condiciones de la temperatura ser\u00edan pr\u00e1cticamente igual, con 33 grados en La Paz como m\u00e1ximo; en tanto que Los Cabos y Loreto estar\u00edan en 31; Ciudad Constituci\u00f3n, Heroica Muleg\u00e9, Santa Rosal\u00eda, Todos Santos y El Vizca\u00edno, entre 29 y 30.<\/p>\n<p style=\"text-align: justify;\">En Guerrero Negro y la zona Pac\u00edfico Norte se recuperar\u00eda la condici\u00f3n habitual, por lo que sus registros m\u00e1s altos fluctuar\u00edan entre los 25 y 28, con m\u00ednimas de entre 13 y 18.<\/p>\n<p style=\"text-align: justify;\">Para el viernes hay posibilidad de lluvias ligeras, precisamente provocadas por ese frente estacionario, en la regi\u00f3n de Heroica Muleg\u00e9 y Santa Rosal\u00eda; y el s\u00e1bado se espera un incremento de la temperatura de 1 a 2 grados en Los Cabos, Ciudad Constituci\u00f3n y El Vizca\u00edno.<\/p>\n<p style=\"text-align: justify;\">Mientras tanto, las autoridades meteorol\u00f3gicas dan seguimiento a la posible formaci\u00f3n de una zona de baja presi\u00f3n con probabilidad para desarrollo cicl\u00f3nico en el Pac\u00edfico sur mexicano, condiciones que generar\u00e1n chubascos y lluvias fuertes a muy fuertes en las mencionadas regiones.<\/p>\n<p style=\"text-align: justify;\">Ser\u00e1 en las siguientes horas cuando se puedan definir modelos de posible desplazamiento, aunque considerando las condiciones clim\u00e1ticas en el Pac\u00edfico norte, donde el mar est\u00e1 alcanzando temperaturas m\u00e1s bajas, se considera dif\u00edcil que pueda evolucionar cerca de las costas sudcalifornianas, aunque depender\u00e1 de su nubosidad si generar\u00eda o no lluvias en la entidad, como ocurri\u00f3 con las recientes formaciones. (Por: Arturo Nieves).<\/p>\n","protected":false},"excerpt":{"rendered":"<p>Temperaturas agradables son las que se tienen pronosticadas durante esta semana en Baja California Sur, cuando las m\u00e1ximas ocurrir\u00edan en<\/p>\n","protected":false},"author":1,"featured_media":156740,"comment_status":"open","ping_status":"closed","sticky":false,"template":"","format":"standard","meta":{"colormag_page_container_layout":"default_layout","colormag_page_sidebar_layout":"default_layout","_jetpack_memberships_contains_paid_content":false,"footnotes":"","jetpack_publicize_message":"","jetpack_publicize_feature_enabled":true,"jetpack_social_post_already_shared":true,"jetpack_social_options":{"image_generator_settings":{"template":"highway","default_image_id":0,"font":"","enabled":false},"version":2}},"categories":[30],"tags":[],"class_list":["post-156739","post","type-post","status-publish","format-standard","has-post-thumbnail","hentry","category-clima"],"yoast_head":"<!-- This site is optimized with the Yoast SEO plugin v27.4 - https:\/\/yoast.com\/product\/yoast-seo-wordpress\/ -->\n<title>Temperatura agradable en BCS para esta semana; m\u00e1xima en La Paz con 33 y m\u00ednima de 13 en Vizca\u00edno - NBCS Noticias<\/title>\n<meta name=\"robots\" content=\"index, follow, max-snippet:-1, max-image-preview:large, max-video-preview:-1\" \/>\n<link rel=\"canonical\" href=\"https:\/\/nbcs.mx\/?p=156739\" \/>\n<meta property=\"og:locale\" content=\"es_ES\" \/>\n<meta property=\"og:type\" content=\"article\" \/>\n<meta property=\"og:title\" content=\"Temperatura agradable en BCS para esta semana; m\u00e1xima en La Paz con 33 y m\u00ednima de 13 en Vizca\u00edno - NBCS Noticias\" \/>\n<meta property=\"og:description\" content=\"Temperaturas agradables son las que se tienen pronosticadas durante esta semana en Baja California Sur, cuando las m\u00e1ximas ocurrir\u00edan en\" \/>\n<meta property=\"og:url\" content=\"https:\/\/nbcs.mx\/?p=156739\" \/>\n<meta property=\"og:site_name\" content=\"NBCS Noticias\" \/>\n<meta property=\"article:publisher\" content=\"https:\/\/www.facebook.com\/NBCSnoticias\" \/>\n<meta property=\"article:author\" content=\"https:\/\/www.facebook.com\/NBCSnoticias\" \/>\n<meta property=\"article:published_time\" content=\"2025-10-14T05:20:44+00:00\" \/>\n<meta property=\"og:image\" content=\"https:\/\/nbcs.mx\/wp-content\/uploads\/2025\/10\/Temperatura1.jpg\" \/>\n\t<meta property=\"og:image:width\" content=\"725\" \/>\n\t<meta property=\"og:image:height\" content=\"400\" \/>\n\t<meta property=\"og:image:type\" content=\"image\/jpeg\" \/>\n<meta name=\"author\" content=\"NBCS Noticias\" \/>\n<meta name=\"twitter:card\" content=\"summary_large_image\" \/>\n<meta name=\"twitter:creator\" content=\"@https:\/\/twitter.com\/NBCSnoticias\" \/>\n<meta name=\"twitter:site\" content=\"@NBCSnoticias\" \/>\n<meta name=\"twitter:label1\" content=\"Escrito por\" \/>\n\t<meta name=\"twitter:data1\" content=\"NBCS Noticias\" \/>\n\t<meta name=\"twitter:label2\" content=\"Tiempo de lectura\" \/>\n\t<meta name=\"twitter:data2\" content=\"3 minutos\" \/>\n<script type=\"application\/ld+json\" class=\"yoast-schema-graph\">{\"@context\":\"https:\\\/\\\/schema.org\",\"@graph\":[{\"@type\":\"Article\",\"@id\":\"https:\\\/\\\/nbcs.mx\\\/?p=156739#article\",\"isPartOf\":{\"@id\":\"https:\\\/\\\/nbcs.mx\\\/?p=156739\"},\"author\":{\"name\":\"NBCS Noticias\",\"@id\":\"https:\\\/\\\/nbcs.mx\\\/#\\\/schema\\\/person\\\/ece58bab9a7c1e87a4d28ec9ecd79ff4\"},\"headline\":\"Temperatura agradable en BCS para esta semana; m\u00e1xima en La Paz con 33 y m\u00ednima de 13 en Vizca\u00edno\",\"datePublished\":\"2025-10-14T05:20:44+00:00\",\"mainEntityOfPage\":{\"@id\":\"https:\\\/\\\/nbcs.mx\\\/?p=156739\"},\"wordCount\":414,\"commentCount\":0,\"publisher\":{\"@id\":\"https:\\\/\\\/nbcs.mx\\\/#organization\"},\"image\":{\"@id\":\"https:\\\/\\\/nbcs.mx\\\/?p=156739#primaryimage\"},\"thumbnailUrl\":\"https:\\\/\\\/nbcs.mx\\\/wp-content\\\/uploads\\\/2025\\\/10\\\/Temperatura1.jpg\",\"articleSection\":[\"Clima\"],\"inLanguage\":\"es\",\"potentialAction\":[{\"@type\":\"CommentAction\",\"name\":\"Comment\",\"target\":[\"https:\\\/\\\/nbcs.mx\\\/?p=156739#respond\"]}]},{\"@type\":\"WebPage\",\"@id\":\"https:\\\/\\\/nbcs.mx\\\/?p=156739\",\"url\":\"https:\\\/\\\/nbcs.mx\\\/?p=156739\",\"name\":\"Temperatura agradable en BCS para esta semana; m\u00e1xima en La Paz con 33 y m\u00ednima de 13 en Vizca\u00edno - NBCS Noticias\",\"isPartOf\":{\"@id\":\"https:\\\/\\\/nbcs.mx\\\/#website\"},\"primaryImageOfPage\":{\"@id\":\"https:\\\/\\\/nbcs.mx\\\/?p=156739#primaryimage\"},\"image\":{\"@id\":\"https:\\\/\\\/nbcs.mx\\\/?p=156739#primaryimage\"},\"thumbnailUrl\":\"https:\\\/\\\/nbcs.mx\\\/wp-content\\\/uploads\\\/2025\\\/10\\\/Temperatura1.jpg\",\"datePublished\":\"2025-10-14T05:20:44+00:00\",\"breadcrumb\":{\"@id\":\"https:\\\/\\\/nbcs.mx\\\/?p=156739#breadcrumb\"},\"inLanguage\":\"es\",\"potentialAction\":[{\"@type\":\"ReadAction\",\"target\":[\"https:\\\/\\\/nbcs.mx\\\/?p=156739\"]}]},{\"@type\":\"ImageObject\",\"inLanguage\":\"es\",\"@id\":\"https:\\\/\\\/nbcs.mx\\\/?p=156739#primaryimage\",\"url\":\"https:\\\/\\\/nbcs.mx\\\/wp-content\\\/uploads\\\/2025\\\/10\\\/Temperatura1.jpg\",\"contentUrl\":\"https:\\\/\\\/nbcs.mx\\\/wp-content\\\/uploads\\\/2025\\\/10\\\/Temperatura1.jpg\",\"width\":725,\"height\":400},{\"@type\":\"BreadcrumbList\",\"@id\":\"https:\\\/\\\/nbcs.mx\\\/?p=156739#breadcrumb\",\"itemListElement\":[{\"@type\":\"ListItem\",\"position\":1,\"name\":\"Portada\",\"item\":\"https:\\\/\\\/nbcs.mx\\\/\"},{\"@type\":\"ListItem\",\"position\":2,\"name\":\"Temperatura agradable en BCS para esta semana; m\u00e1xima en La Paz con 33 y m\u00ednima de 13 en Vizca\u00edno\"}]},{\"@type\":\"WebSite\",\"@id\":\"https:\\\/\\\/nbcs.mx\\\/#website\",\"url\":\"https:\\\/\\\/nbcs.mx\\\/\",\"name\":\"NBCS Noticias\",\"description\":\"Sitio web de noticias en Baja California Sur\",\"publisher\":{\"@id\":\"https:\\\/\\\/nbcs.mx\\\/#organization\"},\"potentialAction\":[{\"@type\":\"SearchAction\",\"target\":{\"@type\":\"EntryPoint\",\"urlTemplate\":\"https:\\\/\\\/nbcs.mx\\\/?s={search_term_string}\"},\"query-input\":{\"@type\":\"PropertyValueSpecification\",\"valueRequired\":true,\"valueName\":\"search_term_string\"}}],\"inLanguage\":\"es\"},{\"@type\":\"Organization\",\"@id\":\"https:\\\/\\\/nbcs.mx\\\/#organization\",\"name\":\"NBCS Noticias\",\"url\":\"https:\\\/\\\/nbcs.mx\\\/\",\"logo\":{\"@type\":\"ImageObject\",\"inLanguage\":\"es\",\"@id\":\"https:\\\/\\\/nbcs.mx\\\/#\\\/schema\\\/logo\\\/image\\\/\",\"url\":\"https:\\\/\\\/nbcs.mx\\\/wp-content\\\/uploads\\\/2018\\\/09\\\/057b69485e93575a5c2b1c1dde2dd297.jpeg\",\"contentUrl\":\"https:\\\/\\\/nbcs.mx\\\/wp-content\\\/uploads\\\/2018\\\/09\\\/057b69485e93575a5c2b1c1dde2dd297.jpeg\",\"width\":64,\"height\":64,\"caption\":\"NBCS Noticias\"},\"image\":{\"@id\":\"https:\\\/\\\/nbcs.mx\\\/#\\\/schema\\\/logo\\\/image\\\/\"},\"sameAs\":[\"https:\\\/\\\/www.facebook.com\\\/NBCSnoticias\",\"https:\\\/\\\/x.com\\\/NBCSnoticias\"]},{\"@type\":\"Person\",\"@id\":\"https:\\\/\\\/nbcs.mx\\\/#\\\/schema\\\/person\\\/ece58bab9a7c1e87a4d28ec9ecd79ff4\",\"name\":\"NBCS Noticias\",\"image\":{\"@type\":\"ImageObject\",\"inLanguage\":\"es\",\"@id\":\"https:\\\/\\\/secure.gravatar.com\\\/avatar\\\/4e52110cad1c4054b43271a0d14bbe9e2ea76aecd0e1097edfc670798d9ca1d4?s=96&d=blank&r=g\",\"url\":\"https:\\\/\\\/secure.gravatar.com\\\/avatar\\\/4e52110cad1c4054b43271a0d14bbe9e2ea76aecd0e1097edfc670798d9ca1d4?s=96&d=blank&r=g\",\"contentUrl\":\"https:\\\/\\\/secure.gravatar.com\\\/avatar\\\/4e52110cad1c4054b43271a0d14bbe9e2ea76aecd0e1097edfc670798d9ca1d4?s=96&d=blank&r=g\",\"caption\":\"NBCS Noticias\"},\"description\":\"\u00bfTienes fotos o video de alg\u00fan acto de posible negligencia, corrupci\u00f3n y abuso de autoridad? M\u00e1ndalo al WhatsApp de NBCS Noticias: 612 141 98 08\",\"sameAs\":[\"https:\\\/\\\/www.nbcs.mx\",\"https:\\\/\\\/www.facebook.com\\\/NBCSnoticias\",\"https:\\\/\\\/www.instagram.com\\\/nbcsnoticias\\\/\",\"https:\\\/\\\/x.com\\\/https:\\\/\\\/twitter.com\\\/NBCSnoticias\"]}]}<\/script>\n<!-- \/ Yoast SEO plugin. -->","yoast_head_json":{"title":"Temperatura agradable en BCS para esta semana; m\u00e1xima en La Paz con 33 y m\u00ednima de 13 en Vizca\u00edno - NBCS Noticias","robots":{"index":"index","follow":"follow","max-snippet":"max-snippet:-1","max-image-preview":"max-image-preview:large","max-video-preview":"max-video-preview:-1"},"canonical":"https:\/\/nbcs.mx\/?p=156739","og_locale":"es_ES","og_type":"article","og_title":"Temperatura agradable en BCS para esta semana; m\u00e1xima en La Paz con 33 y m\u00ednima de 13 en Vizca\u00edno - NBCS Noticias","og_description":"Temperaturas agradables son las que se tienen pronosticadas durante esta semana en Baja California Sur, cuando las m\u00e1ximas ocurrir\u00edan en","og_url":"https:\/\/nbcs.mx\/?p=156739","og_site_name":"NBCS Noticias","article_publisher":"https:\/\/www.facebook.com\/NBCSnoticias","article_author":"https:\/\/www.facebook.com\/NBCSnoticias","article_published_time":"2025-10-14T05:20:44+00:00","og_image":[{"width":725,"height":400,"url":"https:\/\/nbcs.mx\/wp-content\/uploads\/2025\/10\/Temperatura1.jpg","type":"image\/jpeg"}],"author":"NBCS Noticias","twitter_card":"summary_large_image","twitter_creator":"@https:\/\/twitter.com\/NBCSnoticias","twitter_site":"@NBCSnoticias","twitter_misc":{"Escrito por":"NBCS Noticias","Tiempo de lectura":"3 minutos"},"schema":{"@context":"https:\/\/schema.org","@graph":[{"@type":"Article","@id":"https:\/\/nbcs.mx\/?p=156739#article","isPartOf":{"@id":"https:\/\/nbcs.mx\/?p=156739"},"author":{"name":"NBCS Noticias","@id":"https:\/\/nbcs.mx\/#\/schema\/person\/ece58bab9a7c1e87a4d28ec9ecd79ff4"},"headline":"Temperatura agradable en BCS para esta semana; m\u00e1xima en La Paz con 33 y m\u00ednima de 13 en Vizca\u00edno","datePublished":"2025-10-14T05:20:44+00:00","mainEntityOfPage":{"@id":"https:\/\/nbcs.mx\/?p=156739"},"wordCount":414,"commentCount":0,"publisher":{"@id":"https:\/\/nbcs.mx\/#organization"},"image":{"@id":"https:\/\/nbcs.mx\/?p=156739#primaryimage"},"thumbnailUrl":"https:\/\/nbcs.mx\/wp-content\/uploads\/2025\/10\/Temperatura1.jpg","articleSection":["Clima"],"inLanguage":"es","potentialAction":[{"@type":"CommentAction","name":"Comment","target":["https:\/\/nbcs.mx\/?p=156739#respond"]}]},{"@type":"WebPage","@id":"https:\/\/nbcs.mx\/?p=156739","url":"https:\/\/nbcs.mx\/?p=156739","name":"Temperatura agradable en BCS para esta semana; m\u00e1xima en La Paz con 33 y m\u00ednima de 13 en Vizca\u00edno - NBCS Noticias","isPartOf":{"@id":"https:\/\/nbcs.mx\/#website"},"primaryImageOfPage":{"@id":"https:\/\/nbcs.mx\/?p=156739#primaryimage"},"image":{"@id":"https:\/\/nbcs.mx\/?p=156739#primaryimage"},"thumbnailUrl":"https:\/\/nbcs.mx\/wp-content\/uploads\/2025\/10\/Temperatura1.jpg","datePublished":"2025-10-14T05:20:44+00:00","breadcrumb":{"@id":"https:\/\/nbcs.mx\/?p=156739#breadcrumb"},"inLanguage":"es","potentialAction":[{"@type":"ReadAction","target":["https:\/\/nbcs.mx\/?p=156739"]}]},{"@type":"ImageObject","inLanguage":"es","@id":"https:\/\/nbcs.mx\/?p=156739#primaryimage","url":"https:\/\/nbcs.mx\/wp-content\/uploads\/2025\/10\/Temperatura1.jpg","contentUrl":"https:\/\/nbcs.mx\/wp-content\/uploads\/2025\/10\/Temperatura1.jpg","width":725,"height":400},{"@type":"BreadcrumbList","@id":"https:\/\/nbcs.mx\/?p=156739#breadcrumb","itemListElement":[{"@type":"ListItem","position":1,"name":"Portada","item":"https:\/\/nbcs.mx\/"},{"@type":"ListItem","position":2,"name":"Temperatura agradable en BCS para esta semana; m\u00e1xima en La Paz con 33 y m\u00ednima de 13 en Vizca\u00edno"}]},{"@type":"WebSite","@id":"https:\/\/nbcs.mx\/#website","url":"https:\/\/nbcs.mx\/","name":"NBCS Noticias","description":"Sitio web de noticias en Baja California Sur","publisher":{"@id":"https:\/\/nbcs.mx\/#organization"},"potentialAction":[{"@type":"SearchAction","target":{"@type":"EntryPoint","urlTemplate":"https:\/\/nbcs.mx\/?s={search_term_string}"},"query-input":{"@type":"PropertyValueSpecification","valueRequired":true,"valueName":"search_term_string"}}],"inLanguage":"es"},{"@type":"Organization","@id":"https:\/\/nbcs.mx\/#organization","name":"NBCS Noticias","url":"https:\/\/nbcs.mx\/","logo":{"@type":"ImageObject","inLanguage":"es","@id":"https:\/\/nbcs.mx\/#\/schema\/logo\/image\/","url":"https:\/\/nbcs.mx\/wp-content\/uploads\/2018\/09\/057b69485e93575a5c2b1c1dde2dd297.jpeg","contentUrl":"https:\/\/nbcs.mx\/wp-content\/uploads\/2018\/09\/057b69485e93575a5c2b1c1dde2dd297.jpeg","width":64,"height":64,"caption":"NBCS Noticias"},"image":{"@id":"https:\/\/nbcs.mx\/#\/schema\/logo\/image\/"},"sameAs":["https:\/\/www.facebook.com\/NBCSnoticias","https:\/\/x.com\/NBCSnoticias"]},{"@type":"Person","@id":"https:\/\/nbcs.mx\/#\/schema\/person\/ece58bab9a7c1e87a4d28ec9ecd79ff4","name":"NBCS Noticias","image":{"@type":"ImageObject","inLanguage":"es","@id":"https:\/\/secure.gravatar.com\/avatar\/4e52110cad1c4054b43271a0d14bbe9e2ea76aecd0e1097edfc670798d9ca1d4?s=96&d=blank&r=g","url":"https:\/\/secure.gravatar.com\/avatar\/4e52110cad1c4054b43271a0d14bbe9e2ea76aecd0e1097edfc670798d9ca1d4?s=96&d=blank&r=g","contentUrl":"https:\/\/secure.gravatar.com\/avatar\/4e52110cad1c4054b43271a0d14bbe9e2ea76aecd0e1097edfc670798d9ca1d4?s=96&d=blank&r=g","caption":"NBCS Noticias"},"description":"\u00bfTienes fotos o video de alg\u00fan acto de posible negligencia, corrupci\u00f3n y abuso de autoridad? M\u00e1ndalo al WhatsApp de NBCS Noticias: 612 141 98 08","sameAs":["https:\/\/www.nbcs.mx","https:\/\/www.facebook.com\/NBCSnoticias","https:\/\/www.instagram.com\/nbcsnoticias\/","https:\/\/x.com\/https:\/\/twitter.com\/NBCSnoticias"]}]}},"jetpack_publicize_connections":[],"jetpack_featured_media_url":"https:\/\/nbcs.mx\/wp-content\/uploads\/2025\/10\/Temperatura1.jpg","jetpack_sharing_enabled":true,"_links":{"self":[{"href":"https:\/\/nbcs.mx\/index.php?rest_route=\/wp\/v2\/posts\/156739","targetHints":{"allow":["GET"]}}],"collection":[{"href":"https:\/\/nbcs.mx\/index.php?rest_route=\/wp\/v2\/posts"}],"about":[{"href":"https:\/\/nbcs.mx\/index.php?rest_route=\/wp\/v2\/types\/post"}],"author":[{"embeddable":true,"href":"https:\/\/nbcs.mx\/index.php?rest_route=\/wp\/v2\/users\/1"}],"replies":[{"embeddable":true,"href":"https:\/\/nbcs.mx\/index.php?rest_route=%2Fwp%2Fv2%2Fcomments&post=156739"}],"version-history":[{"count":1,"href":"https:\/\/nbcs.mx\/index.php?rest_route=\/wp\/v2\/posts\/156739\/revisions"}],"predecessor-version":[{"id":156741,"href":"https:\/\/nbcs.mx\/index.php?rest_route=\/wp\/v2\/posts\/156739\/revisions\/156741"}],"wp:featuredmedia":[{"embeddable":true,"href":"https:\/\/nbcs.mx\/index.php?rest_route=\/wp\/v2\/media\/156740"}],"wp:attachment":[{"href":"https:\/\/nbcs.mx\/index.php?rest_route=%2Fwp%2Fv2%2Fmedia&parent=156739"}],"wp:term":[{"taxonomy":"category","embeddable":true,"href":"https:\/\/nbcs.mx\/index.php?rest_route=%2Fwp%2Fv2%2Fcategories&post=156739"},{"taxonomy":"post_tag","embeddable":true,"href":"https:\/\/nbcs.mx\/index.php?rest_route=%2Fwp%2Fv2%2Ftags&post=156739"}],"curies":[{"name":"wp","href":"https:\/\/api.w.org\/{rel}","templated":true}]}}