{"id":156757,"date":"2025-10-14T14:23:38","date_gmt":"2025-10-14T20:23:38","guid":{"rendered":"https:\/\/nbcs.mx\/?p=156757"},"modified":"2025-10-14T14:24:03","modified_gmt":"2025-10-14T20:24:03","slug":"santa-rosalia-hizo-historia-con-el-primer-festival-internacional-de-cine","status":"publish","type":"post","link":"https:\/\/nbcs.mx\/?p=156757","title":{"rendered":"Santa Rosal\u00eda hizo historia con el primer Festival Internacional de Cine"},"content":{"rendered":"<p style=\"font-weight: 400; text-align: justify;\"><img loading=\"lazy\" decoding=\"async\" class=\" wp-image-156758 alignleft\" src=\"https:\/\/nbcs.mx\/wp-content\/uploads\/2025\/10\/Foto-2-755x463.jpg\" alt=\"\" width=\"395\" height=\"242\" srcset=\"https:\/\/nbcs.mx\/wp-content\/uploads\/2025\/10\/Foto-2-755x463.jpg 755w, https:\/\/nbcs.mx\/wp-content\/uploads\/2025\/10\/Foto-2-150x92.jpg 150w, https:\/\/nbcs.mx\/wp-content\/uploads\/2025\/10\/Foto-2-768x471.jpg 768w, https:\/\/nbcs.mx\/wp-content\/uploads\/2025\/10\/Foto-2.jpg 927w\" sizes=\"auto, (max-width: 395px) 100vw, 395px\" \/>Con gran asistencia por parte de locales y visitantes, concluy\u00f3 el Primer Festival Internacional de Cine en Santa Rosal\u00eda, un evento sin precedentes que reuni\u00f3 a destacados exponentes del cine mexicano, realizadores y al p\u00fablico sudcaliforniano en tres d\u00edas dedicados al s\u00e9ptimo arte, la cultura y la identidad mulegina.<\/p>\n<p style=\"font-weight: 400; text-align: justify;\">La presidenta municipal, Edith Aguilar Villavicencio, expres\u00f3 su satisfacci\u00f3n por el rotundo \u00e9xito del festival, destacando que Santa Rosal\u00eda se consolida como un nuevo referente cultural en Baja California Sur. \u201cEste festival representa el inicio de una nueva etapa para Muleg\u00e9. Ver a nuestro Pueblo M\u00e1gico, Santa Rosal\u00eda, convertirse en un punto de encuentro para el cine y la cultura nos llena de orgullo. Agradezco a quienes hicieron posible este esfuerzo y reitero nuestro compromiso de seguir impulsando proyectos que promuevan el talento local y proyecten al municipio a nivel nacional e internacional\u201d, se\u00f1al\u00f3 la alcaldesa.<\/p>\n<p style=\"font-weight: 400; text-align: justify;\">A pesar de las condiciones climatol\u00f3gicas que obligaron a trasladar algunas actividades al Sal\u00f3n Mutualista Progreso, las funciones y conversatorios registraron una gran afluencia. En su jornada inaugural, celebrada en el Sal\u00f3n SUTERM, se llev\u00f3 a cabo un conversatorio con figuras reconocidas como Edgar Vivar, Gerardo O\u00f1ate, Diana Laura Di, Gamaliel Ar\u00e1mburo y Adolfo D\u00e1vila. Ese mismo d\u00eda se proyect\u00f3 el documental \u201cSan Francisco de la Sierra\u201d, producido por la Asociaci\u00f3n Civil Maijanui, de Edith Jim\u00e9nez, que retrata el valor patrimonial y natural de la regi\u00f3n.<\/p>\n<p style=\"font-weight: 400; text-align: justify;\">El segundo d\u00eda incluy\u00f3 la inauguraci\u00f3n de la exposici\u00f3n fotogr\u00e1fica y recreaci\u00f3n del tradicional baile del cotill\u00f3n en el Hotel Franc\u00e9s, adem\u00e1s de las proyecciones de \u201cPoderoso Victoria\u201d y \u201cEl Boleo: El Coraz\u00f3n de Santa Rosal\u00eda Bajo el Cielo de Par\u00eds\u201d, de Gamaliel Ar\u00e1mburo. El festival culmin\u00f3 con la proyecci\u00f3n de \u201cViolentas Mariposas\u201d, protagonizada por la actriz cachaniense Diana Laura Di, y con la premiaci\u00f3n del Concurso de Video-Spots \u201cPor qu\u00e9 Muleg\u00e9 Importa e Inspira\u201d, que reconoci\u00f3 el talento audiovisual local.<\/p>\n<p style=\"font-weight: 400; text-align: justify;\">La comunidad art\u00edstica destac\u00f3 la hospitalidad y calidez de las y los habitantes de Santa Rosal\u00eda, expresando su deseo de que el festival tenga continuidad en futuras ediciones. Por su parte, la alcaldesa Edith Aguilar Villavicencio agradeci\u00f3 la colaboraci\u00f3n de Claudia \u00c1valos por su respaldo y asesor\u00eda, as\u00ed como el acompa\u00f1amiento de autoridades, instituciones y ciudadan\u00eda.<\/p>\n<p style=\"font-weight: 400; text-align: justify;\">En la clausura de este magno evento estuvieron presentes actores y actrices como: Edgar Vivar, Gerardo O\u00f1ate, Diana Laura Di; directores, Adolfo D\u00e1vila, Gamaliel Ar\u00e1mburo y Edith Jim\u00e9nez; adem\u00e1s de representantes de la comunidad cultural, funcionariado municipal y medios de comunicaci\u00f3n que dieron cobertura al evento.<\/p>\n","protected":false},"excerpt":{"rendered":"<p>Con gran asistencia por parte de locales y visitantes, concluy\u00f3 el Primer Festival Internacional de Cine en Santa Rosal\u00eda, un<\/p>\n","protected":false},"author":1,"featured_media":156758,"comment_status":"open","ping_status":"closed","sticky":false,"template":"","format":"standard","meta":{"colormag_page_container_layout":"default_layout","colormag_page_sidebar_layout":"default_layout","_jetpack_memberships_contains_paid_content":false,"footnotes":"","jetpack_publicize_message":"","jetpack_publicize_feature_enabled":true,"jetpack_social_post_already_shared":true,"jetpack_social_options":{"image_generator_settings":{"template":"highway","default_image_id":0,"font":"","enabled":false},"version":2}},"categories":[40],"tags":[],"class_list":["post-156757","post","type-post","status-publish","format-standard","has-post-thumbnail","hentry","category-municipios"],"yoast_head":"<!-- This site is optimized with the Yoast SEO plugin v27.5 - https:\/\/yoast.com\/product\/yoast-seo-wordpress\/ -->\n<title>Santa Rosal\u00eda hizo historia con el primer Festival Internacional de Cine - NBCS Noticias<\/title>\n<meta name=\"robots\" content=\"index, follow, max-snippet:-1, max-image-preview:large, max-video-preview:-1\" \/>\n<link rel=\"canonical\" href=\"https:\/\/nbcs.mx\/?p=156757\" \/>\n<meta property=\"og:locale\" content=\"es_ES\" \/>\n<meta property=\"og:type\" content=\"article\" \/>\n<meta property=\"og:title\" content=\"Santa Rosal\u00eda hizo historia con el primer Festival Internacional de Cine - NBCS Noticias\" \/>\n<meta property=\"og:description\" content=\"Con gran asistencia por parte de locales y visitantes, concluy\u00f3 el Primer Festival Internacional de Cine en Santa Rosal\u00eda, un\" \/>\n<meta property=\"og:url\" content=\"https:\/\/nbcs.mx\/?p=156757\" \/>\n<meta property=\"og:site_name\" content=\"NBCS Noticias\" \/>\n<meta property=\"article:publisher\" content=\"https:\/\/www.facebook.com\/NBCSnoticias\" \/>\n<meta property=\"article:author\" content=\"https:\/\/www.facebook.com\/NBCSnoticias\" \/>\n<meta property=\"article:published_time\" content=\"2025-10-14T20:23:38+00:00\" \/>\n<meta property=\"article:modified_time\" content=\"2025-10-14T20:24:03+00:00\" \/>\n<meta property=\"og:image\" content=\"https:\/\/nbcs.mx\/wp-content\/uploads\/2025\/10\/Foto-2.jpg\" \/>\n\t<meta property=\"og:image:width\" content=\"927\" \/>\n\t<meta property=\"og:image:height\" content=\"568\" \/>\n\t<meta property=\"og:image:type\" content=\"image\/jpeg\" \/>\n<meta name=\"author\" content=\"NBCS Noticias\" \/>\n<meta name=\"twitter:card\" content=\"summary_large_image\" \/>\n<meta name=\"twitter:creator\" content=\"@https:\/\/twitter.com\/NBCSnoticias\" \/>\n<meta name=\"twitter:site\" content=\"@NBCSnoticias\" \/>\n<meta name=\"twitter:label1\" content=\"Escrito por\" \/>\n\t<meta name=\"twitter:data1\" content=\"NBCS Noticias\" \/>\n\t<meta name=\"twitter:label2\" content=\"Tiempo de lectura\" \/>\n\t<meta name=\"twitter:data2\" content=\"3 minutos\" \/>\n<script type=\"application\/ld+json\" class=\"yoast-schema-graph\">{\"@context\":\"https:\\\/\\\/schema.org\",\"@graph\":[{\"@type\":\"Article\",\"@id\":\"https:\\\/\\\/nbcs.mx\\\/?p=156757#article\",\"isPartOf\":{\"@id\":\"https:\\\/\\\/nbcs.mx\\\/?p=156757\"},\"author\":{\"name\":\"NBCS Noticias\",\"@id\":\"https:\\\/\\\/nbcs.mx\\\/#\\\/schema\\\/person\\\/ece58bab9a7c1e87a4d28ec9ecd79ff4\"},\"headline\":\"Santa Rosal\u00eda hizo historia con el primer Festival Internacional de Cine\",\"datePublished\":\"2025-10-14T20:23:38+00:00\",\"dateModified\":\"2025-10-14T20:24:03+00:00\",\"mainEntityOfPage\":{\"@id\":\"https:\\\/\\\/nbcs.mx\\\/?p=156757\"},\"wordCount\":471,\"commentCount\":0,\"publisher\":{\"@id\":\"https:\\\/\\\/nbcs.mx\\\/#organization\"},\"image\":{\"@id\":\"https:\\\/\\\/nbcs.mx\\\/?p=156757#primaryimage\"},\"thumbnailUrl\":\"https:\\\/\\\/nbcs.mx\\\/wp-content\\\/uploads\\\/2025\\\/10\\\/Foto-2.jpg\",\"articleSection\":[\"Municipios\"],\"inLanguage\":\"es\",\"potentialAction\":[{\"@type\":\"CommentAction\",\"name\":\"Comment\",\"target\":[\"https:\\\/\\\/nbcs.mx\\\/?p=156757#respond\"]}]},{\"@type\":\"WebPage\",\"@id\":\"https:\\\/\\\/nbcs.mx\\\/?p=156757\",\"url\":\"https:\\\/\\\/nbcs.mx\\\/?p=156757\",\"name\":\"Santa Rosal\u00eda hizo historia con el primer Festival Internacional de Cine - NBCS Noticias\",\"isPartOf\":{\"@id\":\"https:\\\/\\\/nbcs.mx\\\/#website\"},\"primaryImageOfPage\":{\"@id\":\"https:\\\/\\\/nbcs.mx\\\/?p=156757#primaryimage\"},\"image\":{\"@id\":\"https:\\\/\\\/nbcs.mx\\\/?p=156757#primaryimage\"},\"thumbnailUrl\":\"https:\\\/\\\/nbcs.mx\\\/wp-content\\\/uploads\\\/2025\\\/10\\\/Foto-2.jpg\",\"datePublished\":\"2025-10-14T20:23:38+00:00\",\"dateModified\":\"2025-10-14T20:24:03+00:00\",\"breadcrumb\":{\"@id\":\"https:\\\/\\\/nbcs.mx\\\/?p=156757#breadcrumb\"},\"inLanguage\":\"es\",\"potentialAction\":[{\"@type\":\"ReadAction\",\"target\":[\"https:\\\/\\\/nbcs.mx\\\/?p=156757\"]}]},{\"@type\":\"ImageObject\",\"inLanguage\":\"es\",\"@id\":\"https:\\\/\\\/nbcs.mx\\\/?p=156757#primaryimage\",\"url\":\"https:\\\/\\\/nbcs.mx\\\/wp-content\\\/uploads\\\/2025\\\/10\\\/Foto-2.jpg\",\"contentUrl\":\"https:\\\/\\\/nbcs.mx\\\/wp-content\\\/uploads\\\/2025\\\/10\\\/Foto-2.jpg\",\"width\":927,\"height\":568},{\"@type\":\"BreadcrumbList\",\"@id\":\"https:\\\/\\\/nbcs.mx\\\/?p=156757#breadcrumb\",\"itemListElement\":[{\"@type\":\"ListItem\",\"position\":1,\"name\":\"Portada\",\"item\":\"https:\\\/\\\/nbcs.mx\\\/\"},{\"@type\":\"ListItem\",\"position\":2,\"name\":\"Santa Rosal\u00eda hizo historia con el primer Festival Internacional de Cine\"}]},{\"@type\":\"WebSite\",\"@id\":\"https:\\\/\\\/nbcs.mx\\\/#website\",\"url\":\"https:\\\/\\\/nbcs.mx\\\/\",\"name\":\"NBCS Noticias\",\"description\":\"Sitio web de noticias en Baja California Sur\",\"publisher\":{\"@id\":\"https:\\\/\\\/nbcs.mx\\\/#organization\"},\"potentialAction\":[{\"@type\":\"SearchAction\",\"target\":{\"@type\":\"EntryPoint\",\"urlTemplate\":\"https:\\\/\\\/nbcs.mx\\\/?s={search_term_string}\"},\"query-input\":{\"@type\":\"PropertyValueSpecification\",\"valueRequired\":true,\"valueName\":\"search_term_string\"}}],\"inLanguage\":\"es\"},{\"@type\":\"Organization\",\"@id\":\"https:\\\/\\\/nbcs.mx\\\/#organization\",\"name\":\"NBCS Noticias\",\"url\":\"https:\\\/\\\/nbcs.mx\\\/\",\"logo\":{\"@type\":\"ImageObject\",\"inLanguage\":\"es\",\"@id\":\"https:\\\/\\\/nbcs.mx\\\/#\\\/schema\\\/logo\\\/image\\\/\",\"url\":\"https:\\\/\\\/nbcs.mx\\\/wp-content\\\/uploads\\\/2018\\\/09\\\/057b69485e93575a5c2b1c1dde2dd297.jpeg\",\"contentUrl\":\"https:\\\/\\\/nbcs.mx\\\/wp-content\\\/uploads\\\/2018\\\/09\\\/057b69485e93575a5c2b1c1dde2dd297.jpeg\",\"width\":64,\"height\":64,\"caption\":\"NBCS Noticias\"},\"image\":{\"@id\":\"https:\\\/\\\/nbcs.mx\\\/#\\\/schema\\\/logo\\\/image\\\/\"},\"sameAs\":[\"https:\\\/\\\/www.facebook.com\\\/NBCSnoticias\",\"https:\\\/\\\/x.com\\\/NBCSnoticias\"]},{\"@type\":\"Person\",\"@id\":\"https:\\\/\\\/nbcs.mx\\\/#\\\/schema\\\/person\\\/ece58bab9a7c1e87a4d28ec9ecd79ff4\",\"name\":\"NBCS Noticias\",\"image\":{\"@type\":\"ImageObject\",\"inLanguage\":\"es\",\"@id\":\"https:\\\/\\\/secure.gravatar.com\\\/avatar\\\/4e52110cad1c4054b43271a0d14bbe9e2ea76aecd0e1097edfc670798d9ca1d4?s=96&d=blank&r=g\",\"url\":\"https:\\\/\\\/secure.gravatar.com\\\/avatar\\\/4e52110cad1c4054b43271a0d14bbe9e2ea76aecd0e1097edfc670798d9ca1d4?s=96&d=blank&r=g\",\"contentUrl\":\"https:\\\/\\\/secure.gravatar.com\\\/avatar\\\/4e52110cad1c4054b43271a0d14bbe9e2ea76aecd0e1097edfc670798d9ca1d4?s=96&d=blank&r=g\",\"caption\":\"NBCS Noticias\"},\"description\":\"\u00bfTienes fotos o video de alg\u00fan acto de posible negligencia, corrupci\u00f3n y abuso de autoridad? M\u00e1ndalo al WhatsApp de NBCS Noticias: 612 141 98 08\",\"sameAs\":[\"https:\\\/\\\/www.nbcs.mx\",\"https:\\\/\\\/www.facebook.com\\\/NBCSnoticias\",\"https:\\\/\\\/www.instagram.com\\\/nbcsnoticias\\\/\",\"https:\\\/\\\/x.com\\\/https:\\\/\\\/twitter.com\\\/NBCSnoticias\"]}]}<\/script>\n<!-- \/ Yoast SEO plugin. -->","yoast_head_json":{"title":"Santa Rosal\u00eda hizo historia con el primer Festival Internacional de Cine - NBCS Noticias","robots":{"index":"index","follow":"follow","max-snippet":"max-snippet:-1","max-image-preview":"max-image-preview:large","max-video-preview":"max-video-preview:-1"},"canonical":"https:\/\/nbcs.mx\/?p=156757","og_locale":"es_ES","og_type":"article","og_title":"Santa Rosal\u00eda hizo historia con el primer Festival Internacional de Cine - NBCS Noticias","og_description":"Con gran asistencia por parte de locales y visitantes, concluy\u00f3 el Primer Festival Internacional de Cine en Santa Rosal\u00eda, un","og_url":"https:\/\/nbcs.mx\/?p=156757","og_site_name":"NBCS Noticias","article_publisher":"https:\/\/www.facebook.com\/NBCSnoticias","article_author":"https:\/\/www.facebook.com\/NBCSnoticias","article_published_time":"2025-10-14T20:23:38+00:00","article_modified_time":"2025-10-14T20:24:03+00:00","og_image":[{"width":927,"height":568,"url":"https:\/\/nbcs.mx\/wp-content\/uploads\/2025\/10\/Foto-2.jpg","type":"image\/jpeg"}],"author":"NBCS Noticias","twitter_card":"summary_large_image","twitter_creator":"@https:\/\/twitter.com\/NBCSnoticias","twitter_site":"@NBCSnoticias","twitter_misc":{"Escrito por":"NBCS Noticias","Tiempo de lectura":"3 minutos"},"schema":{"@context":"https:\/\/schema.org","@graph":[{"@type":"Article","@id":"https:\/\/nbcs.mx\/?p=156757#article","isPartOf":{"@id":"https:\/\/nbcs.mx\/?p=156757"},"author":{"name":"NBCS Noticias","@id":"https:\/\/nbcs.mx\/#\/schema\/person\/ece58bab9a7c1e87a4d28ec9ecd79ff4"},"headline":"Santa Rosal\u00eda hizo historia con el primer Festival Internacional de Cine","datePublished":"2025-10-14T20:23:38+00:00","dateModified":"2025-10-14T20:24:03+00:00","mainEntityOfPage":{"@id":"https:\/\/nbcs.mx\/?p=156757"},"wordCount":471,"commentCount":0,"publisher":{"@id":"https:\/\/nbcs.mx\/#organization"},"image":{"@id":"https:\/\/nbcs.mx\/?p=156757#primaryimage"},"thumbnailUrl":"https:\/\/nbcs.mx\/wp-content\/uploads\/2025\/10\/Foto-2.jpg","articleSection":["Municipios"],"inLanguage":"es","potentialAction":[{"@type":"CommentAction","name":"Comment","target":["https:\/\/nbcs.mx\/?p=156757#respond"]}]},{"@type":"WebPage","@id":"https:\/\/nbcs.mx\/?p=156757","url":"https:\/\/nbcs.mx\/?p=156757","name":"Santa Rosal\u00eda hizo historia con el primer Festival Internacional de Cine - NBCS Noticias","isPartOf":{"@id":"https:\/\/nbcs.mx\/#website"},"primaryImageOfPage":{"@id":"https:\/\/nbcs.mx\/?p=156757#primaryimage"},"image":{"@id":"https:\/\/nbcs.mx\/?p=156757#primaryimage"},"thumbnailUrl":"https:\/\/nbcs.mx\/wp-content\/uploads\/2025\/10\/Foto-2.jpg","datePublished":"2025-10-14T20:23:38+00:00","dateModified":"2025-10-14T20:24:03+00:00","breadcrumb":{"@id":"https:\/\/nbcs.mx\/?p=156757#breadcrumb"},"inLanguage":"es","potentialAction":[{"@type":"ReadAction","target":["https:\/\/nbcs.mx\/?p=156757"]}]},{"@type":"ImageObject","inLanguage":"es","@id":"https:\/\/nbcs.mx\/?p=156757#primaryimage","url":"https:\/\/nbcs.mx\/wp-content\/uploads\/2025\/10\/Foto-2.jpg","contentUrl":"https:\/\/nbcs.mx\/wp-content\/uploads\/2025\/10\/Foto-2.jpg","width":927,"height":568},{"@type":"BreadcrumbList","@id":"https:\/\/nbcs.mx\/?p=156757#breadcrumb","itemListElement":[{"@type":"ListItem","position":1,"name":"Portada","item":"https:\/\/nbcs.mx\/"},{"@type":"ListItem","position":2,"name":"Santa Rosal\u00eda hizo historia con el primer Festival Internacional de Cine"}]},{"@type":"WebSite","@id":"https:\/\/nbcs.mx\/#website","url":"https:\/\/nbcs.mx\/","name":"NBCS Noticias","description":"Sitio web de noticias en Baja California Sur","publisher":{"@id":"https:\/\/nbcs.mx\/#organization"},"potentialAction":[{"@type":"SearchAction","target":{"@type":"EntryPoint","urlTemplate":"https:\/\/nbcs.mx\/?s={search_term_string}"},"query-input":{"@type":"PropertyValueSpecification","valueRequired":true,"valueName":"search_term_string"}}],"inLanguage":"es"},{"@type":"Organization","@id":"https:\/\/nbcs.mx\/#organization","name":"NBCS Noticias","url":"https:\/\/nbcs.mx\/","logo":{"@type":"ImageObject","inLanguage":"es","@id":"https:\/\/nbcs.mx\/#\/schema\/logo\/image\/","url":"https:\/\/nbcs.mx\/wp-content\/uploads\/2018\/09\/057b69485e93575a5c2b1c1dde2dd297.jpeg","contentUrl":"https:\/\/nbcs.mx\/wp-content\/uploads\/2018\/09\/057b69485e93575a5c2b1c1dde2dd297.jpeg","width":64,"height":64,"caption":"NBCS Noticias"},"image":{"@id":"https:\/\/nbcs.mx\/#\/schema\/logo\/image\/"},"sameAs":["https:\/\/www.facebook.com\/NBCSnoticias","https:\/\/x.com\/NBCSnoticias"]},{"@type":"Person","@id":"https:\/\/nbcs.mx\/#\/schema\/person\/ece58bab9a7c1e87a4d28ec9ecd79ff4","name":"NBCS Noticias","image":{"@type":"ImageObject","inLanguage":"es","@id":"https:\/\/secure.gravatar.com\/avatar\/4e52110cad1c4054b43271a0d14bbe9e2ea76aecd0e1097edfc670798d9ca1d4?s=96&d=blank&r=g","url":"https:\/\/secure.gravatar.com\/avatar\/4e52110cad1c4054b43271a0d14bbe9e2ea76aecd0e1097edfc670798d9ca1d4?s=96&d=blank&r=g","contentUrl":"https:\/\/secure.gravatar.com\/avatar\/4e52110cad1c4054b43271a0d14bbe9e2ea76aecd0e1097edfc670798d9ca1d4?s=96&d=blank&r=g","caption":"NBCS Noticias"},"description":"\u00bfTienes fotos o video de alg\u00fan acto de posible negligencia, corrupci\u00f3n y abuso de autoridad? M\u00e1ndalo al WhatsApp de NBCS Noticias: 612 141 98 08","sameAs":["https:\/\/www.nbcs.mx","https:\/\/www.facebook.com\/NBCSnoticias","https:\/\/www.instagram.com\/nbcsnoticias\/","https:\/\/x.com\/https:\/\/twitter.com\/NBCSnoticias"]}]}},"jetpack_publicize_connections":[],"jetpack_featured_media_url":"https:\/\/nbcs.mx\/wp-content\/uploads\/2025\/10\/Foto-2.jpg","jetpack_sharing_enabled":true,"_links":{"self":[{"href":"https:\/\/nbcs.mx\/index.php?rest_route=\/wp\/v2\/posts\/156757","targetHints":{"allow":["GET"]}}],"collection":[{"href":"https:\/\/nbcs.mx\/index.php?rest_route=\/wp\/v2\/posts"}],"about":[{"href":"https:\/\/nbcs.mx\/index.php?rest_route=\/wp\/v2\/types\/post"}],"author":[{"embeddable":true,"href":"https:\/\/nbcs.mx\/index.php?rest_route=\/wp\/v2\/users\/1"}],"replies":[{"embeddable":true,"href":"https:\/\/nbcs.mx\/index.php?rest_route=%2Fwp%2Fv2%2Fcomments&post=156757"}],"version-history":[{"count":2,"href":"https:\/\/nbcs.mx\/index.php?rest_route=\/wp\/v2\/posts\/156757\/revisions"}],"predecessor-version":[{"id":156760,"href":"https:\/\/nbcs.mx\/index.php?rest_route=\/wp\/v2\/posts\/156757\/revisions\/156760"}],"wp:featuredmedia":[{"embeddable":true,"href":"https:\/\/nbcs.mx\/index.php?rest_route=\/wp\/v2\/media\/156758"}],"wp:attachment":[{"href":"https:\/\/nbcs.mx\/index.php?rest_route=%2Fwp%2Fv2%2Fmedia&parent=156757"}],"wp:term":[{"taxonomy":"category","embeddable":true,"href":"https:\/\/nbcs.mx\/index.php?rest_route=%2Fwp%2Fv2%2Fcategories&post=156757"},{"taxonomy":"post_tag","embeddable":true,"href":"https:\/\/nbcs.mx\/index.php?rest_route=%2Fwp%2Fv2%2Ftags&post=156757"}],"curies":[{"name":"wp","href":"https:\/\/api.w.org\/{rel}","templated":true}]}}