{"id":156761,"date":"2025-10-14T14:36:58","date_gmt":"2025-10-14T20:36:58","guid":{"rendered":"https:\/\/nbcs.mx\/?p=156761"},"modified":"2025-10-14T14:36:58","modified_gmt":"2025-10-14T20:36:58","slug":"gobernador-victor-castro-entrega-la-rehabilitacion-de-la-casa-de-dia-para-personas-adultas-mayores","status":"publish","type":"post","link":"https:\/\/nbcs.mx\/?p=156761","title":{"rendered":"Gobernador V\u00edctor Castro entrega la rehabilitaci\u00f3n de la Casa de D\u00eda para Personas Adultas Mayores"},"content":{"rendered":"<p style=\"font-weight: 400; text-align: justify;\"><img loading=\"lazy\" decoding=\"async\" class=\" wp-image-156762 alignleft\" src=\"https:\/\/nbcs.mx\/wp-content\/uploads\/2025\/10\/FOTO-1-BOLETIN-0365-VMCC-ENTREGA-755x423.jpg\" alt=\"\" width=\"378\" height=\"212\" srcset=\"https:\/\/nbcs.mx\/wp-content\/uploads\/2025\/10\/FOTO-1-BOLETIN-0365-VMCC-ENTREGA-755x423.jpg 755w, https:\/\/nbcs.mx\/wp-content\/uploads\/2025\/10\/FOTO-1-BOLETIN-0365-VMCC-ENTREGA-1024x574.jpg 1024w, https:\/\/nbcs.mx\/wp-content\/uploads\/2025\/10\/FOTO-1-BOLETIN-0365-VMCC-ENTREGA-150x84.jpg 150w, https:\/\/nbcs.mx\/wp-content\/uploads\/2025\/10\/FOTO-1-BOLETIN-0365-VMCC-ENTREGA-768x430.jpg 768w, https:\/\/nbcs.mx\/wp-content\/uploads\/2025\/10\/FOTO-1-BOLETIN-0365-VMCC-ENTREGA.jpg 1280w\" sizes=\"auto, (max-width: 378px) 100vw, 378px\" \/>El gobernador V\u00edctor Manuel Castro Cos\u00edo, acompa\u00f1ado por la presidenta del Sistema Estatal DIF (SEDIF), Patricia L\u00f3pez Navarro, encabez\u00f3 la entrega formal de las obras de rehabilitaci\u00f3n de la Casa de D\u00eda para Personas Adultas Mayores, ubicada en la colonia Agust\u00edn Olachea, en el municipio de La Paz. La obra, con una inversi\u00f3n de 2.3 millones de pesos, busca mejorar la calidad de vida de las personas mayores y ofrecerles un espacio digno para su atenci\u00f3n integral.<\/p>\n<p style=\"font-weight: 400; text-align: justify;\">\n<p style=\"font-weight: 400; text-align: justify;\">\u201cEn esta administraci\u00f3n tenemos presente que primero est\u00e1n los sectores m\u00e1s vulnerables, quienes deben recibir la solidaridad de sus gobiernos. Con acciones como la Casa de D\u00eda, buscamos ofrecer un espacio no solo para el esparcimiento y bienestar, sino tambi\u00e9n para seguir aprendiendo\u201d, expres\u00f3 el Gobernador.<\/p>\n<p style=\"font-weight: 400; text-align: justify;\">\n<p style=\"font-weight: 400; text-align: justify;\">Las mejoras realizadas incluyen la rehabilitaci\u00f3n de cuatro salones, impermeabilizaci\u00f3n, actualizaci\u00f3n de la red el\u00e9ctrica, instalaci\u00f3n de luminarias, servicios sanitarios, cerco perimetral y pintura general.<\/p>\n<p style=\"font-weight: 400; text-align: justify;\">\n<p style=\"font-weight: 400; text-align: justify;\">El inmueble tiene capacidad para atender diariamente hasta 40 personas, en un horario de lunes a viernes de 8:00 a 15:00 horas. Sin embargo, se prioriza a la ciudadan\u00eda de colonias con alta prioridad social, la Casa de D\u00eda permanece abierta a personas mayores de toda la ciudad.<\/p>\n<p style=\"font-weight: 400; text-align: justify;\">\n<p style=\"font-weight: 400; text-align: justify;\">El programa de atenci\u00f3n brinda actividades dise\u00f1adas para estimular las capacidades f\u00edsicas, cognitivas y emocionales, como pintura, talleres literarios, juegos de mesa, actividades sensoriales y motrices, introducci\u00f3n a las tecnolog\u00edas, talleres para cuidadores y cuidadoras, activaci\u00f3n f\u00edsica y espacios de socializaci\u00f3n.<\/p>\n<p style=\"font-weight: 400; text-align: justify;\">\n<p style=\"font-weight: 400; text-align: justify;\">Adem\u00e1s, se ofrecen servicios especializados, que incluyen atenci\u00f3n psicol\u00f3gica individual y grupal en coordinaci\u00f3n con la Secretar\u00eda de Salud, as\u00ed como terapias de rehabilitaci\u00f3n con el apoyo del Centro de Rehabilitaci\u00f3n y Educaci\u00f3n Especial (CREE).<\/p>\n<p style=\"font-weight: 400; text-align: justify;\">\n<p style=\"font-weight: 400; text-align: justify;\">Durante el acto inaugural, el gobernador V\u00edctor Castro Cosi\u00f3 tambi\u00e9n entreg\u00f3 apoyos del programa de Pensiones Humanitarias, mediante el cual se otorgaron 360 mil pesos a 60 ciudadanos de grupos prioritarios, incluyendo personas con discapacidad, adultos mayores, madres, padres y estudiantes.<\/p>\n","protected":false},"excerpt":{"rendered":"<p>El gobernador V\u00edctor Manuel Castro Cos\u00edo, acompa\u00f1ado por la presidenta del Sistema Estatal DIF (SEDIF), Patricia L\u00f3pez Navarro, encabez\u00f3 la<\/p>\n","protected":false},"author":1,"featured_media":156762,"comment_status":"open","ping_status":"closed","sticky":false,"template":"","format":"standard","meta":{"colormag_page_container_layout":"default_layout","colormag_page_sidebar_layout":"default_layout","_jetpack_memberships_contains_paid_content":false,"footnotes":"","jetpack_publicize_message":"","jetpack_publicize_feature_enabled":true,"jetpack_social_post_already_shared":true,"jetpack_social_options":{"image_generator_settings":{"template":"highway","default_image_id":0,"font":"","enabled":false},"version":2}},"categories":[1],"tags":[],"class_list":["post-156761","post","type-post","status-publish","format-standard","has-post-thumbnail","hentry","category-noticias"],"yoast_head":"<!-- This site is optimized with the Yoast SEO plugin v27.5 - https:\/\/yoast.com\/product\/yoast-seo-wordpress\/ -->\n<title>Gobernador V\u00edctor Castro entrega la rehabilitaci\u00f3n de la Casa de D\u00eda para Personas Adultas Mayores - NBCS Noticias<\/title>\n<meta name=\"robots\" content=\"index, follow, max-snippet:-1, max-image-preview:large, max-video-preview:-1\" \/>\n<link rel=\"canonical\" href=\"https:\/\/nbcs.mx\/?p=156761\" \/>\n<meta property=\"og:locale\" content=\"es_ES\" \/>\n<meta property=\"og:type\" content=\"article\" \/>\n<meta property=\"og:title\" content=\"Gobernador V\u00edctor Castro entrega la rehabilitaci\u00f3n de la Casa de D\u00eda para Personas Adultas Mayores - NBCS Noticias\" \/>\n<meta property=\"og:description\" content=\"El gobernador V\u00edctor Manuel Castro Cos\u00edo, acompa\u00f1ado por la presidenta del Sistema Estatal DIF (SEDIF), Patricia L\u00f3pez Navarro, encabez\u00f3 la\" \/>\n<meta property=\"og:url\" content=\"https:\/\/nbcs.mx\/?p=156761\" \/>\n<meta property=\"og:site_name\" content=\"NBCS Noticias\" \/>\n<meta property=\"article:publisher\" content=\"https:\/\/www.facebook.com\/NBCSnoticias\" \/>\n<meta property=\"article:author\" content=\"https:\/\/www.facebook.com\/NBCSnoticias\" \/>\n<meta property=\"article:published_time\" content=\"2025-10-14T20:36:58+00:00\" \/>\n<meta property=\"og:image\" content=\"https:\/\/nbcs.mx\/wp-content\/uploads\/2025\/10\/FOTO-1-BOLETIN-0365-VMCC-ENTREGA.jpg\" \/>\n\t<meta property=\"og:image:width\" content=\"1280\" \/>\n\t<meta property=\"og:image:height\" content=\"717\" \/>\n\t<meta property=\"og:image:type\" content=\"image\/jpeg\" \/>\n<meta name=\"author\" content=\"NBCS Noticias\" \/>\n<meta name=\"twitter:card\" content=\"summary_large_image\" \/>\n<meta name=\"twitter:creator\" content=\"@https:\/\/twitter.com\/NBCSnoticias\" \/>\n<meta name=\"twitter:site\" content=\"@NBCSnoticias\" \/>\n<meta name=\"twitter:label1\" content=\"Escrito por\" \/>\n\t<meta name=\"twitter:data1\" content=\"NBCS Noticias\" \/>\n\t<meta name=\"twitter:label2\" content=\"Tiempo de lectura\" \/>\n\t<meta name=\"twitter:data2\" content=\"2 minutos\" \/>\n<script type=\"application\/ld+json\" class=\"yoast-schema-graph\">{\"@context\":\"https:\\\/\\\/schema.org\",\"@graph\":[{\"@type\":\"Article\",\"@id\":\"https:\\\/\\\/nbcs.mx\\\/?p=156761#article\",\"isPartOf\":{\"@id\":\"https:\\\/\\\/nbcs.mx\\\/?p=156761\"},\"author\":{\"name\":\"NBCS Noticias\",\"@id\":\"https:\\\/\\\/nbcs.mx\\\/#\\\/schema\\\/person\\\/ece58bab9a7c1e87a4d28ec9ecd79ff4\"},\"headline\":\"Gobernador V\u00edctor Castro entrega la rehabilitaci\u00f3n de la Casa de D\u00eda para Personas Adultas Mayores\",\"datePublished\":\"2025-10-14T20:36:58+00:00\",\"mainEntityOfPage\":{\"@id\":\"https:\\\/\\\/nbcs.mx\\\/?p=156761\"},\"wordCount\":364,\"commentCount\":0,\"publisher\":{\"@id\":\"https:\\\/\\\/nbcs.mx\\\/#organization\"},\"image\":{\"@id\":\"https:\\\/\\\/nbcs.mx\\\/?p=156761#primaryimage\"},\"thumbnailUrl\":\"https:\\\/\\\/nbcs.mx\\\/wp-content\\\/uploads\\\/2025\\\/10\\\/FOTO-1-BOLETIN-0365-VMCC-ENTREGA.jpg\",\"articleSection\":[\"Noticias\"],\"inLanguage\":\"es\",\"potentialAction\":[{\"@type\":\"CommentAction\",\"name\":\"Comment\",\"target\":[\"https:\\\/\\\/nbcs.mx\\\/?p=156761#respond\"]}]},{\"@type\":\"WebPage\",\"@id\":\"https:\\\/\\\/nbcs.mx\\\/?p=156761\",\"url\":\"https:\\\/\\\/nbcs.mx\\\/?p=156761\",\"name\":\"Gobernador V\u00edctor Castro entrega la rehabilitaci\u00f3n de la Casa de D\u00eda para Personas Adultas Mayores - NBCS Noticias\",\"isPartOf\":{\"@id\":\"https:\\\/\\\/nbcs.mx\\\/#website\"},\"primaryImageOfPage\":{\"@id\":\"https:\\\/\\\/nbcs.mx\\\/?p=156761#primaryimage\"},\"image\":{\"@id\":\"https:\\\/\\\/nbcs.mx\\\/?p=156761#primaryimage\"},\"thumbnailUrl\":\"https:\\\/\\\/nbcs.mx\\\/wp-content\\\/uploads\\\/2025\\\/10\\\/FOTO-1-BOLETIN-0365-VMCC-ENTREGA.jpg\",\"datePublished\":\"2025-10-14T20:36:58+00:00\",\"breadcrumb\":{\"@id\":\"https:\\\/\\\/nbcs.mx\\\/?p=156761#breadcrumb\"},\"inLanguage\":\"es\",\"potentialAction\":[{\"@type\":\"ReadAction\",\"target\":[\"https:\\\/\\\/nbcs.mx\\\/?p=156761\"]}]},{\"@type\":\"ImageObject\",\"inLanguage\":\"es\",\"@id\":\"https:\\\/\\\/nbcs.mx\\\/?p=156761#primaryimage\",\"url\":\"https:\\\/\\\/nbcs.mx\\\/wp-content\\\/uploads\\\/2025\\\/10\\\/FOTO-1-BOLETIN-0365-VMCC-ENTREGA.jpg\",\"contentUrl\":\"https:\\\/\\\/nbcs.mx\\\/wp-content\\\/uploads\\\/2025\\\/10\\\/FOTO-1-BOLETIN-0365-VMCC-ENTREGA.jpg\",\"width\":1280,\"height\":717},{\"@type\":\"BreadcrumbList\",\"@id\":\"https:\\\/\\\/nbcs.mx\\\/?p=156761#breadcrumb\",\"itemListElement\":[{\"@type\":\"ListItem\",\"position\":1,\"name\":\"Portada\",\"item\":\"https:\\\/\\\/nbcs.mx\\\/\"},{\"@type\":\"ListItem\",\"position\":2,\"name\":\"Gobernador V\u00edctor Castro entrega la rehabilitaci\u00f3n de la Casa de D\u00eda para Personas Adultas Mayores\"}]},{\"@type\":\"WebSite\",\"@id\":\"https:\\\/\\\/nbcs.mx\\\/#website\",\"url\":\"https:\\\/\\\/nbcs.mx\\\/\",\"name\":\"NBCS Noticias\",\"description\":\"Sitio web de noticias en Baja California Sur\",\"publisher\":{\"@id\":\"https:\\\/\\\/nbcs.mx\\\/#organization\"},\"potentialAction\":[{\"@type\":\"SearchAction\",\"target\":{\"@type\":\"EntryPoint\",\"urlTemplate\":\"https:\\\/\\\/nbcs.mx\\\/?s={search_term_string}\"},\"query-input\":{\"@type\":\"PropertyValueSpecification\",\"valueRequired\":true,\"valueName\":\"search_term_string\"}}],\"inLanguage\":\"es\"},{\"@type\":\"Organization\",\"@id\":\"https:\\\/\\\/nbcs.mx\\\/#organization\",\"name\":\"NBCS Noticias\",\"url\":\"https:\\\/\\\/nbcs.mx\\\/\",\"logo\":{\"@type\":\"ImageObject\",\"inLanguage\":\"es\",\"@id\":\"https:\\\/\\\/nbcs.mx\\\/#\\\/schema\\\/logo\\\/image\\\/\",\"url\":\"https:\\\/\\\/nbcs.mx\\\/wp-content\\\/uploads\\\/2018\\\/09\\\/057b69485e93575a5c2b1c1dde2dd297.jpeg\",\"contentUrl\":\"https:\\\/\\\/nbcs.mx\\\/wp-content\\\/uploads\\\/2018\\\/09\\\/057b69485e93575a5c2b1c1dde2dd297.jpeg\",\"width\":64,\"height\":64,\"caption\":\"NBCS Noticias\"},\"image\":{\"@id\":\"https:\\\/\\\/nbcs.mx\\\/#\\\/schema\\\/logo\\\/image\\\/\"},\"sameAs\":[\"https:\\\/\\\/www.facebook.com\\\/NBCSnoticias\",\"https:\\\/\\\/x.com\\\/NBCSnoticias\"]},{\"@type\":\"Person\",\"@id\":\"https:\\\/\\\/nbcs.mx\\\/#\\\/schema\\\/person\\\/ece58bab9a7c1e87a4d28ec9ecd79ff4\",\"name\":\"NBCS Noticias\",\"image\":{\"@type\":\"ImageObject\",\"inLanguage\":\"es\",\"@id\":\"https:\\\/\\\/secure.gravatar.com\\\/avatar\\\/4e52110cad1c4054b43271a0d14bbe9e2ea76aecd0e1097edfc670798d9ca1d4?s=96&d=blank&r=g\",\"url\":\"https:\\\/\\\/secure.gravatar.com\\\/avatar\\\/4e52110cad1c4054b43271a0d14bbe9e2ea76aecd0e1097edfc670798d9ca1d4?s=96&d=blank&r=g\",\"contentUrl\":\"https:\\\/\\\/secure.gravatar.com\\\/avatar\\\/4e52110cad1c4054b43271a0d14bbe9e2ea76aecd0e1097edfc670798d9ca1d4?s=96&d=blank&r=g\",\"caption\":\"NBCS Noticias\"},\"description\":\"\u00bfTienes fotos o video de alg\u00fan acto de posible negligencia, corrupci\u00f3n y abuso de autoridad? M\u00e1ndalo al WhatsApp de NBCS Noticias: 612 141 98 08\",\"sameAs\":[\"https:\\\/\\\/www.nbcs.mx\",\"https:\\\/\\\/www.facebook.com\\\/NBCSnoticias\",\"https:\\\/\\\/www.instagram.com\\\/nbcsnoticias\\\/\",\"https:\\\/\\\/x.com\\\/https:\\\/\\\/twitter.com\\\/NBCSnoticias\"]}]}<\/script>\n<!-- \/ Yoast SEO plugin. -->","yoast_head_json":{"title":"Gobernador V\u00edctor Castro entrega la rehabilitaci\u00f3n de la Casa de D\u00eda para Personas Adultas Mayores - NBCS Noticias","robots":{"index":"index","follow":"follow","max-snippet":"max-snippet:-1","max-image-preview":"max-image-preview:large","max-video-preview":"max-video-preview:-1"},"canonical":"https:\/\/nbcs.mx\/?p=156761","og_locale":"es_ES","og_type":"article","og_title":"Gobernador V\u00edctor Castro entrega la rehabilitaci\u00f3n de la Casa de D\u00eda para Personas Adultas Mayores - NBCS Noticias","og_description":"El gobernador V\u00edctor Manuel Castro Cos\u00edo, acompa\u00f1ado por la presidenta del Sistema Estatal DIF (SEDIF), Patricia L\u00f3pez Navarro, encabez\u00f3 la","og_url":"https:\/\/nbcs.mx\/?p=156761","og_site_name":"NBCS Noticias","article_publisher":"https:\/\/www.facebook.com\/NBCSnoticias","article_author":"https:\/\/www.facebook.com\/NBCSnoticias","article_published_time":"2025-10-14T20:36:58+00:00","og_image":[{"width":1280,"height":717,"url":"https:\/\/nbcs.mx\/wp-content\/uploads\/2025\/10\/FOTO-1-BOLETIN-0365-VMCC-ENTREGA.jpg","type":"image\/jpeg"}],"author":"NBCS Noticias","twitter_card":"summary_large_image","twitter_creator":"@https:\/\/twitter.com\/NBCSnoticias","twitter_site":"@NBCSnoticias","twitter_misc":{"Escrito por":"NBCS Noticias","Tiempo de lectura":"2 minutos"},"schema":{"@context":"https:\/\/schema.org","@graph":[{"@type":"Article","@id":"https:\/\/nbcs.mx\/?p=156761#article","isPartOf":{"@id":"https:\/\/nbcs.mx\/?p=156761"},"author":{"name":"NBCS Noticias","@id":"https:\/\/nbcs.mx\/#\/schema\/person\/ece58bab9a7c1e87a4d28ec9ecd79ff4"},"headline":"Gobernador V\u00edctor Castro entrega la rehabilitaci\u00f3n de la Casa de D\u00eda para Personas Adultas Mayores","datePublished":"2025-10-14T20:36:58+00:00","mainEntityOfPage":{"@id":"https:\/\/nbcs.mx\/?p=156761"},"wordCount":364,"commentCount":0,"publisher":{"@id":"https:\/\/nbcs.mx\/#organization"},"image":{"@id":"https:\/\/nbcs.mx\/?p=156761#primaryimage"},"thumbnailUrl":"https:\/\/nbcs.mx\/wp-content\/uploads\/2025\/10\/FOTO-1-BOLETIN-0365-VMCC-ENTREGA.jpg","articleSection":["Noticias"],"inLanguage":"es","potentialAction":[{"@type":"CommentAction","name":"Comment","target":["https:\/\/nbcs.mx\/?p=156761#respond"]}]},{"@type":"WebPage","@id":"https:\/\/nbcs.mx\/?p=156761","url":"https:\/\/nbcs.mx\/?p=156761","name":"Gobernador V\u00edctor Castro entrega la rehabilitaci\u00f3n de la Casa de D\u00eda para Personas Adultas Mayores - NBCS Noticias","isPartOf":{"@id":"https:\/\/nbcs.mx\/#website"},"primaryImageOfPage":{"@id":"https:\/\/nbcs.mx\/?p=156761#primaryimage"},"image":{"@id":"https:\/\/nbcs.mx\/?p=156761#primaryimage"},"thumbnailUrl":"https:\/\/nbcs.mx\/wp-content\/uploads\/2025\/10\/FOTO-1-BOLETIN-0365-VMCC-ENTREGA.jpg","datePublished":"2025-10-14T20:36:58+00:00","breadcrumb":{"@id":"https:\/\/nbcs.mx\/?p=156761#breadcrumb"},"inLanguage":"es","potentialAction":[{"@type":"ReadAction","target":["https:\/\/nbcs.mx\/?p=156761"]}]},{"@type":"ImageObject","inLanguage":"es","@id":"https:\/\/nbcs.mx\/?p=156761#primaryimage","url":"https:\/\/nbcs.mx\/wp-content\/uploads\/2025\/10\/FOTO-1-BOLETIN-0365-VMCC-ENTREGA.jpg","contentUrl":"https:\/\/nbcs.mx\/wp-content\/uploads\/2025\/10\/FOTO-1-BOLETIN-0365-VMCC-ENTREGA.jpg","width":1280,"height":717},{"@type":"BreadcrumbList","@id":"https:\/\/nbcs.mx\/?p=156761#breadcrumb","itemListElement":[{"@type":"ListItem","position":1,"name":"Portada","item":"https:\/\/nbcs.mx\/"},{"@type":"ListItem","position":2,"name":"Gobernador V\u00edctor Castro entrega la rehabilitaci\u00f3n de la Casa de D\u00eda para Personas Adultas Mayores"}]},{"@type":"WebSite","@id":"https:\/\/nbcs.mx\/#website","url":"https:\/\/nbcs.mx\/","name":"NBCS Noticias","description":"Sitio web de noticias en Baja California Sur","publisher":{"@id":"https:\/\/nbcs.mx\/#organization"},"potentialAction":[{"@type":"SearchAction","target":{"@type":"EntryPoint","urlTemplate":"https:\/\/nbcs.mx\/?s={search_term_string}"},"query-input":{"@type":"PropertyValueSpecification","valueRequired":true,"valueName":"search_term_string"}}],"inLanguage":"es"},{"@type":"Organization","@id":"https:\/\/nbcs.mx\/#organization","name":"NBCS Noticias","url":"https:\/\/nbcs.mx\/","logo":{"@type":"ImageObject","inLanguage":"es","@id":"https:\/\/nbcs.mx\/#\/schema\/logo\/image\/","url":"https:\/\/nbcs.mx\/wp-content\/uploads\/2018\/09\/057b69485e93575a5c2b1c1dde2dd297.jpeg","contentUrl":"https:\/\/nbcs.mx\/wp-content\/uploads\/2018\/09\/057b69485e93575a5c2b1c1dde2dd297.jpeg","width":64,"height":64,"caption":"NBCS Noticias"},"image":{"@id":"https:\/\/nbcs.mx\/#\/schema\/logo\/image\/"},"sameAs":["https:\/\/www.facebook.com\/NBCSnoticias","https:\/\/x.com\/NBCSnoticias"]},{"@type":"Person","@id":"https:\/\/nbcs.mx\/#\/schema\/person\/ece58bab9a7c1e87a4d28ec9ecd79ff4","name":"NBCS Noticias","image":{"@type":"ImageObject","inLanguage":"es","@id":"https:\/\/secure.gravatar.com\/avatar\/4e52110cad1c4054b43271a0d14bbe9e2ea76aecd0e1097edfc670798d9ca1d4?s=96&d=blank&r=g","url":"https:\/\/secure.gravatar.com\/avatar\/4e52110cad1c4054b43271a0d14bbe9e2ea76aecd0e1097edfc670798d9ca1d4?s=96&d=blank&r=g","contentUrl":"https:\/\/secure.gravatar.com\/avatar\/4e52110cad1c4054b43271a0d14bbe9e2ea76aecd0e1097edfc670798d9ca1d4?s=96&d=blank&r=g","caption":"NBCS Noticias"},"description":"\u00bfTienes fotos o video de alg\u00fan acto de posible negligencia, corrupci\u00f3n y abuso de autoridad? M\u00e1ndalo al WhatsApp de NBCS Noticias: 612 141 98 08","sameAs":["https:\/\/www.nbcs.mx","https:\/\/www.facebook.com\/NBCSnoticias","https:\/\/www.instagram.com\/nbcsnoticias\/","https:\/\/x.com\/https:\/\/twitter.com\/NBCSnoticias"]}]}},"jetpack_publicize_connections":[],"jetpack_featured_media_url":"https:\/\/nbcs.mx\/wp-content\/uploads\/2025\/10\/FOTO-1-BOLETIN-0365-VMCC-ENTREGA.jpg","jetpack_sharing_enabled":true,"_links":{"self":[{"href":"https:\/\/nbcs.mx\/index.php?rest_route=\/wp\/v2\/posts\/156761","targetHints":{"allow":["GET"]}}],"collection":[{"href":"https:\/\/nbcs.mx\/index.php?rest_route=\/wp\/v2\/posts"}],"about":[{"href":"https:\/\/nbcs.mx\/index.php?rest_route=\/wp\/v2\/types\/post"}],"author":[{"embeddable":true,"href":"https:\/\/nbcs.mx\/index.php?rest_route=\/wp\/v2\/users\/1"}],"replies":[{"embeddable":true,"href":"https:\/\/nbcs.mx\/index.php?rest_route=%2Fwp%2Fv2%2Fcomments&post=156761"}],"version-history":[{"count":1,"href":"https:\/\/nbcs.mx\/index.php?rest_route=\/wp\/v2\/posts\/156761\/revisions"}],"predecessor-version":[{"id":156763,"href":"https:\/\/nbcs.mx\/index.php?rest_route=\/wp\/v2\/posts\/156761\/revisions\/156763"}],"wp:featuredmedia":[{"embeddable":true,"href":"https:\/\/nbcs.mx\/index.php?rest_route=\/wp\/v2\/media\/156762"}],"wp:attachment":[{"href":"https:\/\/nbcs.mx\/index.php?rest_route=%2Fwp%2Fv2%2Fmedia&parent=156761"}],"wp:term":[{"taxonomy":"category","embeddable":true,"href":"https:\/\/nbcs.mx\/index.php?rest_route=%2Fwp%2Fv2%2Fcategories&post=156761"},{"taxonomy":"post_tag","embeddable":true,"href":"https:\/\/nbcs.mx\/index.php?rest_route=%2Fwp%2Fv2%2Ftags&post=156761"}],"curies":[{"name":"wp","href":"https:\/\/api.w.org\/{rel}","templated":true}]}}