{"id":156778,"date":"2025-10-14T20:08:26","date_gmt":"2025-10-15T02:08:26","guid":{"rendered":"https:\/\/nbcs.mx\/?p=156778"},"modified":"2025-10-14T20:08:26","modified_gmt":"2025-10-15T02:08:26","slug":"piden-se-incorpore-a-la-ley-de-salud-diagnostico-control-y-tratamiento-del-lupus-y-otras-enfermedades-autoinmunes","status":"publish","type":"post","link":"https:\/\/nbcs.mx\/?p=156778","title":{"rendered":"Piden se incorpore a la Ley de Salud diagn\u00f3stico, control y tratamiento del lupus y otras enfermedades autoinmunes"},"content":{"rendered":"<p style=\"font-weight: 400; text-align: justify;\"><img loading=\"lazy\" decoding=\"async\" class=\" wp-image-156779 alignleft\" src=\"https:\/\/nbcs.mx\/wp-content\/uploads\/2025\/10\/DIP-LUPITA-SALDANA-CISNEROS-251014-5-740x492.jpg\" alt=\"\" width=\"387\" height=\"257\" srcset=\"https:\/\/nbcs.mx\/wp-content\/uploads\/2025\/10\/DIP-LUPITA-SALDANA-CISNEROS-251014-5-740x492.jpg 740w, https:\/\/nbcs.mx\/wp-content\/uploads\/2025\/10\/DIP-LUPITA-SALDANA-CISNEROS-251014-5-150x100.jpg 150w, https:\/\/nbcs.mx\/wp-content\/uploads\/2025\/10\/DIP-LUPITA-SALDANA-CISNEROS-251014-5-768x511.jpg 768w, https:\/\/nbcs.mx\/wp-content\/uploads\/2025\/10\/DIP-LUPITA-SALDANA-CISNEROS-251014-5.jpg 1024w\" sizes=\"auto, (max-width: 387px) 100vw, 387px\" \/>Con el prop\u00f3sito de incorporar expl\u00edcitamente el diagn\u00f3stico, control y tratamiento del lupus y otras enfermedades autoinmunes y que sea atribuci\u00f3n espec\u00edfica de las autoridades estatales de salud, la diputada Lupita Salda\u00f1a present\u00f3 este martes, iniciativa con proyecto de decreto que reforma el art\u00edculo 56 de la Ley de Salud en Baja California Sur.<\/p>\n<p style=\"font-weight: 400; text-align: justify;\">Adem\u00e1s, propuso crear un registro estatal de pacientes, con el fin de generar estad\u00edsticas confiables y fundamentar pol\u00edticas p\u00fablicas en materia de salud, porque las personas que padecen lupus no solamente se enfrentan a esa enfermedad, sino tambi\u00e9n a un mundo que no es emp\u00e1tico ni sensible a este padecimiento: \u201chay mucha desinformaci\u00f3n m\u00e9dica, falta de acceso a tratamientos y una evidente invisibilizaci\u00f3n institucional\u201d, sostuvo en tribuna la ma\u00f1ana de este martes, en sesi\u00f3n ordinaria, por lo que, las autoridades del sector salud de Baja California Sur deben emprender todas las acciones necesarias para informar, investigar, diagnosticar, tratar el lupus y las enfermedades autoinmunes, toda vez que representan un riesgo grave para la calidad de vida y los derechos humanos de las y los sudcalifornianos.<\/p>\n<p style=\"font-weight: 400; text-align: justify;\">Esta enfermedad no solamente tiene efectos negativos en la salud de las personas, sino que tambi\u00e9n provoca una serie de situaciones en otros \u00e1mbitos de la vida, como el social, laboral y financiero, provocado principalmente por esta invisibilidad del padecimiento.<\/p>\n<p style=\"font-weight: 400; text-align: justify;\">En ese contexto, su propuesta, que fue asignada a la Comisi\u00f3n de Salud, la Familia y la Asistencia P\u00fablica, implica que la secretar\u00eda y dem\u00e1s instituciones de salud estatales, promuevan y apoyen la constituci\u00f3n de grupos, asociaciones y dem\u00e1s instituciones que tengan por objeto participar organizadamente en los programas de promoci\u00f3n y mejoramiento de la salud individual o colectiva, as\u00ed como en los de prevenci\u00f3n de enfermedades, lupus y otras enfermedades autoinmunes, accidentes, de prevenci\u00f3n de invalidez y rehabilitaci\u00f3n de personas con discapacidad.<\/p>\n<p style=\"font-weight: 400; text-align: justify;\">Salda\u00f1a Cisneros sostuvo que es fundamental fortalecer la capacidad de respuesta del sector salud para atender correcta y oportunamente a las personas que padecen lupus o cualquier enfermedad autoinmune.<\/p>\n<p style=\"font-weight: 400; text-align: justify;\">\u201cEl Estado tiene la obligaci\u00f3n de implementar pol\u00edticas y servicios que garanticen a estos pacientes un diagn\u00f3stico temprano, acceso a m\u00e9dicos especialistas, disponibilidad de medicamentos esenciales y seguimiento integral postratamiento, incluyendo rehabilitaci\u00f3n y apoyo psicol\u00f3gico\u201d, fustig\u00f3 desde tribuna la abanderada de Acci\u00f3n Nacional, arguyendo que, cuando el sistema de salud falla en proveer estos elementos, se vulnera el ejercicio de los derechos a la vida y a la salud de este grupo poblacional.<\/p>\n","protected":false},"excerpt":{"rendered":"<p>Con el prop\u00f3sito de incorporar expl\u00edcitamente el diagn\u00f3stico, control y tratamiento del lupus y otras enfermedades autoinmunes y que sea<\/p>\n","protected":false},"author":1,"featured_media":156779,"comment_status":"open","ping_status":"closed","sticky":false,"template":"","format":"standard","meta":{"colormag_page_container_layout":"default_layout","colormag_page_sidebar_layout":"default_layout","_jetpack_memberships_contains_paid_content":false,"footnotes":"","jetpack_publicize_message":"","jetpack_publicize_feature_enabled":true,"jetpack_social_post_already_shared":true,"jetpack_social_options":{"image_generator_settings":{"template":"highway","default_image_id":0,"font":"","enabled":false},"version":2}},"categories":[48],"tags":[],"class_list":["post-156778","post","type-post","status-publish","format-standard","has-post-thumbnail","hentry","category-congreso-de-bcs"],"yoast_head":"<!-- This site is optimized with the Yoast SEO plugin v27.4 - https:\/\/yoast.com\/product\/yoast-seo-wordpress\/ -->\n<title>Piden se incorpore a la Ley de Salud diagn\u00f3stico, control y tratamiento del lupus y otras enfermedades autoinmunes - NBCS Noticias<\/title>\n<meta name=\"robots\" content=\"index, follow, max-snippet:-1, max-image-preview:large, max-video-preview:-1\" \/>\n<link rel=\"canonical\" href=\"https:\/\/nbcs.mx\/?p=156778\" \/>\n<meta property=\"og:locale\" content=\"es_ES\" \/>\n<meta property=\"og:type\" content=\"article\" \/>\n<meta property=\"og:title\" content=\"Piden se incorpore a la Ley de Salud diagn\u00f3stico, control y tratamiento del lupus y otras enfermedades autoinmunes - NBCS Noticias\" \/>\n<meta property=\"og:description\" content=\"Con el prop\u00f3sito de incorporar expl\u00edcitamente el diagn\u00f3stico, control y tratamiento del lupus y otras enfermedades autoinmunes y que sea\" \/>\n<meta property=\"og:url\" content=\"https:\/\/nbcs.mx\/?p=156778\" \/>\n<meta property=\"og:site_name\" content=\"NBCS Noticias\" \/>\n<meta property=\"article:publisher\" content=\"https:\/\/www.facebook.com\/NBCSnoticias\" \/>\n<meta property=\"article:author\" content=\"https:\/\/www.facebook.com\/NBCSnoticias\" \/>\n<meta property=\"article:published_time\" content=\"2025-10-15T02:08:26+00:00\" \/>\n<meta property=\"og:image\" content=\"https:\/\/nbcs.mx\/wp-content\/uploads\/2025\/10\/DIP-LUPITA-SALDANA-CISNEROS-251014-5.jpg\" \/>\n\t<meta property=\"og:image:width\" content=\"1024\" \/>\n\t<meta property=\"og:image:height\" content=\"681\" \/>\n\t<meta property=\"og:image:type\" content=\"image\/jpeg\" \/>\n<meta name=\"author\" content=\"NBCS Noticias\" \/>\n<meta name=\"twitter:card\" content=\"summary_large_image\" \/>\n<meta name=\"twitter:creator\" content=\"@https:\/\/twitter.com\/NBCSnoticias\" \/>\n<meta name=\"twitter:site\" content=\"@NBCSnoticias\" \/>\n<meta name=\"twitter:label1\" content=\"Escrito por\" \/>\n\t<meta name=\"twitter:data1\" content=\"NBCS Noticias\" \/>\n\t<meta name=\"twitter:label2\" content=\"Tiempo de lectura\" \/>\n\t<meta name=\"twitter:data2\" content=\"3 minutos\" \/>\n<script type=\"application\/ld+json\" class=\"yoast-schema-graph\">{\"@context\":\"https:\\\/\\\/schema.org\",\"@graph\":[{\"@type\":\"Article\",\"@id\":\"https:\\\/\\\/nbcs.mx\\\/?p=156778#article\",\"isPartOf\":{\"@id\":\"https:\\\/\\\/nbcs.mx\\\/?p=156778\"},\"author\":{\"name\":\"NBCS Noticias\",\"@id\":\"https:\\\/\\\/nbcs.mx\\\/#\\\/schema\\\/person\\\/ece58bab9a7c1e87a4d28ec9ecd79ff4\"},\"headline\":\"Piden se incorpore a la Ley de Salud diagn\u00f3stico, control y tratamiento del lupus y otras enfermedades autoinmunes\",\"datePublished\":\"2025-10-15T02:08:26+00:00\",\"mainEntityOfPage\":{\"@id\":\"https:\\\/\\\/nbcs.mx\\\/?p=156778\"},\"wordCount\":459,\"commentCount\":0,\"publisher\":{\"@id\":\"https:\\\/\\\/nbcs.mx\\\/#organization\"},\"image\":{\"@id\":\"https:\\\/\\\/nbcs.mx\\\/?p=156778#primaryimage\"},\"thumbnailUrl\":\"https:\\\/\\\/nbcs.mx\\\/wp-content\\\/uploads\\\/2025\\\/10\\\/DIP-LUPITA-SALDANA-CISNEROS-251014-5.jpg\",\"articleSection\":[\"Congreso de BCS\"],\"inLanguage\":\"es\",\"potentialAction\":[{\"@type\":\"CommentAction\",\"name\":\"Comment\",\"target\":[\"https:\\\/\\\/nbcs.mx\\\/?p=156778#respond\"]}]},{\"@type\":\"WebPage\",\"@id\":\"https:\\\/\\\/nbcs.mx\\\/?p=156778\",\"url\":\"https:\\\/\\\/nbcs.mx\\\/?p=156778\",\"name\":\"Piden se incorpore a la Ley de Salud diagn\u00f3stico, control y tratamiento del lupus y otras enfermedades autoinmunes - NBCS Noticias\",\"isPartOf\":{\"@id\":\"https:\\\/\\\/nbcs.mx\\\/#website\"},\"primaryImageOfPage\":{\"@id\":\"https:\\\/\\\/nbcs.mx\\\/?p=156778#primaryimage\"},\"image\":{\"@id\":\"https:\\\/\\\/nbcs.mx\\\/?p=156778#primaryimage\"},\"thumbnailUrl\":\"https:\\\/\\\/nbcs.mx\\\/wp-content\\\/uploads\\\/2025\\\/10\\\/DIP-LUPITA-SALDANA-CISNEROS-251014-5.jpg\",\"datePublished\":\"2025-10-15T02:08:26+00:00\",\"breadcrumb\":{\"@id\":\"https:\\\/\\\/nbcs.mx\\\/?p=156778#breadcrumb\"},\"inLanguage\":\"es\",\"potentialAction\":[{\"@type\":\"ReadAction\",\"target\":[\"https:\\\/\\\/nbcs.mx\\\/?p=156778\"]}]},{\"@type\":\"ImageObject\",\"inLanguage\":\"es\",\"@id\":\"https:\\\/\\\/nbcs.mx\\\/?p=156778#primaryimage\",\"url\":\"https:\\\/\\\/nbcs.mx\\\/wp-content\\\/uploads\\\/2025\\\/10\\\/DIP-LUPITA-SALDANA-CISNEROS-251014-5.jpg\",\"contentUrl\":\"https:\\\/\\\/nbcs.mx\\\/wp-content\\\/uploads\\\/2025\\\/10\\\/DIP-LUPITA-SALDANA-CISNEROS-251014-5.jpg\",\"width\":1024,\"height\":681},{\"@type\":\"BreadcrumbList\",\"@id\":\"https:\\\/\\\/nbcs.mx\\\/?p=156778#breadcrumb\",\"itemListElement\":[{\"@type\":\"ListItem\",\"position\":1,\"name\":\"Portada\",\"item\":\"https:\\\/\\\/nbcs.mx\\\/\"},{\"@type\":\"ListItem\",\"position\":2,\"name\":\"Piden se incorpore a la Ley de Salud diagn\u00f3stico, control y tratamiento del lupus y otras enfermedades autoinmunes\"}]},{\"@type\":\"WebSite\",\"@id\":\"https:\\\/\\\/nbcs.mx\\\/#website\",\"url\":\"https:\\\/\\\/nbcs.mx\\\/\",\"name\":\"NBCS Noticias\",\"description\":\"Sitio web de noticias en Baja California Sur\",\"publisher\":{\"@id\":\"https:\\\/\\\/nbcs.mx\\\/#organization\"},\"potentialAction\":[{\"@type\":\"SearchAction\",\"target\":{\"@type\":\"EntryPoint\",\"urlTemplate\":\"https:\\\/\\\/nbcs.mx\\\/?s={search_term_string}\"},\"query-input\":{\"@type\":\"PropertyValueSpecification\",\"valueRequired\":true,\"valueName\":\"search_term_string\"}}],\"inLanguage\":\"es\"},{\"@type\":\"Organization\",\"@id\":\"https:\\\/\\\/nbcs.mx\\\/#organization\",\"name\":\"NBCS Noticias\",\"url\":\"https:\\\/\\\/nbcs.mx\\\/\",\"logo\":{\"@type\":\"ImageObject\",\"inLanguage\":\"es\",\"@id\":\"https:\\\/\\\/nbcs.mx\\\/#\\\/schema\\\/logo\\\/image\\\/\",\"url\":\"https:\\\/\\\/nbcs.mx\\\/wp-content\\\/uploads\\\/2018\\\/09\\\/057b69485e93575a5c2b1c1dde2dd297.jpeg\",\"contentUrl\":\"https:\\\/\\\/nbcs.mx\\\/wp-content\\\/uploads\\\/2018\\\/09\\\/057b69485e93575a5c2b1c1dde2dd297.jpeg\",\"width\":64,\"height\":64,\"caption\":\"NBCS Noticias\"},\"image\":{\"@id\":\"https:\\\/\\\/nbcs.mx\\\/#\\\/schema\\\/logo\\\/image\\\/\"},\"sameAs\":[\"https:\\\/\\\/www.facebook.com\\\/NBCSnoticias\",\"https:\\\/\\\/x.com\\\/NBCSnoticias\"]},{\"@type\":\"Person\",\"@id\":\"https:\\\/\\\/nbcs.mx\\\/#\\\/schema\\\/person\\\/ece58bab9a7c1e87a4d28ec9ecd79ff4\",\"name\":\"NBCS Noticias\",\"image\":{\"@type\":\"ImageObject\",\"inLanguage\":\"es\",\"@id\":\"https:\\\/\\\/secure.gravatar.com\\\/avatar\\\/4e52110cad1c4054b43271a0d14bbe9e2ea76aecd0e1097edfc670798d9ca1d4?s=96&d=blank&r=g\",\"url\":\"https:\\\/\\\/secure.gravatar.com\\\/avatar\\\/4e52110cad1c4054b43271a0d14bbe9e2ea76aecd0e1097edfc670798d9ca1d4?s=96&d=blank&r=g\",\"contentUrl\":\"https:\\\/\\\/secure.gravatar.com\\\/avatar\\\/4e52110cad1c4054b43271a0d14bbe9e2ea76aecd0e1097edfc670798d9ca1d4?s=96&d=blank&r=g\",\"caption\":\"NBCS Noticias\"},\"description\":\"\u00bfTienes fotos o video de alg\u00fan acto de posible negligencia, corrupci\u00f3n y abuso de autoridad? M\u00e1ndalo al WhatsApp de NBCS Noticias: 612 141 98 08\",\"sameAs\":[\"https:\\\/\\\/www.nbcs.mx\",\"https:\\\/\\\/www.facebook.com\\\/NBCSnoticias\",\"https:\\\/\\\/www.instagram.com\\\/nbcsnoticias\\\/\",\"https:\\\/\\\/x.com\\\/https:\\\/\\\/twitter.com\\\/NBCSnoticias\"]}]}<\/script>\n<!-- \/ Yoast SEO plugin. -->","yoast_head_json":{"title":"Piden se incorpore a la Ley de Salud diagn\u00f3stico, control y tratamiento del lupus y otras enfermedades autoinmunes - NBCS Noticias","robots":{"index":"index","follow":"follow","max-snippet":"max-snippet:-1","max-image-preview":"max-image-preview:large","max-video-preview":"max-video-preview:-1"},"canonical":"https:\/\/nbcs.mx\/?p=156778","og_locale":"es_ES","og_type":"article","og_title":"Piden se incorpore a la Ley de Salud diagn\u00f3stico, control y tratamiento del lupus y otras enfermedades autoinmunes - NBCS Noticias","og_description":"Con el prop\u00f3sito de incorporar expl\u00edcitamente el diagn\u00f3stico, control y tratamiento del lupus y otras enfermedades autoinmunes y que sea","og_url":"https:\/\/nbcs.mx\/?p=156778","og_site_name":"NBCS Noticias","article_publisher":"https:\/\/www.facebook.com\/NBCSnoticias","article_author":"https:\/\/www.facebook.com\/NBCSnoticias","article_published_time":"2025-10-15T02:08:26+00:00","og_image":[{"width":1024,"height":681,"url":"https:\/\/nbcs.mx\/wp-content\/uploads\/2025\/10\/DIP-LUPITA-SALDANA-CISNEROS-251014-5.jpg","type":"image\/jpeg"}],"author":"NBCS Noticias","twitter_card":"summary_large_image","twitter_creator":"@https:\/\/twitter.com\/NBCSnoticias","twitter_site":"@NBCSnoticias","twitter_misc":{"Escrito por":"NBCS Noticias","Tiempo de lectura":"3 minutos"},"schema":{"@context":"https:\/\/schema.org","@graph":[{"@type":"Article","@id":"https:\/\/nbcs.mx\/?p=156778#article","isPartOf":{"@id":"https:\/\/nbcs.mx\/?p=156778"},"author":{"name":"NBCS Noticias","@id":"https:\/\/nbcs.mx\/#\/schema\/person\/ece58bab9a7c1e87a4d28ec9ecd79ff4"},"headline":"Piden se incorpore a la Ley de Salud diagn\u00f3stico, control y tratamiento del lupus y otras enfermedades autoinmunes","datePublished":"2025-10-15T02:08:26+00:00","mainEntityOfPage":{"@id":"https:\/\/nbcs.mx\/?p=156778"},"wordCount":459,"commentCount":0,"publisher":{"@id":"https:\/\/nbcs.mx\/#organization"},"image":{"@id":"https:\/\/nbcs.mx\/?p=156778#primaryimage"},"thumbnailUrl":"https:\/\/nbcs.mx\/wp-content\/uploads\/2025\/10\/DIP-LUPITA-SALDANA-CISNEROS-251014-5.jpg","articleSection":["Congreso de BCS"],"inLanguage":"es","potentialAction":[{"@type":"CommentAction","name":"Comment","target":["https:\/\/nbcs.mx\/?p=156778#respond"]}]},{"@type":"WebPage","@id":"https:\/\/nbcs.mx\/?p=156778","url":"https:\/\/nbcs.mx\/?p=156778","name":"Piden se incorpore a la Ley de Salud diagn\u00f3stico, control y tratamiento del lupus y otras enfermedades autoinmunes - NBCS Noticias","isPartOf":{"@id":"https:\/\/nbcs.mx\/#website"},"primaryImageOfPage":{"@id":"https:\/\/nbcs.mx\/?p=156778#primaryimage"},"image":{"@id":"https:\/\/nbcs.mx\/?p=156778#primaryimage"},"thumbnailUrl":"https:\/\/nbcs.mx\/wp-content\/uploads\/2025\/10\/DIP-LUPITA-SALDANA-CISNEROS-251014-5.jpg","datePublished":"2025-10-15T02:08:26+00:00","breadcrumb":{"@id":"https:\/\/nbcs.mx\/?p=156778#breadcrumb"},"inLanguage":"es","potentialAction":[{"@type":"ReadAction","target":["https:\/\/nbcs.mx\/?p=156778"]}]},{"@type":"ImageObject","inLanguage":"es","@id":"https:\/\/nbcs.mx\/?p=156778#primaryimage","url":"https:\/\/nbcs.mx\/wp-content\/uploads\/2025\/10\/DIP-LUPITA-SALDANA-CISNEROS-251014-5.jpg","contentUrl":"https:\/\/nbcs.mx\/wp-content\/uploads\/2025\/10\/DIP-LUPITA-SALDANA-CISNEROS-251014-5.jpg","width":1024,"height":681},{"@type":"BreadcrumbList","@id":"https:\/\/nbcs.mx\/?p=156778#breadcrumb","itemListElement":[{"@type":"ListItem","position":1,"name":"Portada","item":"https:\/\/nbcs.mx\/"},{"@type":"ListItem","position":2,"name":"Piden se incorpore a la Ley de Salud diagn\u00f3stico, control y tratamiento del lupus y otras enfermedades autoinmunes"}]},{"@type":"WebSite","@id":"https:\/\/nbcs.mx\/#website","url":"https:\/\/nbcs.mx\/","name":"NBCS Noticias","description":"Sitio web de noticias en Baja California Sur","publisher":{"@id":"https:\/\/nbcs.mx\/#organization"},"potentialAction":[{"@type":"SearchAction","target":{"@type":"EntryPoint","urlTemplate":"https:\/\/nbcs.mx\/?s={search_term_string}"},"query-input":{"@type":"PropertyValueSpecification","valueRequired":true,"valueName":"search_term_string"}}],"inLanguage":"es"},{"@type":"Organization","@id":"https:\/\/nbcs.mx\/#organization","name":"NBCS Noticias","url":"https:\/\/nbcs.mx\/","logo":{"@type":"ImageObject","inLanguage":"es","@id":"https:\/\/nbcs.mx\/#\/schema\/logo\/image\/","url":"https:\/\/nbcs.mx\/wp-content\/uploads\/2018\/09\/057b69485e93575a5c2b1c1dde2dd297.jpeg","contentUrl":"https:\/\/nbcs.mx\/wp-content\/uploads\/2018\/09\/057b69485e93575a5c2b1c1dde2dd297.jpeg","width":64,"height":64,"caption":"NBCS Noticias"},"image":{"@id":"https:\/\/nbcs.mx\/#\/schema\/logo\/image\/"},"sameAs":["https:\/\/www.facebook.com\/NBCSnoticias","https:\/\/x.com\/NBCSnoticias"]},{"@type":"Person","@id":"https:\/\/nbcs.mx\/#\/schema\/person\/ece58bab9a7c1e87a4d28ec9ecd79ff4","name":"NBCS Noticias","image":{"@type":"ImageObject","inLanguage":"es","@id":"https:\/\/secure.gravatar.com\/avatar\/4e52110cad1c4054b43271a0d14bbe9e2ea76aecd0e1097edfc670798d9ca1d4?s=96&d=blank&r=g","url":"https:\/\/secure.gravatar.com\/avatar\/4e52110cad1c4054b43271a0d14bbe9e2ea76aecd0e1097edfc670798d9ca1d4?s=96&d=blank&r=g","contentUrl":"https:\/\/secure.gravatar.com\/avatar\/4e52110cad1c4054b43271a0d14bbe9e2ea76aecd0e1097edfc670798d9ca1d4?s=96&d=blank&r=g","caption":"NBCS Noticias"},"description":"\u00bfTienes fotos o video de alg\u00fan acto de posible negligencia, corrupci\u00f3n y abuso de autoridad? M\u00e1ndalo al WhatsApp de NBCS Noticias: 612 141 98 08","sameAs":["https:\/\/www.nbcs.mx","https:\/\/www.facebook.com\/NBCSnoticias","https:\/\/www.instagram.com\/nbcsnoticias\/","https:\/\/x.com\/https:\/\/twitter.com\/NBCSnoticias"]}]}},"jetpack_publicize_connections":[],"jetpack_featured_media_url":"https:\/\/nbcs.mx\/wp-content\/uploads\/2025\/10\/DIP-LUPITA-SALDANA-CISNEROS-251014-5.jpg","jetpack_sharing_enabled":true,"_links":{"self":[{"href":"https:\/\/nbcs.mx\/index.php?rest_route=\/wp\/v2\/posts\/156778","targetHints":{"allow":["GET"]}}],"collection":[{"href":"https:\/\/nbcs.mx\/index.php?rest_route=\/wp\/v2\/posts"}],"about":[{"href":"https:\/\/nbcs.mx\/index.php?rest_route=\/wp\/v2\/types\/post"}],"author":[{"embeddable":true,"href":"https:\/\/nbcs.mx\/index.php?rest_route=\/wp\/v2\/users\/1"}],"replies":[{"embeddable":true,"href":"https:\/\/nbcs.mx\/index.php?rest_route=%2Fwp%2Fv2%2Fcomments&post=156778"}],"version-history":[{"count":1,"href":"https:\/\/nbcs.mx\/index.php?rest_route=\/wp\/v2\/posts\/156778\/revisions"}],"predecessor-version":[{"id":156780,"href":"https:\/\/nbcs.mx\/index.php?rest_route=\/wp\/v2\/posts\/156778\/revisions\/156780"}],"wp:featuredmedia":[{"embeddable":true,"href":"https:\/\/nbcs.mx\/index.php?rest_route=\/wp\/v2\/media\/156779"}],"wp:attachment":[{"href":"https:\/\/nbcs.mx\/index.php?rest_route=%2Fwp%2Fv2%2Fmedia&parent=156778"}],"wp:term":[{"taxonomy":"category","embeddable":true,"href":"https:\/\/nbcs.mx\/index.php?rest_route=%2Fwp%2Fv2%2Fcategories&post=156778"},{"taxonomy":"post_tag","embeddable":true,"href":"https:\/\/nbcs.mx\/index.php?rest_route=%2Fwp%2Fv2%2Ftags&post=156778"}],"curies":[{"name":"wp","href":"https:\/\/api.w.org\/{rel}","templated":true}]}}