{"id":156806,"date":"2025-10-15T13:48:59","date_gmt":"2025-10-15T19:48:59","guid":{"rendered":"https:\/\/nbcs.mx\/?p=156806"},"modified":"2025-10-15T13:48:59","modified_gmt":"2025-10-15T19:48:59","slug":"buro-politico-morena-y-los-plebes-revoltosos","status":"publish","type":"post","link":"https:\/\/nbcs.mx\/?p=156806","title":{"rendered":"BUR\u00d3 POL\u00cdTICO\/ \u00a1MORENA Y LOS PLEBES REVOLTOSOS!"},"content":{"rendered":"<p dir=\"auto\" style=\"text-align: justify;\"><img loading=\"lazy\" decoding=\"async\" class=\" wp-image-156807 alignleft\" src=\"https:\/\/nbcs.mx\/wp-content\/uploads\/2025\/10\/1b597eb5-98d4-4bed-9537-997e6995b0ef-683x492.jpeg\" alt=\"\" width=\"330\" height=\"238\" srcset=\"https:\/\/nbcs.mx\/wp-content\/uploads\/2025\/10\/1b597eb5-98d4-4bed-9537-997e6995b0ef-683x492.jpeg 683w, https:\/\/nbcs.mx\/wp-content\/uploads\/2025\/10\/1b597eb5-98d4-4bed-9537-997e6995b0ef-150x108.jpeg 150w, https:\/\/nbcs.mx\/wp-content\/uploads\/2025\/10\/1b597eb5-98d4-4bed-9537-997e6995b0ef.jpeg 768w\" sizes=\"auto, (max-width: 330px) 100vw, 330px\" \/>POR ARIEL VILCHIS<\/p>\n<p dir=\"auto\" style=\"text-align: justify;\">Ayer tom\u00f3 protesta la reci\u00e9n confirmada Comisi\u00f3n Estatal de J\u00f3venes de Morena en Baja California Sur, un suceso relevante en la vida interna de ese partido pol\u00edtico por varias razones.<\/p>\n<p dir=\"auto\" style=\"text-align: justify;\">En primer lugar, los j\u00f3venes siguen demostrando que son combativos, que no son ajenos a la pol\u00edtica y que tienen deseos de participar de manera activa en el movimiento de transformaci\u00f3n que vive el pa\u00eds y nuestro estado.<\/p>\n<p dir=\"auto\" style=\"text-align: justify;\">En una muestra de unidad y trabajo colectivo, la nueva Comisi\u00f3n Estatal de J\u00f3venes de Morena rem\u00f3 contra corriente y logr\u00f3 el objetivo de democratizar su sector con asambleas municipales y una votaci\u00f3n con participaci\u00f3n libre y voluntaria.<\/p>\n<p dir=\"auto\" style=\"text-align: justify;\">En contra parte, est\u00e1 la dirigencia estatal de Morena que encabeza Karina Gonz\u00e1lez Gavarain quien, muy a pesar de que pertenece\u00a0 a un movimiento que impulsa la transformaci\u00f3n y la democracia, no escatim\u00f3 en poner obst\u00e1culos a los j\u00f3venes en su proceso de renovaci\u00f3n, siendo el punto m\u00e1s \u00e1lgido el no reconocer la leg\u00edtima organizaci\u00f3n de los J\u00f3venes de Morena para la elecci\u00f3n de su dirigencia.<\/p>\n<p dir=\"auto\" style=\"text-align: justify;\">Los auto denominados \u201cPlebes Revoltosos\u201d le dieron una lecci\u00f3n de democracia, organizaci\u00f3n y participaci\u00f3n a la dirigencia estatal pero m\u00e1s all\u00e1 de eso surgen dudas y cuestionamientos hacia la presidenta estatal Karina Gonz\u00e1lez Gavarain:<\/p>\n<p dir=\"auto\" style=\"text-align: justify;\">\u00bfCu\u00e1l es el rumbo que quiere para Morena? \u00bfQu\u00e9 hace una dirigencia estatal frenando la participaci\u00f3n de los J\u00f3venes? \u00bfQu\u00e9 inter\u00e9s tiene Gonz\u00e1lez Gavarain en controlar a un sector que por naturaleza es combativo y revolucionario?<\/p>\n<p dir=\"auto\" style=\"text-align: justify;\">En Morena deben estar atentos de la conducci\u00f3n de su partido por parte de la dirigencia. No creo que Karina Gonz\u00e1lez sea capaz de cambiar la lealtad de sus ideales por lealtad hacia alg\u00fan personaje pol\u00edtico en particular.<\/p>\n<p style=\"text-align: justify;\">Ya veremos qu\u00e9 sucede, es mi opini\u00f3n, al tiempo\u2026<\/p>\n","protected":false},"excerpt":{"rendered":"<p>POR ARIEL VILCHIS Ayer tom\u00f3 protesta la reci\u00e9n confirmada Comisi\u00f3n Estatal de J\u00f3venes de Morena en Baja California Sur, un<\/p>\n","protected":false},"author":1,"featured_media":156807,"comment_status":"open","ping_status":"closed","sticky":false,"template":"","format":"standard","meta":{"colormag_page_container_layout":"default_layout","colormag_page_sidebar_layout":"default_layout","_jetpack_memberships_contains_paid_content":false,"footnotes":"","jetpack_publicize_message":"","jetpack_publicize_feature_enabled":true,"jetpack_social_post_already_shared":true,"jetpack_social_options":{"image_generator_settings":{"template":"highway","default_image_id":0,"font":"","enabled":false},"version":2}},"categories":[41],"tags":[],"class_list":["post-156806","post","type-post","status-publish","format-standard","has-post-thumbnail","hentry","category-las-columnas"],"yoast_head":"<!-- This site is optimized with the Yoast SEO plugin v27.4 - https:\/\/yoast.com\/product\/yoast-seo-wordpress\/ -->\n<title>BUR\u00d3 POL\u00cdTICO\/ \u00a1MORENA Y LOS PLEBES REVOLTOSOS! - NBCS Noticias<\/title>\n<meta name=\"robots\" content=\"index, follow, max-snippet:-1, max-image-preview:large, max-video-preview:-1\" \/>\n<link rel=\"canonical\" href=\"https:\/\/nbcs.mx\/?p=156806\" \/>\n<meta property=\"og:locale\" content=\"es_ES\" \/>\n<meta property=\"og:type\" content=\"article\" \/>\n<meta property=\"og:title\" content=\"BUR\u00d3 POL\u00cdTICO\/ \u00a1MORENA Y LOS PLEBES REVOLTOSOS! - NBCS Noticias\" \/>\n<meta property=\"og:description\" content=\"POR ARIEL VILCHIS Ayer tom\u00f3 protesta la reci\u00e9n confirmada Comisi\u00f3n Estatal de J\u00f3venes de Morena en Baja California Sur, un\" \/>\n<meta property=\"og:url\" content=\"https:\/\/nbcs.mx\/?p=156806\" \/>\n<meta property=\"og:site_name\" content=\"NBCS Noticias\" \/>\n<meta property=\"article:publisher\" content=\"https:\/\/www.facebook.com\/NBCSnoticias\" \/>\n<meta property=\"article:author\" content=\"https:\/\/www.facebook.com\/NBCSnoticias\" \/>\n<meta property=\"article:published_time\" content=\"2025-10-15T19:48:59+00:00\" \/>\n<meta property=\"og:image\" content=\"https:\/\/nbcs.mx\/wp-content\/uploads\/2025\/10\/1b597eb5-98d4-4bed-9537-997e6995b0ef.jpeg\" \/>\n\t<meta property=\"og:image:width\" content=\"768\" \/>\n\t<meta property=\"og:image:height\" content=\"553\" \/>\n\t<meta property=\"og:image:type\" content=\"image\/jpeg\" \/>\n<meta name=\"author\" content=\"NBCS Noticias\" \/>\n<meta name=\"twitter:card\" content=\"summary_large_image\" \/>\n<meta name=\"twitter:creator\" content=\"@https:\/\/twitter.com\/NBCSnoticias\" \/>\n<meta name=\"twitter:site\" content=\"@NBCSnoticias\" \/>\n<meta name=\"twitter:label1\" content=\"Escrito por\" \/>\n\t<meta name=\"twitter:data1\" content=\"NBCS Noticias\" \/>\n\t<meta name=\"twitter:label2\" content=\"Tiempo de lectura\" \/>\n\t<meta name=\"twitter:data2\" content=\"2 minutos\" \/>\n<script type=\"application\/ld+json\" class=\"yoast-schema-graph\">{\"@context\":\"https:\\\/\\\/schema.org\",\"@graph\":[{\"@type\":\"Article\",\"@id\":\"https:\\\/\\\/nbcs.mx\\\/?p=156806#article\",\"isPartOf\":{\"@id\":\"https:\\\/\\\/nbcs.mx\\\/?p=156806\"},\"author\":{\"name\":\"NBCS Noticias\",\"@id\":\"https:\\\/\\\/nbcs.mx\\\/#\\\/schema\\\/person\\\/ece58bab9a7c1e87a4d28ec9ecd79ff4\"},\"headline\":\"BUR\u00d3 POL\u00cdTICO\\\/ \u00a1MORENA Y LOS PLEBES REVOLTOSOS!\",\"datePublished\":\"2025-10-15T19:48:59+00:00\",\"mainEntityOfPage\":{\"@id\":\"https:\\\/\\\/nbcs.mx\\\/?p=156806\"},\"wordCount\":337,\"commentCount\":0,\"publisher\":{\"@id\":\"https:\\\/\\\/nbcs.mx\\\/#organization\"},\"image\":{\"@id\":\"https:\\\/\\\/nbcs.mx\\\/?p=156806#primaryimage\"},\"thumbnailUrl\":\"https:\\\/\\\/nbcs.mx\\\/wp-content\\\/uploads\\\/2025\\\/10\\\/1b597eb5-98d4-4bed-9537-997e6995b0ef.jpeg\",\"articleSection\":[\"Las Columnas\"],\"inLanguage\":\"es\",\"potentialAction\":[{\"@type\":\"CommentAction\",\"name\":\"Comment\",\"target\":[\"https:\\\/\\\/nbcs.mx\\\/?p=156806#respond\"]}]},{\"@type\":\"WebPage\",\"@id\":\"https:\\\/\\\/nbcs.mx\\\/?p=156806\",\"url\":\"https:\\\/\\\/nbcs.mx\\\/?p=156806\",\"name\":\"BUR\u00d3 POL\u00cdTICO\\\/ \u00a1MORENA Y LOS PLEBES REVOLTOSOS! - NBCS Noticias\",\"isPartOf\":{\"@id\":\"https:\\\/\\\/nbcs.mx\\\/#website\"},\"primaryImageOfPage\":{\"@id\":\"https:\\\/\\\/nbcs.mx\\\/?p=156806#primaryimage\"},\"image\":{\"@id\":\"https:\\\/\\\/nbcs.mx\\\/?p=156806#primaryimage\"},\"thumbnailUrl\":\"https:\\\/\\\/nbcs.mx\\\/wp-content\\\/uploads\\\/2025\\\/10\\\/1b597eb5-98d4-4bed-9537-997e6995b0ef.jpeg\",\"datePublished\":\"2025-10-15T19:48:59+00:00\",\"breadcrumb\":{\"@id\":\"https:\\\/\\\/nbcs.mx\\\/?p=156806#breadcrumb\"},\"inLanguage\":\"es\",\"potentialAction\":[{\"@type\":\"ReadAction\",\"target\":[\"https:\\\/\\\/nbcs.mx\\\/?p=156806\"]}]},{\"@type\":\"ImageObject\",\"inLanguage\":\"es\",\"@id\":\"https:\\\/\\\/nbcs.mx\\\/?p=156806#primaryimage\",\"url\":\"https:\\\/\\\/nbcs.mx\\\/wp-content\\\/uploads\\\/2025\\\/10\\\/1b597eb5-98d4-4bed-9537-997e6995b0ef.jpeg\",\"contentUrl\":\"https:\\\/\\\/nbcs.mx\\\/wp-content\\\/uploads\\\/2025\\\/10\\\/1b597eb5-98d4-4bed-9537-997e6995b0ef.jpeg\",\"width\":768,\"height\":553},{\"@type\":\"BreadcrumbList\",\"@id\":\"https:\\\/\\\/nbcs.mx\\\/?p=156806#breadcrumb\",\"itemListElement\":[{\"@type\":\"ListItem\",\"position\":1,\"name\":\"Portada\",\"item\":\"https:\\\/\\\/nbcs.mx\\\/\"},{\"@type\":\"ListItem\",\"position\":2,\"name\":\"BUR\u00d3 POL\u00cdTICO\\\/ \u00a1MORENA Y LOS PLEBES REVOLTOSOS!\"}]},{\"@type\":\"WebSite\",\"@id\":\"https:\\\/\\\/nbcs.mx\\\/#website\",\"url\":\"https:\\\/\\\/nbcs.mx\\\/\",\"name\":\"NBCS Noticias\",\"description\":\"Sitio web de noticias en Baja California Sur\",\"publisher\":{\"@id\":\"https:\\\/\\\/nbcs.mx\\\/#organization\"},\"potentialAction\":[{\"@type\":\"SearchAction\",\"target\":{\"@type\":\"EntryPoint\",\"urlTemplate\":\"https:\\\/\\\/nbcs.mx\\\/?s={search_term_string}\"},\"query-input\":{\"@type\":\"PropertyValueSpecification\",\"valueRequired\":true,\"valueName\":\"search_term_string\"}}],\"inLanguage\":\"es\"},{\"@type\":\"Organization\",\"@id\":\"https:\\\/\\\/nbcs.mx\\\/#organization\",\"name\":\"NBCS Noticias\",\"url\":\"https:\\\/\\\/nbcs.mx\\\/\",\"logo\":{\"@type\":\"ImageObject\",\"inLanguage\":\"es\",\"@id\":\"https:\\\/\\\/nbcs.mx\\\/#\\\/schema\\\/logo\\\/image\\\/\",\"url\":\"https:\\\/\\\/nbcs.mx\\\/wp-content\\\/uploads\\\/2018\\\/09\\\/057b69485e93575a5c2b1c1dde2dd297.jpeg\",\"contentUrl\":\"https:\\\/\\\/nbcs.mx\\\/wp-content\\\/uploads\\\/2018\\\/09\\\/057b69485e93575a5c2b1c1dde2dd297.jpeg\",\"width\":64,\"height\":64,\"caption\":\"NBCS Noticias\"},\"image\":{\"@id\":\"https:\\\/\\\/nbcs.mx\\\/#\\\/schema\\\/logo\\\/image\\\/\"},\"sameAs\":[\"https:\\\/\\\/www.facebook.com\\\/NBCSnoticias\",\"https:\\\/\\\/x.com\\\/NBCSnoticias\"]},{\"@type\":\"Person\",\"@id\":\"https:\\\/\\\/nbcs.mx\\\/#\\\/schema\\\/person\\\/ece58bab9a7c1e87a4d28ec9ecd79ff4\",\"name\":\"NBCS Noticias\",\"image\":{\"@type\":\"ImageObject\",\"inLanguage\":\"es\",\"@id\":\"https:\\\/\\\/secure.gravatar.com\\\/avatar\\\/4e52110cad1c4054b43271a0d14bbe9e2ea76aecd0e1097edfc670798d9ca1d4?s=96&d=blank&r=g\",\"url\":\"https:\\\/\\\/secure.gravatar.com\\\/avatar\\\/4e52110cad1c4054b43271a0d14bbe9e2ea76aecd0e1097edfc670798d9ca1d4?s=96&d=blank&r=g\",\"contentUrl\":\"https:\\\/\\\/secure.gravatar.com\\\/avatar\\\/4e52110cad1c4054b43271a0d14bbe9e2ea76aecd0e1097edfc670798d9ca1d4?s=96&d=blank&r=g\",\"caption\":\"NBCS Noticias\"},\"description\":\"\u00bfTienes fotos o video de alg\u00fan acto de posible negligencia, corrupci\u00f3n y abuso de autoridad? M\u00e1ndalo al WhatsApp de NBCS Noticias: 612 141 98 08\",\"sameAs\":[\"https:\\\/\\\/www.nbcs.mx\",\"https:\\\/\\\/www.facebook.com\\\/NBCSnoticias\",\"https:\\\/\\\/www.instagram.com\\\/nbcsnoticias\\\/\",\"https:\\\/\\\/x.com\\\/https:\\\/\\\/twitter.com\\\/NBCSnoticias\"]}]}<\/script>\n<!-- \/ Yoast SEO plugin. -->","yoast_head_json":{"title":"BUR\u00d3 POL\u00cdTICO\/ \u00a1MORENA Y LOS PLEBES REVOLTOSOS! - NBCS Noticias","robots":{"index":"index","follow":"follow","max-snippet":"max-snippet:-1","max-image-preview":"max-image-preview:large","max-video-preview":"max-video-preview:-1"},"canonical":"https:\/\/nbcs.mx\/?p=156806","og_locale":"es_ES","og_type":"article","og_title":"BUR\u00d3 POL\u00cdTICO\/ \u00a1MORENA Y LOS PLEBES REVOLTOSOS! - NBCS Noticias","og_description":"POR ARIEL VILCHIS Ayer tom\u00f3 protesta la reci\u00e9n confirmada Comisi\u00f3n Estatal de J\u00f3venes de Morena en Baja California Sur, un","og_url":"https:\/\/nbcs.mx\/?p=156806","og_site_name":"NBCS Noticias","article_publisher":"https:\/\/www.facebook.com\/NBCSnoticias","article_author":"https:\/\/www.facebook.com\/NBCSnoticias","article_published_time":"2025-10-15T19:48:59+00:00","og_image":[{"width":768,"height":553,"url":"https:\/\/nbcs.mx\/wp-content\/uploads\/2025\/10\/1b597eb5-98d4-4bed-9537-997e6995b0ef.jpeg","type":"image\/jpeg"}],"author":"NBCS Noticias","twitter_card":"summary_large_image","twitter_creator":"@https:\/\/twitter.com\/NBCSnoticias","twitter_site":"@NBCSnoticias","twitter_misc":{"Escrito por":"NBCS Noticias","Tiempo de lectura":"2 minutos"},"schema":{"@context":"https:\/\/schema.org","@graph":[{"@type":"Article","@id":"https:\/\/nbcs.mx\/?p=156806#article","isPartOf":{"@id":"https:\/\/nbcs.mx\/?p=156806"},"author":{"name":"NBCS Noticias","@id":"https:\/\/nbcs.mx\/#\/schema\/person\/ece58bab9a7c1e87a4d28ec9ecd79ff4"},"headline":"BUR\u00d3 POL\u00cdTICO\/ \u00a1MORENA Y LOS PLEBES REVOLTOSOS!","datePublished":"2025-10-15T19:48:59+00:00","mainEntityOfPage":{"@id":"https:\/\/nbcs.mx\/?p=156806"},"wordCount":337,"commentCount":0,"publisher":{"@id":"https:\/\/nbcs.mx\/#organization"},"image":{"@id":"https:\/\/nbcs.mx\/?p=156806#primaryimage"},"thumbnailUrl":"https:\/\/nbcs.mx\/wp-content\/uploads\/2025\/10\/1b597eb5-98d4-4bed-9537-997e6995b0ef.jpeg","articleSection":["Las Columnas"],"inLanguage":"es","potentialAction":[{"@type":"CommentAction","name":"Comment","target":["https:\/\/nbcs.mx\/?p=156806#respond"]}]},{"@type":"WebPage","@id":"https:\/\/nbcs.mx\/?p=156806","url":"https:\/\/nbcs.mx\/?p=156806","name":"BUR\u00d3 POL\u00cdTICO\/ \u00a1MORENA Y LOS PLEBES REVOLTOSOS! - NBCS Noticias","isPartOf":{"@id":"https:\/\/nbcs.mx\/#website"},"primaryImageOfPage":{"@id":"https:\/\/nbcs.mx\/?p=156806#primaryimage"},"image":{"@id":"https:\/\/nbcs.mx\/?p=156806#primaryimage"},"thumbnailUrl":"https:\/\/nbcs.mx\/wp-content\/uploads\/2025\/10\/1b597eb5-98d4-4bed-9537-997e6995b0ef.jpeg","datePublished":"2025-10-15T19:48:59+00:00","breadcrumb":{"@id":"https:\/\/nbcs.mx\/?p=156806#breadcrumb"},"inLanguage":"es","potentialAction":[{"@type":"ReadAction","target":["https:\/\/nbcs.mx\/?p=156806"]}]},{"@type":"ImageObject","inLanguage":"es","@id":"https:\/\/nbcs.mx\/?p=156806#primaryimage","url":"https:\/\/nbcs.mx\/wp-content\/uploads\/2025\/10\/1b597eb5-98d4-4bed-9537-997e6995b0ef.jpeg","contentUrl":"https:\/\/nbcs.mx\/wp-content\/uploads\/2025\/10\/1b597eb5-98d4-4bed-9537-997e6995b0ef.jpeg","width":768,"height":553},{"@type":"BreadcrumbList","@id":"https:\/\/nbcs.mx\/?p=156806#breadcrumb","itemListElement":[{"@type":"ListItem","position":1,"name":"Portada","item":"https:\/\/nbcs.mx\/"},{"@type":"ListItem","position":2,"name":"BUR\u00d3 POL\u00cdTICO\/ \u00a1MORENA Y LOS PLEBES REVOLTOSOS!"}]},{"@type":"WebSite","@id":"https:\/\/nbcs.mx\/#website","url":"https:\/\/nbcs.mx\/","name":"NBCS Noticias","description":"Sitio web de noticias en Baja California Sur","publisher":{"@id":"https:\/\/nbcs.mx\/#organization"},"potentialAction":[{"@type":"SearchAction","target":{"@type":"EntryPoint","urlTemplate":"https:\/\/nbcs.mx\/?s={search_term_string}"},"query-input":{"@type":"PropertyValueSpecification","valueRequired":true,"valueName":"search_term_string"}}],"inLanguage":"es"},{"@type":"Organization","@id":"https:\/\/nbcs.mx\/#organization","name":"NBCS Noticias","url":"https:\/\/nbcs.mx\/","logo":{"@type":"ImageObject","inLanguage":"es","@id":"https:\/\/nbcs.mx\/#\/schema\/logo\/image\/","url":"https:\/\/nbcs.mx\/wp-content\/uploads\/2018\/09\/057b69485e93575a5c2b1c1dde2dd297.jpeg","contentUrl":"https:\/\/nbcs.mx\/wp-content\/uploads\/2018\/09\/057b69485e93575a5c2b1c1dde2dd297.jpeg","width":64,"height":64,"caption":"NBCS Noticias"},"image":{"@id":"https:\/\/nbcs.mx\/#\/schema\/logo\/image\/"},"sameAs":["https:\/\/www.facebook.com\/NBCSnoticias","https:\/\/x.com\/NBCSnoticias"]},{"@type":"Person","@id":"https:\/\/nbcs.mx\/#\/schema\/person\/ece58bab9a7c1e87a4d28ec9ecd79ff4","name":"NBCS Noticias","image":{"@type":"ImageObject","inLanguage":"es","@id":"https:\/\/secure.gravatar.com\/avatar\/4e52110cad1c4054b43271a0d14bbe9e2ea76aecd0e1097edfc670798d9ca1d4?s=96&d=blank&r=g","url":"https:\/\/secure.gravatar.com\/avatar\/4e52110cad1c4054b43271a0d14bbe9e2ea76aecd0e1097edfc670798d9ca1d4?s=96&d=blank&r=g","contentUrl":"https:\/\/secure.gravatar.com\/avatar\/4e52110cad1c4054b43271a0d14bbe9e2ea76aecd0e1097edfc670798d9ca1d4?s=96&d=blank&r=g","caption":"NBCS Noticias"},"description":"\u00bfTienes fotos o video de alg\u00fan acto de posible negligencia, corrupci\u00f3n y abuso de autoridad? M\u00e1ndalo al WhatsApp de NBCS Noticias: 612 141 98 08","sameAs":["https:\/\/www.nbcs.mx","https:\/\/www.facebook.com\/NBCSnoticias","https:\/\/www.instagram.com\/nbcsnoticias\/","https:\/\/x.com\/https:\/\/twitter.com\/NBCSnoticias"]}]}},"jetpack_publicize_connections":[],"jetpack_featured_media_url":"https:\/\/nbcs.mx\/wp-content\/uploads\/2025\/10\/1b597eb5-98d4-4bed-9537-997e6995b0ef.jpeg","jetpack_sharing_enabled":true,"_links":{"self":[{"href":"https:\/\/nbcs.mx\/index.php?rest_route=\/wp\/v2\/posts\/156806","targetHints":{"allow":["GET"]}}],"collection":[{"href":"https:\/\/nbcs.mx\/index.php?rest_route=\/wp\/v2\/posts"}],"about":[{"href":"https:\/\/nbcs.mx\/index.php?rest_route=\/wp\/v2\/types\/post"}],"author":[{"embeddable":true,"href":"https:\/\/nbcs.mx\/index.php?rest_route=\/wp\/v2\/users\/1"}],"replies":[{"embeddable":true,"href":"https:\/\/nbcs.mx\/index.php?rest_route=%2Fwp%2Fv2%2Fcomments&post=156806"}],"version-history":[{"count":1,"href":"https:\/\/nbcs.mx\/index.php?rest_route=\/wp\/v2\/posts\/156806\/revisions"}],"predecessor-version":[{"id":156808,"href":"https:\/\/nbcs.mx\/index.php?rest_route=\/wp\/v2\/posts\/156806\/revisions\/156808"}],"wp:featuredmedia":[{"embeddable":true,"href":"https:\/\/nbcs.mx\/index.php?rest_route=\/wp\/v2\/media\/156807"}],"wp:attachment":[{"href":"https:\/\/nbcs.mx\/index.php?rest_route=%2Fwp%2Fv2%2Fmedia&parent=156806"}],"wp:term":[{"taxonomy":"category","embeddable":true,"href":"https:\/\/nbcs.mx\/index.php?rest_route=%2Fwp%2Fv2%2Fcategories&post=156806"},{"taxonomy":"post_tag","embeddable":true,"href":"https:\/\/nbcs.mx\/index.php?rest_route=%2Fwp%2Fv2%2Ftags&post=156806"}],"curies":[{"name":"wp","href":"https:\/\/api.w.org\/{rel}","templated":true}]}}