{"id":156825,"date":"2025-10-15T18:28:19","date_gmt":"2025-10-16T00:28:19","guid":{"rendered":"https:\/\/nbcs.mx\/?p=156825"},"modified":"2025-10-15T18:28:19","modified_gmt":"2025-10-16T00:28:19","slug":"entrega-gobernador-vmcc-tarjetas-de-la-pension-mujeres-bienestar","status":"publish","type":"post","link":"https:\/\/nbcs.mx\/?p=156825","title":{"rendered":"Entrega gobernador VMCC tarjetas de la Pensi\u00f3n Mujeres Bienestar"},"content":{"rendered":"<p style=\"font-weight: 400; text-align: justify;\"><img loading=\"lazy\" decoding=\"async\" class=\" wp-image-156826 alignleft\" src=\"https:\/\/nbcs.mx\/wp-content\/uploads\/2025\/10\/FOTO1-BOLETIN-0370-VMCC-ENTREGA-755x422.jpg\" alt=\"\" width=\"360\" height=\"201\" srcset=\"https:\/\/nbcs.mx\/wp-content\/uploads\/2025\/10\/FOTO1-BOLETIN-0370-VMCC-ENTREGA-755x422.jpg 755w, https:\/\/nbcs.mx\/wp-content\/uploads\/2025\/10\/FOTO1-BOLETIN-0370-VMCC-ENTREGA-150x84.jpg 150w, https:\/\/nbcs.mx\/wp-content\/uploads\/2025\/10\/FOTO1-BOLETIN-0370-VMCC-ENTREGA-768x430.jpg 768w, https:\/\/nbcs.mx\/wp-content\/uploads\/2025\/10\/FOTO1-BOLETIN-0370-VMCC-ENTREGA-800x445.jpg 800w, https:\/\/nbcs.mx\/wp-content\/uploads\/2025\/10\/FOTO1-BOLETIN-0370-VMCC-ENTREGA.jpg 1024w\" sizes=\"auto, (max-width: 360px) 100vw, 360px\" \/>El gobernador del estado, V\u00edctor Manuel Castro Cos\u00edo, encabez\u00f3 este mi\u00e9rcoles, junto a Dhipna Yanssen Weichselbaum, delegada de Programas para el Desarrollo en Baja California Sur, la primera entrega de m\u00e1s de 300 tarjetas de la Pensi\u00f3n Mujeres Bienestar, dirigidas a mujeres de entre 60 y 64 a\u00f1os.<\/p>\n<p style=\"font-weight: 400; text-align: justify;\">\n<p style=\"font-weight: 400; text-align: justify;\">Durante el evento realizado en las instalaciones de la Universidad Aut\u00f3noma de Baja California Sur (UABCS), el mandatario destac\u00f3 que este apoyo forma parte de un proyecto integral impulsado por el Gobierno de M\u00e9xico, orientado a mejorar la calidad de vida de los sectores m\u00e1s vulnerables de la poblaci\u00f3n.<\/p>\n<p style=\"font-weight: 400; text-align: justify;\">\n<p style=\"font-weight: 400; text-align: justify;\">Subray\u00f3 que esta estrategia comenz\u00f3 con la atenci\u00f3n a las personas adultas mayores y se ha ampliado para beneficiar tambi\u00e9n a personas con discapacidad y estudiantes de nivel medio superior, reflejando el compromiso de los gobiernos federal y estatal por generar bienestar para todas y todos.<\/p>\n<p style=\"font-weight: 400; text-align: justify;\">\n<p style=\"font-weight: 400; text-align: justify;\">Castro Cos\u00edo puntualiz\u00f3 que estos programas no solo fortalecen la econom\u00eda familiar, sino que tambi\u00e9n valoran la trayectoria y el aporte social de quienes han colaborado al desarrollo del pa\u00eds.<\/p>\n<p style=\"font-weight: 400; text-align: justify;\">\n<p style=\"font-weight: 400; text-align: justify;\">\u201cLlegamos para servir a la gente, no para servirnos de ella; queremos que haya para todas y para todos\u201d, expres\u00f3 el Gobernador.<\/p>\n<p style=\"font-weight: 400; text-align: justify;\">\n<p style=\"font-weight: 400; text-align: justify;\">Al concluir el evento, el titular del Ejecutivo estatal resalt\u00f3 que la Pensi\u00f3n Mujeres Bienestar va m\u00e1s all\u00e1 del apoyo econ\u00f3mico, ya que busca promover la inclusi\u00f3n social de las beneficiarias y reforzar su participaci\u00f3n en la comunidad, contribuyendo as\u00ed a la equidad y justicia social en Baja California Sur.<\/p>\n","protected":false},"excerpt":{"rendered":"<p>El gobernador del estado, V\u00edctor Manuel Castro Cos\u00edo, encabez\u00f3 este mi\u00e9rcoles, junto a Dhipna Yanssen Weichselbaum, delegada de Programas para<\/p>\n","protected":false},"author":1,"featured_media":156826,"comment_status":"open","ping_status":"closed","sticky":false,"template":"","format":"standard","meta":{"colormag_page_container_layout":"default_layout","colormag_page_sidebar_layout":"default_layout","_jetpack_memberships_contains_paid_content":false,"footnotes":"","jetpack_publicize_message":"","jetpack_publicize_feature_enabled":true,"jetpack_social_post_already_shared":true,"jetpack_social_options":{"image_generator_settings":{"template":"highway","default_image_id":0,"font":"","enabled":false},"version":2}},"categories":[1],"tags":[],"class_list":["post-156825","post","type-post","status-publish","format-standard","has-post-thumbnail","hentry","category-noticias"],"yoast_head":"<!-- This site is optimized with the Yoast SEO plugin v27.5 - https:\/\/yoast.com\/product\/yoast-seo-wordpress\/ -->\n<title>Entrega gobernador VMCC tarjetas de la Pensi\u00f3n Mujeres Bienestar - NBCS Noticias<\/title>\n<meta name=\"robots\" content=\"index, follow, max-snippet:-1, max-image-preview:large, max-video-preview:-1\" \/>\n<link rel=\"canonical\" href=\"https:\/\/nbcs.mx\/?p=156825\" \/>\n<meta property=\"og:locale\" content=\"es_ES\" \/>\n<meta property=\"og:type\" content=\"article\" \/>\n<meta property=\"og:title\" content=\"Entrega gobernador VMCC tarjetas de la Pensi\u00f3n Mujeres Bienestar - NBCS Noticias\" \/>\n<meta property=\"og:description\" content=\"El gobernador del estado, V\u00edctor Manuel Castro Cos\u00edo, encabez\u00f3 este mi\u00e9rcoles, junto a Dhipna Yanssen Weichselbaum, delegada de Programas para\" \/>\n<meta property=\"og:url\" content=\"https:\/\/nbcs.mx\/?p=156825\" \/>\n<meta property=\"og:site_name\" content=\"NBCS Noticias\" \/>\n<meta property=\"article:publisher\" content=\"https:\/\/www.facebook.com\/NBCSnoticias\" \/>\n<meta property=\"article:author\" content=\"https:\/\/www.facebook.com\/NBCSnoticias\" \/>\n<meta property=\"article:published_time\" content=\"2025-10-16T00:28:19+00:00\" \/>\n<meta property=\"og:image\" content=\"https:\/\/nbcs.mx\/wp-content\/uploads\/2025\/10\/FOTO1-BOLETIN-0370-VMCC-ENTREGA.jpg\" \/>\n\t<meta property=\"og:image:width\" content=\"1024\" \/>\n\t<meta property=\"og:image:height\" content=\"573\" \/>\n\t<meta property=\"og:image:type\" content=\"image\/jpeg\" \/>\n<meta name=\"author\" content=\"NBCS Noticias\" \/>\n<meta name=\"twitter:card\" content=\"summary_large_image\" \/>\n<meta name=\"twitter:creator\" content=\"@https:\/\/twitter.com\/NBCSnoticias\" \/>\n<meta name=\"twitter:site\" content=\"@NBCSnoticias\" \/>\n<meta name=\"twitter:label1\" content=\"Escrito por\" \/>\n\t<meta name=\"twitter:data1\" content=\"NBCS Noticias\" \/>\n\t<meta name=\"twitter:label2\" content=\"Tiempo de lectura\" \/>\n\t<meta name=\"twitter:data2\" content=\"2 minutos\" \/>\n<script type=\"application\/ld+json\" class=\"yoast-schema-graph\">{\"@context\":\"https:\\\/\\\/schema.org\",\"@graph\":[{\"@type\":\"Article\",\"@id\":\"https:\\\/\\\/nbcs.mx\\\/?p=156825#article\",\"isPartOf\":{\"@id\":\"https:\\\/\\\/nbcs.mx\\\/?p=156825\"},\"author\":{\"name\":\"NBCS Noticias\",\"@id\":\"https:\\\/\\\/nbcs.mx\\\/#\\\/schema\\\/person\\\/ece58bab9a7c1e87a4d28ec9ecd79ff4\"},\"headline\":\"Entrega gobernador VMCC tarjetas de la Pensi\u00f3n Mujeres Bienestar\",\"datePublished\":\"2025-10-16T00:28:19+00:00\",\"mainEntityOfPage\":{\"@id\":\"https:\\\/\\\/nbcs.mx\\\/?p=156825\"},\"wordCount\":273,\"commentCount\":0,\"publisher\":{\"@id\":\"https:\\\/\\\/nbcs.mx\\\/#organization\"},\"image\":{\"@id\":\"https:\\\/\\\/nbcs.mx\\\/?p=156825#primaryimage\"},\"thumbnailUrl\":\"https:\\\/\\\/nbcs.mx\\\/wp-content\\\/uploads\\\/2025\\\/10\\\/FOTO1-BOLETIN-0370-VMCC-ENTREGA.jpg\",\"articleSection\":[\"Noticias\"],\"inLanguage\":\"es\",\"potentialAction\":[{\"@type\":\"CommentAction\",\"name\":\"Comment\",\"target\":[\"https:\\\/\\\/nbcs.mx\\\/?p=156825#respond\"]}]},{\"@type\":\"WebPage\",\"@id\":\"https:\\\/\\\/nbcs.mx\\\/?p=156825\",\"url\":\"https:\\\/\\\/nbcs.mx\\\/?p=156825\",\"name\":\"Entrega gobernador VMCC tarjetas de la Pensi\u00f3n Mujeres Bienestar - NBCS Noticias\",\"isPartOf\":{\"@id\":\"https:\\\/\\\/nbcs.mx\\\/#website\"},\"primaryImageOfPage\":{\"@id\":\"https:\\\/\\\/nbcs.mx\\\/?p=156825#primaryimage\"},\"image\":{\"@id\":\"https:\\\/\\\/nbcs.mx\\\/?p=156825#primaryimage\"},\"thumbnailUrl\":\"https:\\\/\\\/nbcs.mx\\\/wp-content\\\/uploads\\\/2025\\\/10\\\/FOTO1-BOLETIN-0370-VMCC-ENTREGA.jpg\",\"datePublished\":\"2025-10-16T00:28:19+00:00\",\"breadcrumb\":{\"@id\":\"https:\\\/\\\/nbcs.mx\\\/?p=156825#breadcrumb\"},\"inLanguage\":\"es\",\"potentialAction\":[{\"@type\":\"ReadAction\",\"target\":[\"https:\\\/\\\/nbcs.mx\\\/?p=156825\"]}]},{\"@type\":\"ImageObject\",\"inLanguage\":\"es\",\"@id\":\"https:\\\/\\\/nbcs.mx\\\/?p=156825#primaryimage\",\"url\":\"https:\\\/\\\/nbcs.mx\\\/wp-content\\\/uploads\\\/2025\\\/10\\\/FOTO1-BOLETIN-0370-VMCC-ENTREGA.jpg\",\"contentUrl\":\"https:\\\/\\\/nbcs.mx\\\/wp-content\\\/uploads\\\/2025\\\/10\\\/FOTO1-BOLETIN-0370-VMCC-ENTREGA.jpg\",\"width\":1024,\"height\":573},{\"@type\":\"BreadcrumbList\",\"@id\":\"https:\\\/\\\/nbcs.mx\\\/?p=156825#breadcrumb\",\"itemListElement\":[{\"@type\":\"ListItem\",\"position\":1,\"name\":\"Portada\",\"item\":\"https:\\\/\\\/nbcs.mx\\\/\"},{\"@type\":\"ListItem\",\"position\":2,\"name\":\"Entrega gobernador VMCC tarjetas de la Pensi\u00f3n Mujeres Bienestar\"}]},{\"@type\":\"WebSite\",\"@id\":\"https:\\\/\\\/nbcs.mx\\\/#website\",\"url\":\"https:\\\/\\\/nbcs.mx\\\/\",\"name\":\"NBCS Noticias\",\"description\":\"Sitio web de noticias en Baja California Sur\",\"publisher\":{\"@id\":\"https:\\\/\\\/nbcs.mx\\\/#organization\"},\"potentialAction\":[{\"@type\":\"SearchAction\",\"target\":{\"@type\":\"EntryPoint\",\"urlTemplate\":\"https:\\\/\\\/nbcs.mx\\\/?s={search_term_string}\"},\"query-input\":{\"@type\":\"PropertyValueSpecification\",\"valueRequired\":true,\"valueName\":\"search_term_string\"}}],\"inLanguage\":\"es\"},{\"@type\":\"Organization\",\"@id\":\"https:\\\/\\\/nbcs.mx\\\/#organization\",\"name\":\"NBCS Noticias\",\"url\":\"https:\\\/\\\/nbcs.mx\\\/\",\"logo\":{\"@type\":\"ImageObject\",\"inLanguage\":\"es\",\"@id\":\"https:\\\/\\\/nbcs.mx\\\/#\\\/schema\\\/logo\\\/image\\\/\",\"url\":\"https:\\\/\\\/nbcs.mx\\\/wp-content\\\/uploads\\\/2018\\\/09\\\/057b69485e93575a5c2b1c1dde2dd297.jpeg\",\"contentUrl\":\"https:\\\/\\\/nbcs.mx\\\/wp-content\\\/uploads\\\/2018\\\/09\\\/057b69485e93575a5c2b1c1dde2dd297.jpeg\",\"width\":64,\"height\":64,\"caption\":\"NBCS Noticias\"},\"image\":{\"@id\":\"https:\\\/\\\/nbcs.mx\\\/#\\\/schema\\\/logo\\\/image\\\/\"},\"sameAs\":[\"https:\\\/\\\/www.facebook.com\\\/NBCSnoticias\",\"https:\\\/\\\/x.com\\\/NBCSnoticias\"]},{\"@type\":\"Person\",\"@id\":\"https:\\\/\\\/nbcs.mx\\\/#\\\/schema\\\/person\\\/ece58bab9a7c1e87a4d28ec9ecd79ff4\",\"name\":\"NBCS Noticias\",\"image\":{\"@type\":\"ImageObject\",\"inLanguage\":\"es\",\"@id\":\"https:\\\/\\\/secure.gravatar.com\\\/avatar\\\/4e52110cad1c4054b43271a0d14bbe9e2ea76aecd0e1097edfc670798d9ca1d4?s=96&d=blank&r=g\",\"url\":\"https:\\\/\\\/secure.gravatar.com\\\/avatar\\\/4e52110cad1c4054b43271a0d14bbe9e2ea76aecd0e1097edfc670798d9ca1d4?s=96&d=blank&r=g\",\"contentUrl\":\"https:\\\/\\\/secure.gravatar.com\\\/avatar\\\/4e52110cad1c4054b43271a0d14bbe9e2ea76aecd0e1097edfc670798d9ca1d4?s=96&d=blank&r=g\",\"caption\":\"NBCS Noticias\"},\"description\":\"\u00bfTienes fotos o video de alg\u00fan acto de posible negligencia, corrupci\u00f3n y abuso de autoridad? M\u00e1ndalo al WhatsApp de NBCS Noticias: 612 141 98 08\",\"sameAs\":[\"https:\\\/\\\/www.nbcs.mx\",\"https:\\\/\\\/www.facebook.com\\\/NBCSnoticias\",\"https:\\\/\\\/www.instagram.com\\\/nbcsnoticias\\\/\",\"https:\\\/\\\/x.com\\\/https:\\\/\\\/twitter.com\\\/NBCSnoticias\"]}]}<\/script>\n<!-- \/ Yoast SEO plugin. -->","yoast_head_json":{"title":"Entrega gobernador VMCC tarjetas de la Pensi\u00f3n Mujeres Bienestar - NBCS Noticias","robots":{"index":"index","follow":"follow","max-snippet":"max-snippet:-1","max-image-preview":"max-image-preview:large","max-video-preview":"max-video-preview:-1"},"canonical":"https:\/\/nbcs.mx\/?p=156825","og_locale":"es_ES","og_type":"article","og_title":"Entrega gobernador VMCC tarjetas de la Pensi\u00f3n Mujeres Bienestar - NBCS Noticias","og_description":"El gobernador del estado, V\u00edctor Manuel Castro Cos\u00edo, encabez\u00f3 este mi\u00e9rcoles, junto a Dhipna Yanssen Weichselbaum, delegada de Programas para","og_url":"https:\/\/nbcs.mx\/?p=156825","og_site_name":"NBCS Noticias","article_publisher":"https:\/\/www.facebook.com\/NBCSnoticias","article_author":"https:\/\/www.facebook.com\/NBCSnoticias","article_published_time":"2025-10-16T00:28:19+00:00","og_image":[{"width":1024,"height":573,"url":"https:\/\/nbcs.mx\/wp-content\/uploads\/2025\/10\/FOTO1-BOLETIN-0370-VMCC-ENTREGA.jpg","type":"image\/jpeg"}],"author":"NBCS Noticias","twitter_card":"summary_large_image","twitter_creator":"@https:\/\/twitter.com\/NBCSnoticias","twitter_site":"@NBCSnoticias","twitter_misc":{"Escrito por":"NBCS Noticias","Tiempo de lectura":"2 minutos"},"schema":{"@context":"https:\/\/schema.org","@graph":[{"@type":"Article","@id":"https:\/\/nbcs.mx\/?p=156825#article","isPartOf":{"@id":"https:\/\/nbcs.mx\/?p=156825"},"author":{"name":"NBCS Noticias","@id":"https:\/\/nbcs.mx\/#\/schema\/person\/ece58bab9a7c1e87a4d28ec9ecd79ff4"},"headline":"Entrega gobernador VMCC tarjetas de la Pensi\u00f3n Mujeres Bienestar","datePublished":"2025-10-16T00:28:19+00:00","mainEntityOfPage":{"@id":"https:\/\/nbcs.mx\/?p=156825"},"wordCount":273,"commentCount":0,"publisher":{"@id":"https:\/\/nbcs.mx\/#organization"},"image":{"@id":"https:\/\/nbcs.mx\/?p=156825#primaryimage"},"thumbnailUrl":"https:\/\/nbcs.mx\/wp-content\/uploads\/2025\/10\/FOTO1-BOLETIN-0370-VMCC-ENTREGA.jpg","articleSection":["Noticias"],"inLanguage":"es","potentialAction":[{"@type":"CommentAction","name":"Comment","target":["https:\/\/nbcs.mx\/?p=156825#respond"]}]},{"@type":"WebPage","@id":"https:\/\/nbcs.mx\/?p=156825","url":"https:\/\/nbcs.mx\/?p=156825","name":"Entrega gobernador VMCC tarjetas de la Pensi\u00f3n Mujeres Bienestar - NBCS Noticias","isPartOf":{"@id":"https:\/\/nbcs.mx\/#website"},"primaryImageOfPage":{"@id":"https:\/\/nbcs.mx\/?p=156825#primaryimage"},"image":{"@id":"https:\/\/nbcs.mx\/?p=156825#primaryimage"},"thumbnailUrl":"https:\/\/nbcs.mx\/wp-content\/uploads\/2025\/10\/FOTO1-BOLETIN-0370-VMCC-ENTREGA.jpg","datePublished":"2025-10-16T00:28:19+00:00","breadcrumb":{"@id":"https:\/\/nbcs.mx\/?p=156825#breadcrumb"},"inLanguage":"es","potentialAction":[{"@type":"ReadAction","target":["https:\/\/nbcs.mx\/?p=156825"]}]},{"@type":"ImageObject","inLanguage":"es","@id":"https:\/\/nbcs.mx\/?p=156825#primaryimage","url":"https:\/\/nbcs.mx\/wp-content\/uploads\/2025\/10\/FOTO1-BOLETIN-0370-VMCC-ENTREGA.jpg","contentUrl":"https:\/\/nbcs.mx\/wp-content\/uploads\/2025\/10\/FOTO1-BOLETIN-0370-VMCC-ENTREGA.jpg","width":1024,"height":573},{"@type":"BreadcrumbList","@id":"https:\/\/nbcs.mx\/?p=156825#breadcrumb","itemListElement":[{"@type":"ListItem","position":1,"name":"Portada","item":"https:\/\/nbcs.mx\/"},{"@type":"ListItem","position":2,"name":"Entrega gobernador VMCC tarjetas de la Pensi\u00f3n Mujeres Bienestar"}]},{"@type":"WebSite","@id":"https:\/\/nbcs.mx\/#website","url":"https:\/\/nbcs.mx\/","name":"NBCS Noticias","description":"Sitio web de noticias en Baja California Sur","publisher":{"@id":"https:\/\/nbcs.mx\/#organization"},"potentialAction":[{"@type":"SearchAction","target":{"@type":"EntryPoint","urlTemplate":"https:\/\/nbcs.mx\/?s={search_term_string}"},"query-input":{"@type":"PropertyValueSpecification","valueRequired":true,"valueName":"search_term_string"}}],"inLanguage":"es"},{"@type":"Organization","@id":"https:\/\/nbcs.mx\/#organization","name":"NBCS Noticias","url":"https:\/\/nbcs.mx\/","logo":{"@type":"ImageObject","inLanguage":"es","@id":"https:\/\/nbcs.mx\/#\/schema\/logo\/image\/","url":"https:\/\/nbcs.mx\/wp-content\/uploads\/2018\/09\/057b69485e93575a5c2b1c1dde2dd297.jpeg","contentUrl":"https:\/\/nbcs.mx\/wp-content\/uploads\/2018\/09\/057b69485e93575a5c2b1c1dde2dd297.jpeg","width":64,"height":64,"caption":"NBCS Noticias"},"image":{"@id":"https:\/\/nbcs.mx\/#\/schema\/logo\/image\/"},"sameAs":["https:\/\/www.facebook.com\/NBCSnoticias","https:\/\/x.com\/NBCSnoticias"]},{"@type":"Person","@id":"https:\/\/nbcs.mx\/#\/schema\/person\/ece58bab9a7c1e87a4d28ec9ecd79ff4","name":"NBCS Noticias","image":{"@type":"ImageObject","inLanguage":"es","@id":"https:\/\/secure.gravatar.com\/avatar\/4e52110cad1c4054b43271a0d14bbe9e2ea76aecd0e1097edfc670798d9ca1d4?s=96&d=blank&r=g","url":"https:\/\/secure.gravatar.com\/avatar\/4e52110cad1c4054b43271a0d14bbe9e2ea76aecd0e1097edfc670798d9ca1d4?s=96&d=blank&r=g","contentUrl":"https:\/\/secure.gravatar.com\/avatar\/4e52110cad1c4054b43271a0d14bbe9e2ea76aecd0e1097edfc670798d9ca1d4?s=96&d=blank&r=g","caption":"NBCS Noticias"},"description":"\u00bfTienes fotos o video de alg\u00fan acto de posible negligencia, corrupci\u00f3n y abuso de autoridad? M\u00e1ndalo al WhatsApp de NBCS Noticias: 612 141 98 08","sameAs":["https:\/\/www.nbcs.mx","https:\/\/www.facebook.com\/NBCSnoticias","https:\/\/www.instagram.com\/nbcsnoticias\/","https:\/\/x.com\/https:\/\/twitter.com\/NBCSnoticias"]}]}},"jetpack_publicize_connections":[],"jetpack_featured_media_url":"https:\/\/nbcs.mx\/wp-content\/uploads\/2025\/10\/FOTO1-BOLETIN-0370-VMCC-ENTREGA.jpg","jetpack_sharing_enabled":true,"_links":{"self":[{"href":"https:\/\/nbcs.mx\/index.php?rest_route=\/wp\/v2\/posts\/156825","targetHints":{"allow":["GET"]}}],"collection":[{"href":"https:\/\/nbcs.mx\/index.php?rest_route=\/wp\/v2\/posts"}],"about":[{"href":"https:\/\/nbcs.mx\/index.php?rest_route=\/wp\/v2\/types\/post"}],"author":[{"embeddable":true,"href":"https:\/\/nbcs.mx\/index.php?rest_route=\/wp\/v2\/users\/1"}],"replies":[{"embeddable":true,"href":"https:\/\/nbcs.mx\/index.php?rest_route=%2Fwp%2Fv2%2Fcomments&post=156825"}],"version-history":[{"count":1,"href":"https:\/\/nbcs.mx\/index.php?rest_route=\/wp\/v2\/posts\/156825\/revisions"}],"predecessor-version":[{"id":156827,"href":"https:\/\/nbcs.mx\/index.php?rest_route=\/wp\/v2\/posts\/156825\/revisions\/156827"}],"wp:featuredmedia":[{"embeddable":true,"href":"https:\/\/nbcs.mx\/index.php?rest_route=\/wp\/v2\/media\/156826"}],"wp:attachment":[{"href":"https:\/\/nbcs.mx\/index.php?rest_route=%2Fwp%2Fv2%2Fmedia&parent=156825"}],"wp:term":[{"taxonomy":"category","embeddable":true,"href":"https:\/\/nbcs.mx\/index.php?rest_route=%2Fwp%2Fv2%2Fcategories&post=156825"},{"taxonomy":"post_tag","embeddable":true,"href":"https:\/\/nbcs.mx\/index.php?rest_route=%2Fwp%2Fv2%2Ftags&post=156825"}],"curies":[{"name":"wp","href":"https:\/\/api.w.org\/{rel}","templated":true}]}}