{"id":156832,"date":"2025-10-16T09:10:13","date_gmt":"2025-10-16T15:10:13","guid":{"rendered":"https:\/\/nbcs.mx\/?p=156832"},"modified":"2025-10-16T09:10:13","modified_gmt":"2025-10-16T15:10:13","slug":"comondu-fue-sede-de-la-etapa-deliberativa-de-la-consulta-a-personas-autistas","status":"publish","type":"post","link":"https:\/\/nbcs.mx\/?p=156832","title":{"rendered":"Comond\u00fa fue sede de la etapa deliberativa de la Consulta a Personas Autistas"},"content":{"rendered":"<div>\n<p style=\"text-align: justify;\"><img loading=\"lazy\" decoding=\"async\" class=\" wp-image-156833 alignleft\" src=\"https:\/\/nbcs.mx\/wp-content\/uploads\/2025\/10\/ETAPA-DELIBERATIVA-COMONDU-251015-1-739x492.jpg\" alt=\"\" width=\"386\" height=\"257\" srcset=\"https:\/\/nbcs.mx\/wp-content\/uploads\/2025\/10\/ETAPA-DELIBERATIVA-COMONDU-251015-1-739x492.jpg 739w, https:\/\/nbcs.mx\/wp-content\/uploads\/2025\/10\/ETAPA-DELIBERATIVA-COMONDU-251015-1-150x100.jpg 150w, https:\/\/nbcs.mx\/wp-content\/uploads\/2025\/10\/ETAPA-DELIBERATIVA-COMONDU-251015-1-768x512.jpg 768w, https:\/\/nbcs.mx\/wp-content\/uploads\/2025\/10\/ETAPA-DELIBERATIVA-COMONDU-251015-1.jpg 1024w\" sizes=\"auto, (max-width: 386px) 100vw, 386px\" \/>El Congreso del Estado de Baja California Sur, a trav\u00e9s de las Comisiones unidas de Atenci\u00f3n a Grupos Vulnerables y a Personas con Discapacidad, y de Derechos Humanos, Asuntos Ind\u00edgenas y Afromexicanos, llev\u00f3 a cabo en el municipio de Comond\u00fa la etapa deliberativa de la Consulta de la Ley de Personas del Espectro Autista de Baja California Sur 2025.<\/p>\n<\/div>\n<div style=\"text-align: justify;\">\n<p>El encuentro se realiz\u00f3 en el Sal\u00f3n de los Bur\u00f3cratas, en Ciudad Constituci\u00f3n, con la finalidad de escuchar las propuestas, opiniones y aportaciones de personas autistas, familiares, especialistas y ciudadan\u00eda interesada en la construcci\u00f3n de un marco legal que garantice el respeto pleno de los derechos de este sector de la poblaci\u00f3n.<\/p>\n<\/div>\n<div style=\"text-align: justify;\">\n<p>Durante la jornada, las y los participantes compartieron experiencias y planteamientos que permitir\u00e1n fortalecer la iniciativa de ley, promoviendo pol\u00edticas p\u00fablicas m\u00e1s inclusivas y sensibles a las necesidades de las personas con condici\u00f3n del espectro autista.<\/p>\n<\/div>\n<div style=\"text-align: justify;\">\n<p>La diputada Dalia Collins Mendoza, presidenta de la Comisi\u00f3n Permanente de Atenci\u00f3n a Grupos Vulnerables y Personas con Discapacidad, destac\u00f3 la importancia de escuchar directamente a quienes viven esta realidad, para que la legislaci\u00f3n refleje su voz y sus derechos.<\/p>\n<\/div>\n<div style=\"text-align: justify;\">\n<p>Por su parte, el diputado Mart\u00edn Escogido Flores, presidente de la Comisi\u00f3n Permanente de Derechos Humanos, Asuntos Ind\u00edgenas y Afromexicanos, subray\u00f3 que este ejercicio democr\u00e1tico consolida el compromiso del Congreso del Estado con la inclusi\u00f3n y la participaci\u00f3n ciudadana.<\/p>\n<\/div>\n<div>\n<p style=\"text-align: justify;\">Con esta etapa deliberativa en Comond\u00fa, la XVII Legislatura avanza en el proceso de consulta que se lleva a cabo en los diferentes municipios de la entidad, reafirmando su compromiso con la construcci\u00f3n de un Baja California Sur m\u00e1s justo, emp\u00e1tico e incluyente.<\/p>\n<\/div>\n","protected":false},"excerpt":{"rendered":"<p>El Congreso del Estado de Baja California Sur, a trav\u00e9s de las Comisiones unidas de Atenci\u00f3n a Grupos Vulnerables y<\/p>\n","protected":false},"author":1,"featured_media":156833,"comment_status":"open","ping_status":"closed","sticky":false,"template":"","format":"standard","meta":{"colormag_page_container_layout":"default_layout","colormag_page_sidebar_layout":"default_layout","_jetpack_memberships_contains_paid_content":false,"footnotes":"","jetpack_publicize_message":"","jetpack_publicize_feature_enabled":true,"jetpack_social_post_already_shared":true,"jetpack_social_options":{"image_generator_settings":{"template":"highway","default_image_id":0,"font":"","enabled":false},"version":2}},"categories":[1],"tags":[],"class_list":["post-156832","post","type-post","status-publish","format-standard","has-post-thumbnail","hentry","category-noticias"],"yoast_head":"<!-- This site is optimized with the Yoast SEO plugin v27.5 - https:\/\/yoast.com\/product\/yoast-seo-wordpress\/ -->\n<title>Comond\u00fa fue sede de la etapa deliberativa de la Consulta a Personas Autistas - NBCS Noticias<\/title>\n<meta name=\"robots\" content=\"index, follow, max-snippet:-1, max-image-preview:large, max-video-preview:-1\" \/>\n<link rel=\"canonical\" href=\"https:\/\/nbcs.mx\/?p=156832\" \/>\n<meta property=\"og:locale\" content=\"es_ES\" \/>\n<meta property=\"og:type\" content=\"article\" \/>\n<meta property=\"og:title\" content=\"Comond\u00fa fue sede de la etapa deliberativa de la Consulta a Personas Autistas - NBCS Noticias\" \/>\n<meta property=\"og:description\" content=\"El Congreso del Estado de Baja California Sur, a trav\u00e9s de las Comisiones unidas de Atenci\u00f3n a Grupos Vulnerables y\" \/>\n<meta property=\"og:url\" content=\"https:\/\/nbcs.mx\/?p=156832\" \/>\n<meta property=\"og:site_name\" content=\"NBCS Noticias\" \/>\n<meta property=\"article:publisher\" content=\"https:\/\/www.facebook.com\/NBCSnoticias\" \/>\n<meta property=\"article:author\" content=\"https:\/\/www.facebook.com\/NBCSnoticias\" \/>\n<meta property=\"article:published_time\" content=\"2025-10-16T15:10:13+00:00\" \/>\n<meta property=\"og:image\" content=\"https:\/\/nbcs.mx\/wp-content\/uploads\/2025\/10\/ETAPA-DELIBERATIVA-COMONDU-251015-1.jpg\" \/>\n\t<meta property=\"og:image:width\" content=\"1024\" \/>\n\t<meta property=\"og:image:height\" content=\"682\" \/>\n\t<meta property=\"og:image:type\" content=\"image\/jpeg\" \/>\n<meta name=\"author\" content=\"NBCS Noticias\" \/>\n<meta name=\"twitter:card\" content=\"summary_large_image\" \/>\n<meta name=\"twitter:creator\" content=\"@https:\/\/twitter.com\/NBCSnoticias\" \/>\n<meta name=\"twitter:site\" content=\"@NBCSnoticias\" \/>\n<meta name=\"twitter:label1\" content=\"Escrito por\" \/>\n\t<meta name=\"twitter:data1\" content=\"NBCS Noticias\" \/>\n\t<meta name=\"twitter:label2\" content=\"Tiempo de lectura\" \/>\n\t<meta name=\"twitter:data2\" content=\"2 minutos\" \/>\n<script type=\"application\/ld+json\" class=\"yoast-schema-graph\">{\"@context\":\"https:\\\/\\\/schema.org\",\"@graph\":[{\"@type\":\"Article\",\"@id\":\"https:\\\/\\\/nbcs.mx\\\/?p=156832#article\",\"isPartOf\":{\"@id\":\"https:\\\/\\\/nbcs.mx\\\/?p=156832\"},\"author\":{\"name\":\"NBCS Noticias\",\"@id\":\"https:\\\/\\\/nbcs.mx\\\/#\\\/schema\\\/person\\\/ece58bab9a7c1e87a4d28ec9ecd79ff4\"},\"headline\":\"Comond\u00fa fue sede de la etapa deliberativa de la Consulta a Personas Autistas\",\"datePublished\":\"2025-10-16T15:10:13+00:00\",\"mainEntityOfPage\":{\"@id\":\"https:\\\/\\\/nbcs.mx\\\/?p=156832\"},\"wordCount\":307,\"commentCount\":0,\"publisher\":{\"@id\":\"https:\\\/\\\/nbcs.mx\\\/#organization\"},\"image\":{\"@id\":\"https:\\\/\\\/nbcs.mx\\\/?p=156832#primaryimage\"},\"thumbnailUrl\":\"https:\\\/\\\/nbcs.mx\\\/wp-content\\\/uploads\\\/2025\\\/10\\\/ETAPA-DELIBERATIVA-COMONDU-251015-1.jpg\",\"articleSection\":[\"Noticias\"],\"inLanguage\":\"es\",\"potentialAction\":[{\"@type\":\"CommentAction\",\"name\":\"Comment\",\"target\":[\"https:\\\/\\\/nbcs.mx\\\/?p=156832#respond\"]}]},{\"@type\":\"WebPage\",\"@id\":\"https:\\\/\\\/nbcs.mx\\\/?p=156832\",\"url\":\"https:\\\/\\\/nbcs.mx\\\/?p=156832\",\"name\":\"Comond\u00fa fue sede de la etapa deliberativa de la Consulta a Personas Autistas - NBCS Noticias\",\"isPartOf\":{\"@id\":\"https:\\\/\\\/nbcs.mx\\\/#website\"},\"primaryImageOfPage\":{\"@id\":\"https:\\\/\\\/nbcs.mx\\\/?p=156832#primaryimage\"},\"image\":{\"@id\":\"https:\\\/\\\/nbcs.mx\\\/?p=156832#primaryimage\"},\"thumbnailUrl\":\"https:\\\/\\\/nbcs.mx\\\/wp-content\\\/uploads\\\/2025\\\/10\\\/ETAPA-DELIBERATIVA-COMONDU-251015-1.jpg\",\"datePublished\":\"2025-10-16T15:10:13+00:00\",\"breadcrumb\":{\"@id\":\"https:\\\/\\\/nbcs.mx\\\/?p=156832#breadcrumb\"},\"inLanguage\":\"es\",\"potentialAction\":[{\"@type\":\"ReadAction\",\"target\":[\"https:\\\/\\\/nbcs.mx\\\/?p=156832\"]}]},{\"@type\":\"ImageObject\",\"inLanguage\":\"es\",\"@id\":\"https:\\\/\\\/nbcs.mx\\\/?p=156832#primaryimage\",\"url\":\"https:\\\/\\\/nbcs.mx\\\/wp-content\\\/uploads\\\/2025\\\/10\\\/ETAPA-DELIBERATIVA-COMONDU-251015-1.jpg\",\"contentUrl\":\"https:\\\/\\\/nbcs.mx\\\/wp-content\\\/uploads\\\/2025\\\/10\\\/ETAPA-DELIBERATIVA-COMONDU-251015-1.jpg\",\"width\":1024,\"height\":682},{\"@type\":\"BreadcrumbList\",\"@id\":\"https:\\\/\\\/nbcs.mx\\\/?p=156832#breadcrumb\",\"itemListElement\":[{\"@type\":\"ListItem\",\"position\":1,\"name\":\"Portada\",\"item\":\"https:\\\/\\\/nbcs.mx\\\/\"},{\"@type\":\"ListItem\",\"position\":2,\"name\":\"Comond\u00fa fue sede de la etapa deliberativa de la Consulta a Personas Autistas\"}]},{\"@type\":\"WebSite\",\"@id\":\"https:\\\/\\\/nbcs.mx\\\/#website\",\"url\":\"https:\\\/\\\/nbcs.mx\\\/\",\"name\":\"NBCS Noticias\",\"description\":\"Sitio web de noticias en Baja California Sur\",\"publisher\":{\"@id\":\"https:\\\/\\\/nbcs.mx\\\/#organization\"},\"potentialAction\":[{\"@type\":\"SearchAction\",\"target\":{\"@type\":\"EntryPoint\",\"urlTemplate\":\"https:\\\/\\\/nbcs.mx\\\/?s={search_term_string}\"},\"query-input\":{\"@type\":\"PropertyValueSpecification\",\"valueRequired\":true,\"valueName\":\"search_term_string\"}}],\"inLanguage\":\"es\"},{\"@type\":\"Organization\",\"@id\":\"https:\\\/\\\/nbcs.mx\\\/#organization\",\"name\":\"NBCS Noticias\",\"url\":\"https:\\\/\\\/nbcs.mx\\\/\",\"logo\":{\"@type\":\"ImageObject\",\"inLanguage\":\"es\",\"@id\":\"https:\\\/\\\/nbcs.mx\\\/#\\\/schema\\\/logo\\\/image\\\/\",\"url\":\"https:\\\/\\\/nbcs.mx\\\/wp-content\\\/uploads\\\/2018\\\/09\\\/057b69485e93575a5c2b1c1dde2dd297.jpeg\",\"contentUrl\":\"https:\\\/\\\/nbcs.mx\\\/wp-content\\\/uploads\\\/2018\\\/09\\\/057b69485e93575a5c2b1c1dde2dd297.jpeg\",\"width\":64,\"height\":64,\"caption\":\"NBCS Noticias\"},\"image\":{\"@id\":\"https:\\\/\\\/nbcs.mx\\\/#\\\/schema\\\/logo\\\/image\\\/\"},\"sameAs\":[\"https:\\\/\\\/www.facebook.com\\\/NBCSnoticias\",\"https:\\\/\\\/x.com\\\/NBCSnoticias\"]},{\"@type\":\"Person\",\"@id\":\"https:\\\/\\\/nbcs.mx\\\/#\\\/schema\\\/person\\\/ece58bab9a7c1e87a4d28ec9ecd79ff4\",\"name\":\"NBCS Noticias\",\"image\":{\"@type\":\"ImageObject\",\"inLanguage\":\"es\",\"@id\":\"https:\\\/\\\/secure.gravatar.com\\\/avatar\\\/4e52110cad1c4054b43271a0d14bbe9e2ea76aecd0e1097edfc670798d9ca1d4?s=96&d=blank&r=g\",\"url\":\"https:\\\/\\\/secure.gravatar.com\\\/avatar\\\/4e52110cad1c4054b43271a0d14bbe9e2ea76aecd0e1097edfc670798d9ca1d4?s=96&d=blank&r=g\",\"contentUrl\":\"https:\\\/\\\/secure.gravatar.com\\\/avatar\\\/4e52110cad1c4054b43271a0d14bbe9e2ea76aecd0e1097edfc670798d9ca1d4?s=96&d=blank&r=g\",\"caption\":\"NBCS Noticias\"},\"description\":\"\u00bfTienes fotos o video de alg\u00fan acto de posible negligencia, corrupci\u00f3n y abuso de autoridad? M\u00e1ndalo al WhatsApp de NBCS Noticias: 612 141 98 08\",\"sameAs\":[\"https:\\\/\\\/www.nbcs.mx\",\"https:\\\/\\\/www.facebook.com\\\/NBCSnoticias\",\"https:\\\/\\\/www.instagram.com\\\/nbcsnoticias\\\/\",\"https:\\\/\\\/x.com\\\/https:\\\/\\\/twitter.com\\\/NBCSnoticias\"]}]}<\/script>\n<!-- \/ Yoast SEO plugin. -->","yoast_head_json":{"title":"Comond\u00fa fue sede de la etapa deliberativa de la Consulta a Personas Autistas - NBCS Noticias","robots":{"index":"index","follow":"follow","max-snippet":"max-snippet:-1","max-image-preview":"max-image-preview:large","max-video-preview":"max-video-preview:-1"},"canonical":"https:\/\/nbcs.mx\/?p=156832","og_locale":"es_ES","og_type":"article","og_title":"Comond\u00fa fue sede de la etapa deliberativa de la Consulta a Personas Autistas - NBCS Noticias","og_description":"El Congreso del Estado de Baja California Sur, a trav\u00e9s de las Comisiones unidas de Atenci\u00f3n a Grupos Vulnerables y","og_url":"https:\/\/nbcs.mx\/?p=156832","og_site_name":"NBCS Noticias","article_publisher":"https:\/\/www.facebook.com\/NBCSnoticias","article_author":"https:\/\/www.facebook.com\/NBCSnoticias","article_published_time":"2025-10-16T15:10:13+00:00","og_image":[{"width":1024,"height":682,"url":"https:\/\/nbcs.mx\/wp-content\/uploads\/2025\/10\/ETAPA-DELIBERATIVA-COMONDU-251015-1.jpg","type":"image\/jpeg"}],"author":"NBCS Noticias","twitter_card":"summary_large_image","twitter_creator":"@https:\/\/twitter.com\/NBCSnoticias","twitter_site":"@NBCSnoticias","twitter_misc":{"Escrito por":"NBCS Noticias","Tiempo de lectura":"2 minutos"},"schema":{"@context":"https:\/\/schema.org","@graph":[{"@type":"Article","@id":"https:\/\/nbcs.mx\/?p=156832#article","isPartOf":{"@id":"https:\/\/nbcs.mx\/?p=156832"},"author":{"name":"NBCS Noticias","@id":"https:\/\/nbcs.mx\/#\/schema\/person\/ece58bab9a7c1e87a4d28ec9ecd79ff4"},"headline":"Comond\u00fa fue sede de la etapa deliberativa de la Consulta a Personas Autistas","datePublished":"2025-10-16T15:10:13+00:00","mainEntityOfPage":{"@id":"https:\/\/nbcs.mx\/?p=156832"},"wordCount":307,"commentCount":0,"publisher":{"@id":"https:\/\/nbcs.mx\/#organization"},"image":{"@id":"https:\/\/nbcs.mx\/?p=156832#primaryimage"},"thumbnailUrl":"https:\/\/nbcs.mx\/wp-content\/uploads\/2025\/10\/ETAPA-DELIBERATIVA-COMONDU-251015-1.jpg","articleSection":["Noticias"],"inLanguage":"es","potentialAction":[{"@type":"CommentAction","name":"Comment","target":["https:\/\/nbcs.mx\/?p=156832#respond"]}]},{"@type":"WebPage","@id":"https:\/\/nbcs.mx\/?p=156832","url":"https:\/\/nbcs.mx\/?p=156832","name":"Comond\u00fa fue sede de la etapa deliberativa de la Consulta a Personas Autistas - NBCS Noticias","isPartOf":{"@id":"https:\/\/nbcs.mx\/#website"},"primaryImageOfPage":{"@id":"https:\/\/nbcs.mx\/?p=156832#primaryimage"},"image":{"@id":"https:\/\/nbcs.mx\/?p=156832#primaryimage"},"thumbnailUrl":"https:\/\/nbcs.mx\/wp-content\/uploads\/2025\/10\/ETAPA-DELIBERATIVA-COMONDU-251015-1.jpg","datePublished":"2025-10-16T15:10:13+00:00","breadcrumb":{"@id":"https:\/\/nbcs.mx\/?p=156832#breadcrumb"},"inLanguage":"es","potentialAction":[{"@type":"ReadAction","target":["https:\/\/nbcs.mx\/?p=156832"]}]},{"@type":"ImageObject","inLanguage":"es","@id":"https:\/\/nbcs.mx\/?p=156832#primaryimage","url":"https:\/\/nbcs.mx\/wp-content\/uploads\/2025\/10\/ETAPA-DELIBERATIVA-COMONDU-251015-1.jpg","contentUrl":"https:\/\/nbcs.mx\/wp-content\/uploads\/2025\/10\/ETAPA-DELIBERATIVA-COMONDU-251015-1.jpg","width":1024,"height":682},{"@type":"BreadcrumbList","@id":"https:\/\/nbcs.mx\/?p=156832#breadcrumb","itemListElement":[{"@type":"ListItem","position":1,"name":"Portada","item":"https:\/\/nbcs.mx\/"},{"@type":"ListItem","position":2,"name":"Comond\u00fa fue sede de la etapa deliberativa de la Consulta a Personas Autistas"}]},{"@type":"WebSite","@id":"https:\/\/nbcs.mx\/#website","url":"https:\/\/nbcs.mx\/","name":"NBCS Noticias","description":"Sitio web de noticias en Baja California Sur","publisher":{"@id":"https:\/\/nbcs.mx\/#organization"},"potentialAction":[{"@type":"SearchAction","target":{"@type":"EntryPoint","urlTemplate":"https:\/\/nbcs.mx\/?s={search_term_string}"},"query-input":{"@type":"PropertyValueSpecification","valueRequired":true,"valueName":"search_term_string"}}],"inLanguage":"es"},{"@type":"Organization","@id":"https:\/\/nbcs.mx\/#organization","name":"NBCS Noticias","url":"https:\/\/nbcs.mx\/","logo":{"@type":"ImageObject","inLanguage":"es","@id":"https:\/\/nbcs.mx\/#\/schema\/logo\/image\/","url":"https:\/\/nbcs.mx\/wp-content\/uploads\/2018\/09\/057b69485e93575a5c2b1c1dde2dd297.jpeg","contentUrl":"https:\/\/nbcs.mx\/wp-content\/uploads\/2018\/09\/057b69485e93575a5c2b1c1dde2dd297.jpeg","width":64,"height":64,"caption":"NBCS Noticias"},"image":{"@id":"https:\/\/nbcs.mx\/#\/schema\/logo\/image\/"},"sameAs":["https:\/\/www.facebook.com\/NBCSnoticias","https:\/\/x.com\/NBCSnoticias"]},{"@type":"Person","@id":"https:\/\/nbcs.mx\/#\/schema\/person\/ece58bab9a7c1e87a4d28ec9ecd79ff4","name":"NBCS Noticias","image":{"@type":"ImageObject","inLanguage":"es","@id":"https:\/\/secure.gravatar.com\/avatar\/4e52110cad1c4054b43271a0d14bbe9e2ea76aecd0e1097edfc670798d9ca1d4?s=96&d=blank&r=g","url":"https:\/\/secure.gravatar.com\/avatar\/4e52110cad1c4054b43271a0d14bbe9e2ea76aecd0e1097edfc670798d9ca1d4?s=96&d=blank&r=g","contentUrl":"https:\/\/secure.gravatar.com\/avatar\/4e52110cad1c4054b43271a0d14bbe9e2ea76aecd0e1097edfc670798d9ca1d4?s=96&d=blank&r=g","caption":"NBCS Noticias"},"description":"\u00bfTienes fotos o video de alg\u00fan acto de posible negligencia, corrupci\u00f3n y abuso de autoridad? M\u00e1ndalo al WhatsApp de NBCS Noticias: 612 141 98 08","sameAs":["https:\/\/www.nbcs.mx","https:\/\/www.facebook.com\/NBCSnoticias","https:\/\/www.instagram.com\/nbcsnoticias\/","https:\/\/x.com\/https:\/\/twitter.com\/NBCSnoticias"]}]}},"jetpack_publicize_connections":[],"jetpack_featured_media_url":"https:\/\/nbcs.mx\/wp-content\/uploads\/2025\/10\/ETAPA-DELIBERATIVA-COMONDU-251015-1.jpg","jetpack_sharing_enabled":true,"_links":{"self":[{"href":"https:\/\/nbcs.mx\/index.php?rest_route=\/wp\/v2\/posts\/156832","targetHints":{"allow":["GET"]}}],"collection":[{"href":"https:\/\/nbcs.mx\/index.php?rest_route=\/wp\/v2\/posts"}],"about":[{"href":"https:\/\/nbcs.mx\/index.php?rest_route=\/wp\/v2\/types\/post"}],"author":[{"embeddable":true,"href":"https:\/\/nbcs.mx\/index.php?rest_route=\/wp\/v2\/users\/1"}],"replies":[{"embeddable":true,"href":"https:\/\/nbcs.mx\/index.php?rest_route=%2Fwp%2Fv2%2Fcomments&post=156832"}],"version-history":[{"count":1,"href":"https:\/\/nbcs.mx\/index.php?rest_route=\/wp\/v2\/posts\/156832\/revisions"}],"predecessor-version":[{"id":156834,"href":"https:\/\/nbcs.mx\/index.php?rest_route=\/wp\/v2\/posts\/156832\/revisions\/156834"}],"wp:featuredmedia":[{"embeddable":true,"href":"https:\/\/nbcs.mx\/index.php?rest_route=\/wp\/v2\/media\/156833"}],"wp:attachment":[{"href":"https:\/\/nbcs.mx\/index.php?rest_route=%2Fwp%2Fv2%2Fmedia&parent=156832"}],"wp:term":[{"taxonomy":"category","embeddable":true,"href":"https:\/\/nbcs.mx\/index.php?rest_route=%2Fwp%2Fv2%2Fcategories&post=156832"},{"taxonomy":"post_tag","embeddable":true,"href":"https:\/\/nbcs.mx\/index.php?rest_route=%2Fwp%2Fv2%2Ftags&post=156832"}],"curies":[{"name":"wp","href":"https:\/\/api.w.org\/{rel}","templated":true}]}}