{"id":156878,"date":"2025-10-16T20:27:24","date_gmt":"2025-10-17T02:27:24","guid":{"rendered":"https:\/\/nbcs.mx\/?p=156878"},"modified":"2025-10-16T20:27:24","modified_gmt":"2025-10-17T02:27:24","slug":"sostiene-saul-gonzalez-reunion-sobre-los-avances-del-programa-de-vivienda-para-el-bienestar-en-bcs","status":"publish","type":"post","link":"https:\/\/nbcs.mx\/?p=156878","title":{"rendered":"Sostiene Sa\u00fal Gonz\u00e1lez reuni\u00f3n sobre los avances del Programa de Vivienda para el Bienestar en BCS"},"content":{"rendered":"<p style=\"font-weight: 400; text-align: justify;\"><img loading=\"lazy\" decoding=\"async\" class=\" wp-image-156879 alignleft\" src=\"https:\/\/nbcs.mx\/wp-content\/uploads\/2025\/10\/FOTO1-BOLETIN-SGG-SOSTIENE-755x477.jpeg\" alt=\"\" width=\"385\" height=\"243\" srcset=\"https:\/\/nbcs.mx\/wp-content\/uploads\/2025\/10\/FOTO1-BOLETIN-SGG-SOSTIENE-755x477.jpeg 755w, https:\/\/nbcs.mx\/wp-content\/uploads\/2025\/10\/FOTO1-BOLETIN-SGG-SOSTIENE-150x95.jpeg 150w, https:\/\/nbcs.mx\/wp-content\/uploads\/2025\/10\/FOTO1-BOLETIN-SGG-SOSTIENE-768x485.jpeg 768w, https:\/\/nbcs.mx\/wp-content\/uploads\/2025\/10\/FOTO1-BOLETIN-SGG-SOSTIENE.jpeg 955w\" sizes=\"auto, (max-width: 385px) 100vw, 385px\" \/>El secretario General de Gobierno, Jos\u00e9 Sa\u00fal Gonz\u00e1lez N\u00fa\u00f1ez, sostuvo una reuni\u00f3n de trabajo con el director de Vivienda del Instituto del Fondo Nacional de la Vivienda para los Trabajadores (INFONAVIT), Orlando Camarillo Ruiz, y el secretario General del Ayuntamiento de Los Cabos, Alberto Renter\u00eda Santana, para dar seguimiento al Programa de Vivienda para el Bienestar, un plan estrat\u00e9gico impulsado por la presidenta de M\u00e9xico, Claudia Sheinbaum Pardo.<\/p>\n<p style=\"font-weight: 400; text-align: justify;\">\n<p style=\"font-weight: 400; text-align: justify;\">Durante el encuentro se analizaron alternativas para el desarrollo de m\u00e1s de 23 mil viviendas en San Jos\u00e9 del Cabo, orientadas a garantizar calidad y accesibilidad a las familias que m\u00e1s lo necesitan.<\/p>\n<p style=\"font-weight: 400; text-align: justify;\">\n<p style=\"font-weight: 400; text-align: justify;\">Gonz\u00e1lez N\u00fa\u00f1ez se\u00f1al\u00f3 que el proyecto busca ofrecer hogares dignos y seguros, atender la alta demanda de vivienda, garantizar la certeza jur\u00eddica del patrimonio y mejorar la calidad de vida, creando un modelo de ciudad integral con servicios de seguridad, salud, cultura, educaci\u00f3n, comercio y esparcimiento.<\/p>\n<p style=\"font-weight: 400; text-align: justify;\">\n<p style=\"font-weight: 400; text-align: justify;\">\u201cEl Gobierno del Estado respalda plenamente esta iniciativa y, en coordinaci\u00f3n con la federaci\u00f3n y los municipios, se avanza en la construcci\u00f3n de m\u00e1s hogares\u201d, destac\u00f3 el secretario general.<\/p>\n<p style=\"font-weight: 400; text-align: justify;\">\n<p style=\"font-weight: 400; text-align: justify;\">Al finalizar la reuni\u00f3n, se acord\u00f3 continuar con las mesas estrat\u00e9gicas para abordar temas prioritarios como zonas de riesgo, invasiones e infraestructura hidr\u00e1ulica y el\u00e9ctrica, entre otros aspectos clave para la comunidad.<\/p>\n","protected":false},"excerpt":{"rendered":"<p>El secretario General de Gobierno, Jos\u00e9 Sa\u00fal Gonz\u00e1lez N\u00fa\u00f1ez, sostuvo una reuni\u00f3n de trabajo con el director de Vivienda del<\/p>\n","protected":false},"author":1,"featured_media":156879,"comment_status":"open","ping_status":"closed","sticky":false,"template":"","format":"standard","meta":{"colormag_page_container_layout":"default_layout","colormag_page_sidebar_layout":"default_layout","_jetpack_memberships_contains_paid_content":false,"footnotes":"","jetpack_publicize_message":"","jetpack_publicize_feature_enabled":true,"jetpack_social_post_already_shared":true,"jetpack_social_options":{"image_generator_settings":{"template":"highway","default_image_id":0,"font":"","enabled":false},"version":2}},"categories":[1],"tags":[],"class_list":["post-156878","post","type-post","status-publish","format-standard","has-post-thumbnail","hentry","category-noticias"],"yoast_head":"<!-- This site is optimized with the Yoast SEO plugin v27.5 - https:\/\/yoast.com\/product\/yoast-seo-wordpress\/ -->\n<title>Sostiene Sa\u00fal Gonz\u00e1lez reuni\u00f3n sobre los avances del Programa de Vivienda para el Bienestar en BCS - NBCS Noticias<\/title>\n<meta name=\"robots\" content=\"index, follow, max-snippet:-1, max-image-preview:large, max-video-preview:-1\" \/>\n<link rel=\"canonical\" href=\"https:\/\/nbcs.mx\/?p=156878\" \/>\n<meta property=\"og:locale\" content=\"es_ES\" \/>\n<meta property=\"og:type\" content=\"article\" \/>\n<meta property=\"og:title\" content=\"Sostiene Sa\u00fal Gonz\u00e1lez reuni\u00f3n sobre los avances del Programa de Vivienda para el Bienestar en BCS - NBCS Noticias\" \/>\n<meta property=\"og:description\" content=\"El secretario General de Gobierno, Jos\u00e9 Sa\u00fal Gonz\u00e1lez N\u00fa\u00f1ez, sostuvo una reuni\u00f3n de trabajo con el director de Vivienda del\" \/>\n<meta property=\"og:url\" content=\"https:\/\/nbcs.mx\/?p=156878\" \/>\n<meta property=\"og:site_name\" content=\"NBCS Noticias\" \/>\n<meta property=\"article:publisher\" content=\"https:\/\/www.facebook.com\/NBCSnoticias\" \/>\n<meta property=\"article:author\" content=\"https:\/\/www.facebook.com\/NBCSnoticias\" \/>\n<meta property=\"article:published_time\" content=\"2025-10-17T02:27:24+00:00\" \/>\n<meta property=\"og:image\" content=\"https:\/\/nbcs.mx\/wp-content\/uploads\/2025\/10\/FOTO1-BOLETIN-SGG-SOSTIENE.jpeg\" \/>\n\t<meta property=\"og:image:width\" content=\"955\" \/>\n\t<meta property=\"og:image:height\" content=\"603\" \/>\n\t<meta property=\"og:image:type\" content=\"image\/jpeg\" \/>\n<meta name=\"author\" content=\"NBCS Noticias\" \/>\n<meta name=\"twitter:card\" content=\"summary_large_image\" \/>\n<meta name=\"twitter:creator\" content=\"@https:\/\/twitter.com\/NBCSnoticias\" \/>\n<meta name=\"twitter:site\" content=\"@NBCSnoticias\" \/>\n<meta name=\"twitter:label1\" content=\"Escrito por\" \/>\n\t<meta name=\"twitter:data1\" content=\"NBCS Noticias\" \/>\n\t<meta name=\"twitter:label2\" content=\"Tiempo de lectura\" \/>\n\t<meta name=\"twitter:data2\" content=\"2 minutos\" \/>\n<script type=\"application\/ld+json\" class=\"yoast-schema-graph\">{\"@context\":\"https:\\\/\\\/schema.org\",\"@graph\":[{\"@type\":\"Article\",\"@id\":\"https:\\\/\\\/nbcs.mx\\\/?p=156878#article\",\"isPartOf\":{\"@id\":\"https:\\\/\\\/nbcs.mx\\\/?p=156878\"},\"author\":{\"name\":\"NBCS Noticias\",\"@id\":\"https:\\\/\\\/nbcs.mx\\\/#\\\/schema\\\/person\\\/ece58bab9a7c1e87a4d28ec9ecd79ff4\"},\"headline\":\"Sostiene Sa\u00fal Gonz\u00e1lez reuni\u00f3n sobre los avances del Programa de Vivienda para el Bienestar en BCS\",\"datePublished\":\"2025-10-17T02:27:24+00:00\",\"mainEntityOfPage\":{\"@id\":\"https:\\\/\\\/nbcs.mx\\\/?p=156878\"},\"wordCount\":248,\"commentCount\":0,\"publisher\":{\"@id\":\"https:\\\/\\\/nbcs.mx\\\/#organization\"},\"image\":{\"@id\":\"https:\\\/\\\/nbcs.mx\\\/?p=156878#primaryimage\"},\"thumbnailUrl\":\"https:\\\/\\\/nbcs.mx\\\/wp-content\\\/uploads\\\/2025\\\/10\\\/FOTO1-BOLETIN-SGG-SOSTIENE.jpeg\",\"articleSection\":[\"Noticias\"],\"inLanguage\":\"es\",\"potentialAction\":[{\"@type\":\"CommentAction\",\"name\":\"Comment\",\"target\":[\"https:\\\/\\\/nbcs.mx\\\/?p=156878#respond\"]}]},{\"@type\":\"WebPage\",\"@id\":\"https:\\\/\\\/nbcs.mx\\\/?p=156878\",\"url\":\"https:\\\/\\\/nbcs.mx\\\/?p=156878\",\"name\":\"Sostiene Sa\u00fal Gonz\u00e1lez reuni\u00f3n sobre los avances del Programa de Vivienda para el Bienestar en BCS - NBCS Noticias\",\"isPartOf\":{\"@id\":\"https:\\\/\\\/nbcs.mx\\\/#website\"},\"primaryImageOfPage\":{\"@id\":\"https:\\\/\\\/nbcs.mx\\\/?p=156878#primaryimage\"},\"image\":{\"@id\":\"https:\\\/\\\/nbcs.mx\\\/?p=156878#primaryimage\"},\"thumbnailUrl\":\"https:\\\/\\\/nbcs.mx\\\/wp-content\\\/uploads\\\/2025\\\/10\\\/FOTO1-BOLETIN-SGG-SOSTIENE.jpeg\",\"datePublished\":\"2025-10-17T02:27:24+00:00\",\"breadcrumb\":{\"@id\":\"https:\\\/\\\/nbcs.mx\\\/?p=156878#breadcrumb\"},\"inLanguage\":\"es\",\"potentialAction\":[{\"@type\":\"ReadAction\",\"target\":[\"https:\\\/\\\/nbcs.mx\\\/?p=156878\"]}]},{\"@type\":\"ImageObject\",\"inLanguage\":\"es\",\"@id\":\"https:\\\/\\\/nbcs.mx\\\/?p=156878#primaryimage\",\"url\":\"https:\\\/\\\/nbcs.mx\\\/wp-content\\\/uploads\\\/2025\\\/10\\\/FOTO1-BOLETIN-SGG-SOSTIENE.jpeg\",\"contentUrl\":\"https:\\\/\\\/nbcs.mx\\\/wp-content\\\/uploads\\\/2025\\\/10\\\/FOTO1-BOLETIN-SGG-SOSTIENE.jpeg\",\"width\":955,\"height\":603},{\"@type\":\"BreadcrumbList\",\"@id\":\"https:\\\/\\\/nbcs.mx\\\/?p=156878#breadcrumb\",\"itemListElement\":[{\"@type\":\"ListItem\",\"position\":1,\"name\":\"Portada\",\"item\":\"https:\\\/\\\/nbcs.mx\\\/\"},{\"@type\":\"ListItem\",\"position\":2,\"name\":\"Sostiene Sa\u00fal Gonz\u00e1lez reuni\u00f3n sobre los avances del Programa de Vivienda para el Bienestar en BCS\"}]},{\"@type\":\"WebSite\",\"@id\":\"https:\\\/\\\/nbcs.mx\\\/#website\",\"url\":\"https:\\\/\\\/nbcs.mx\\\/\",\"name\":\"NBCS Noticias\",\"description\":\"Sitio web de noticias en Baja California Sur\",\"publisher\":{\"@id\":\"https:\\\/\\\/nbcs.mx\\\/#organization\"},\"potentialAction\":[{\"@type\":\"SearchAction\",\"target\":{\"@type\":\"EntryPoint\",\"urlTemplate\":\"https:\\\/\\\/nbcs.mx\\\/?s={search_term_string}\"},\"query-input\":{\"@type\":\"PropertyValueSpecification\",\"valueRequired\":true,\"valueName\":\"search_term_string\"}}],\"inLanguage\":\"es\"},{\"@type\":\"Organization\",\"@id\":\"https:\\\/\\\/nbcs.mx\\\/#organization\",\"name\":\"NBCS Noticias\",\"url\":\"https:\\\/\\\/nbcs.mx\\\/\",\"logo\":{\"@type\":\"ImageObject\",\"inLanguage\":\"es\",\"@id\":\"https:\\\/\\\/nbcs.mx\\\/#\\\/schema\\\/logo\\\/image\\\/\",\"url\":\"https:\\\/\\\/nbcs.mx\\\/wp-content\\\/uploads\\\/2018\\\/09\\\/057b69485e93575a5c2b1c1dde2dd297.jpeg\",\"contentUrl\":\"https:\\\/\\\/nbcs.mx\\\/wp-content\\\/uploads\\\/2018\\\/09\\\/057b69485e93575a5c2b1c1dde2dd297.jpeg\",\"width\":64,\"height\":64,\"caption\":\"NBCS Noticias\"},\"image\":{\"@id\":\"https:\\\/\\\/nbcs.mx\\\/#\\\/schema\\\/logo\\\/image\\\/\"},\"sameAs\":[\"https:\\\/\\\/www.facebook.com\\\/NBCSnoticias\",\"https:\\\/\\\/x.com\\\/NBCSnoticias\"]},{\"@type\":\"Person\",\"@id\":\"https:\\\/\\\/nbcs.mx\\\/#\\\/schema\\\/person\\\/ece58bab9a7c1e87a4d28ec9ecd79ff4\",\"name\":\"NBCS Noticias\",\"image\":{\"@type\":\"ImageObject\",\"inLanguage\":\"es\",\"@id\":\"https:\\\/\\\/secure.gravatar.com\\\/avatar\\\/4e52110cad1c4054b43271a0d14bbe9e2ea76aecd0e1097edfc670798d9ca1d4?s=96&d=blank&r=g\",\"url\":\"https:\\\/\\\/secure.gravatar.com\\\/avatar\\\/4e52110cad1c4054b43271a0d14bbe9e2ea76aecd0e1097edfc670798d9ca1d4?s=96&d=blank&r=g\",\"contentUrl\":\"https:\\\/\\\/secure.gravatar.com\\\/avatar\\\/4e52110cad1c4054b43271a0d14bbe9e2ea76aecd0e1097edfc670798d9ca1d4?s=96&d=blank&r=g\",\"caption\":\"NBCS Noticias\"},\"description\":\"\u00bfTienes fotos o video de alg\u00fan acto de posible negligencia, corrupci\u00f3n y abuso de autoridad? M\u00e1ndalo al WhatsApp de NBCS Noticias: 612 141 98 08\",\"sameAs\":[\"https:\\\/\\\/www.nbcs.mx\",\"https:\\\/\\\/www.facebook.com\\\/NBCSnoticias\",\"https:\\\/\\\/www.instagram.com\\\/nbcsnoticias\\\/\",\"https:\\\/\\\/x.com\\\/https:\\\/\\\/twitter.com\\\/NBCSnoticias\"]}]}<\/script>\n<!-- \/ Yoast SEO plugin. -->","yoast_head_json":{"title":"Sostiene Sa\u00fal Gonz\u00e1lez reuni\u00f3n sobre los avances del Programa de Vivienda para el Bienestar en BCS - NBCS Noticias","robots":{"index":"index","follow":"follow","max-snippet":"max-snippet:-1","max-image-preview":"max-image-preview:large","max-video-preview":"max-video-preview:-1"},"canonical":"https:\/\/nbcs.mx\/?p=156878","og_locale":"es_ES","og_type":"article","og_title":"Sostiene Sa\u00fal Gonz\u00e1lez reuni\u00f3n sobre los avances del Programa de Vivienda para el Bienestar en BCS - NBCS Noticias","og_description":"El secretario General de Gobierno, Jos\u00e9 Sa\u00fal Gonz\u00e1lez N\u00fa\u00f1ez, sostuvo una reuni\u00f3n de trabajo con el director de Vivienda del","og_url":"https:\/\/nbcs.mx\/?p=156878","og_site_name":"NBCS Noticias","article_publisher":"https:\/\/www.facebook.com\/NBCSnoticias","article_author":"https:\/\/www.facebook.com\/NBCSnoticias","article_published_time":"2025-10-17T02:27:24+00:00","og_image":[{"width":955,"height":603,"url":"https:\/\/nbcs.mx\/wp-content\/uploads\/2025\/10\/FOTO1-BOLETIN-SGG-SOSTIENE.jpeg","type":"image\/jpeg"}],"author":"NBCS Noticias","twitter_card":"summary_large_image","twitter_creator":"@https:\/\/twitter.com\/NBCSnoticias","twitter_site":"@NBCSnoticias","twitter_misc":{"Escrito por":"NBCS Noticias","Tiempo de lectura":"2 minutos"},"schema":{"@context":"https:\/\/schema.org","@graph":[{"@type":"Article","@id":"https:\/\/nbcs.mx\/?p=156878#article","isPartOf":{"@id":"https:\/\/nbcs.mx\/?p=156878"},"author":{"name":"NBCS Noticias","@id":"https:\/\/nbcs.mx\/#\/schema\/person\/ece58bab9a7c1e87a4d28ec9ecd79ff4"},"headline":"Sostiene Sa\u00fal Gonz\u00e1lez reuni\u00f3n sobre los avances del Programa de Vivienda para el Bienestar en BCS","datePublished":"2025-10-17T02:27:24+00:00","mainEntityOfPage":{"@id":"https:\/\/nbcs.mx\/?p=156878"},"wordCount":248,"commentCount":0,"publisher":{"@id":"https:\/\/nbcs.mx\/#organization"},"image":{"@id":"https:\/\/nbcs.mx\/?p=156878#primaryimage"},"thumbnailUrl":"https:\/\/nbcs.mx\/wp-content\/uploads\/2025\/10\/FOTO1-BOLETIN-SGG-SOSTIENE.jpeg","articleSection":["Noticias"],"inLanguage":"es","potentialAction":[{"@type":"CommentAction","name":"Comment","target":["https:\/\/nbcs.mx\/?p=156878#respond"]}]},{"@type":"WebPage","@id":"https:\/\/nbcs.mx\/?p=156878","url":"https:\/\/nbcs.mx\/?p=156878","name":"Sostiene Sa\u00fal Gonz\u00e1lez reuni\u00f3n sobre los avances del Programa de Vivienda para el Bienestar en BCS - NBCS Noticias","isPartOf":{"@id":"https:\/\/nbcs.mx\/#website"},"primaryImageOfPage":{"@id":"https:\/\/nbcs.mx\/?p=156878#primaryimage"},"image":{"@id":"https:\/\/nbcs.mx\/?p=156878#primaryimage"},"thumbnailUrl":"https:\/\/nbcs.mx\/wp-content\/uploads\/2025\/10\/FOTO1-BOLETIN-SGG-SOSTIENE.jpeg","datePublished":"2025-10-17T02:27:24+00:00","breadcrumb":{"@id":"https:\/\/nbcs.mx\/?p=156878#breadcrumb"},"inLanguage":"es","potentialAction":[{"@type":"ReadAction","target":["https:\/\/nbcs.mx\/?p=156878"]}]},{"@type":"ImageObject","inLanguage":"es","@id":"https:\/\/nbcs.mx\/?p=156878#primaryimage","url":"https:\/\/nbcs.mx\/wp-content\/uploads\/2025\/10\/FOTO1-BOLETIN-SGG-SOSTIENE.jpeg","contentUrl":"https:\/\/nbcs.mx\/wp-content\/uploads\/2025\/10\/FOTO1-BOLETIN-SGG-SOSTIENE.jpeg","width":955,"height":603},{"@type":"BreadcrumbList","@id":"https:\/\/nbcs.mx\/?p=156878#breadcrumb","itemListElement":[{"@type":"ListItem","position":1,"name":"Portada","item":"https:\/\/nbcs.mx\/"},{"@type":"ListItem","position":2,"name":"Sostiene Sa\u00fal Gonz\u00e1lez reuni\u00f3n sobre los avances del Programa de Vivienda para el Bienestar en BCS"}]},{"@type":"WebSite","@id":"https:\/\/nbcs.mx\/#website","url":"https:\/\/nbcs.mx\/","name":"NBCS Noticias","description":"Sitio web de noticias en Baja California Sur","publisher":{"@id":"https:\/\/nbcs.mx\/#organization"},"potentialAction":[{"@type":"SearchAction","target":{"@type":"EntryPoint","urlTemplate":"https:\/\/nbcs.mx\/?s={search_term_string}"},"query-input":{"@type":"PropertyValueSpecification","valueRequired":true,"valueName":"search_term_string"}}],"inLanguage":"es"},{"@type":"Organization","@id":"https:\/\/nbcs.mx\/#organization","name":"NBCS Noticias","url":"https:\/\/nbcs.mx\/","logo":{"@type":"ImageObject","inLanguage":"es","@id":"https:\/\/nbcs.mx\/#\/schema\/logo\/image\/","url":"https:\/\/nbcs.mx\/wp-content\/uploads\/2018\/09\/057b69485e93575a5c2b1c1dde2dd297.jpeg","contentUrl":"https:\/\/nbcs.mx\/wp-content\/uploads\/2018\/09\/057b69485e93575a5c2b1c1dde2dd297.jpeg","width":64,"height":64,"caption":"NBCS Noticias"},"image":{"@id":"https:\/\/nbcs.mx\/#\/schema\/logo\/image\/"},"sameAs":["https:\/\/www.facebook.com\/NBCSnoticias","https:\/\/x.com\/NBCSnoticias"]},{"@type":"Person","@id":"https:\/\/nbcs.mx\/#\/schema\/person\/ece58bab9a7c1e87a4d28ec9ecd79ff4","name":"NBCS Noticias","image":{"@type":"ImageObject","inLanguage":"es","@id":"https:\/\/secure.gravatar.com\/avatar\/4e52110cad1c4054b43271a0d14bbe9e2ea76aecd0e1097edfc670798d9ca1d4?s=96&d=blank&r=g","url":"https:\/\/secure.gravatar.com\/avatar\/4e52110cad1c4054b43271a0d14bbe9e2ea76aecd0e1097edfc670798d9ca1d4?s=96&d=blank&r=g","contentUrl":"https:\/\/secure.gravatar.com\/avatar\/4e52110cad1c4054b43271a0d14bbe9e2ea76aecd0e1097edfc670798d9ca1d4?s=96&d=blank&r=g","caption":"NBCS Noticias"},"description":"\u00bfTienes fotos o video de alg\u00fan acto de posible negligencia, corrupci\u00f3n y abuso de autoridad? M\u00e1ndalo al WhatsApp de NBCS Noticias: 612 141 98 08","sameAs":["https:\/\/www.nbcs.mx","https:\/\/www.facebook.com\/NBCSnoticias","https:\/\/www.instagram.com\/nbcsnoticias\/","https:\/\/x.com\/https:\/\/twitter.com\/NBCSnoticias"]}]}},"jetpack_publicize_connections":[],"jetpack_featured_media_url":"https:\/\/nbcs.mx\/wp-content\/uploads\/2025\/10\/FOTO1-BOLETIN-SGG-SOSTIENE.jpeg","jetpack_sharing_enabled":true,"_links":{"self":[{"href":"https:\/\/nbcs.mx\/index.php?rest_route=\/wp\/v2\/posts\/156878","targetHints":{"allow":["GET"]}}],"collection":[{"href":"https:\/\/nbcs.mx\/index.php?rest_route=\/wp\/v2\/posts"}],"about":[{"href":"https:\/\/nbcs.mx\/index.php?rest_route=\/wp\/v2\/types\/post"}],"author":[{"embeddable":true,"href":"https:\/\/nbcs.mx\/index.php?rest_route=\/wp\/v2\/users\/1"}],"replies":[{"embeddable":true,"href":"https:\/\/nbcs.mx\/index.php?rest_route=%2Fwp%2Fv2%2Fcomments&post=156878"}],"version-history":[{"count":1,"href":"https:\/\/nbcs.mx\/index.php?rest_route=\/wp\/v2\/posts\/156878\/revisions"}],"predecessor-version":[{"id":156880,"href":"https:\/\/nbcs.mx\/index.php?rest_route=\/wp\/v2\/posts\/156878\/revisions\/156880"}],"wp:featuredmedia":[{"embeddable":true,"href":"https:\/\/nbcs.mx\/index.php?rest_route=\/wp\/v2\/media\/156879"}],"wp:attachment":[{"href":"https:\/\/nbcs.mx\/index.php?rest_route=%2Fwp%2Fv2%2Fmedia&parent=156878"}],"wp:term":[{"taxonomy":"category","embeddable":true,"href":"https:\/\/nbcs.mx\/index.php?rest_route=%2Fwp%2Fv2%2Fcategories&post=156878"},{"taxonomy":"post_tag","embeddable":true,"href":"https:\/\/nbcs.mx\/index.php?rest_route=%2Fwp%2Fv2%2Ftags&post=156878"}],"curies":[{"name":"wp","href":"https:\/\/api.w.org\/{rel}","templated":true}]}}