{"id":156911,"date":"2025-10-16T22:40:29","date_gmt":"2025-10-17T04:40:29","guid":{"rendered":"https:\/\/nbcs.mx\/?p=156911"},"modified":"2025-10-16T22:40:29","modified_gmt":"2025-10-17T04:40:29","slug":"aprueba-congreso-del-estado-modificaciones-a-la-ley-de-derechos-de-los-pueblos-indigenas-y-afromexicanos","status":"publish","type":"post","link":"https:\/\/nbcs.mx\/?p=156911","title":{"rendered":"Aprueba Congreso del Estado modificaciones a la Ley de Derechos de los Pueblos Ind\u00edgenas y Afromexicanos"},"content":{"rendered":"<p style=\"font-weight: 400; text-align: justify;\"><img loading=\"lazy\" decoding=\"async\" class=\" wp-image-156912 alignleft\" src=\"https:\/\/nbcs.mx\/wp-content\/uploads\/2025\/10\/PLENO-251016-1-739x492.jpg\" alt=\"\" width=\"362\" height=\"241\" srcset=\"https:\/\/nbcs.mx\/wp-content\/uploads\/2025\/10\/PLENO-251016-1-739x492.jpg 739w, https:\/\/nbcs.mx\/wp-content\/uploads\/2025\/10\/PLENO-251016-1-1024x681.jpg 1024w, https:\/\/nbcs.mx\/wp-content\/uploads\/2025\/10\/PLENO-251016-1-150x100.jpg 150w, https:\/\/nbcs.mx\/wp-content\/uploads\/2025\/10\/PLENO-251016-1-768x511.jpg 768w, https:\/\/nbcs.mx\/wp-content\/uploads\/2025\/10\/PLENO-251016-1-1536x1022.jpg 1536w, https:\/\/nbcs.mx\/wp-content\/uploads\/2025\/10\/PLENO-251016-1-2048x1363.jpg 2048w\" sizes=\"auto, (max-width: 362px) 100vw, 362px\" \/>El Congreso del Estado de Baja California Sur aprob\u00f3 de manera parcial las observaciones formuladas por el Titular del Poder Ejecutivo al decreto 3162, por el que se expidi\u00f3 la Ley de Derechos de las Personas, Pueblos y Comunidades Ind\u00edgenas y Afromexicanas de Baja California Sur.<\/p>\n<p style=\"font-weight: 400; text-align: justify;\">En sesi\u00f3n p\u00fablica, el Pleno respald\u00f3 el dictamen elaborado por las Comisiones Unidas de Derechos Humanos, Asuntos Ind\u00edgenas y Afromexicanos y de Puntos Constitucionales y de Justicia, donde se determin\u00f3 aceptar modificaciones que fortalecen el marco jur\u00eddico sin comprometer la viabilidad financiera del Estado.<\/p>\n<p style=\"font-weight: 400; text-align: justify;\">En lugar de la Comisi\u00f3n Estatal originalmente planteada, se establecer\u00e1 una Direcci\u00f3n de Atenci\u00f3n para Personas Ind\u00edgenas y Afromexicanas, adscrita a la Secretar\u00eda General de Gobierno, los Ayuntamientos contar\u00e1n tambi\u00e9n con una direcci\u00f3n, con la finalidad de elaborar pol\u00edticas p\u00fablicas e instrumentar las obligaciones que establece esta ley, para mejorar la calidad de vida de las personas ind\u00edgenas y afromexicanas en el Estado.<\/p>\n<p style=\"font-weight: 400; text-align: justify;\">El diputado Mart\u00edn Escogido Flores, presidente de la Comisi\u00f3n Permanente de Derechos Humanos, Asuntos Ind\u00edgenas y Afromexicanos, explic\u00f3 que\u00a0 si bien es esencial garantizar los derechos de los pueblos ind\u00edgenas y afromexicanos, debe hacerse con responsabilidad financiera, por lo que se opt\u00f3 por crear una instancia operativa dentro de la estructura existente del gobierno estatal, con atribuciones claras y capacidad de coordinaci\u00f3n con los municipios y dependencias estatales.<\/p>\n<p style=\"font-weight: 400; text-align: justify;\">La titularidad de la direcci\u00f3n estar\u00e1 a cargo de una persona ind\u00edgena o afromexicana que haya destacado en beneficio y a favor de las causas de los grupos vulnerables, quien ser\u00e1 designada por quien ocupe la titularidad del Poder Ejecutivo del Estado.<\/p>\n<p style=\"font-weight: 400; text-align: justify;\">El Congreso del Estado refrenda su compromiso con los derechos humanos, el respeto a la diversidad cultural y el fortalecimiento institucional bajo los principios de legalidad, eficiencia y sostenibilidad.<\/p>\n<p style=\"font-weight: 400; text-align: justify;\">Adem\u00e1s, con el objeto de promover el reconocimiento, la preservaci\u00f3n y defensa de los derechos y cultura de las personas, los pueblos y comunidades ind\u00edgenas en el Estado, el 9 de agosto de cada a\u00f1o se celebrar\u00e1 el D\u00eda Internacional de los Pueblos Ind\u00edgenas, con diversas actividades a cargo de las dependencias de la administraci\u00f3n p\u00fablica estatal y municipales de BCS.<\/p>\n","protected":false},"excerpt":{"rendered":"<p>El Congreso del Estado de Baja California Sur aprob\u00f3 de manera parcial las observaciones formuladas por el Titular del Poder<\/p>\n","protected":false},"author":1,"featured_media":156912,"comment_status":"open","ping_status":"closed","sticky":false,"template":"","format":"standard","meta":{"colormag_page_container_layout":"default_layout","colormag_page_sidebar_layout":"default_layout","_jetpack_memberships_contains_paid_content":false,"footnotes":"","jetpack_publicize_message":"","jetpack_publicize_feature_enabled":true,"jetpack_social_post_already_shared":true,"jetpack_social_options":{"image_generator_settings":{"template":"highway","default_image_id":0,"font":"","enabled":false},"version":2}},"categories":[48],"tags":[],"class_list":["post-156911","post","type-post","status-publish","format-standard","has-post-thumbnail","hentry","category-congreso-de-bcs"],"yoast_head":"<!-- This site is optimized with the Yoast SEO plugin v27.5 - https:\/\/yoast.com\/product\/yoast-seo-wordpress\/ -->\n<title>Aprueba Congreso del Estado modificaciones a la Ley de Derechos de los Pueblos Ind\u00edgenas y Afromexicanos - NBCS Noticias<\/title>\n<meta name=\"robots\" content=\"index, follow, max-snippet:-1, max-image-preview:large, max-video-preview:-1\" \/>\n<link rel=\"canonical\" href=\"https:\/\/nbcs.mx\/?p=156911\" \/>\n<meta property=\"og:locale\" content=\"es_ES\" \/>\n<meta property=\"og:type\" content=\"article\" \/>\n<meta property=\"og:title\" content=\"Aprueba Congreso del Estado modificaciones a la Ley de Derechos de los Pueblos Ind\u00edgenas y Afromexicanos - NBCS Noticias\" \/>\n<meta property=\"og:description\" content=\"El Congreso del Estado de Baja California Sur aprob\u00f3 de manera parcial las observaciones formuladas por el Titular del Poder\" \/>\n<meta property=\"og:url\" content=\"https:\/\/nbcs.mx\/?p=156911\" \/>\n<meta property=\"og:site_name\" content=\"NBCS Noticias\" \/>\n<meta property=\"article:publisher\" content=\"https:\/\/www.facebook.com\/NBCSnoticias\" \/>\n<meta property=\"article:author\" content=\"https:\/\/www.facebook.com\/NBCSnoticias\" \/>\n<meta property=\"article:published_time\" content=\"2025-10-17T04:40:29+00:00\" \/>\n<meta property=\"og:image\" content=\"https:\/\/nbcs.mx\/wp-content\/uploads\/2025\/10\/PLENO-251016-1-scaled.jpg\" \/>\n\t<meta property=\"og:image:width\" content=\"2560\" \/>\n\t<meta property=\"og:image:height\" content=\"1703\" \/>\n\t<meta property=\"og:image:type\" content=\"image\/jpeg\" \/>\n<meta name=\"author\" content=\"NBCS Noticias\" \/>\n<meta name=\"twitter:card\" content=\"summary_large_image\" \/>\n<meta name=\"twitter:creator\" content=\"@https:\/\/twitter.com\/NBCSnoticias\" \/>\n<meta name=\"twitter:site\" content=\"@NBCSnoticias\" \/>\n<meta name=\"twitter:label1\" content=\"Escrito por\" \/>\n\t<meta name=\"twitter:data1\" content=\"NBCS Noticias\" \/>\n\t<meta name=\"twitter:label2\" content=\"Tiempo de lectura\" \/>\n\t<meta name=\"twitter:data2\" content=\"2 minutos\" \/>\n<script type=\"application\/ld+json\" class=\"yoast-schema-graph\">{\"@context\":\"https:\\\/\\\/schema.org\",\"@graph\":[{\"@type\":\"Article\",\"@id\":\"https:\\\/\\\/nbcs.mx\\\/?p=156911#article\",\"isPartOf\":{\"@id\":\"https:\\\/\\\/nbcs.mx\\\/?p=156911\"},\"author\":{\"name\":\"NBCS Noticias\",\"@id\":\"https:\\\/\\\/nbcs.mx\\\/#\\\/schema\\\/person\\\/ece58bab9a7c1e87a4d28ec9ecd79ff4\"},\"headline\":\"Aprueba Congreso del Estado modificaciones a la Ley de Derechos de los Pueblos Ind\u00edgenas y Afromexicanos\",\"datePublished\":\"2025-10-17T04:40:29+00:00\",\"mainEntityOfPage\":{\"@id\":\"https:\\\/\\\/nbcs.mx\\\/?p=156911\"},\"wordCount\":399,\"commentCount\":0,\"publisher\":{\"@id\":\"https:\\\/\\\/nbcs.mx\\\/#organization\"},\"image\":{\"@id\":\"https:\\\/\\\/nbcs.mx\\\/?p=156911#primaryimage\"},\"thumbnailUrl\":\"https:\\\/\\\/nbcs.mx\\\/wp-content\\\/uploads\\\/2025\\\/10\\\/PLENO-251016-1-scaled.jpg\",\"articleSection\":[\"Congreso de BCS\"],\"inLanguage\":\"es\",\"potentialAction\":[{\"@type\":\"CommentAction\",\"name\":\"Comment\",\"target\":[\"https:\\\/\\\/nbcs.mx\\\/?p=156911#respond\"]}]},{\"@type\":\"WebPage\",\"@id\":\"https:\\\/\\\/nbcs.mx\\\/?p=156911\",\"url\":\"https:\\\/\\\/nbcs.mx\\\/?p=156911\",\"name\":\"Aprueba Congreso del Estado modificaciones a la Ley de Derechos de los Pueblos Ind\u00edgenas y Afromexicanos - NBCS Noticias\",\"isPartOf\":{\"@id\":\"https:\\\/\\\/nbcs.mx\\\/#website\"},\"primaryImageOfPage\":{\"@id\":\"https:\\\/\\\/nbcs.mx\\\/?p=156911#primaryimage\"},\"image\":{\"@id\":\"https:\\\/\\\/nbcs.mx\\\/?p=156911#primaryimage\"},\"thumbnailUrl\":\"https:\\\/\\\/nbcs.mx\\\/wp-content\\\/uploads\\\/2025\\\/10\\\/PLENO-251016-1-scaled.jpg\",\"datePublished\":\"2025-10-17T04:40:29+00:00\",\"breadcrumb\":{\"@id\":\"https:\\\/\\\/nbcs.mx\\\/?p=156911#breadcrumb\"},\"inLanguage\":\"es\",\"potentialAction\":[{\"@type\":\"ReadAction\",\"target\":[\"https:\\\/\\\/nbcs.mx\\\/?p=156911\"]}]},{\"@type\":\"ImageObject\",\"inLanguage\":\"es\",\"@id\":\"https:\\\/\\\/nbcs.mx\\\/?p=156911#primaryimage\",\"url\":\"https:\\\/\\\/nbcs.mx\\\/wp-content\\\/uploads\\\/2025\\\/10\\\/PLENO-251016-1-scaled.jpg\",\"contentUrl\":\"https:\\\/\\\/nbcs.mx\\\/wp-content\\\/uploads\\\/2025\\\/10\\\/PLENO-251016-1-scaled.jpg\",\"width\":2560,\"height\":1703},{\"@type\":\"BreadcrumbList\",\"@id\":\"https:\\\/\\\/nbcs.mx\\\/?p=156911#breadcrumb\",\"itemListElement\":[{\"@type\":\"ListItem\",\"position\":1,\"name\":\"Portada\",\"item\":\"https:\\\/\\\/nbcs.mx\\\/\"},{\"@type\":\"ListItem\",\"position\":2,\"name\":\"Aprueba Congreso del Estado modificaciones a la Ley de Derechos de los Pueblos Ind\u00edgenas y Afromexicanos\"}]},{\"@type\":\"WebSite\",\"@id\":\"https:\\\/\\\/nbcs.mx\\\/#website\",\"url\":\"https:\\\/\\\/nbcs.mx\\\/\",\"name\":\"NBCS Noticias\",\"description\":\"Sitio web de noticias en Baja California Sur\",\"publisher\":{\"@id\":\"https:\\\/\\\/nbcs.mx\\\/#organization\"},\"potentialAction\":[{\"@type\":\"SearchAction\",\"target\":{\"@type\":\"EntryPoint\",\"urlTemplate\":\"https:\\\/\\\/nbcs.mx\\\/?s={search_term_string}\"},\"query-input\":{\"@type\":\"PropertyValueSpecification\",\"valueRequired\":true,\"valueName\":\"search_term_string\"}}],\"inLanguage\":\"es\"},{\"@type\":\"Organization\",\"@id\":\"https:\\\/\\\/nbcs.mx\\\/#organization\",\"name\":\"NBCS Noticias\",\"url\":\"https:\\\/\\\/nbcs.mx\\\/\",\"logo\":{\"@type\":\"ImageObject\",\"inLanguage\":\"es\",\"@id\":\"https:\\\/\\\/nbcs.mx\\\/#\\\/schema\\\/logo\\\/image\\\/\",\"url\":\"https:\\\/\\\/nbcs.mx\\\/wp-content\\\/uploads\\\/2018\\\/09\\\/057b69485e93575a5c2b1c1dde2dd297.jpeg\",\"contentUrl\":\"https:\\\/\\\/nbcs.mx\\\/wp-content\\\/uploads\\\/2018\\\/09\\\/057b69485e93575a5c2b1c1dde2dd297.jpeg\",\"width\":64,\"height\":64,\"caption\":\"NBCS Noticias\"},\"image\":{\"@id\":\"https:\\\/\\\/nbcs.mx\\\/#\\\/schema\\\/logo\\\/image\\\/\"},\"sameAs\":[\"https:\\\/\\\/www.facebook.com\\\/NBCSnoticias\",\"https:\\\/\\\/x.com\\\/NBCSnoticias\"]},{\"@type\":\"Person\",\"@id\":\"https:\\\/\\\/nbcs.mx\\\/#\\\/schema\\\/person\\\/ece58bab9a7c1e87a4d28ec9ecd79ff4\",\"name\":\"NBCS Noticias\",\"image\":{\"@type\":\"ImageObject\",\"inLanguage\":\"es\",\"@id\":\"https:\\\/\\\/secure.gravatar.com\\\/avatar\\\/4e52110cad1c4054b43271a0d14bbe9e2ea76aecd0e1097edfc670798d9ca1d4?s=96&d=blank&r=g\",\"url\":\"https:\\\/\\\/secure.gravatar.com\\\/avatar\\\/4e52110cad1c4054b43271a0d14bbe9e2ea76aecd0e1097edfc670798d9ca1d4?s=96&d=blank&r=g\",\"contentUrl\":\"https:\\\/\\\/secure.gravatar.com\\\/avatar\\\/4e52110cad1c4054b43271a0d14bbe9e2ea76aecd0e1097edfc670798d9ca1d4?s=96&d=blank&r=g\",\"caption\":\"NBCS Noticias\"},\"description\":\"\u00bfTienes fotos o video de alg\u00fan acto de posible negligencia, corrupci\u00f3n y abuso de autoridad? M\u00e1ndalo al WhatsApp de NBCS Noticias: 612 141 98 08\",\"sameAs\":[\"https:\\\/\\\/www.nbcs.mx\",\"https:\\\/\\\/www.facebook.com\\\/NBCSnoticias\",\"https:\\\/\\\/www.instagram.com\\\/nbcsnoticias\\\/\",\"https:\\\/\\\/x.com\\\/https:\\\/\\\/twitter.com\\\/NBCSnoticias\"]}]}<\/script>\n<!-- \/ Yoast SEO plugin. -->","yoast_head_json":{"title":"Aprueba Congreso del Estado modificaciones a la Ley de Derechos de los Pueblos Ind\u00edgenas y Afromexicanos - NBCS Noticias","robots":{"index":"index","follow":"follow","max-snippet":"max-snippet:-1","max-image-preview":"max-image-preview:large","max-video-preview":"max-video-preview:-1"},"canonical":"https:\/\/nbcs.mx\/?p=156911","og_locale":"es_ES","og_type":"article","og_title":"Aprueba Congreso del Estado modificaciones a la Ley de Derechos de los Pueblos Ind\u00edgenas y Afromexicanos - NBCS Noticias","og_description":"El Congreso del Estado de Baja California Sur aprob\u00f3 de manera parcial las observaciones formuladas por el Titular del Poder","og_url":"https:\/\/nbcs.mx\/?p=156911","og_site_name":"NBCS Noticias","article_publisher":"https:\/\/www.facebook.com\/NBCSnoticias","article_author":"https:\/\/www.facebook.com\/NBCSnoticias","article_published_time":"2025-10-17T04:40:29+00:00","og_image":[{"width":2560,"height":1703,"url":"https:\/\/nbcs.mx\/wp-content\/uploads\/2025\/10\/PLENO-251016-1-scaled.jpg","type":"image\/jpeg"}],"author":"NBCS Noticias","twitter_card":"summary_large_image","twitter_creator":"@https:\/\/twitter.com\/NBCSnoticias","twitter_site":"@NBCSnoticias","twitter_misc":{"Escrito por":"NBCS Noticias","Tiempo de lectura":"2 minutos"},"schema":{"@context":"https:\/\/schema.org","@graph":[{"@type":"Article","@id":"https:\/\/nbcs.mx\/?p=156911#article","isPartOf":{"@id":"https:\/\/nbcs.mx\/?p=156911"},"author":{"name":"NBCS Noticias","@id":"https:\/\/nbcs.mx\/#\/schema\/person\/ece58bab9a7c1e87a4d28ec9ecd79ff4"},"headline":"Aprueba Congreso del Estado modificaciones a la Ley de Derechos de los Pueblos Ind\u00edgenas y Afromexicanos","datePublished":"2025-10-17T04:40:29+00:00","mainEntityOfPage":{"@id":"https:\/\/nbcs.mx\/?p=156911"},"wordCount":399,"commentCount":0,"publisher":{"@id":"https:\/\/nbcs.mx\/#organization"},"image":{"@id":"https:\/\/nbcs.mx\/?p=156911#primaryimage"},"thumbnailUrl":"https:\/\/nbcs.mx\/wp-content\/uploads\/2025\/10\/PLENO-251016-1-scaled.jpg","articleSection":["Congreso de BCS"],"inLanguage":"es","potentialAction":[{"@type":"CommentAction","name":"Comment","target":["https:\/\/nbcs.mx\/?p=156911#respond"]}]},{"@type":"WebPage","@id":"https:\/\/nbcs.mx\/?p=156911","url":"https:\/\/nbcs.mx\/?p=156911","name":"Aprueba Congreso del Estado modificaciones a la Ley de Derechos de los Pueblos Ind\u00edgenas y Afromexicanos - NBCS Noticias","isPartOf":{"@id":"https:\/\/nbcs.mx\/#website"},"primaryImageOfPage":{"@id":"https:\/\/nbcs.mx\/?p=156911#primaryimage"},"image":{"@id":"https:\/\/nbcs.mx\/?p=156911#primaryimage"},"thumbnailUrl":"https:\/\/nbcs.mx\/wp-content\/uploads\/2025\/10\/PLENO-251016-1-scaled.jpg","datePublished":"2025-10-17T04:40:29+00:00","breadcrumb":{"@id":"https:\/\/nbcs.mx\/?p=156911#breadcrumb"},"inLanguage":"es","potentialAction":[{"@type":"ReadAction","target":["https:\/\/nbcs.mx\/?p=156911"]}]},{"@type":"ImageObject","inLanguage":"es","@id":"https:\/\/nbcs.mx\/?p=156911#primaryimage","url":"https:\/\/nbcs.mx\/wp-content\/uploads\/2025\/10\/PLENO-251016-1-scaled.jpg","contentUrl":"https:\/\/nbcs.mx\/wp-content\/uploads\/2025\/10\/PLENO-251016-1-scaled.jpg","width":2560,"height":1703},{"@type":"BreadcrumbList","@id":"https:\/\/nbcs.mx\/?p=156911#breadcrumb","itemListElement":[{"@type":"ListItem","position":1,"name":"Portada","item":"https:\/\/nbcs.mx\/"},{"@type":"ListItem","position":2,"name":"Aprueba Congreso del Estado modificaciones a la Ley de Derechos de los Pueblos Ind\u00edgenas y Afromexicanos"}]},{"@type":"WebSite","@id":"https:\/\/nbcs.mx\/#website","url":"https:\/\/nbcs.mx\/","name":"NBCS Noticias","description":"Sitio web de noticias en Baja California Sur","publisher":{"@id":"https:\/\/nbcs.mx\/#organization"},"potentialAction":[{"@type":"SearchAction","target":{"@type":"EntryPoint","urlTemplate":"https:\/\/nbcs.mx\/?s={search_term_string}"},"query-input":{"@type":"PropertyValueSpecification","valueRequired":true,"valueName":"search_term_string"}}],"inLanguage":"es"},{"@type":"Organization","@id":"https:\/\/nbcs.mx\/#organization","name":"NBCS Noticias","url":"https:\/\/nbcs.mx\/","logo":{"@type":"ImageObject","inLanguage":"es","@id":"https:\/\/nbcs.mx\/#\/schema\/logo\/image\/","url":"https:\/\/nbcs.mx\/wp-content\/uploads\/2018\/09\/057b69485e93575a5c2b1c1dde2dd297.jpeg","contentUrl":"https:\/\/nbcs.mx\/wp-content\/uploads\/2018\/09\/057b69485e93575a5c2b1c1dde2dd297.jpeg","width":64,"height":64,"caption":"NBCS Noticias"},"image":{"@id":"https:\/\/nbcs.mx\/#\/schema\/logo\/image\/"},"sameAs":["https:\/\/www.facebook.com\/NBCSnoticias","https:\/\/x.com\/NBCSnoticias"]},{"@type":"Person","@id":"https:\/\/nbcs.mx\/#\/schema\/person\/ece58bab9a7c1e87a4d28ec9ecd79ff4","name":"NBCS Noticias","image":{"@type":"ImageObject","inLanguage":"es","@id":"https:\/\/secure.gravatar.com\/avatar\/4e52110cad1c4054b43271a0d14bbe9e2ea76aecd0e1097edfc670798d9ca1d4?s=96&d=blank&r=g","url":"https:\/\/secure.gravatar.com\/avatar\/4e52110cad1c4054b43271a0d14bbe9e2ea76aecd0e1097edfc670798d9ca1d4?s=96&d=blank&r=g","contentUrl":"https:\/\/secure.gravatar.com\/avatar\/4e52110cad1c4054b43271a0d14bbe9e2ea76aecd0e1097edfc670798d9ca1d4?s=96&d=blank&r=g","caption":"NBCS Noticias"},"description":"\u00bfTienes fotos o video de alg\u00fan acto de posible negligencia, corrupci\u00f3n y abuso de autoridad? M\u00e1ndalo al WhatsApp de NBCS Noticias: 612 141 98 08","sameAs":["https:\/\/www.nbcs.mx","https:\/\/www.facebook.com\/NBCSnoticias","https:\/\/www.instagram.com\/nbcsnoticias\/","https:\/\/x.com\/https:\/\/twitter.com\/NBCSnoticias"]}]}},"jetpack_publicize_connections":[],"jetpack_featured_media_url":"https:\/\/nbcs.mx\/wp-content\/uploads\/2025\/10\/PLENO-251016-1-scaled.jpg","jetpack_sharing_enabled":true,"_links":{"self":[{"href":"https:\/\/nbcs.mx\/index.php?rest_route=\/wp\/v2\/posts\/156911","targetHints":{"allow":["GET"]}}],"collection":[{"href":"https:\/\/nbcs.mx\/index.php?rest_route=\/wp\/v2\/posts"}],"about":[{"href":"https:\/\/nbcs.mx\/index.php?rest_route=\/wp\/v2\/types\/post"}],"author":[{"embeddable":true,"href":"https:\/\/nbcs.mx\/index.php?rest_route=\/wp\/v2\/users\/1"}],"replies":[{"embeddable":true,"href":"https:\/\/nbcs.mx\/index.php?rest_route=%2Fwp%2Fv2%2Fcomments&post=156911"}],"version-history":[{"count":1,"href":"https:\/\/nbcs.mx\/index.php?rest_route=\/wp\/v2\/posts\/156911\/revisions"}],"predecessor-version":[{"id":156913,"href":"https:\/\/nbcs.mx\/index.php?rest_route=\/wp\/v2\/posts\/156911\/revisions\/156913"}],"wp:featuredmedia":[{"embeddable":true,"href":"https:\/\/nbcs.mx\/index.php?rest_route=\/wp\/v2\/media\/156912"}],"wp:attachment":[{"href":"https:\/\/nbcs.mx\/index.php?rest_route=%2Fwp%2Fv2%2Fmedia&parent=156911"}],"wp:term":[{"taxonomy":"category","embeddable":true,"href":"https:\/\/nbcs.mx\/index.php?rest_route=%2Fwp%2Fv2%2Fcategories&post=156911"},{"taxonomy":"post_tag","embeddable":true,"href":"https:\/\/nbcs.mx\/index.php?rest_route=%2Fwp%2Fv2%2Ftags&post=156911"}],"curies":[{"name":"wp","href":"https:\/\/api.w.org\/{rel}","templated":true}]}}