{"id":156936,"date":"2025-10-17T17:33:10","date_gmt":"2025-10-17T23:33:10","guid":{"rendered":"https:\/\/nbcs.mx\/?p=156936"},"modified":"2025-10-17T17:33:10","modified_gmt":"2025-10-17T23:33:10","slug":"proponen-que-sep-y-la-ss-estatal-prioricen-la-ensenanza-de-la-salud-bucodental-a-nivel-de-educacion-basica-en-bcs","status":"publish","type":"post","link":"https:\/\/nbcs.mx\/?p=156936","title":{"rendered":"Proponen que SEP y la SS Estatal prioricen la ense\u00f1anza de la salud bucodental a nivel de Educaci\u00f3n B\u00e1sica en BCS"},"content":{"rendered":"<div>\n<p class=\"LO-normal\" style=\"text-align: justify;\"><span lang=\"ES\"><img loading=\"lazy\" decoding=\"async\" class=\" wp-image-156937 alignleft\" src=\"https:\/\/nbcs.mx\/wp-content\/uploads\/2025\/10\/DIP-GUILLERMINA-DIAZ-RODRIGUEZ-251016-3-739x492.jpg\" alt=\"\" width=\"380\" height=\"253\" srcset=\"https:\/\/nbcs.mx\/wp-content\/uploads\/2025\/10\/DIP-GUILLERMINA-DIAZ-RODRIGUEZ-251016-3-739x492.jpg 739w, https:\/\/nbcs.mx\/wp-content\/uploads\/2025\/10\/DIP-GUILLERMINA-DIAZ-RODRIGUEZ-251016-3-1024x681.jpg 1024w, https:\/\/nbcs.mx\/wp-content\/uploads\/2025\/10\/DIP-GUILLERMINA-DIAZ-RODRIGUEZ-251016-3-150x100.jpg 150w, https:\/\/nbcs.mx\/wp-content\/uploads\/2025\/10\/DIP-GUILLERMINA-DIAZ-RODRIGUEZ-251016-3-768x511.jpg 768w, https:\/\/nbcs.mx\/wp-content\/uploads\/2025\/10\/DIP-GUILLERMINA-DIAZ-RODRIGUEZ-251016-3-1536x1022.jpg 1536w, https:\/\/nbcs.mx\/wp-content\/uploads\/2025\/10\/DIP-GUILLERMINA-DIAZ-RODRIGUEZ-251016-3-2048x1363.jpg 2048w\" sizes=\"auto, (max-width: 380px) 100vw, 380px\" \/>\u201cEn la actualidad no existe una disposici\u00f3n legal que obligue a las autoridades educativas a incluir programas espec\u00edficos de salud bucal en los planes de estudio de educaci\u00f3n b\u00e1sica\u201d, afirm\u00f3 la diputada Guillermina D\u00edaz Rodr\u00edguez al presentar al pleno iniciativa que busca establecer en el marco normativo estatal, la coordinaci\u00f3n permanente entre la Secretar\u00eda de Educaci\u00f3n P\u00fablica (SEP) y la Secretar\u00eda de Salud (SS) del Estado, para implementar acciones educativas y preventivas en materia de salud bucodental en las escuelas.<\/span><\/p>\n<\/div>\n<div style=\"text-align: justify;\">\n<p class=\"LO-normal\"><span lang=\"ES\">\u00a0<\/span><\/p>\n<\/div>\n<div style=\"text-align: justify;\">\n<p class=\"LO-normal\"><span lang=\"ES\">En la exposici\u00f3n de motivos, reconoci\u00f3 que el Gobierno Federal ha implementado estrategias como el Programa de Acci\u00f3n Espec\u00edfico de Prevenci\u00f3n, Detecci\u00f3n y Control de las Enfermedades Bucales, el cual tiene como objetivo general promover,\u00a0 fortalecer y preservar la salud bucal, derecho fundamental de la poblaci\u00f3n mexicana; sin embargo, dijo, la cobertura y continuidad de estas acciones requieren un marco normativo m\u00e1s s\u00f3lido que garantice su aplicaci\u00f3n permanente en el sistema educativo.<\/span><\/p>\n<\/div>\n<div style=\"text-align: justify;\">\n<p class=\"LO-normal\"><span lang=\"ES\">\u00a0<\/span><\/p>\n<\/div>\n<div style=\"text-align: justify;\">\n<p class=\"LO-normal\"><span lang=\"ES\">Como antecedentes, D\u00edaz Rodr\u00edguez precis\u00f3 que en nuestro pa\u00eds, los problemas de salud bucodental son una de las principales causas de atenci\u00f3n m\u00e9dica en el sector p\u00fablico, lo anterior, seg\u00fan datos del Sistema de Vigilancia Epidemiol\u00f3gica de Patolog\u00edas Bucales (SIVEPAB), en donde el 60% de la poblaci\u00f3n infantil presenta caries dental antes de los 12 a\u00f1os, lo que refleja la necesidad urgente de fortalecer programas educativos que fomenten la prevenci\u00f3n y la higiene bucodental desde la etapa escolar.<\/span><\/p>\n<\/div>\n<div style=\"text-align: justify;\">\n<p class=\"LO-normal\"><span lang=\"ES\">\u00a0<\/span><\/p>\n<\/div>\n<div>\n<p class=\"LO-normal\" style=\"text-align: justify;\"><span lang=\"ES\">Por lo anterior, la legisladora destac\u00f3 que es de suma importancia trabajar en la prevenci\u00f3n y la promoci\u00f3n de la salud bucodental desde la ni\u00f1ez, reconociendo a la educaci\u00f3n como un pilar fundamental para la mejora de los indicadores de salud oral a nivel global, raz\u00f3n por la cual consider\u00f3 imperante modificar diversas disposiciones a la Ley de Educaci\u00f3n del Estado Libre y Soberano de Baja California Sur.<\/span><\/p>\n<\/div>\n","protected":false},"excerpt":{"rendered":"<p>\u201cEn la actualidad no existe una disposici\u00f3n legal que obligue a las autoridades educativas a incluir programas espec\u00edficos de salud<\/p>\n","protected":false},"author":1,"featured_media":156937,"comment_status":"open","ping_status":"closed","sticky":false,"template":"","format":"standard","meta":{"colormag_page_container_layout":"default_layout","colormag_page_sidebar_layout":"default_layout","_jetpack_memberships_contains_paid_content":false,"footnotes":"","jetpack_publicize_message":"","jetpack_publicize_feature_enabled":true,"jetpack_social_post_already_shared":true,"jetpack_social_options":{"image_generator_settings":{"template":"highway","default_image_id":0,"font":"","enabled":false},"version":2}},"categories":[48],"tags":[],"class_list":["post-156936","post","type-post","status-publish","format-standard","has-post-thumbnail","hentry","category-congreso-de-bcs"],"yoast_head":"<!-- This site is optimized with the Yoast SEO plugin v27.5 - https:\/\/yoast.com\/product\/yoast-seo-wordpress\/ -->\n<title>Proponen que SEP y la SS Estatal prioricen la ense\u00f1anza de la salud bucodental a nivel de Educaci\u00f3n B\u00e1sica en BCS - NBCS Noticias<\/title>\n<meta name=\"robots\" content=\"index, follow, max-snippet:-1, max-image-preview:large, max-video-preview:-1\" \/>\n<link rel=\"canonical\" href=\"https:\/\/nbcs.mx\/?p=156936\" \/>\n<meta property=\"og:locale\" content=\"es_ES\" \/>\n<meta property=\"og:type\" content=\"article\" \/>\n<meta property=\"og:title\" content=\"Proponen que SEP y la SS Estatal prioricen la ense\u00f1anza de la salud bucodental a nivel de Educaci\u00f3n B\u00e1sica en BCS - NBCS Noticias\" \/>\n<meta property=\"og:description\" content=\"\u201cEn la actualidad no existe una disposici\u00f3n legal que obligue a las autoridades educativas a incluir programas espec\u00edficos de salud\" \/>\n<meta property=\"og:url\" content=\"https:\/\/nbcs.mx\/?p=156936\" \/>\n<meta property=\"og:site_name\" content=\"NBCS Noticias\" \/>\n<meta property=\"article:publisher\" content=\"https:\/\/www.facebook.com\/NBCSnoticias\" \/>\n<meta property=\"article:author\" content=\"https:\/\/www.facebook.com\/NBCSnoticias\" \/>\n<meta property=\"article:published_time\" content=\"2025-10-17T23:33:10+00:00\" \/>\n<meta property=\"og:image\" content=\"https:\/\/nbcs.mx\/wp-content\/uploads\/2025\/10\/DIP-GUILLERMINA-DIAZ-RODRIGUEZ-251016-3-scaled.jpg\" \/>\n\t<meta property=\"og:image:width\" content=\"2560\" \/>\n\t<meta property=\"og:image:height\" content=\"1703\" \/>\n\t<meta property=\"og:image:type\" content=\"image\/jpeg\" \/>\n<meta name=\"author\" content=\"NBCS Noticias\" \/>\n<meta name=\"twitter:card\" content=\"summary_large_image\" \/>\n<meta name=\"twitter:creator\" content=\"@https:\/\/twitter.com\/NBCSnoticias\" \/>\n<meta name=\"twitter:site\" content=\"@NBCSnoticias\" \/>\n<meta name=\"twitter:label1\" content=\"Escrito por\" \/>\n\t<meta name=\"twitter:data1\" content=\"NBCS Noticias\" \/>\n\t<meta name=\"twitter:label2\" content=\"Tiempo de lectura\" \/>\n\t<meta name=\"twitter:data2\" content=\"2 minutos\" \/>\n<script type=\"application\/ld+json\" class=\"yoast-schema-graph\">{\"@context\":\"https:\\\/\\\/schema.org\",\"@graph\":[{\"@type\":\"Article\",\"@id\":\"https:\\\/\\\/nbcs.mx\\\/?p=156936#article\",\"isPartOf\":{\"@id\":\"https:\\\/\\\/nbcs.mx\\\/?p=156936\"},\"author\":{\"name\":\"NBCS Noticias\",\"@id\":\"https:\\\/\\\/nbcs.mx\\\/#\\\/schema\\\/person\\\/ece58bab9a7c1e87a4d28ec9ecd79ff4\"},\"headline\":\"Proponen que SEP y la SS Estatal prioricen la ense\u00f1anza de la salud bucodental a nivel de Educaci\u00f3n B\u00e1sica en BCS\",\"datePublished\":\"2025-10-17T23:33:10+00:00\",\"mainEntityOfPage\":{\"@id\":\"https:\\\/\\\/nbcs.mx\\\/?p=156936\"},\"wordCount\":358,\"commentCount\":0,\"publisher\":{\"@id\":\"https:\\\/\\\/nbcs.mx\\\/#organization\"},\"image\":{\"@id\":\"https:\\\/\\\/nbcs.mx\\\/?p=156936#primaryimage\"},\"thumbnailUrl\":\"https:\\\/\\\/nbcs.mx\\\/wp-content\\\/uploads\\\/2025\\\/10\\\/DIP-GUILLERMINA-DIAZ-RODRIGUEZ-251016-3-scaled.jpg\",\"articleSection\":[\"Congreso de BCS\"],\"inLanguage\":\"es\",\"potentialAction\":[{\"@type\":\"CommentAction\",\"name\":\"Comment\",\"target\":[\"https:\\\/\\\/nbcs.mx\\\/?p=156936#respond\"]}]},{\"@type\":\"WebPage\",\"@id\":\"https:\\\/\\\/nbcs.mx\\\/?p=156936\",\"url\":\"https:\\\/\\\/nbcs.mx\\\/?p=156936\",\"name\":\"Proponen que SEP y la SS Estatal prioricen la ense\u00f1anza de la salud bucodental a nivel de Educaci\u00f3n B\u00e1sica en BCS - NBCS Noticias\",\"isPartOf\":{\"@id\":\"https:\\\/\\\/nbcs.mx\\\/#website\"},\"primaryImageOfPage\":{\"@id\":\"https:\\\/\\\/nbcs.mx\\\/?p=156936#primaryimage\"},\"image\":{\"@id\":\"https:\\\/\\\/nbcs.mx\\\/?p=156936#primaryimage\"},\"thumbnailUrl\":\"https:\\\/\\\/nbcs.mx\\\/wp-content\\\/uploads\\\/2025\\\/10\\\/DIP-GUILLERMINA-DIAZ-RODRIGUEZ-251016-3-scaled.jpg\",\"datePublished\":\"2025-10-17T23:33:10+00:00\",\"breadcrumb\":{\"@id\":\"https:\\\/\\\/nbcs.mx\\\/?p=156936#breadcrumb\"},\"inLanguage\":\"es\",\"potentialAction\":[{\"@type\":\"ReadAction\",\"target\":[\"https:\\\/\\\/nbcs.mx\\\/?p=156936\"]}]},{\"@type\":\"ImageObject\",\"inLanguage\":\"es\",\"@id\":\"https:\\\/\\\/nbcs.mx\\\/?p=156936#primaryimage\",\"url\":\"https:\\\/\\\/nbcs.mx\\\/wp-content\\\/uploads\\\/2025\\\/10\\\/DIP-GUILLERMINA-DIAZ-RODRIGUEZ-251016-3-scaled.jpg\",\"contentUrl\":\"https:\\\/\\\/nbcs.mx\\\/wp-content\\\/uploads\\\/2025\\\/10\\\/DIP-GUILLERMINA-DIAZ-RODRIGUEZ-251016-3-scaled.jpg\",\"width\":2560,\"height\":1703},{\"@type\":\"BreadcrumbList\",\"@id\":\"https:\\\/\\\/nbcs.mx\\\/?p=156936#breadcrumb\",\"itemListElement\":[{\"@type\":\"ListItem\",\"position\":1,\"name\":\"Portada\",\"item\":\"https:\\\/\\\/nbcs.mx\\\/\"},{\"@type\":\"ListItem\",\"position\":2,\"name\":\"Proponen que SEP y la SS Estatal prioricen la ense\u00f1anza de la salud bucodental a nivel de Educaci\u00f3n B\u00e1sica en BCS\"}]},{\"@type\":\"WebSite\",\"@id\":\"https:\\\/\\\/nbcs.mx\\\/#website\",\"url\":\"https:\\\/\\\/nbcs.mx\\\/\",\"name\":\"NBCS Noticias\",\"description\":\"Sitio web de noticias en Baja California Sur\",\"publisher\":{\"@id\":\"https:\\\/\\\/nbcs.mx\\\/#organization\"},\"potentialAction\":[{\"@type\":\"SearchAction\",\"target\":{\"@type\":\"EntryPoint\",\"urlTemplate\":\"https:\\\/\\\/nbcs.mx\\\/?s={search_term_string}\"},\"query-input\":{\"@type\":\"PropertyValueSpecification\",\"valueRequired\":true,\"valueName\":\"search_term_string\"}}],\"inLanguage\":\"es\"},{\"@type\":\"Organization\",\"@id\":\"https:\\\/\\\/nbcs.mx\\\/#organization\",\"name\":\"NBCS Noticias\",\"url\":\"https:\\\/\\\/nbcs.mx\\\/\",\"logo\":{\"@type\":\"ImageObject\",\"inLanguage\":\"es\",\"@id\":\"https:\\\/\\\/nbcs.mx\\\/#\\\/schema\\\/logo\\\/image\\\/\",\"url\":\"https:\\\/\\\/nbcs.mx\\\/wp-content\\\/uploads\\\/2018\\\/09\\\/057b69485e93575a5c2b1c1dde2dd297.jpeg\",\"contentUrl\":\"https:\\\/\\\/nbcs.mx\\\/wp-content\\\/uploads\\\/2018\\\/09\\\/057b69485e93575a5c2b1c1dde2dd297.jpeg\",\"width\":64,\"height\":64,\"caption\":\"NBCS Noticias\"},\"image\":{\"@id\":\"https:\\\/\\\/nbcs.mx\\\/#\\\/schema\\\/logo\\\/image\\\/\"},\"sameAs\":[\"https:\\\/\\\/www.facebook.com\\\/NBCSnoticias\",\"https:\\\/\\\/x.com\\\/NBCSnoticias\"]},{\"@type\":\"Person\",\"@id\":\"https:\\\/\\\/nbcs.mx\\\/#\\\/schema\\\/person\\\/ece58bab9a7c1e87a4d28ec9ecd79ff4\",\"name\":\"NBCS Noticias\",\"image\":{\"@type\":\"ImageObject\",\"inLanguage\":\"es\",\"@id\":\"https:\\\/\\\/secure.gravatar.com\\\/avatar\\\/4e52110cad1c4054b43271a0d14bbe9e2ea76aecd0e1097edfc670798d9ca1d4?s=96&d=blank&r=g\",\"url\":\"https:\\\/\\\/secure.gravatar.com\\\/avatar\\\/4e52110cad1c4054b43271a0d14bbe9e2ea76aecd0e1097edfc670798d9ca1d4?s=96&d=blank&r=g\",\"contentUrl\":\"https:\\\/\\\/secure.gravatar.com\\\/avatar\\\/4e52110cad1c4054b43271a0d14bbe9e2ea76aecd0e1097edfc670798d9ca1d4?s=96&d=blank&r=g\",\"caption\":\"NBCS Noticias\"},\"description\":\"\u00bfTienes fotos o video de alg\u00fan acto de posible negligencia, corrupci\u00f3n y abuso de autoridad? M\u00e1ndalo al WhatsApp de NBCS Noticias: 612 141 98 08\",\"sameAs\":[\"https:\\\/\\\/www.nbcs.mx\",\"https:\\\/\\\/www.facebook.com\\\/NBCSnoticias\",\"https:\\\/\\\/www.instagram.com\\\/nbcsnoticias\\\/\",\"https:\\\/\\\/x.com\\\/https:\\\/\\\/twitter.com\\\/NBCSnoticias\"]}]}<\/script>\n<!-- \/ Yoast SEO plugin. -->","yoast_head_json":{"title":"Proponen que SEP y la SS Estatal prioricen la ense\u00f1anza de la salud bucodental a nivel de Educaci\u00f3n B\u00e1sica en BCS - NBCS Noticias","robots":{"index":"index","follow":"follow","max-snippet":"max-snippet:-1","max-image-preview":"max-image-preview:large","max-video-preview":"max-video-preview:-1"},"canonical":"https:\/\/nbcs.mx\/?p=156936","og_locale":"es_ES","og_type":"article","og_title":"Proponen que SEP y la SS Estatal prioricen la ense\u00f1anza de la salud bucodental a nivel de Educaci\u00f3n B\u00e1sica en BCS - NBCS Noticias","og_description":"\u201cEn la actualidad no existe una disposici\u00f3n legal que obligue a las autoridades educativas a incluir programas espec\u00edficos de salud","og_url":"https:\/\/nbcs.mx\/?p=156936","og_site_name":"NBCS Noticias","article_publisher":"https:\/\/www.facebook.com\/NBCSnoticias","article_author":"https:\/\/www.facebook.com\/NBCSnoticias","article_published_time":"2025-10-17T23:33:10+00:00","og_image":[{"width":2560,"height":1703,"url":"https:\/\/nbcs.mx\/wp-content\/uploads\/2025\/10\/DIP-GUILLERMINA-DIAZ-RODRIGUEZ-251016-3-scaled.jpg","type":"image\/jpeg"}],"author":"NBCS Noticias","twitter_card":"summary_large_image","twitter_creator":"@https:\/\/twitter.com\/NBCSnoticias","twitter_site":"@NBCSnoticias","twitter_misc":{"Escrito por":"NBCS Noticias","Tiempo de lectura":"2 minutos"},"schema":{"@context":"https:\/\/schema.org","@graph":[{"@type":"Article","@id":"https:\/\/nbcs.mx\/?p=156936#article","isPartOf":{"@id":"https:\/\/nbcs.mx\/?p=156936"},"author":{"name":"NBCS Noticias","@id":"https:\/\/nbcs.mx\/#\/schema\/person\/ece58bab9a7c1e87a4d28ec9ecd79ff4"},"headline":"Proponen que SEP y la SS Estatal prioricen la ense\u00f1anza de la salud bucodental a nivel de Educaci\u00f3n B\u00e1sica en BCS","datePublished":"2025-10-17T23:33:10+00:00","mainEntityOfPage":{"@id":"https:\/\/nbcs.mx\/?p=156936"},"wordCount":358,"commentCount":0,"publisher":{"@id":"https:\/\/nbcs.mx\/#organization"},"image":{"@id":"https:\/\/nbcs.mx\/?p=156936#primaryimage"},"thumbnailUrl":"https:\/\/nbcs.mx\/wp-content\/uploads\/2025\/10\/DIP-GUILLERMINA-DIAZ-RODRIGUEZ-251016-3-scaled.jpg","articleSection":["Congreso de BCS"],"inLanguage":"es","potentialAction":[{"@type":"CommentAction","name":"Comment","target":["https:\/\/nbcs.mx\/?p=156936#respond"]}]},{"@type":"WebPage","@id":"https:\/\/nbcs.mx\/?p=156936","url":"https:\/\/nbcs.mx\/?p=156936","name":"Proponen que SEP y la SS Estatal prioricen la ense\u00f1anza de la salud bucodental a nivel de Educaci\u00f3n B\u00e1sica en BCS - NBCS Noticias","isPartOf":{"@id":"https:\/\/nbcs.mx\/#website"},"primaryImageOfPage":{"@id":"https:\/\/nbcs.mx\/?p=156936#primaryimage"},"image":{"@id":"https:\/\/nbcs.mx\/?p=156936#primaryimage"},"thumbnailUrl":"https:\/\/nbcs.mx\/wp-content\/uploads\/2025\/10\/DIP-GUILLERMINA-DIAZ-RODRIGUEZ-251016-3-scaled.jpg","datePublished":"2025-10-17T23:33:10+00:00","breadcrumb":{"@id":"https:\/\/nbcs.mx\/?p=156936#breadcrumb"},"inLanguage":"es","potentialAction":[{"@type":"ReadAction","target":["https:\/\/nbcs.mx\/?p=156936"]}]},{"@type":"ImageObject","inLanguage":"es","@id":"https:\/\/nbcs.mx\/?p=156936#primaryimage","url":"https:\/\/nbcs.mx\/wp-content\/uploads\/2025\/10\/DIP-GUILLERMINA-DIAZ-RODRIGUEZ-251016-3-scaled.jpg","contentUrl":"https:\/\/nbcs.mx\/wp-content\/uploads\/2025\/10\/DIP-GUILLERMINA-DIAZ-RODRIGUEZ-251016-3-scaled.jpg","width":2560,"height":1703},{"@type":"BreadcrumbList","@id":"https:\/\/nbcs.mx\/?p=156936#breadcrumb","itemListElement":[{"@type":"ListItem","position":1,"name":"Portada","item":"https:\/\/nbcs.mx\/"},{"@type":"ListItem","position":2,"name":"Proponen que SEP y la SS Estatal prioricen la ense\u00f1anza de la salud bucodental a nivel de Educaci\u00f3n B\u00e1sica en BCS"}]},{"@type":"WebSite","@id":"https:\/\/nbcs.mx\/#website","url":"https:\/\/nbcs.mx\/","name":"NBCS Noticias","description":"Sitio web de noticias en Baja California Sur","publisher":{"@id":"https:\/\/nbcs.mx\/#organization"},"potentialAction":[{"@type":"SearchAction","target":{"@type":"EntryPoint","urlTemplate":"https:\/\/nbcs.mx\/?s={search_term_string}"},"query-input":{"@type":"PropertyValueSpecification","valueRequired":true,"valueName":"search_term_string"}}],"inLanguage":"es"},{"@type":"Organization","@id":"https:\/\/nbcs.mx\/#organization","name":"NBCS Noticias","url":"https:\/\/nbcs.mx\/","logo":{"@type":"ImageObject","inLanguage":"es","@id":"https:\/\/nbcs.mx\/#\/schema\/logo\/image\/","url":"https:\/\/nbcs.mx\/wp-content\/uploads\/2018\/09\/057b69485e93575a5c2b1c1dde2dd297.jpeg","contentUrl":"https:\/\/nbcs.mx\/wp-content\/uploads\/2018\/09\/057b69485e93575a5c2b1c1dde2dd297.jpeg","width":64,"height":64,"caption":"NBCS Noticias"},"image":{"@id":"https:\/\/nbcs.mx\/#\/schema\/logo\/image\/"},"sameAs":["https:\/\/www.facebook.com\/NBCSnoticias","https:\/\/x.com\/NBCSnoticias"]},{"@type":"Person","@id":"https:\/\/nbcs.mx\/#\/schema\/person\/ece58bab9a7c1e87a4d28ec9ecd79ff4","name":"NBCS Noticias","image":{"@type":"ImageObject","inLanguage":"es","@id":"https:\/\/secure.gravatar.com\/avatar\/4e52110cad1c4054b43271a0d14bbe9e2ea76aecd0e1097edfc670798d9ca1d4?s=96&d=blank&r=g","url":"https:\/\/secure.gravatar.com\/avatar\/4e52110cad1c4054b43271a0d14bbe9e2ea76aecd0e1097edfc670798d9ca1d4?s=96&d=blank&r=g","contentUrl":"https:\/\/secure.gravatar.com\/avatar\/4e52110cad1c4054b43271a0d14bbe9e2ea76aecd0e1097edfc670798d9ca1d4?s=96&d=blank&r=g","caption":"NBCS Noticias"},"description":"\u00bfTienes fotos o video de alg\u00fan acto de posible negligencia, corrupci\u00f3n y abuso de autoridad? M\u00e1ndalo al WhatsApp de NBCS Noticias: 612 141 98 08","sameAs":["https:\/\/www.nbcs.mx","https:\/\/www.facebook.com\/NBCSnoticias","https:\/\/www.instagram.com\/nbcsnoticias\/","https:\/\/x.com\/https:\/\/twitter.com\/NBCSnoticias"]}]}},"jetpack_publicize_connections":[],"jetpack_featured_media_url":"https:\/\/nbcs.mx\/wp-content\/uploads\/2025\/10\/DIP-GUILLERMINA-DIAZ-RODRIGUEZ-251016-3-scaled.jpg","jetpack_sharing_enabled":true,"_links":{"self":[{"href":"https:\/\/nbcs.mx\/index.php?rest_route=\/wp\/v2\/posts\/156936","targetHints":{"allow":["GET"]}}],"collection":[{"href":"https:\/\/nbcs.mx\/index.php?rest_route=\/wp\/v2\/posts"}],"about":[{"href":"https:\/\/nbcs.mx\/index.php?rest_route=\/wp\/v2\/types\/post"}],"author":[{"embeddable":true,"href":"https:\/\/nbcs.mx\/index.php?rest_route=\/wp\/v2\/users\/1"}],"replies":[{"embeddable":true,"href":"https:\/\/nbcs.mx\/index.php?rest_route=%2Fwp%2Fv2%2Fcomments&post=156936"}],"version-history":[{"count":1,"href":"https:\/\/nbcs.mx\/index.php?rest_route=\/wp\/v2\/posts\/156936\/revisions"}],"predecessor-version":[{"id":156938,"href":"https:\/\/nbcs.mx\/index.php?rest_route=\/wp\/v2\/posts\/156936\/revisions\/156938"}],"wp:featuredmedia":[{"embeddable":true,"href":"https:\/\/nbcs.mx\/index.php?rest_route=\/wp\/v2\/media\/156937"}],"wp:attachment":[{"href":"https:\/\/nbcs.mx\/index.php?rest_route=%2Fwp%2Fv2%2Fmedia&parent=156936"}],"wp:term":[{"taxonomy":"category","embeddable":true,"href":"https:\/\/nbcs.mx\/index.php?rest_route=%2Fwp%2Fv2%2Fcategories&post=156936"},{"taxonomy":"post_tag","embeddable":true,"href":"https:\/\/nbcs.mx\/index.php?rest_route=%2Fwp%2Fv2%2Ftags&post=156936"}],"curies":[{"name":"wp","href":"https:\/\/api.w.org\/{rel}","templated":true}]}}