{"id":156964,"date":"2025-10-18T09:59:40","date_gmt":"2025-10-18T15:59:40","guid":{"rendered":"https:\/\/nbcs.mx\/?p=156964"},"modified":"2025-10-18T12:01:17","modified_gmt":"2025-10-18T18:01:17","slug":"inauguro-el-alcalde-christian-agundez-las-fiestas-tradicionales-de-csl","status":"publish","type":"post","link":"https:\/\/nbcs.mx\/?p=156964","title":{"rendered":"Inaugur\u00f3 el alcalde Christian Ag\u00fandez las Fiestas Tradicionales de CSL"},"content":{"rendered":"<p style=\"text-align: justify;\"><img loading=\"lazy\" decoding=\"async\" class=\"attachment-full  wp-post-image alignleft\" title=\"Inaugur\u00f3 oficialmente el alcalde Christian Ag\u00fandez las Fiestas Tradicionales de CSL\" src=\"https:\/\/www.palabrabcs.com\/wp-content\/uploads\/2025\/10\/Pancho.jpg\" sizes=\"auto, (max-width: 725px) 100vw, 725px\" srcset=\"https:\/\/www.palabrabcs.com\/wp-content\/uploads\/2025\/10\/Pancho.jpg 725w, https:\/\/www.palabrabcs.com\/wp-content\/uploads\/2025\/10\/Pancho-300x166.jpg 300w, https:\/\/www.palabrabcs.com\/wp-content\/uploads\/2025\/10\/Pancho-250x138.jpg 250w\" alt=\"Inaugur\u00f3 oficialmente el alcalde Christian Ag\u00fandez las Fiestas Tradicionales de CSL\" width=\"379\" height=\"209\" \/>El presidente municipal de Los Cabos, Christian Ag\u00fandez G\u00f3mez, encabez\u00f3 la inauguraci\u00f3n oficial de las Fiestas Tradicionales Cabo San Lucas 2025, acompa\u00f1ado de la presidenta del Sistema para el Desarrollo Integral de las Familia (DIF) Sol Delegado Moreno; la delegada municipal, Karina de la O Uribe, as\u00ed como personal de la XV Administraci\u00f3n Municipal.<\/p>\n<p style=\"text-align: justify;\">En su mensaje, el Alcalde expres\u00f3 que estas fiestas son del pueblo y para el pueblo, para que asistan, disfruten y celebren con las ma\u00f1anitas al Santo Patrono, la ofrenda en el mar, la cabalgata y las presentaciones, porque eso y m\u00e1s se merecen las familias sanluque\u00f1as.<\/p>\n<p style=\"text-align: justify;\">\u201cNada m\u00e1s pedirles mucha moderaci\u00f3n al conducir y decirles que nosotros vamos a seguir trabajando independientemente de estas bonitas fiestas, que estamos seguros les van a gustar. Seguiremos trabajando en las calles, en las colonias, en las comunidades, porque es nuestra obligaci\u00f3n cumplirle a la gente\u201d, finaliz\u00f3 el Mun\u00edcipe.<\/p>\n<p style=\"text-align: justify;\">Con el corte de list\u00f3n inaugural, se marc\u00f3 el comienzo de seis d\u00edas llenos de actividades culturales, art\u00edsticas, recreativas y deportivas; luego de ello, las autoridades realizaron un recorrido por las instalaciones, para saludar a comerciantes, visitantes y asistentes que se dieron cita para disfrutar del primer d\u00eda de festividades.<\/p>\n<p style=\"text-align: justify;\">En el marco del arranque de las Fiestas, las autoridades coronaron a las reinas soberanas: Damaris Gaynor Gonz\u00e1lez, Reina de las Fiestas Tradicionales Cabo San Lucas 2025; Fernanda Nahara Abarca como Princesa; Jennifer Aguilar Amador como Dama de Honor y por primera vez en la historia del evento, Jennifer Ort\u00edz, fue coronada como reina LGBTQ+ de las Fiestas Tradicionales Cabo San Lucas 2025, un hecho que reafirma el compromiso del gobierno de Los Cabos con la inclusi\u00f3n y el respeto a la diversidad, as\u00ed como a la Dama de Honor y Princesa de dicha comunidad.<\/p>\n<p style=\"text-align: justify;\">Para el cierre de esta primera noche, en el Teatro del Pueblo se realiz\u00f3 la presentaci\u00f3n estelar de Pancho Barraza, quien puso a corear sus \u00e9xitos m\u00e1s populares al p\u00fablico asistente; compartiendo el escenario con el grupo local Latitud 22.<\/p>\n<p style=\"text-align: justify;\">Durante los d\u00edas de celebraci\u00f3n, el gobierno de Los Cabos ha dispuesto un operativo especial de seguridad en coordinaci\u00f3n con la Direcci\u00f3n General de Seguridad P\u00fablica, Polic\u00eda Preventiva y Tr\u00e1nsito Municipal y cuerpos de emergencia, con el objetivo de garantizar la integridad de todas las personas asistentes. Se contar\u00e1 con presencia permanente de elementos en puntos estrat\u00e9gicos, filtros de revisi\u00f3n y patrullajes preventivos en toda la zona de actividades, as\u00ed como atenci\u00f3n m\u00e9dica de primer contacto en caso de cualquier eventualidad.<\/p>\n<p style=\"text-align: justify;\">Asimismo, se hace un llamado a la ciudadan\u00eda para colaborar con las autoridades, siguiendo las recomendaciones de Protecci\u00f3n Civil y reportando cualquier situaci\u00f3n que ponga en riesgo la seguridad colectiva. El compromiso es ofrecer unas fiestas seguras, familiares y en un ambiente de sana convivencia, donde las tradiciones de Cabo San Lucas se vivan con alegr\u00eda, responsabilidad y respeto para todas las personas.<\/p>\n","protected":false},"excerpt":{"rendered":"<p>El presidente municipal de Los Cabos, Christian Ag\u00fandez G\u00f3mez, encabez\u00f3 la inauguraci\u00f3n oficial de las Fiestas Tradicionales Cabo San Lucas<\/p>\n","protected":false},"author":1,"featured_media":156965,"comment_status":"open","ping_status":"closed","sticky":false,"template":"","format":"standard","meta":{"colormag_page_container_layout":"default_layout","colormag_page_sidebar_layout":"default_layout","_jetpack_memberships_contains_paid_content":false,"footnotes":"","jetpack_publicize_message":"","jetpack_publicize_feature_enabled":true,"jetpack_social_post_already_shared":true,"jetpack_social_options":{"image_generator_settings":{"template":"highway","default_image_id":0,"font":"","enabled":false},"version":2}},"categories":[40],"tags":[],"class_list":["post-156964","post","type-post","status-publish","format-standard","has-post-thumbnail","hentry","category-municipios"],"yoast_head":"<!-- This site is optimized with the Yoast SEO plugin v27.5 - https:\/\/yoast.com\/product\/yoast-seo-wordpress\/ -->\n<title>Inaugur\u00f3 el alcalde Christian Ag\u00fandez las Fiestas Tradicionales de CSL - NBCS Noticias<\/title>\n<meta name=\"robots\" content=\"index, follow, max-snippet:-1, max-image-preview:large, max-video-preview:-1\" \/>\n<link rel=\"canonical\" href=\"https:\/\/nbcs.mx\/?p=156964\" \/>\n<meta property=\"og:locale\" content=\"es_ES\" \/>\n<meta property=\"og:type\" content=\"article\" \/>\n<meta property=\"og:title\" content=\"Inaugur\u00f3 el alcalde Christian Ag\u00fandez las Fiestas Tradicionales de CSL - NBCS Noticias\" \/>\n<meta property=\"og:description\" content=\"El presidente municipal de Los Cabos, Christian Ag\u00fandez G\u00f3mez, encabez\u00f3 la inauguraci\u00f3n oficial de las Fiestas Tradicionales Cabo San Lucas\" \/>\n<meta property=\"og:url\" content=\"https:\/\/nbcs.mx\/?p=156964\" \/>\n<meta property=\"og:site_name\" content=\"NBCS Noticias\" \/>\n<meta property=\"article:publisher\" content=\"https:\/\/www.facebook.com\/NBCSnoticias\" \/>\n<meta property=\"article:author\" content=\"https:\/\/www.facebook.com\/NBCSnoticias\" \/>\n<meta property=\"article:published_time\" content=\"2025-10-18T15:59:40+00:00\" \/>\n<meta property=\"article:modified_time\" content=\"2025-10-18T18:01:17+00:00\" \/>\n<meta property=\"og:image\" content=\"https:\/\/nbcs.mx\/wp-content\/uploads\/2025\/10\/Pancho.jpg\" \/>\n\t<meta property=\"og:image:width\" content=\"725\" \/>\n\t<meta property=\"og:image:height\" content=\"400\" \/>\n\t<meta property=\"og:image:type\" content=\"image\/jpeg\" \/>\n<meta name=\"author\" content=\"NBCS Noticias\" \/>\n<meta name=\"twitter:card\" content=\"summary_large_image\" \/>\n<meta name=\"twitter:creator\" content=\"@https:\/\/twitter.com\/NBCSnoticias\" \/>\n<meta name=\"twitter:site\" content=\"@NBCSnoticias\" \/>\n<meta name=\"twitter:label1\" content=\"Escrito por\" \/>\n\t<meta name=\"twitter:data1\" content=\"NBCS Noticias\" \/>\n\t<meta name=\"twitter:label2\" content=\"Tiempo de lectura\" \/>\n\t<meta name=\"twitter:data2\" content=\"3 minutos\" \/>\n<script type=\"application\/ld+json\" class=\"yoast-schema-graph\">{\"@context\":\"https:\\\/\\\/schema.org\",\"@graph\":[{\"@type\":\"Article\",\"@id\":\"https:\\\/\\\/nbcs.mx\\\/?p=156964#article\",\"isPartOf\":{\"@id\":\"https:\\\/\\\/nbcs.mx\\\/?p=156964\"},\"author\":{\"name\":\"NBCS Noticias\",\"@id\":\"https:\\\/\\\/nbcs.mx\\\/#\\\/schema\\\/person\\\/ece58bab9a7c1e87a4d28ec9ecd79ff4\"},\"headline\":\"Inaugur\u00f3 el alcalde Christian Ag\u00fandez las Fiestas Tradicionales de CSL\",\"datePublished\":\"2025-10-18T15:59:40+00:00\",\"dateModified\":\"2025-10-18T18:01:17+00:00\",\"mainEntityOfPage\":{\"@id\":\"https:\\\/\\\/nbcs.mx\\\/?p=156964\"},\"wordCount\":523,\"commentCount\":0,\"publisher\":{\"@id\":\"https:\\\/\\\/nbcs.mx\\\/#organization\"},\"image\":{\"@id\":\"https:\\\/\\\/nbcs.mx\\\/?p=156964#primaryimage\"},\"thumbnailUrl\":\"https:\\\/\\\/nbcs.mx\\\/wp-content\\\/uploads\\\/2025\\\/10\\\/Pancho.jpg\",\"articleSection\":[\"Municipios\"],\"inLanguage\":\"es\",\"potentialAction\":[{\"@type\":\"CommentAction\",\"name\":\"Comment\",\"target\":[\"https:\\\/\\\/nbcs.mx\\\/?p=156964#respond\"]}]},{\"@type\":\"WebPage\",\"@id\":\"https:\\\/\\\/nbcs.mx\\\/?p=156964\",\"url\":\"https:\\\/\\\/nbcs.mx\\\/?p=156964\",\"name\":\"Inaugur\u00f3 el alcalde Christian Ag\u00fandez las Fiestas Tradicionales de CSL - NBCS Noticias\",\"isPartOf\":{\"@id\":\"https:\\\/\\\/nbcs.mx\\\/#website\"},\"primaryImageOfPage\":{\"@id\":\"https:\\\/\\\/nbcs.mx\\\/?p=156964#primaryimage\"},\"image\":{\"@id\":\"https:\\\/\\\/nbcs.mx\\\/?p=156964#primaryimage\"},\"thumbnailUrl\":\"https:\\\/\\\/nbcs.mx\\\/wp-content\\\/uploads\\\/2025\\\/10\\\/Pancho.jpg\",\"datePublished\":\"2025-10-18T15:59:40+00:00\",\"dateModified\":\"2025-10-18T18:01:17+00:00\",\"breadcrumb\":{\"@id\":\"https:\\\/\\\/nbcs.mx\\\/?p=156964#breadcrumb\"},\"inLanguage\":\"es\",\"potentialAction\":[{\"@type\":\"ReadAction\",\"target\":[\"https:\\\/\\\/nbcs.mx\\\/?p=156964\"]}]},{\"@type\":\"ImageObject\",\"inLanguage\":\"es\",\"@id\":\"https:\\\/\\\/nbcs.mx\\\/?p=156964#primaryimage\",\"url\":\"https:\\\/\\\/nbcs.mx\\\/wp-content\\\/uploads\\\/2025\\\/10\\\/Pancho.jpg\",\"contentUrl\":\"https:\\\/\\\/nbcs.mx\\\/wp-content\\\/uploads\\\/2025\\\/10\\\/Pancho.jpg\",\"width\":725,\"height\":400},{\"@type\":\"BreadcrumbList\",\"@id\":\"https:\\\/\\\/nbcs.mx\\\/?p=156964#breadcrumb\",\"itemListElement\":[{\"@type\":\"ListItem\",\"position\":1,\"name\":\"Portada\",\"item\":\"https:\\\/\\\/nbcs.mx\\\/\"},{\"@type\":\"ListItem\",\"position\":2,\"name\":\"Inaugur\u00f3 el alcalde Christian Ag\u00fandez las Fiestas Tradicionales de CSL\"}]},{\"@type\":\"WebSite\",\"@id\":\"https:\\\/\\\/nbcs.mx\\\/#website\",\"url\":\"https:\\\/\\\/nbcs.mx\\\/\",\"name\":\"NBCS Noticias\",\"description\":\"Sitio web de noticias en Baja California Sur\",\"publisher\":{\"@id\":\"https:\\\/\\\/nbcs.mx\\\/#organization\"},\"potentialAction\":[{\"@type\":\"SearchAction\",\"target\":{\"@type\":\"EntryPoint\",\"urlTemplate\":\"https:\\\/\\\/nbcs.mx\\\/?s={search_term_string}\"},\"query-input\":{\"@type\":\"PropertyValueSpecification\",\"valueRequired\":true,\"valueName\":\"search_term_string\"}}],\"inLanguage\":\"es\"},{\"@type\":\"Organization\",\"@id\":\"https:\\\/\\\/nbcs.mx\\\/#organization\",\"name\":\"NBCS Noticias\",\"url\":\"https:\\\/\\\/nbcs.mx\\\/\",\"logo\":{\"@type\":\"ImageObject\",\"inLanguage\":\"es\",\"@id\":\"https:\\\/\\\/nbcs.mx\\\/#\\\/schema\\\/logo\\\/image\\\/\",\"url\":\"https:\\\/\\\/nbcs.mx\\\/wp-content\\\/uploads\\\/2018\\\/09\\\/057b69485e93575a5c2b1c1dde2dd297.jpeg\",\"contentUrl\":\"https:\\\/\\\/nbcs.mx\\\/wp-content\\\/uploads\\\/2018\\\/09\\\/057b69485e93575a5c2b1c1dde2dd297.jpeg\",\"width\":64,\"height\":64,\"caption\":\"NBCS Noticias\"},\"image\":{\"@id\":\"https:\\\/\\\/nbcs.mx\\\/#\\\/schema\\\/logo\\\/image\\\/\"},\"sameAs\":[\"https:\\\/\\\/www.facebook.com\\\/NBCSnoticias\",\"https:\\\/\\\/x.com\\\/NBCSnoticias\"]},{\"@type\":\"Person\",\"@id\":\"https:\\\/\\\/nbcs.mx\\\/#\\\/schema\\\/person\\\/ece58bab9a7c1e87a4d28ec9ecd79ff4\",\"name\":\"NBCS Noticias\",\"image\":{\"@type\":\"ImageObject\",\"inLanguage\":\"es\",\"@id\":\"https:\\\/\\\/secure.gravatar.com\\\/avatar\\\/4e52110cad1c4054b43271a0d14bbe9e2ea76aecd0e1097edfc670798d9ca1d4?s=96&d=blank&r=g\",\"url\":\"https:\\\/\\\/secure.gravatar.com\\\/avatar\\\/4e52110cad1c4054b43271a0d14bbe9e2ea76aecd0e1097edfc670798d9ca1d4?s=96&d=blank&r=g\",\"contentUrl\":\"https:\\\/\\\/secure.gravatar.com\\\/avatar\\\/4e52110cad1c4054b43271a0d14bbe9e2ea76aecd0e1097edfc670798d9ca1d4?s=96&d=blank&r=g\",\"caption\":\"NBCS Noticias\"},\"description\":\"\u00bfTienes fotos o video de alg\u00fan acto de posible negligencia, corrupci\u00f3n y abuso de autoridad? M\u00e1ndalo al WhatsApp de NBCS Noticias: 612 141 98 08\",\"sameAs\":[\"https:\\\/\\\/www.nbcs.mx\",\"https:\\\/\\\/www.facebook.com\\\/NBCSnoticias\",\"https:\\\/\\\/www.instagram.com\\\/nbcsnoticias\\\/\",\"https:\\\/\\\/x.com\\\/https:\\\/\\\/twitter.com\\\/NBCSnoticias\"]}]}<\/script>\n<!-- \/ Yoast SEO plugin. -->","yoast_head_json":{"title":"Inaugur\u00f3 el alcalde Christian Ag\u00fandez las Fiestas Tradicionales de CSL - NBCS Noticias","robots":{"index":"index","follow":"follow","max-snippet":"max-snippet:-1","max-image-preview":"max-image-preview:large","max-video-preview":"max-video-preview:-1"},"canonical":"https:\/\/nbcs.mx\/?p=156964","og_locale":"es_ES","og_type":"article","og_title":"Inaugur\u00f3 el alcalde Christian Ag\u00fandez las Fiestas Tradicionales de CSL - NBCS Noticias","og_description":"El presidente municipal de Los Cabos, Christian Ag\u00fandez G\u00f3mez, encabez\u00f3 la inauguraci\u00f3n oficial de las Fiestas Tradicionales Cabo San Lucas","og_url":"https:\/\/nbcs.mx\/?p=156964","og_site_name":"NBCS Noticias","article_publisher":"https:\/\/www.facebook.com\/NBCSnoticias","article_author":"https:\/\/www.facebook.com\/NBCSnoticias","article_published_time":"2025-10-18T15:59:40+00:00","article_modified_time":"2025-10-18T18:01:17+00:00","og_image":[{"width":725,"height":400,"url":"https:\/\/nbcs.mx\/wp-content\/uploads\/2025\/10\/Pancho.jpg","type":"image\/jpeg"}],"author":"NBCS Noticias","twitter_card":"summary_large_image","twitter_creator":"@https:\/\/twitter.com\/NBCSnoticias","twitter_site":"@NBCSnoticias","twitter_misc":{"Escrito por":"NBCS Noticias","Tiempo de lectura":"3 minutos"},"schema":{"@context":"https:\/\/schema.org","@graph":[{"@type":"Article","@id":"https:\/\/nbcs.mx\/?p=156964#article","isPartOf":{"@id":"https:\/\/nbcs.mx\/?p=156964"},"author":{"name":"NBCS Noticias","@id":"https:\/\/nbcs.mx\/#\/schema\/person\/ece58bab9a7c1e87a4d28ec9ecd79ff4"},"headline":"Inaugur\u00f3 el alcalde Christian Ag\u00fandez las Fiestas Tradicionales de CSL","datePublished":"2025-10-18T15:59:40+00:00","dateModified":"2025-10-18T18:01:17+00:00","mainEntityOfPage":{"@id":"https:\/\/nbcs.mx\/?p=156964"},"wordCount":523,"commentCount":0,"publisher":{"@id":"https:\/\/nbcs.mx\/#organization"},"image":{"@id":"https:\/\/nbcs.mx\/?p=156964#primaryimage"},"thumbnailUrl":"https:\/\/nbcs.mx\/wp-content\/uploads\/2025\/10\/Pancho.jpg","articleSection":["Municipios"],"inLanguage":"es","potentialAction":[{"@type":"CommentAction","name":"Comment","target":["https:\/\/nbcs.mx\/?p=156964#respond"]}]},{"@type":"WebPage","@id":"https:\/\/nbcs.mx\/?p=156964","url":"https:\/\/nbcs.mx\/?p=156964","name":"Inaugur\u00f3 el alcalde Christian Ag\u00fandez las Fiestas Tradicionales de CSL - NBCS Noticias","isPartOf":{"@id":"https:\/\/nbcs.mx\/#website"},"primaryImageOfPage":{"@id":"https:\/\/nbcs.mx\/?p=156964#primaryimage"},"image":{"@id":"https:\/\/nbcs.mx\/?p=156964#primaryimage"},"thumbnailUrl":"https:\/\/nbcs.mx\/wp-content\/uploads\/2025\/10\/Pancho.jpg","datePublished":"2025-10-18T15:59:40+00:00","dateModified":"2025-10-18T18:01:17+00:00","breadcrumb":{"@id":"https:\/\/nbcs.mx\/?p=156964#breadcrumb"},"inLanguage":"es","potentialAction":[{"@type":"ReadAction","target":["https:\/\/nbcs.mx\/?p=156964"]}]},{"@type":"ImageObject","inLanguage":"es","@id":"https:\/\/nbcs.mx\/?p=156964#primaryimage","url":"https:\/\/nbcs.mx\/wp-content\/uploads\/2025\/10\/Pancho.jpg","contentUrl":"https:\/\/nbcs.mx\/wp-content\/uploads\/2025\/10\/Pancho.jpg","width":725,"height":400},{"@type":"BreadcrumbList","@id":"https:\/\/nbcs.mx\/?p=156964#breadcrumb","itemListElement":[{"@type":"ListItem","position":1,"name":"Portada","item":"https:\/\/nbcs.mx\/"},{"@type":"ListItem","position":2,"name":"Inaugur\u00f3 el alcalde Christian Ag\u00fandez las Fiestas Tradicionales de CSL"}]},{"@type":"WebSite","@id":"https:\/\/nbcs.mx\/#website","url":"https:\/\/nbcs.mx\/","name":"NBCS Noticias","description":"Sitio web de noticias en Baja California Sur","publisher":{"@id":"https:\/\/nbcs.mx\/#organization"},"potentialAction":[{"@type":"SearchAction","target":{"@type":"EntryPoint","urlTemplate":"https:\/\/nbcs.mx\/?s={search_term_string}"},"query-input":{"@type":"PropertyValueSpecification","valueRequired":true,"valueName":"search_term_string"}}],"inLanguage":"es"},{"@type":"Organization","@id":"https:\/\/nbcs.mx\/#organization","name":"NBCS Noticias","url":"https:\/\/nbcs.mx\/","logo":{"@type":"ImageObject","inLanguage":"es","@id":"https:\/\/nbcs.mx\/#\/schema\/logo\/image\/","url":"https:\/\/nbcs.mx\/wp-content\/uploads\/2018\/09\/057b69485e93575a5c2b1c1dde2dd297.jpeg","contentUrl":"https:\/\/nbcs.mx\/wp-content\/uploads\/2018\/09\/057b69485e93575a5c2b1c1dde2dd297.jpeg","width":64,"height":64,"caption":"NBCS Noticias"},"image":{"@id":"https:\/\/nbcs.mx\/#\/schema\/logo\/image\/"},"sameAs":["https:\/\/www.facebook.com\/NBCSnoticias","https:\/\/x.com\/NBCSnoticias"]},{"@type":"Person","@id":"https:\/\/nbcs.mx\/#\/schema\/person\/ece58bab9a7c1e87a4d28ec9ecd79ff4","name":"NBCS Noticias","image":{"@type":"ImageObject","inLanguage":"es","@id":"https:\/\/secure.gravatar.com\/avatar\/4e52110cad1c4054b43271a0d14bbe9e2ea76aecd0e1097edfc670798d9ca1d4?s=96&d=blank&r=g","url":"https:\/\/secure.gravatar.com\/avatar\/4e52110cad1c4054b43271a0d14bbe9e2ea76aecd0e1097edfc670798d9ca1d4?s=96&d=blank&r=g","contentUrl":"https:\/\/secure.gravatar.com\/avatar\/4e52110cad1c4054b43271a0d14bbe9e2ea76aecd0e1097edfc670798d9ca1d4?s=96&d=blank&r=g","caption":"NBCS Noticias"},"description":"\u00bfTienes fotos o video de alg\u00fan acto de posible negligencia, corrupci\u00f3n y abuso de autoridad? M\u00e1ndalo al WhatsApp de NBCS Noticias: 612 141 98 08","sameAs":["https:\/\/www.nbcs.mx","https:\/\/www.facebook.com\/NBCSnoticias","https:\/\/www.instagram.com\/nbcsnoticias\/","https:\/\/x.com\/https:\/\/twitter.com\/NBCSnoticias"]}]}},"jetpack_publicize_connections":[],"jetpack_featured_media_url":"https:\/\/nbcs.mx\/wp-content\/uploads\/2025\/10\/Pancho.jpg","jetpack_sharing_enabled":true,"_links":{"self":[{"href":"https:\/\/nbcs.mx\/index.php?rest_route=\/wp\/v2\/posts\/156964","targetHints":{"allow":["GET"]}}],"collection":[{"href":"https:\/\/nbcs.mx\/index.php?rest_route=\/wp\/v2\/posts"}],"about":[{"href":"https:\/\/nbcs.mx\/index.php?rest_route=\/wp\/v2\/types\/post"}],"author":[{"embeddable":true,"href":"https:\/\/nbcs.mx\/index.php?rest_route=\/wp\/v2\/users\/1"}],"replies":[{"embeddable":true,"href":"https:\/\/nbcs.mx\/index.php?rest_route=%2Fwp%2Fv2%2Fcomments&post=156964"}],"version-history":[{"count":1,"href":"https:\/\/nbcs.mx\/index.php?rest_route=\/wp\/v2\/posts\/156964\/revisions"}],"predecessor-version":[{"id":156966,"href":"https:\/\/nbcs.mx\/index.php?rest_route=\/wp\/v2\/posts\/156964\/revisions\/156966"}],"wp:featuredmedia":[{"embeddable":true,"href":"https:\/\/nbcs.mx\/index.php?rest_route=\/wp\/v2\/media\/156965"}],"wp:attachment":[{"href":"https:\/\/nbcs.mx\/index.php?rest_route=%2Fwp%2Fv2%2Fmedia&parent=156964"}],"wp:term":[{"taxonomy":"category","embeddable":true,"href":"https:\/\/nbcs.mx\/index.php?rest_route=%2Fwp%2Fv2%2Fcategories&post=156964"},{"taxonomy":"post_tag","embeddable":true,"href":"https:\/\/nbcs.mx\/index.php?rest_route=%2Fwp%2Fv2%2Ftags&post=156964"}],"curies":[{"name":"wp","href":"https:\/\/api.w.org\/{rel}","templated":true}]}}