{"id":157012,"date":"2025-10-20T13:45:58","date_gmt":"2025-10-20T19:45:58","guid":{"rendered":"https:\/\/nbcs.mx\/?p=157012"},"modified":"2025-10-20T13:45:58","modified_gmt":"2025-10-20T19:45:58","slug":"carrera-loreto-400-cerrara-con-broche-de-oro-las-fiestas-de-fundacion","status":"publish","type":"post","link":"https:\/\/nbcs.mx\/?p=157012","title":{"rendered":"Carrera \u201cLoreto 400\u201d cerrar\u00e1 con broche de oro \u201cLas Fiestas de Fundaci\u00f3n\u201d"},"content":{"rendered":"<p style=\"font-weight: 400; text-align: justify;\"><img loading=\"lazy\" decoding=\"async\" class=\" wp-image-148838 alignleft\" src=\"https:\/\/nbcs.mx\/wp-content\/uploads\/2025\/04\/La-fiesta-del-Off-Road-se-vivio-a-lo-grande-con-la-carrera-Loreto-500-656x492.jpg\" alt=\"\" width=\"377\" height=\"283\" srcset=\"https:\/\/nbcs.mx\/wp-content\/uploads\/2025\/04\/La-fiesta-del-Off-Road-se-vivio-a-lo-grande-con-la-carrera-Loreto-500-656x492.jpg 656w, https:\/\/nbcs.mx\/wp-content\/uploads\/2025\/04\/La-fiesta-del-Off-Road-se-vivio-a-lo-grande-con-la-carrera-Loreto-500-1024x768.jpg 1024w, https:\/\/nbcs.mx\/wp-content\/uploads\/2025\/04\/La-fiesta-del-Off-Road-se-vivio-a-lo-grande-con-la-carrera-Loreto-500-150x113.jpg 150w, https:\/\/nbcs.mx\/wp-content\/uploads\/2025\/04\/La-fiesta-del-Off-Road-se-vivio-a-lo-grande-con-la-carrera-Loreto-500-768x576.jpg 768w, https:\/\/nbcs.mx\/wp-content\/uploads\/2025\/04\/La-fiesta-del-Off-Road-se-vivio-a-lo-grande-con-la-carrera-Loreto-500-1536x1152.jpg 1536w, https:\/\/nbcs.mx\/wp-content\/uploads\/2025\/04\/La-fiesta-del-Off-Road-se-vivio-a-lo-grande-con-la-carrera-Loreto-500.jpg 2048w\" sizes=\"auto, (max-width: 377px) 100vw, 377px\" \/>El XI Ayuntamiento de Loreto, se reporta listo para llevar a cabo los d\u00edas 25 y 26 de octubre, la tradicional carrera de autos y motos todoterreno \u201cLoreto 400\u201d, evento con el cual se estar\u00e1n dando por concluidos, cinco d\u00edas de celebraciones por el 328 Aniversario de las Fiestas de Fundaci\u00f3n de la primera capital de las californias.<\/p>\n<p style=\"font-weight: 400; text-align: justify;\">\n<p style=\"font-weight: 400; text-align: justify;\">Juan Carlos Casta\u00f1eda Davis, secretario general del ayuntamiento, asegur\u00f3 que para esta edici\u00f3n 2025, el gobierno que encabeza Paz del Alma Ochoa Amador, se ha esmerado en brindar a la ciudadan\u00eda unas celebraciones \u00fanicas y qu\u00e9 mejor manera para cerrar con broche de oro que con un evento deportivo como el Off Road que es tan apreciado por las familias loretanas.<\/p>\n<p style=\"font-weight: 400; text-align: justify;\">\n<p style=\"font-weight: 400; text-align: justify;\">Casta\u00f1eda Davis agreg\u00f3 que la tarde del 25 de octubre, se llevar\u00e1 cabo la revisi\u00f3n mec\u00e1nica e inscripci\u00f3n de los equipos, mientras que el banderazo de salida se dar\u00e1 el d\u00eda 26 muy temprano, la carrera iniciar\u00e1 y finalizar\u00e1 en Loreto recorriendo varios puntos de los municipios de Loreto y Comond\u00fa. Los horarios de revisi\u00f3n mec\u00e1nica y salida de motos y autos se dar\u00e1n a conocer con la debida anticipaci\u00f3n.<\/p>\n<p style=\"font-weight: 400; text-align: justify;\">Para garantizar la protecci\u00f3n de corredores y aficionados, autoridades de ambos municipios, as\u00ed como cuerpos de emergencia y rescate, mantienen estrecha colaboraci\u00f3n para que el evento transcurra con normalidad, adem\u00e1s se trabaja coordinadamente con la Asociaci\u00f3n Estatal de Automovilismo, para contribuir en las medidas de seguridad.<\/p>\n<p style=\"font-weight: 400; text-align: justify;\">\n<p style=\"font-weight: 400; text-align: justify;\">Finalmente, el secretario general invit\u00f3 a la poblaci\u00f3n a disfrutar de la \u201cLoreto 400\u201d responsablemente, asimismo pidi\u00f3 a los aficionados no cruzarse por la ruta durante la competencia para evitar cualquier tipo de accidente y en general invit\u00f3 a la poblaci\u00f3n a sumarse a la gran cantidad de actividades que se realizan en el marco de las celebraciones por las fiestas de fundaci\u00f3n.<\/p>\n<p style=\"font-weight: 400; text-align: justify;\"><strong>\u00a0<\/strong><\/p>\n<p style=\"font-weight: 400; text-align: justify;\"><strong>\u00a0<\/strong><\/p>\n","protected":false},"excerpt":{"rendered":"<p>El XI Ayuntamiento de Loreto, se reporta listo para llevar a cabo los d\u00edas 25 y 26 de octubre, la<\/p>\n","protected":false},"author":1,"featured_media":148838,"comment_status":"open","ping_status":"closed","sticky":false,"template":"","format":"standard","meta":{"colormag_page_container_layout":"default_layout","colormag_page_sidebar_layout":"default_layout","_jetpack_memberships_contains_paid_content":false,"footnotes":"","jetpack_publicize_message":"","jetpack_publicize_feature_enabled":true,"jetpack_social_post_already_shared":true,"jetpack_social_options":{"image_generator_settings":{"template":"highway","default_image_id":0,"font":"","enabled":false},"version":2}},"categories":[23],"tags":[],"class_list":["post-157012","post","type-post","status-publish","format-standard","has-post-thumbnail","hentry","category-deportes"],"yoast_head":"<!-- This site is optimized with the Yoast SEO plugin v27.5 - https:\/\/yoast.com\/product\/yoast-seo-wordpress\/ -->\n<title>Carrera \u201cLoreto 400\u201d cerrar\u00e1 con broche de oro \u201cLas Fiestas de Fundaci\u00f3n\u201d - NBCS Noticias<\/title>\n<meta name=\"robots\" content=\"index, follow, max-snippet:-1, max-image-preview:large, max-video-preview:-1\" \/>\n<link rel=\"canonical\" href=\"https:\/\/nbcs.mx\/?p=157012\" \/>\n<meta property=\"og:locale\" content=\"es_ES\" \/>\n<meta property=\"og:type\" content=\"article\" \/>\n<meta property=\"og:title\" content=\"Carrera \u201cLoreto 400\u201d cerrar\u00e1 con broche de oro \u201cLas Fiestas de Fundaci\u00f3n\u201d - NBCS Noticias\" \/>\n<meta property=\"og:description\" content=\"El XI Ayuntamiento de Loreto, se reporta listo para llevar a cabo los d\u00edas 25 y 26 de octubre, la\" \/>\n<meta property=\"og:url\" content=\"https:\/\/nbcs.mx\/?p=157012\" \/>\n<meta property=\"og:site_name\" content=\"NBCS Noticias\" \/>\n<meta property=\"article:publisher\" content=\"https:\/\/www.facebook.com\/NBCSnoticias\" \/>\n<meta property=\"article:author\" content=\"https:\/\/www.facebook.com\/NBCSnoticias\" \/>\n<meta property=\"article:published_time\" content=\"2025-10-20T19:45:58+00:00\" \/>\n<meta property=\"og:image\" content=\"https:\/\/nbcs.mx\/wp-content\/uploads\/2025\/04\/La-fiesta-del-Off-Road-se-vivio-a-lo-grande-con-la-carrera-Loreto-500.jpg\" \/>\n\t<meta property=\"og:image:width\" content=\"2048\" \/>\n\t<meta property=\"og:image:height\" content=\"1536\" \/>\n\t<meta property=\"og:image:type\" content=\"image\/jpeg\" \/>\n<meta name=\"author\" content=\"NBCS Noticias\" \/>\n<meta name=\"twitter:card\" content=\"summary_large_image\" \/>\n<meta name=\"twitter:creator\" content=\"@https:\/\/twitter.com\/NBCSnoticias\" \/>\n<meta name=\"twitter:site\" content=\"@NBCSnoticias\" \/>\n<meta name=\"twitter:label1\" content=\"Escrito por\" \/>\n\t<meta name=\"twitter:data1\" content=\"NBCS Noticias\" \/>\n\t<meta name=\"twitter:label2\" content=\"Tiempo de lectura\" \/>\n\t<meta name=\"twitter:data2\" content=\"2 minutos\" \/>\n<script type=\"application\/ld+json\" class=\"yoast-schema-graph\">{\"@context\":\"https:\\\/\\\/schema.org\",\"@graph\":[{\"@type\":\"Article\",\"@id\":\"https:\\\/\\\/nbcs.mx\\\/?p=157012#article\",\"isPartOf\":{\"@id\":\"https:\\\/\\\/nbcs.mx\\\/?p=157012\"},\"author\":{\"name\":\"NBCS Noticias\",\"@id\":\"https:\\\/\\\/nbcs.mx\\\/#\\\/schema\\\/person\\\/ece58bab9a7c1e87a4d28ec9ecd79ff4\"},\"headline\":\"Carrera \u201cLoreto 400\u201d cerrar\u00e1 con broche de oro \u201cLas Fiestas de Fundaci\u00f3n\u201d\",\"datePublished\":\"2025-10-20T19:45:58+00:00\",\"mainEntityOfPage\":{\"@id\":\"https:\\\/\\\/nbcs.mx\\\/?p=157012\"},\"wordCount\":325,\"commentCount\":0,\"publisher\":{\"@id\":\"https:\\\/\\\/nbcs.mx\\\/#organization\"},\"image\":{\"@id\":\"https:\\\/\\\/nbcs.mx\\\/?p=157012#primaryimage\"},\"thumbnailUrl\":\"https:\\\/\\\/nbcs.mx\\\/wp-content\\\/uploads\\\/2025\\\/04\\\/La-fiesta-del-Off-Road-se-vivio-a-lo-grande-con-la-carrera-Loreto-500.jpg\",\"articleSection\":[\"Deportes\"],\"inLanguage\":\"es\",\"potentialAction\":[{\"@type\":\"CommentAction\",\"name\":\"Comment\",\"target\":[\"https:\\\/\\\/nbcs.mx\\\/?p=157012#respond\"]}]},{\"@type\":\"WebPage\",\"@id\":\"https:\\\/\\\/nbcs.mx\\\/?p=157012\",\"url\":\"https:\\\/\\\/nbcs.mx\\\/?p=157012\",\"name\":\"Carrera \u201cLoreto 400\u201d cerrar\u00e1 con broche de oro \u201cLas Fiestas de Fundaci\u00f3n\u201d - NBCS Noticias\",\"isPartOf\":{\"@id\":\"https:\\\/\\\/nbcs.mx\\\/#website\"},\"primaryImageOfPage\":{\"@id\":\"https:\\\/\\\/nbcs.mx\\\/?p=157012#primaryimage\"},\"image\":{\"@id\":\"https:\\\/\\\/nbcs.mx\\\/?p=157012#primaryimage\"},\"thumbnailUrl\":\"https:\\\/\\\/nbcs.mx\\\/wp-content\\\/uploads\\\/2025\\\/04\\\/La-fiesta-del-Off-Road-se-vivio-a-lo-grande-con-la-carrera-Loreto-500.jpg\",\"datePublished\":\"2025-10-20T19:45:58+00:00\",\"breadcrumb\":{\"@id\":\"https:\\\/\\\/nbcs.mx\\\/?p=157012#breadcrumb\"},\"inLanguage\":\"es\",\"potentialAction\":[{\"@type\":\"ReadAction\",\"target\":[\"https:\\\/\\\/nbcs.mx\\\/?p=157012\"]}]},{\"@type\":\"ImageObject\",\"inLanguage\":\"es\",\"@id\":\"https:\\\/\\\/nbcs.mx\\\/?p=157012#primaryimage\",\"url\":\"https:\\\/\\\/nbcs.mx\\\/wp-content\\\/uploads\\\/2025\\\/04\\\/La-fiesta-del-Off-Road-se-vivio-a-lo-grande-con-la-carrera-Loreto-500.jpg\",\"contentUrl\":\"https:\\\/\\\/nbcs.mx\\\/wp-content\\\/uploads\\\/2025\\\/04\\\/La-fiesta-del-Off-Road-se-vivio-a-lo-grande-con-la-carrera-Loreto-500.jpg\",\"width\":2048,\"height\":1536},{\"@type\":\"BreadcrumbList\",\"@id\":\"https:\\\/\\\/nbcs.mx\\\/?p=157012#breadcrumb\",\"itemListElement\":[{\"@type\":\"ListItem\",\"position\":1,\"name\":\"Portada\",\"item\":\"https:\\\/\\\/nbcs.mx\\\/\"},{\"@type\":\"ListItem\",\"position\":2,\"name\":\"Carrera \u201cLoreto 400\u201d cerrar\u00e1 con broche de oro \u201cLas Fiestas de Fundaci\u00f3n\u201d\"}]},{\"@type\":\"WebSite\",\"@id\":\"https:\\\/\\\/nbcs.mx\\\/#website\",\"url\":\"https:\\\/\\\/nbcs.mx\\\/\",\"name\":\"NBCS Noticias\",\"description\":\"Sitio web de noticias en Baja California Sur\",\"publisher\":{\"@id\":\"https:\\\/\\\/nbcs.mx\\\/#organization\"},\"potentialAction\":[{\"@type\":\"SearchAction\",\"target\":{\"@type\":\"EntryPoint\",\"urlTemplate\":\"https:\\\/\\\/nbcs.mx\\\/?s={search_term_string}\"},\"query-input\":{\"@type\":\"PropertyValueSpecification\",\"valueRequired\":true,\"valueName\":\"search_term_string\"}}],\"inLanguage\":\"es\"},{\"@type\":\"Organization\",\"@id\":\"https:\\\/\\\/nbcs.mx\\\/#organization\",\"name\":\"NBCS Noticias\",\"url\":\"https:\\\/\\\/nbcs.mx\\\/\",\"logo\":{\"@type\":\"ImageObject\",\"inLanguage\":\"es\",\"@id\":\"https:\\\/\\\/nbcs.mx\\\/#\\\/schema\\\/logo\\\/image\\\/\",\"url\":\"https:\\\/\\\/nbcs.mx\\\/wp-content\\\/uploads\\\/2018\\\/09\\\/057b69485e93575a5c2b1c1dde2dd297.jpeg\",\"contentUrl\":\"https:\\\/\\\/nbcs.mx\\\/wp-content\\\/uploads\\\/2018\\\/09\\\/057b69485e93575a5c2b1c1dde2dd297.jpeg\",\"width\":64,\"height\":64,\"caption\":\"NBCS Noticias\"},\"image\":{\"@id\":\"https:\\\/\\\/nbcs.mx\\\/#\\\/schema\\\/logo\\\/image\\\/\"},\"sameAs\":[\"https:\\\/\\\/www.facebook.com\\\/NBCSnoticias\",\"https:\\\/\\\/x.com\\\/NBCSnoticias\"]},{\"@type\":\"Person\",\"@id\":\"https:\\\/\\\/nbcs.mx\\\/#\\\/schema\\\/person\\\/ece58bab9a7c1e87a4d28ec9ecd79ff4\",\"name\":\"NBCS Noticias\",\"image\":{\"@type\":\"ImageObject\",\"inLanguage\":\"es\",\"@id\":\"https:\\\/\\\/secure.gravatar.com\\\/avatar\\\/4e52110cad1c4054b43271a0d14bbe9e2ea76aecd0e1097edfc670798d9ca1d4?s=96&d=blank&r=g\",\"url\":\"https:\\\/\\\/secure.gravatar.com\\\/avatar\\\/4e52110cad1c4054b43271a0d14bbe9e2ea76aecd0e1097edfc670798d9ca1d4?s=96&d=blank&r=g\",\"contentUrl\":\"https:\\\/\\\/secure.gravatar.com\\\/avatar\\\/4e52110cad1c4054b43271a0d14bbe9e2ea76aecd0e1097edfc670798d9ca1d4?s=96&d=blank&r=g\",\"caption\":\"NBCS Noticias\"},\"description\":\"\u00bfTienes fotos o video de alg\u00fan acto de posible negligencia, corrupci\u00f3n y abuso de autoridad? M\u00e1ndalo al WhatsApp de NBCS Noticias: 612 141 98 08\",\"sameAs\":[\"https:\\\/\\\/www.nbcs.mx\",\"https:\\\/\\\/www.facebook.com\\\/NBCSnoticias\",\"https:\\\/\\\/www.instagram.com\\\/nbcsnoticias\\\/\",\"https:\\\/\\\/x.com\\\/https:\\\/\\\/twitter.com\\\/NBCSnoticias\"]}]}<\/script>\n<!-- \/ Yoast SEO plugin. -->","yoast_head_json":{"title":"Carrera \u201cLoreto 400\u201d cerrar\u00e1 con broche de oro \u201cLas Fiestas de Fundaci\u00f3n\u201d - NBCS Noticias","robots":{"index":"index","follow":"follow","max-snippet":"max-snippet:-1","max-image-preview":"max-image-preview:large","max-video-preview":"max-video-preview:-1"},"canonical":"https:\/\/nbcs.mx\/?p=157012","og_locale":"es_ES","og_type":"article","og_title":"Carrera \u201cLoreto 400\u201d cerrar\u00e1 con broche de oro \u201cLas Fiestas de Fundaci\u00f3n\u201d - NBCS Noticias","og_description":"El XI Ayuntamiento de Loreto, se reporta listo para llevar a cabo los d\u00edas 25 y 26 de octubre, la","og_url":"https:\/\/nbcs.mx\/?p=157012","og_site_name":"NBCS Noticias","article_publisher":"https:\/\/www.facebook.com\/NBCSnoticias","article_author":"https:\/\/www.facebook.com\/NBCSnoticias","article_published_time":"2025-10-20T19:45:58+00:00","og_image":[{"width":2048,"height":1536,"url":"https:\/\/nbcs.mx\/wp-content\/uploads\/2025\/04\/La-fiesta-del-Off-Road-se-vivio-a-lo-grande-con-la-carrera-Loreto-500.jpg","type":"image\/jpeg"}],"author":"NBCS Noticias","twitter_card":"summary_large_image","twitter_creator":"@https:\/\/twitter.com\/NBCSnoticias","twitter_site":"@NBCSnoticias","twitter_misc":{"Escrito por":"NBCS Noticias","Tiempo de lectura":"2 minutos"},"schema":{"@context":"https:\/\/schema.org","@graph":[{"@type":"Article","@id":"https:\/\/nbcs.mx\/?p=157012#article","isPartOf":{"@id":"https:\/\/nbcs.mx\/?p=157012"},"author":{"name":"NBCS Noticias","@id":"https:\/\/nbcs.mx\/#\/schema\/person\/ece58bab9a7c1e87a4d28ec9ecd79ff4"},"headline":"Carrera \u201cLoreto 400\u201d cerrar\u00e1 con broche de oro \u201cLas Fiestas de Fundaci\u00f3n\u201d","datePublished":"2025-10-20T19:45:58+00:00","mainEntityOfPage":{"@id":"https:\/\/nbcs.mx\/?p=157012"},"wordCount":325,"commentCount":0,"publisher":{"@id":"https:\/\/nbcs.mx\/#organization"},"image":{"@id":"https:\/\/nbcs.mx\/?p=157012#primaryimage"},"thumbnailUrl":"https:\/\/nbcs.mx\/wp-content\/uploads\/2025\/04\/La-fiesta-del-Off-Road-se-vivio-a-lo-grande-con-la-carrera-Loreto-500.jpg","articleSection":["Deportes"],"inLanguage":"es","potentialAction":[{"@type":"CommentAction","name":"Comment","target":["https:\/\/nbcs.mx\/?p=157012#respond"]}]},{"@type":"WebPage","@id":"https:\/\/nbcs.mx\/?p=157012","url":"https:\/\/nbcs.mx\/?p=157012","name":"Carrera \u201cLoreto 400\u201d cerrar\u00e1 con broche de oro \u201cLas Fiestas de Fundaci\u00f3n\u201d - NBCS Noticias","isPartOf":{"@id":"https:\/\/nbcs.mx\/#website"},"primaryImageOfPage":{"@id":"https:\/\/nbcs.mx\/?p=157012#primaryimage"},"image":{"@id":"https:\/\/nbcs.mx\/?p=157012#primaryimage"},"thumbnailUrl":"https:\/\/nbcs.mx\/wp-content\/uploads\/2025\/04\/La-fiesta-del-Off-Road-se-vivio-a-lo-grande-con-la-carrera-Loreto-500.jpg","datePublished":"2025-10-20T19:45:58+00:00","breadcrumb":{"@id":"https:\/\/nbcs.mx\/?p=157012#breadcrumb"},"inLanguage":"es","potentialAction":[{"@type":"ReadAction","target":["https:\/\/nbcs.mx\/?p=157012"]}]},{"@type":"ImageObject","inLanguage":"es","@id":"https:\/\/nbcs.mx\/?p=157012#primaryimage","url":"https:\/\/nbcs.mx\/wp-content\/uploads\/2025\/04\/La-fiesta-del-Off-Road-se-vivio-a-lo-grande-con-la-carrera-Loreto-500.jpg","contentUrl":"https:\/\/nbcs.mx\/wp-content\/uploads\/2025\/04\/La-fiesta-del-Off-Road-se-vivio-a-lo-grande-con-la-carrera-Loreto-500.jpg","width":2048,"height":1536},{"@type":"BreadcrumbList","@id":"https:\/\/nbcs.mx\/?p=157012#breadcrumb","itemListElement":[{"@type":"ListItem","position":1,"name":"Portada","item":"https:\/\/nbcs.mx\/"},{"@type":"ListItem","position":2,"name":"Carrera \u201cLoreto 400\u201d cerrar\u00e1 con broche de oro \u201cLas Fiestas de Fundaci\u00f3n\u201d"}]},{"@type":"WebSite","@id":"https:\/\/nbcs.mx\/#website","url":"https:\/\/nbcs.mx\/","name":"NBCS Noticias","description":"Sitio web de noticias en Baja California Sur","publisher":{"@id":"https:\/\/nbcs.mx\/#organization"},"potentialAction":[{"@type":"SearchAction","target":{"@type":"EntryPoint","urlTemplate":"https:\/\/nbcs.mx\/?s={search_term_string}"},"query-input":{"@type":"PropertyValueSpecification","valueRequired":true,"valueName":"search_term_string"}}],"inLanguage":"es"},{"@type":"Organization","@id":"https:\/\/nbcs.mx\/#organization","name":"NBCS Noticias","url":"https:\/\/nbcs.mx\/","logo":{"@type":"ImageObject","inLanguage":"es","@id":"https:\/\/nbcs.mx\/#\/schema\/logo\/image\/","url":"https:\/\/nbcs.mx\/wp-content\/uploads\/2018\/09\/057b69485e93575a5c2b1c1dde2dd297.jpeg","contentUrl":"https:\/\/nbcs.mx\/wp-content\/uploads\/2018\/09\/057b69485e93575a5c2b1c1dde2dd297.jpeg","width":64,"height":64,"caption":"NBCS Noticias"},"image":{"@id":"https:\/\/nbcs.mx\/#\/schema\/logo\/image\/"},"sameAs":["https:\/\/www.facebook.com\/NBCSnoticias","https:\/\/x.com\/NBCSnoticias"]},{"@type":"Person","@id":"https:\/\/nbcs.mx\/#\/schema\/person\/ece58bab9a7c1e87a4d28ec9ecd79ff4","name":"NBCS Noticias","image":{"@type":"ImageObject","inLanguage":"es","@id":"https:\/\/secure.gravatar.com\/avatar\/4e52110cad1c4054b43271a0d14bbe9e2ea76aecd0e1097edfc670798d9ca1d4?s=96&d=blank&r=g","url":"https:\/\/secure.gravatar.com\/avatar\/4e52110cad1c4054b43271a0d14bbe9e2ea76aecd0e1097edfc670798d9ca1d4?s=96&d=blank&r=g","contentUrl":"https:\/\/secure.gravatar.com\/avatar\/4e52110cad1c4054b43271a0d14bbe9e2ea76aecd0e1097edfc670798d9ca1d4?s=96&d=blank&r=g","caption":"NBCS Noticias"},"description":"\u00bfTienes fotos o video de alg\u00fan acto de posible negligencia, corrupci\u00f3n y abuso de autoridad? M\u00e1ndalo al WhatsApp de NBCS Noticias: 612 141 98 08","sameAs":["https:\/\/www.nbcs.mx","https:\/\/www.facebook.com\/NBCSnoticias","https:\/\/www.instagram.com\/nbcsnoticias\/","https:\/\/x.com\/https:\/\/twitter.com\/NBCSnoticias"]}]}},"jetpack_publicize_connections":[],"jetpack_featured_media_url":"https:\/\/nbcs.mx\/wp-content\/uploads\/2025\/04\/La-fiesta-del-Off-Road-se-vivio-a-lo-grande-con-la-carrera-Loreto-500.jpg","jetpack_sharing_enabled":true,"_links":{"self":[{"href":"https:\/\/nbcs.mx\/index.php?rest_route=\/wp\/v2\/posts\/157012","targetHints":{"allow":["GET"]}}],"collection":[{"href":"https:\/\/nbcs.mx\/index.php?rest_route=\/wp\/v2\/posts"}],"about":[{"href":"https:\/\/nbcs.mx\/index.php?rest_route=\/wp\/v2\/types\/post"}],"author":[{"embeddable":true,"href":"https:\/\/nbcs.mx\/index.php?rest_route=\/wp\/v2\/users\/1"}],"replies":[{"embeddable":true,"href":"https:\/\/nbcs.mx\/index.php?rest_route=%2Fwp%2Fv2%2Fcomments&post=157012"}],"version-history":[{"count":1,"href":"https:\/\/nbcs.mx\/index.php?rest_route=\/wp\/v2\/posts\/157012\/revisions"}],"predecessor-version":[{"id":157013,"href":"https:\/\/nbcs.mx\/index.php?rest_route=\/wp\/v2\/posts\/157012\/revisions\/157013"}],"wp:featuredmedia":[{"embeddable":true,"href":"https:\/\/nbcs.mx\/index.php?rest_route=\/wp\/v2\/media\/148838"}],"wp:attachment":[{"href":"https:\/\/nbcs.mx\/index.php?rest_route=%2Fwp%2Fv2%2Fmedia&parent=157012"}],"wp:term":[{"taxonomy":"category","embeddable":true,"href":"https:\/\/nbcs.mx\/index.php?rest_route=%2Fwp%2Fv2%2Fcategories&post=157012"},{"taxonomy":"post_tag","embeddable":true,"href":"https:\/\/nbcs.mx\/index.php?rest_route=%2Fwp%2Fv2%2Ftags&post=157012"}],"curies":[{"name":"wp","href":"https:\/\/api.w.org\/{rel}","templated":true}]}}