{"id":157050,"date":"2025-10-21T09:12:30","date_gmt":"2025-10-21T15:12:30","guid":{"rendered":"https:\/\/nbcs.mx\/?p=157050"},"modified":"2025-10-21T09:12:30","modified_gmt":"2025-10-21T15:12:30","slug":"anuncia-milena-quiroga-primera-etapa-del-programa-emergente-de-reencarpetado-en-14-vialidades","status":"publish","type":"post","link":"https:\/\/nbcs.mx\/?p=157050","title":{"rendered":"Anuncia Milena Quiroga primera etapa del Programa Emergente de Reencarpetado en 14 vialidades"},"content":{"rendered":"<p style=\"font-weight: 400; text-align: justify;\"><img loading=\"lazy\" decoding=\"async\" class=\" wp-image-157051 alignleft\" src=\"https:\/\/nbcs.mx\/wp-content\/uploads\/2025\/10\/Foto-Boletin-1214-737x492.jpeg\" alt=\"\" width=\"352\" height=\"235\" srcset=\"https:\/\/nbcs.mx\/wp-content\/uploads\/2025\/10\/Foto-Boletin-1214-737x492.jpeg 737w, https:\/\/nbcs.mx\/wp-content\/uploads\/2025\/10\/Foto-Boletin-1214-1024x684.jpeg 1024w, https:\/\/nbcs.mx\/wp-content\/uploads\/2025\/10\/Foto-Boletin-1214-150x100.jpeg 150w, https:\/\/nbcs.mx\/wp-content\/uploads\/2025\/10\/Foto-Boletin-1214-768x513.jpeg 768w, https:\/\/nbcs.mx\/wp-content\/uploads\/2025\/10\/Foto-Boletin-1214-1536x1025.jpeg 1536w, https:\/\/nbcs.mx\/wp-content\/uploads\/2025\/10\/Foto-Boletin-1214.jpeg 1600w\" sizes=\"auto, (max-width: 352px) 100vw, 352px\" \/>En conferencia de prensa, la alcaldesa de La Paz, Milena Quiroga Romero, dio a conocer los detalles sobre el Programa Emergente de Reencarpetado y las vialidades a intervenir, as\u00ed como los avances del Programa de Empleo Temporal en la limpieza de la ciudad y entrada en operaci\u00f3n de los primeros tanques elevados de agua.<\/p>\n<p style=\"font-weight: 400; text-align: justify;\">\n<p style=\"font-weight: 400; text-align: justify;\">Acompa\u00f1ada por representantes del FOIS y la SEPUIM, la presidenta municipal expuso que \u201cderivado de la cantidad de\u00a0fallas en el pavimento hay dentro de las colonias y fraccionamientos, era necesario tener una inversi\u00f3n importante, sobre todo en las calles que ya no aguantan un bacheo m\u00e1s. Entonces, son 14\u00a0tramos los que se van a reencarpetar con m\u00e1s de\u00a0135 mil metros cuadrados de carpeta asf\u00e1ltica\u201d.<\/p>\n<p style=\"font-weight: 400; text-align: justify;\">\n<p style=\"font-weight: 400; text-align: justify;\">Entre las vialidades contempladas en esta primera etapa del programa emergente se encuentra:<\/p>\n<p style=\"font-weight: 400; text-align: justify;\">\n<p style=\"font-weight: 400; text-align: justify;\">Para reconstrucci\u00f3n y renivelado con carpeta asf\u00e1ltica:<\/p>\n<p style=\"font-weight: 400; text-align: justify;\">&#8211; Bulevar San Carlos de Santa B\u00e1rbara a San Benito<\/p>\n<p style=\"font-weight: 400; text-align: justify;\">&#8211; Esmeralda de Art\u00edculo 115\u00a0al Centro Deportivo Municipal (CEDEM)<\/p>\n<p style=\"font-weight: 400; text-align: justify;\">&#8211; Circuito de dos calles, Pel\u00edcanos de Albatros a Cormoranes y Cormoranes de Pel\u00edcano a bulevar Agust\u00edn Olachea<\/p>\n<p style=\"font-weight: 400; text-align: justify;\">&#8211; Bulevar Francisco J. M\u00fajica del Colosio a Delta<\/p>\n<p style=\"font-weight: 400; text-align: justify;\">&#8211; Acceso sobre calle El Cardon y acceso sobre Palo de Arco<\/p>\n<p style=\"font-weight: 400; text-align: justify;\">&#8211; Bulevar Francisco J. M\u00fajica de Anotnio D\u00edaz Soto a Benito Beltr\u00e1n<\/p>\n<p style=\"font-weight: 400; text-align: justify;\">&#8211; Tenochtitlan de Valent\u00edn G\u00f3mez Far\u00edas a la Calle Aquiles Serd\u00e1n<\/p>\n<p style=\"font-weight: 400; text-align: justify;\">&#8211; Villas del Encanto desde Francisco J. M\u00fajica a Villa del Encino<\/p>\n<p style=\"font-weight: 400; text-align: justify;\">\n<p style=\"font-weight: 400; text-align: justify;\">Trabajos de reconstrucci\u00f3n con carpeta asf\u00e1ltica:<\/p>\n<p style=\"font-weight: 400; text-align: justify;\">&#8211; Nevado de\u00a0Colima de Santa Ana a Bulevar San Carlos<\/p>\n<p style=\"font-weight: 400; text-align: justify;\">&#8211; Arboledas, de Bah\u00eda Coronado a Abedul<\/p>\n<p style=\"font-weight: 400; text-align: justify;\">\n<p style=\"font-weight: 400; text-align: justify;\">Renivelado con carpeta asf\u00e1ltica:<\/p>\n<p style=\"font-weight: 400; text-align: justify;\">&#8211; Humanidad desde Prosperidad a\u00a0Tr\u00f3pico de C\u00e1ncer<\/p>\n<p style=\"font-weight: 400; text-align: justify;\">&#8211; Cruce de las calles Quer\u00e9taro y Yucat\u00e1n<\/p>\n<p style=\"font-weight: 400; text-align: justify;\">&#8211; Valent\u00edn G\u00f3mez Farias desde 5 de Mayo a Legaspy<\/p>\n<p style=\"font-weight: 400; text-align: justify;\">&#8211; H\u00e9roes de Independencia entre 5 de Febrero a Manuel M\u00e1rquez de Le\u00f3n<\/p>\n<p style=\"font-weight: 400; text-align: justify;\">\n<p style=\"font-weight: 400; text-align: justify;\">Por otra parte, la edil destac\u00f3 los avances del Programa de Empleo Temporal, con el cual se han limpiado 3,747 kil\u00f3metros de vialidades mediante acciones de deshierbe y barrido manual. Esta semana continuar\u00e1n las labores en el bulevar Forjadores, Agust\u00edn Olachea, Constituyentes, Colosio, 5 de\u00a0Febrero, as\u00ed como en las colonias Santa Fe, Para\u00edso del Sol, Camino Real y Pen\u00ednsula Sur.<\/p>\n<p style=\"font-weight: 400; text-align: justify;\">\n<p style=\"font-weight: 400; text-align: justify;\">Finalmente, la alcaldesa de La Paz reiter\u00f3 que el XVIII Ayuntamiento de La Paz continuar\u00e1 trabajando de manera coordinada con los distintos \u00f3rdenes de gobierno, el sector empresarial y la ciudadan\u00eda para fortalecer el desarrollo integral y bienestar de la poblaci\u00f3n.<\/p>\n","protected":false},"excerpt":{"rendered":"<p>En conferencia de prensa, la alcaldesa de La Paz, Milena Quiroga Romero, dio a conocer los detalles sobre el Programa<\/p>\n","protected":false},"author":1,"featured_media":157051,"comment_status":"open","ping_status":"closed","sticky":false,"template":"","format":"standard","meta":{"colormag_page_container_layout":"default_layout","colormag_page_sidebar_layout":"default_layout","_jetpack_memberships_contains_paid_content":false,"footnotes":"","jetpack_publicize_message":"","jetpack_publicize_feature_enabled":true,"jetpack_social_post_already_shared":true,"jetpack_social_options":{"image_generator_settings":{"template":"highway","default_image_id":0,"font":"","enabled":false},"version":2}},"categories":[40],"tags":[],"class_list":["post-157050","post","type-post","status-publish","format-standard","has-post-thumbnail","hentry","category-municipios"],"yoast_head":"<!-- This site is optimized with the Yoast SEO plugin v27.5 - https:\/\/yoast.com\/product\/yoast-seo-wordpress\/ -->\n<title>Anuncia Milena Quiroga primera etapa del Programa Emergente de Reencarpetado en 14 vialidades - NBCS Noticias<\/title>\n<meta name=\"robots\" content=\"index, follow, max-snippet:-1, max-image-preview:large, max-video-preview:-1\" \/>\n<link rel=\"canonical\" href=\"https:\/\/nbcs.mx\/?p=157050\" \/>\n<meta property=\"og:locale\" content=\"es_ES\" \/>\n<meta property=\"og:type\" content=\"article\" \/>\n<meta property=\"og:title\" content=\"Anuncia Milena Quiroga primera etapa del Programa Emergente de Reencarpetado en 14 vialidades - NBCS Noticias\" \/>\n<meta property=\"og:description\" content=\"En conferencia de prensa, la alcaldesa de La Paz, Milena Quiroga Romero, dio a conocer los detalles sobre el Programa\" \/>\n<meta property=\"og:url\" content=\"https:\/\/nbcs.mx\/?p=157050\" \/>\n<meta property=\"og:site_name\" content=\"NBCS Noticias\" \/>\n<meta property=\"article:publisher\" content=\"https:\/\/www.facebook.com\/NBCSnoticias\" \/>\n<meta property=\"article:author\" content=\"https:\/\/www.facebook.com\/NBCSnoticias\" \/>\n<meta property=\"article:published_time\" content=\"2025-10-21T15:12:30+00:00\" \/>\n<meta property=\"og:image\" content=\"https:\/\/nbcs.mx\/wp-content\/uploads\/2025\/10\/Foto-Boletin-1214.jpeg\" \/>\n\t<meta property=\"og:image:width\" content=\"1600\" \/>\n\t<meta property=\"og:image:height\" content=\"1068\" \/>\n\t<meta property=\"og:image:type\" content=\"image\/jpeg\" \/>\n<meta name=\"author\" content=\"NBCS Noticias\" \/>\n<meta name=\"twitter:card\" content=\"summary_large_image\" \/>\n<meta name=\"twitter:creator\" content=\"@https:\/\/twitter.com\/NBCSnoticias\" \/>\n<meta name=\"twitter:site\" content=\"@NBCSnoticias\" \/>\n<meta name=\"twitter:label1\" content=\"Escrito por\" \/>\n\t<meta name=\"twitter:data1\" content=\"NBCS Noticias\" \/>\n\t<meta name=\"twitter:label2\" content=\"Tiempo de lectura\" \/>\n\t<meta name=\"twitter:data2\" content=\"3 minutos\" \/>\n<script type=\"application\/ld+json\" class=\"yoast-schema-graph\">{\"@context\":\"https:\\\/\\\/schema.org\",\"@graph\":[{\"@type\":\"Article\",\"@id\":\"https:\\\/\\\/nbcs.mx\\\/?p=157050#article\",\"isPartOf\":{\"@id\":\"https:\\\/\\\/nbcs.mx\\\/?p=157050\"},\"author\":{\"name\":\"NBCS Noticias\",\"@id\":\"https:\\\/\\\/nbcs.mx\\\/#\\\/schema\\\/person\\\/ece58bab9a7c1e87a4d28ec9ecd79ff4\"},\"headline\":\"Anuncia Milena Quiroga primera etapa del Programa Emergente de Reencarpetado en 14 vialidades\",\"datePublished\":\"2025-10-21T15:12:30+00:00\",\"mainEntityOfPage\":{\"@id\":\"https:\\\/\\\/nbcs.mx\\\/?p=157050\"},\"wordCount\":451,\"commentCount\":0,\"publisher\":{\"@id\":\"https:\\\/\\\/nbcs.mx\\\/#organization\"},\"image\":{\"@id\":\"https:\\\/\\\/nbcs.mx\\\/?p=157050#primaryimage\"},\"thumbnailUrl\":\"https:\\\/\\\/nbcs.mx\\\/wp-content\\\/uploads\\\/2025\\\/10\\\/Foto-Boletin-1214.jpeg\",\"articleSection\":[\"Municipios\"],\"inLanguage\":\"es\",\"potentialAction\":[{\"@type\":\"CommentAction\",\"name\":\"Comment\",\"target\":[\"https:\\\/\\\/nbcs.mx\\\/?p=157050#respond\"]}]},{\"@type\":\"WebPage\",\"@id\":\"https:\\\/\\\/nbcs.mx\\\/?p=157050\",\"url\":\"https:\\\/\\\/nbcs.mx\\\/?p=157050\",\"name\":\"Anuncia Milena Quiroga primera etapa del Programa Emergente de Reencarpetado en 14 vialidades - NBCS Noticias\",\"isPartOf\":{\"@id\":\"https:\\\/\\\/nbcs.mx\\\/#website\"},\"primaryImageOfPage\":{\"@id\":\"https:\\\/\\\/nbcs.mx\\\/?p=157050#primaryimage\"},\"image\":{\"@id\":\"https:\\\/\\\/nbcs.mx\\\/?p=157050#primaryimage\"},\"thumbnailUrl\":\"https:\\\/\\\/nbcs.mx\\\/wp-content\\\/uploads\\\/2025\\\/10\\\/Foto-Boletin-1214.jpeg\",\"datePublished\":\"2025-10-21T15:12:30+00:00\",\"breadcrumb\":{\"@id\":\"https:\\\/\\\/nbcs.mx\\\/?p=157050#breadcrumb\"},\"inLanguage\":\"es\",\"potentialAction\":[{\"@type\":\"ReadAction\",\"target\":[\"https:\\\/\\\/nbcs.mx\\\/?p=157050\"]}]},{\"@type\":\"ImageObject\",\"inLanguage\":\"es\",\"@id\":\"https:\\\/\\\/nbcs.mx\\\/?p=157050#primaryimage\",\"url\":\"https:\\\/\\\/nbcs.mx\\\/wp-content\\\/uploads\\\/2025\\\/10\\\/Foto-Boletin-1214.jpeg\",\"contentUrl\":\"https:\\\/\\\/nbcs.mx\\\/wp-content\\\/uploads\\\/2025\\\/10\\\/Foto-Boletin-1214.jpeg\",\"width\":1600,\"height\":1068},{\"@type\":\"BreadcrumbList\",\"@id\":\"https:\\\/\\\/nbcs.mx\\\/?p=157050#breadcrumb\",\"itemListElement\":[{\"@type\":\"ListItem\",\"position\":1,\"name\":\"Portada\",\"item\":\"https:\\\/\\\/nbcs.mx\\\/\"},{\"@type\":\"ListItem\",\"position\":2,\"name\":\"Anuncia Milena Quiroga primera etapa del Programa Emergente de Reencarpetado en 14 vialidades\"}]},{\"@type\":\"WebSite\",\"@id\":\"https:\\\/\\\/nbcs.mx\\\/#website\",\"url\":\"https:\\\/\\\/nbcs.mx\\\/\",\"name\":\"NBCS Noticias\",\"description\":\"Sitio web de noticias en Baja California Sur\",\"publisher\":{\"@id\":\"https:\\\/\\\/nbcs.mx\\\/#organization\"},\"potentialAction\":[{\"@type\":\"SearchAction\",\"target\":{\"@type\":\"EntryPoint\",\"urlTemplate\":\"https:\\\/\\\/nbcs.mx\\\/?s={search_term_string}\"},\"query-input\":{\"@type\":\"PropertyValueSpecification\",\"valueRequired\":true,\"valueName\":\"search_term_string\"}}],\"inLanguage\":\"es\"},{\"@type\":\"Organization\",\"@id\":\"https:\\\/\\\/nbcs.mx\\\/#organization\",\"name\":\"NBCS Noticias\",\"url\":\"https:\\\/\\\/nbcs.mx\\\/\",\"logo\":{\"@type\":\"ImageObject\",\"inLanguage\":\"es\",\"@id\":\"https:\\\/\\\/nbcs.mx\\\/#\\\/schema\\\/logo\\\/image\\\/\",\"url\":\"https:\\\/\\\/nbcs.mx\\\/wp-content\\\/uploads\\\/2018\\\/09\\\/057b69485e93575a5c2b1c1dde2dd297.jpeg\",\"contentUrl\":\"https:\\\/\\\/nbcs.mx\\\/wp-content\\\/uploads\\\/2018\\\/09\\\/057b69485e93575a5c2b1c1dde2dd297.jpeg\",\"width\":64,\"height\":64,\"caption\":\"NBCS Noticias\"},\"image\":{\"@id\":\"https:\\\/\\\/nbcs.mx\\\/#\\\/schema\\\/logo\\\/image\\\/\"},\"sameAs\":[\"https:\\\/\\\/www.facebook.com\\\/NBCSnoticias\",\"https:\\\/\\\/x.com\\\/NBCSnoticias\"]},{\"@type\":\"Person\",\"@id\":\"https:\\\/\\\/nbcs.mx\\\/#\\\/schema\\\/person\\\/ece58bab9a7c1e87a4d28ec9ecd79ff4\",\"name\":\"NBCS Noticias\",\"image\":{\"@type\":\"ImageObject\",\"inLanguage\":\"es\",\"@id\":\"https:\\\/\\\/secure.gravatar.com\\\/avatar\\\/4e52110cad1c4054b43271a0d14bbe9e2ea76aecd0e1097edfc670798d9ca1d4?s=96&d=blank&r=g\",\"url\":\"https:\\\/\\\/secure.gravatar.com\\\/avatar\\\/4e52110cad1c4054b43271a0d14bbe9e2ea76aecd0e1097edfc670798d9ca1d4?s=96&d=blank&r=g\",\"contentUrl\":\"https:\\\/\\\/secure.gravatar.com\\\/avatar\\\/4e52110cad1c4054b43271a0d14bbe9e2ea76aecd0e1097edfc670798d9ca1d4?s=96&d=blank&r=g\",\"caption\":\"NBCS Noticias\"},\"description\":\"\u00bfTienes fotos o video de alg\u00fan acto de posible negligencia, corrupci\u00f3n y abuso de autoridad? M\u00e1ndalo al WhatsApp de NBCS Noticias: 612 141 98 08\",\"sameAs\":[\"https:\\\/\\\/www.nbcs.mx\",\"https:\\\/\\\/www.facebook.com\\\/NBCSnoticias\",\"https:\\\/\\\/www.instagram.com\\\/nbcsnoticias\\\/\",\"https:\\\/\\\/x.com\\\/https:\\\/\\\/twitter.com\\\/NBCSnoticias\"]}]}<\/script>\n<!-- \/ Yoast SEO plugin. -->","yoast_head_json":{"title":"Anuncia Milena Quiroga primera etapa del Programa Emergente de Reencarpetado en 14 vialidades - NBCS Noticias","robots":{"index":"index","follow":"follow","max-snippet":"max-snippet:-1","max-image-preview":"max-image-preview:large","max-video-preview":"max-video-preview:-1"},"canonical":"https:\/\/nbcs.mx\/?p=157050","og_locale":"es_ES","og_type":"article","og_title":"Anuncia Milena Quiroga primera etapa del Programa Emergente de Reencarpetado en 14 vialidades - NBCS Noticias","og_description":"En conferencia de prensa, la alcaldesa de La Paz, Milena Quiroga Romero, dio a conocer los detalles sobre el Programa","og_url":"https:\/\/nbcs.mx\/?p=157050","og_site_name":"NBCS Noticias","article_publisher":"https:\/\/www.facebook.com\/NBCSnoticias","article_author":"https:\/\/www.facebook.com\/NBCSnoticias","article_published_time":"2025-10-21T15:12:30+00:00","og_image":[{"width":1600,"height":1068,"url":"https:\/\/nbcs.mx\/wp-content\/uploads\/2025\/10\/Foto-Boletin-1214.jpeg","type":"image\/jpeg"}],"author":"NBCS Noticias","twitter_card":"summary_large_image","twitter_creator":"@https:\/\/twitter.com\/NBCSnoticias","twitter_site":"@NBCSnoticias","twitter_misc":{"Escrito por":"NBCS Noticias","Tiempo de lectura":"3 minutos"},"schema":{"@context":"https:\/\/schema.org","@graph":[{"@type":"Article","@id":"https:\/\/nbcs.mx\/?p=157050#article","isPartOf":{"@id":"https:\/\/nbcs.mx\/?p=157050"},"author":{"name":"NBCS Noticias","@id":"https:\/\/nbcs.mx\/#\/schema\/person\/ece58bab9a7c1e87a4d28ec9ecd79ff4"},"headline":"Anuncia Milena Quiroga primera etapa del Programa Emergente de Reencarpetado en 14 vialidades","datePublished":"2025-10-21T15:12:30+00:00","mainEntityOfPage":{"@id":"https:\/\/nbcs.mx\/?p=157050"},"wordCount":451,"commentCount":0,"publisher":{"@id":"https:\/\/nbcs.mx\/#organization"},"image":{"@id":"https:\/\/nbcs.mx\/?p=157050#primaryimage"},"thumbnailUrl":"https:\/\/nbcs.mx\/wp-content\/uploads\/2025\/10\/Foto-Boletin-1214.jpeg","articleSection":["Municipios"],"inLanguage":"es","potentialAction":[{"@type":"CommentAction","name":"Comment","target":["https:\/\/nbcs.mx\/?p=157050#respond"]}]},{"@type":"WebPage","@id":"https:\/\/nbcs.mx\/?p=157050","url":"https:\/\/nbcs.mx\/?p=157050","name":"Anuncia Milena Quiroga primera etapa del Programa Emergente de Reencarpetado en 14 vialidades - NBCS Noticias","isPartOf":{"@id":"https:\/\/nbcs.mx\/#website"},"primaryImageOfPage":{"@id":"https:\/\/nbcs.mx\/?p=157050#primaryimage"},"image":{"@id":"https:\/\/nbcs.mx\/?p=157050#primaryimage"},"thumbnailUrl":"https:\/\/nbcs.mx\/wp-content\/uploads\/2025\/10\/Foto-Boletin-1214.jpeg","datePublished":"2025-10-21T15:12:30+00:00","breadcrumb":{"@id":"https:\/\/nbcs.mx\/?p=157050#breadcrumb"},"inLanguage":"es","potentialAction":[{"@type":"ReadAction","target":["https:\/\/nbcs.mx\/?p=157050"]}]},{"@type":"ImageObject","inLanguage":"es","@id":"https:\/\/nbcs.mx\/?p=157050#primaryimage","url":"https:\/\/nbcs.mx\/wp-content\/uploads\/2025\/10\/Foto-Boletin-1214.jpeg","contentUrl":"https:\/\/nbcs.mx\/wp-content\/uploads\/2025\/10\/Foto-Boletin-1214.jpeg","width":1600,"height":1068},{"@type":"BreadcrumbList","@id":"https:\/\/nbcs.mx\/?p=157050#breadcrumb","itemListElement":[{"@type":"ListItem","position":1,"name":"Portada","item":"https:\/\/nbcs.mx\/"},{"@type":"ListItem","position":2,"name":"Anuncia Milena Quiroga primera etapa del Programa Emergente de Reencarpetado en 14 vialidades"}]},{"@type":"WebSite","@id":"https:\/\/nbcs.mx\/#website","url":"https:\/\/nbcs.mx\/","name":"NBCS Noticias","description":"Sitio web de noticias en Baja California Sur","publisher":{"@id":"https:\/\/nbcs.mx\/#organization"},"potentialAction":[{"@type":"SearchAction","target":{"@type":"EntryPoint","urlTemplate":"https:\/\/nbcs.mx\/?s={search_term_string}"},"query-input":{"@type":"PropertyValueSpecification","valueRequired":true,"valueName":"search_term_string"}}],"inLanguage":"es"},{"@type":"Organization","@id":"https:\/\/nbcs.mx\/#organization","name":"NBCS Noticias","url":"https:\/\/nbcs.mx\/","logo":{"@type":"ImageObject","inLanguage":"es","@id":"https:\/\/nbcs.mx\/#\/schema\/logo\/image\/","url":"https:\/\/nbcs.mx\/wp-content\/uploads\/2018\/09\/057b69485e93575a5c2b1c1dde2dd297.jpeg","contentUrl":"https:\/\/nbcs.mx\/wp-content\/uploads\/2018\/09\/057b69485e93575a5c2b1c1dde2dd297.jpeg","width":64,"height":64,"caption":"NBCS Noticias"},"image":{"@id":"https:\/\/nbcs.mx\/#\/schema\/logo\/image\/"},"sameAs":["https:\/\/www.facebook.com\/NBCSnoticias","https:\/\/x.com\/NBCSnoticias"]},{"@type":"Person","@id":"https:\/\/nbcs.mx\/#\/schema\/person\/ece58bab9a7c1e87a4d28ec9ecd79ff4","name":"NBCS Noticias","image":{"@type":"ImageObject","inLanguage":"es","@id":"https:\/\/secure.gravatar.com\/avatar\/4e52110cad1c4054b43271a0d14bbe9e2ea76aecd0e1097edfc670798d9ca1d4?s=96&d=blank&r=g","url":"https:\/\/secure.gravatar.com\/avatar\/4e52110cad1c4054b43271a0d14bbe9e2ea76aecd0e1097edfc670798d9ca1d4?s=96&d=blank&r=g","contentUrl":"https:\/\/secure.gravatar.com\/avatar\/4e52110cad1c4054b43271a0d14bbe9e2ea76aecd0e1097edfc670798d9ca1d4?s=96&d=blank&r=g","caption":"NBCS Noticias"},"description":"\u00bfTienes fotos o video de alg\u00fan acto de posible negligencia, corrupci\u00f3n y abuso de autoridad? M\u00e1ndalo al WhatsApp de NBCS Noticias: 612 141 98 08","sameAs":["https:\/\/www.nbcs.mx","https:\/\/www.facebook.com\/NBCSnoticias","https:\/\/www.instagram.com\/nbcsnoticias\/","https:\/\/x.com\/https:\/\/twitter.com\/NBCSnoticias"]}]}},"jetpack_publicize_connections":[],"jetpack_featured_media_url":"https:\/\/nbcs.mx\/wp-content\/uploads\/2025\/10\/Foto-Boletin-1214.jpeg","jetpack_sharing_enabled":true,"_links":{"self":[{"href":"https:\/\/nbcs.mx\/index.php?rest_route=\/wp\/v2\/posts\/157050","targetHints":{"allow":["GET"]}}],"collection":[{"href":"https:\/\/nbcs.mx\/index.php?rest_route=\/wp\/v2\/posts"}],"about":[{"href":"https:\/\/nbcs.mx\/index.php?rest_route=\/wp\/v2\/types\/post"}],"author":[{"embeddable":true,"href":"https:\/\/nbcs.mx\/index.php?rest_route=\/wp\/v2\/users\/1"}],"replies":[{"embeddable":true,"href":"https:\/\/nbcs.mx\/index.php?rest_route=%2Fwp%2Fv2%2Fcomments&post=157050"}],"version-history":[{"count":1,"href":"https:\/\/nbcs.mx\/index.php?rest_route=\/wp\/v2\/posts\/157050\/revisions"}],"predecessor-version":[{"id":157052,"href":"https:\/\/nbcs.mx\/index.php?rest_route=\/wp\/v2\/posts\/157050\/revisions\/157052"}],"wp:featuredmedia":[{"embeddable":true,"href":"https:\/\/nbcs.mx\/index.php?rest_route=\/wp\/v2\/media\/157051"}],"wp:attachment":[{"href":"https:\/\/nbcs.mx\/index.php?rest_route=%2Fwp%2Fv2%2Fmedia&parent=157050"}],"wp:term":[{"taxonomy":"category","embeddable":true,"href":"https:\/\/nbcs.mx\/index.php?rest_route=%2Fwp%2Fv2%2Fcategories&post=157050"},{"taxonomy":"post_tag","embeddable":true,"href":"https:\/\/nbcs.mx\/index.php?rest_route=%2Fwp%2Fv2%2Ftags&post=157050"}],"curies":[{"name":"wp","href":"https:\/\/api.w.org\/{rel}","templated":true}]}}