{"id":157151,"date":"2025-10-22T18:59:38","date_gmt":"2025-10-23T00:59:38","guid":{"rendered":"https:\/\/nbcs.mx\/?p=157151"},"modified":"2025-10-22T18:59:38","modified_gmt":"2025-10-23T00:59:38","slug":"victor-castro-anuncia-la-rehabilitacion-de-la-presa-san-javier-para-fortalecer-comunidades-rurales-de-loreto","status":"publish","type":"post","link":"https:\/\/nbcs.mx\/?p=157151","title":{"rendered":"V\u00edctor Castro anuncia la rehabilitaci\u00f3n de la presa \u201cSan Javier\u201d para fortalecer comunidades rurales de Loreto"},"content":{"rendered":"<p style=\"font-weight: 400; text-align: justify;\"><img loading=\"lazy\" decoding=\"async\" class=\" wp-image-157152 alignleft\" src=\"https:\/\/nbcs.mx\/wp-content\/uploads\/2025\/10\/FOTO2-BOLETIN-0383-VMCC-ANUNCIA-738x492.jpeg\" alt=\"\" width=\"417\" height=\"278\" srcset=\"https:\/\/nbcs.mx\/wp-content\/uploads\/2025\/10\/FOTO2-BOLETIN-0383-VMCC-ANUNCIA-738x492.jpeg 738w, https:\/\/nbcs.mx\/wp-content\/uploads\/2025\/10\/FOTO2-BOLETIN-0383-VMCC-ANUNCIA-1024x682.jpeg 1024w, https:\/\/nbcs.mx\/wp-content\/uploads\/2025\/10\/FOTO2-BOLETIN-0383-VMCC-ANUNCIA-150x100.jpeg 150w, https:\/\/nbcs.mx\/wp-content\/uploads\/2025\/10\/FOTO2-BOLETIN-0383-VMCC-ANUNCIA-768x512.jpeg 768w, https:\/\/nbcs.mx\/wp-content\/uploads\/2025\/10\/FOTO2-BOLETIN-0383-VMCC-ANUNCIA.jpeg 1280w\" sizes=\"auto, (max-width: 417px) 100vw, 417px\" \/>El gobernador del estado, V\u00edctor Manuel Castro Cos\u00edo, dio a conocer el inicio del proyecto de rehabilitaci\u00f3n de la presa \u201cSan Javier\u201d, en el municipio de Loreto, una acci\u00f3n estrat\u00e9gica que refuerza el compromiso del Gobierno del Estado con la conservaci\u00f3n del agua y el bienestar de las familias rurales de la zona.<\/p>\n<p style=\"font-weight: 400; text-align: justify;\">\n<p style=\"font-weight: 400; text-align: justify;\">Durante su visita, acompa\u00f1ado por la alcaldesa de Loreto, Paz del Alma Ochoa Amador; el titular de la Comisi\u00f3n Nacional del Agua en la entidad, Julio C\u00e9sar Villarreal Trasvi\u00f1a; y la directora general de la Comisi\u00f3n Estatal del Agua (CEA), Tatiana Davis Monz\u00f3n, el mandatario destac\u00f3 la importancia de garantizar un uso responsable del recurso h\u00eddrico, esencial para el consumo dom\u00e9stico, el riego de huertos familiares y la preservaci\u00f3n de la productividad y el equilibrio ambiental de la localidad.<\/p>\n<p style=\"font-weight: 400; text-align: justify;\">\n<p style=\"font-weight: 400; text-align: justify;\">Como parte de los compromisos anunciados, el Gobernador inform\u00f3 que se construir\u00e1 un dispensario m\u00e9dico que cubrir\u00e1 las necesidades b\u00e1sicas de las y los habitantes de San Javier.<\/p>\n<p style=\"font-weight: 400; text-align: justify;\">\n<p style=\"font-weight: 400; text-align: justify;\">En la comunidad de Agua Escondida, Castro Cos\u00edo entreg\u00f3 un tractor para apoyar a los productores locales y confirm\u00f3 la instalaci\u00f3n de una pila de almacenamiento de agua, asegurando el suministro en las situaciones de mayor demanda.<\/p>\n<p style=\"font-weight: 400; text-align: justify;\">\n<p style=\"font-weight: 400; text-align: justify;\">Durante su recorrido por la Planta de Tratamiento de Aguas Residuales de Loreto, V\u00edctor Castro Cos\u00edo constat\u00f3 que los trabajos avanzan conforme a lo programado y estar\u00e1n listos pr\u00f3ximamente.<\/p>\n<p style=\"font-weight: 400; text-align: justify;\">\n<p style=\"font-weight: 400; text-align: justify;\">La rehabilitaci\u00f3n de la presa y los proyectos asociados se llevan a cabo con recursos federales, estatales y municipales, mediante la coordinaci\u00f3n de CONAGUA, CEA y el Ayuntamiento de Loreto, con el objetivo de modernizar la infraestructura hidr\u00e1ulica del municipio y garantizar un desarrollo sostenible en la regi\u00f3n.<\/p>\n","protected":false},"excerpt":{"rendered":"<p>El gobernador del estado, V\u00edctor Manuel Castro Cos\u00edo, dio a conocer el inicio del proyecto de rehabilitaci\u00f3n de la presa<\/p>\n","protected":false},"author":1,"featured_media":157152,"comment_status":"open","ping_status":"closed","sticky":false,"template":"","format":"standard","meta":{"colormag_page_container_layout":"default_layout","colormag_page_sidebar_layout":"default_layout","_jetpack_memberships_contains_paid_content":false,"footnotes":"","jetpack_publicize_message":"","jetpack_publicize_feature_enabled":true,"jetpack_social_post_already_shared":true,"jetpack_social_options":{"image_generator_settings":{"template":"highway","default_image_id":0,"font":"","enabled":false},"version":2}},"categories":[1],"tags":[],"class_list":["post-157151","post","type-post","status-publish","format-standard","has-post-thumbnail","hentry","category-noticias"],"yoast_head":"<!-- This site is optimized with the Yoast SEO plugin v27.5 - https:\/\/yoast.com\/product\/yoast-seo-wordpress\/ -->\n<title>V\u00edctor Castro anuncia la rehabilitaci\u00f3n de la presa \u201cSan Javier\u201d para fortalecer comunidades rurales de Loreto - NBCS Noticias<\/title>\n<meta name=\"robots\" content=\"index, follow, max-snippet:-1, max-image-preview:large, max-video-preview:-1\" \/>\n<link rel=\"canonical\" href=\"https:\/\/nbcs.mx\/?p=157151\" \/>\n<meta property=\"og:locale\" content=\"es_ES\" \/>\n<meta property=\"og:type\" content=\"article\" \/>\n<meta property=\"og:title\" content=\"V\u00edctor Castro anuncia la rehabilitaci\u00f3n de la presa \u201cSan Javier\u201d para fortalecer comunidades rurales de Loreto - NBCS Noticias\" \/>\n<meta property=\"og:description\" content=\"El gobernador del estado, V\u00edctor Manuel Castro Cos\u00edo, dio a conocer el inicio del proyecto de rehabilitaci\u00f3n de la presa\" \/>\n<meta property=\"og:url\" content=\"https:\/\/nbcs.mx\/?p=157151\" \/>\n<meta property=\"og:site_name\" content=\"NBCS Noticias\" \/>\n<meta property=\"article:publisher\" content=\"https:\/\/www.facebook.com\/NBCSnoticias\" \/>\n<meta property=\"article:author\" content=\"https:\/\/www.facebook.com\/NBCSnoticias\" \/>\n<meta property=\"article:published_time\" content=\"2025-10-23T00:59:38+00:00\" \/>\n<meta property=\"og:image\" content=\"https:\/\/nbcs.mx\/wp-content\/uploads\/2025\/10\/FOTO2-BOLETIN-0383-VMCC-ANUNCIA.jpeg\" \/>\n\t<meta property=\"og:image:width\" content=\"1280\" \/>\n\t<meta property=\"og:image:height\" content=\"853\" \/>\n\t<meta property=\"og:image:type\" content=\"image\/jpeg\" \/>\n<meta name=\"author\" content=\"NBCS Noticias\" \/>\n<meta name=\"twitter:card\" content=\"summary_large_image\" \/>\n<meta name=\"twitter:creator\" content=\"@https:\/\/twitter.com\/NBCSnoticias\" \/>\n<meta name=\"twitter:site\" content=\"@NBCSnoticias\" \/>\n<meta name=\"twitter:label1\" content=\"Escrito por\" \/>\n\t<meta name=\"twitter:data1\" content=\"NBCS Noticias\" \/>\n\t<meta name=\"twitter:label2\" content=\"Tiempo de lectura\" \/>\n\t<meta name=\"twitter:data2\" content=\"2 minutos\" \/>\n<script type=\"application\/ld+json\" class=\"yoast-schema-graph\">{\"@context\":\"https:\\\/\\\/schema.org\",\"@graph\":[{\"@type\":\"Article\",\"@id\":\"https:\\\/\\\/nbcs.mx\\\/?p=157151#article\",\"isPartOf\":{\"@id\":\"https:\\\/\\\/nbcs.mx\\\/?p=157151\"},\"author\":{\"name\":\"NBCS Noticias\",\"@id\":\"https:\\\/\\\/nbcs.mx\\\/#\\\/schema\\\/person\\\/ece58bab9a7c1e87a4d28ec9ecd79ff4\"},\"headline\":\"V\u00edctor Castro anuncia la rehabilitaci\u00f3n de la presa \u201cSan Javier\u201d para fortalecer comunidades rurales de Loreto\",\"datePublished\":\"2025-10-23T00:59:38+00:00\",\"mainEntityOfPage\":{\"@id\":\"https:\\\/\\\/nbcs.mx\\\/?p=157151\"},\"wordCount\":319,\"commentCount\":0,\"publisher\":{\"@id\":\"https:\\\/\\\/nbcs.mx\\\/#organization\"},\"image\":{\"@id\":\"https:\\\/\\\/nbcs.mx\\\/?p=157151#primaryimage\"},\"thumbnailUrl\":\"https:\\\/\\\/nbcs.mx\\\/wp-content\\\/uploads\\\/2025\\\/10\\\/FOTO2-BOLETIN-0383-VMCC-ANUNCIA.jpeg\",\"articleSection\":[\"Noticias\"],\"inLanguage\":\"es\",\"potentialAction\":[{\"@type\":\"CommentAction\",\"name\":\"Comment\",\"target\":[\"https:\\\/\\\/nbcs.mx\\\/?p=157151#respond\"]}]},{\"@type\":\"WebPage\",\"@id\":\"https:\\\/\\\/nbcs.mx\\\/?p=157151\",\"url\":\"https:\\\/\\\/nbcs.mx\\\/?p=157151\",\"name\":\"V\u00edctor Castro anuncia la rehabilitaci\u00f3n de la presa \u201cSan Javier\u201d para fortalecer comunidades rurales de Loreto - NBCS Noticias\",\"isPartOf\":{\"@id\":\"https:\\\/\\\/nbcs.mx\\\/#website\"},\"primaryImageOfPage\":{\"@id\":\"https:\\\/\\\/nbcs.mx\\\/?p=157151#primaryimage\"},\"image\":{\"@id\":\"https:\\\/\\\/nbcs.mx\\\/?p=157151#primaryimage\"},\"thumbnailUrl\":\"https:\\\/\\\/nbcs.mx\\\/wp-content\\\/uploads\\\/2025\\\/10\\\/FOTO2-BOLETIN-0383-VMCC-ANUNCIA.jpeg\",\"datePublished\":\"2025-10-23T00:59:38+00:00\",\"breadcrumb\":{\"@id\":\"https:\\\/\\\/nbcs.mx\\\/?p=157151#breadcrumb\"},\"inLanguage\":\"es\",\"potentialAction\":[{\"@type\":\"ReadAction\",\"target\":[\"https:\\\/\\\/nbcs.mx\\\/?p=157151\"]}]},{\"@type\":\"ImageObject\",\"inLanguage\":\"es\",\"@id\":\"https:\\\/\\\/nbcs.mx\\\/?p=157151#primaryimage\",\"url\":\"https:\\\/\\\/nbcs.mx\\\/wp-content\\\/uploads\\\/2025\\\/10\\\/FOTO2-BOLETIN-0383-VMCC-ANUNCIA.jpeg\",\"contentUrl\":\"https:\\\/\\\/nbcs.mx\\\/wp-content\\\/uploads\\\/2025\\\/10\\\/FOTO2-BOLETIN-0383-VMCC-ANUNCIA.jpeg\",\"width\":1280,\"height\":853},{\"@type\":\"BreadcrumbList\",\"@id\":\"https:\\\/\\\/nbcs.mx\\\/?p=157151#breadcrumb\",\"itemListElement\":[{\"@type\":\"ListItem\",\"position\":1,\"name\":\"Portada\",\"item\":\"https:\\\/\\\/nbcs.mx\\\/\"},{\"@type\":\"ListItem\",\"position\":2,\"name\":\"V\u00edctor Castro anuncia la rehabilitaci\u00f3n de la presa \u201cSan Javier\u201d para fortalecer comunidades rurales de Loreto\"}]},{\"@type\":\"WebSite\",\"@id\":\"https:\\\/\\\/nbcs.mx\\\/#website\",\"url\":\"https:\\\/\\\/nbcs.mx\\\/\",\"name\":\"NBCS Noticias\",\"description\":\"Sitio web de noticias en Baja California Sur\",\"publisher\":{\"@id\":\"https:\\\/\\\/nbcs.mx\\\/#organization\"},\"potentialAction\":[{\"@type\":\"SearchAction\",\"target\":{\"@type\":\"EntryPoint\",\"urlTemplate\":\"https:\\\/\\\/nbcs.mx\\\/?s={search_term_string}\"},\"query-input\":{\"@type\":\"PropertyValueSpecification\",\"valueRequired\":true,\"valueName\":\"search_term_string\"}}],\"inLanguage\":\"es\"},{\"@type\":\"Organization\",\"@id\":\"https:\\\/\\\/nbcs.mx\\\/#organization\",\"name\":\"NBCS Noticias\",\"url\":\"https:\\\/\\\/nbcs.mx\\\/\",\"logo\":{\"@type\":\"ImageObject\",\"inLanguage\":\"es\",\"@id\":\"https:\\\/\\\/nbcs.mx\\\/#\\\/schema\\\/logo\\\/image\\\/\",\"url\":\"https:\\\/\\\/nbcs.mx\\\/wp-content\\\/uploads\\\/2018\\\/09\\\/057b69485e93575a5c2b1c1dde2dd297.jpeg\",\"contentUrl\":\"https:\\\/\\\/nbcs.mx\\\/wp-content\\\/uploads\\\/2018\\\/09\\\/057b69485e93575a5c2b1c1dde2dd297.jpeg\",\"width\":64,\"height\":64,\"caption\":\"NBCS Noticias\"},\"image\":{\"@id\":\"https:\\\/\\\/nbcs.mx\\\/#\\\/schema\\\/logo\\\/image\\\/\"},\"sameAs\":[\"https:\\\/\\\/www.facebook.com\\\/NBCSnoticias\",\"https:\\\/\\\/x.com\\\/NBCSnoticias\"]},{\"@type\":\"Person\",\"@id\":\"https:\\\/\\\/nbcs.mx\\\/#\\\/schema\\\/person\\\/ece58bab9a7c1e87a4d28ec9ecd79ff4\",\"name\":\"NBCS Noticias\",\"image\":{\"@type\":\"ImageObject\",\"inLanguage\":\"es\",\"@id\":\"https:\\\/\\\/secure.gravatar.com\\\/avatar\\\/4e52110cad1c4054b43271a0d14bbe9e2ea76aecd0e1097edfc670798d9ca1d4?s=96&d=blank&r=g\",\"url\":\"https:\\\/\\\/secure.gravatar.com\\\/avatar\\\/4e52110cad1c4054b43271a0d14bbe9e2ea76aecd0e1097edfc670798d9ca1d4?s=96&d=blank&r=g\",\"contentUrl\":\"https:\\\/\\\/secure.gravatar.com\\\/avatar\\\/4e52110cad1c4054b43271a0d14bbe9e2ea76aecd0e1097edfc670798d9ca1d4?s=96&d=blank&r=g\",\"caption\":\"NBCS Noticias\"},\"description\":\"\u00bfTienes fotos o video de alg\u00fan acto de posible negligencia, corrupci\u00f3n y abuso de autoridad? M\u00e1ndalo al WhatsApp de NBCS Noticias: 612 141 98 08\",\"sameAs\":[\"https:\\\/\\\/www.nbcs.mx\",\"https:\\\/\\\/www.facebook.com\\\/NBCSnoticias\",\"https:\\\/\\\/www.instagram.com\\\/nbcsnoticias\\\/\",\"https:\\\/\\\/x.com\\\/https:\\\/\\\/twitter.com\\\/NBCSnoticias\"]}]}<\/script>\n<!-- \/ Yoast SEO plugin. -->","yoast_head_json":{"title":"V\u00edctor Castro anuncia la rehabilitaci\u00f3n de la presa \u201cSan Javier\u201d para fortalecer comunidades rurales de Loreto - NBCS Noticias","robots":{"index":"index","follow":"follow","max-snippet":"max-snippet:-1","max-image-preview":"max-image-preview:large","max-video-preview":"max-video-preview:-1"},"canonical":"https:\/\/nbcs.mx\/?p=157151","og_locale":"es_ES","og_type":"article","og_title":"V\u00edctor Castro anuncia la rehabilitaci\u00f3n de la presa \u201cSan Javier\u201d para fortalecer comunidades rurales de Loreto - NBCS Noticias","og_description":"El gobernador del estado, V\u00edctor Manuel Castro Cos\u00edo, dio a conocer el inicio del proyecto de rehabilitaci\u00f3n de la presa","og_url":"https:\/\/nbcs.mx\/?p=157151","og_site_name":"NBCS Noticias","article_publisher":"https:\/\/www.facebook.com\/NBCSnoticias","article_author":"https:\/\/www.facebook.com\/NBCSnoticias","article_published_time":"2025-10-23T00:59:38+00:00","og_image":[{"width":1280,"height":853,"url":"https:\/\/nbcs.mx\/wp-content\/uploads\/2025\/10\/FOTO2-BOLETIN-0383-VMCC-ANUNCIA.jpeg","type":"image\/jpeg"}],"author":"NBCS Noticias","twitter_card":"summary_large_image","twitter_creator":"@https:\/\/twitter.com\/NBCSnoticias","twitter_site":"@NBCSnoticias","twitter_misc":{"Escrito por":"NBCS Noticias","Tiempo de lectura":"2 minutos"},"schema":{"@context":"https:\/\/schema.org","@graph":[{"@type":"Article","@id":"https:\/\/nbcs.mx\/?p=157151#article","isPartOf":{"@id":"https:\/\/nbcs.mx\/?p=157151"},"author":{"name":"NBCS Noticias","@id":"https:\/\/nbcs.mx\/#\/schema\/person\/ece58bab9a7c1e87a4d28ec9ecd79ff4"},"headline":"V\u00edctor Castro anuncia la rehabilitaci\u00f3n de la presa \u201cSan Javier\u201d para fortalecer comunidades rurales de Loreto","datePublished":"2025-10-23T00:59:38+00:00","mainEntityOfPage":{"@id":"https:\/\/nbcs.mx\/?p=157151"},"wordCount":319,"commentCount":0,"publisher":{"@id":"https:\/\/nbcs.mx\/#organization"},"image":{"@id":"https:\/\/nbcs.mx\/?p=157151#primaryimage"},"thumbnailUrl":"https:\/\/nbcs.mx\/wp-content\/uploads\/2025\/10\/FOTO2-BOLETIN-0383-VMCC-ANUNCIA.jpeg","articleSection":["Noticias"],"inLanguage":"es","potentialAction":[{"@type":"CommentAction","name":"Comment","target":["https:\/\/nbcs.mx\/?p=157151#respond"]}]},{"@type":"WebPage","@id":"https:\/\/nbcs.mx\/?p=157151","url":"https:\/\/nbcs.mx\/?p=157151","name":"V\u00edctor Castro anuncia la rehabilitaci\u00f3n de la presa \u201cSan Javier\u201d para fortalecer comunidades rurales de Loreto - NBCS Noticias","isPartOf":{"@id":"https:\/\/nbcs.mx\/#website"},"primaryImageOfPage":{"@id":"https:\/\/nbcs.mx\/?p=157151#primaryimage"},"image":{"@id":"https:\/\/nbcs.mx\/?p=157151#primaryimage"},"thumbnailUrl":"https:\/\/nbcs.mx\/wp-content\/uploads\/2025\/10\/FOTO2-BOLETIN-0383-VMCC-ANUNCIA.jpeg","datePublished":"2025-10-23T00:59:38+00:00","breadcrumb":{"@id":"https:\/\/nbcs.mx\/?p=157151#breadcrumb"},"inLanguage":"es","potentialAction":[{"@type":"ReadAction","target":["https:\/\/nbcs.mx\/?p=157151"]}]},{"@type":"ImageObject","inLanguage":"es","@id":"https:\/\/nbcs.mx\/?p=157151#primaryimage","url":"https:\/\/nbcs.mx\/wp-content\/uploads\/2025\/10\/FOTO2-BOLETIN-0383-VMCC-ANUNCIA.jpeg","contentUrl":"https:\/\/nbcs.mx\/wp-content\/uploads\/2025\/10\/FOTO2-BOLETIN-0383-VMCC-ANUNCIA.jpeg","width":1280,"height":853},{"@type":"BreadcrumbList","@id":"https:\/\/nbcs.mx\/?p=157151#breadcrumb","itemListElement":[{"@type":"ListItem","position":1,"name":"Portada","item":"https:\/\/nbcs.mx\/"},{"@type":"ListItem","position":2,"name":"V\u00edctor Castro anuncia la rehabilitaci\u00f3n de la presa \u201cSan Javier\u201d para fortalecer comunidades rurales de Loreto"}]},{"@type":"WebSite","@id":"https:\/\/nbcs.mx\/#website","url":"https:\/\/nbcs.mx\/","name":"NBCS Noticias","description":"Sitio web de noticias en Baja California Sur","publisher":{"@id":"https:\/\/nbcs.mx\/#organization"},"potentialAction":[{"@type":"SearchAction","target":{"@type":"EntryPoint","urlTemplate":"https:\/\/nbcs.mx\/?s={search_term_string}"},"query-input":{"@type":"PropertyValueSpecification","valueRequired":true,"valueName":"search_term_string"}}],"inLanguage":"es"},{"@type":"Organization","@id":"https:\/\/nbcs.mx\/#organization","name":"NBCS Noticias","url":"https:\/\/nbcs.mx\/","logo":{"@type":"ImageObject","inLanguage":"es","@id":"https:\/\/nbcs.mx\/#\/schema\/logo\/image\/","url":"https:\/\/nbcs.mx\/wp-content\/uploads\/2018\/09\/057b69485e93575a5c2b1c1dde2dd297.jpeg","contentUrl":"https:\/\/nbcs.mx\/wp-content\/uploads\/2018\/09\/057b69485e93575a5c2b1c1dde2dd297.jpeg","width":64,"height":64,"caption":"NBCS Noticias"},"image":{"@id":"https:\/\/nbcs.mx\/#\/schema\/logo\/image\/"},"sameAs":["https:\/\/www.facebook.com\/NBCSnoticias","https:\/\/x.com\/NBCSnoticias"]},{"@type":"Person","@id":"https:\/\/nbcs.mx\/#\/schema\/person\/ece58bab9a7c1e87a4d28ec9ecd79ff4","name":"NBCS Noticias","image":{"@type":"ImageObject","inLanguage":"es","@id":"https:\/\/secure.gravatar.com\/avatar\/4e52110cad1c4054b43271a0d14bbe9e2ea76aecd0e1097edfc670798d9ca1d4?s=96&d=blank&r=g","url":"https:\/\/secure.gravatar.com\/avatar\/4e52110cad1c4054b43271a0d14bbe9e2ea76aecd0e1097edfc670798d9ca1d4?s=96&d=blank&r=g","contentUrl":"https:\/\/secure.gravatar.com\/avatar\/4e52110cad1c4054b43271a0d14bbe9e2ea76aecd0e1097edfc670798d9ca1d4?s=96&d=blank&r=g","caption":"NBCS Noticias"},"description":"\u00bfTienes fotos o video de alg\u00fan acto de posible negligencia, corrupci\u00f3n y abuso de autoridad? M\u00e1ndalo al WhatsApp de NBCS Noticias: 612 141 98 08","sameAs":["https:\/\/www.nbcs.mx","https:\/\/www.facebook.com\/NBCSnoticias","https:\/\/www.instagram.com\/nbcsnoticias\/","https:\/\/x.com\/https:\/\/twitter.com\/NBCSnoticias"]}]}},"jetpack_publicize_connections":[],"jetpack_featured_media_url":"https:\/\/nbcs.mx\/wp-content\/uploads\/2025\/10\/FOTO2-BOLETIN-0383-VMCC-ANUNCIA.jpeg","jetpack_sharing_enabled":true,"_links":{"self":[{"href":"https:\/\/nbcs.mx\/index.php?rest_route=\/wp\/v2\/posts\/157151","targetHints":{"allow":["GET"]}}],"collection":[{"href":"https:\/\/nbcs.mx\/index.php?rest_route=\/wp\/v2\/posts"}],"about":[{"href":"https:\/\/nbcs.mx\/index.php?rest_route=\/wp\/v2\/types\/post"}],"author":[{"embeddable":true,"href":"https:\/\/nbcs.mx\/index.php?rest_route=\/wp\/v2\/users\/1"}],"replies":[{"embeddable":true,"href":"https:\/\/nbcs.mx\/index.php?rest_route=%2Fwp%2Fv2%2Fcomments&post=157151"}],"version-history":[{"count":1,"href":"https:\/\/nbcs.mx\/index.php?rest_route=\/wp\/v2\/posts\/157151\/revisions"}],"predecessor-version":[{"id":157153,"href":"https:\/\/nbcs.mx\/index.php?rest_route=\/wp\/v2\/posts\/157151\/revisions\/157153"}],"wp:featuredmedia":[{"embeddable":true,"href":"https:\/\/nbcs.mx\/index.php?rest_route=\/wp\/v2\/media\/157152"}],"wp:attachment":[{"href":"https:\/\/nbcs.mx\/index.php?rest_route=%2Fwp%2Fv2%2Fmedia&parent=157151"}],"wp:term":[{"taxonomy":"category","embeddable":true,"href":"https:\/\/nbcs.mx\/index.php?rest_route=%2Fwp%2Fv2%2Fcategories&post=157151"},{"taxonomy":"post_tag","embeddable":true,"href":"https:\/\/nbcs.mx\/index.php?rest_route=%2Fwp%2Fv2%2Ftags&post=157151"}],"curies":[{"name":"wp","href":"https:\/\/api.w.org\/{rel}","templated":true}]}}