{"id":157183,"date":"2025-10-23T22:46:46","date_gmt":"2025-10-24T04:46:46","guid":{"rendered":"https:\/\/nbcs.mx\/?p=157183"},"modified":"2025-10-23T22:46:46","modified_gmt":"2025-10-24T04:46:46","slug":"resalta-castro-cosio-la-contribucion-de-medicas-y-medicos-al-fortalecimiento-del-sistema-de-salud-en-bcs","status":"publish","type":"post","link":"https:\/\/nbcs.mx\/?p=157183","title":{"rendered":"Resalta Castro Cos\u00edo la contribuci\u00f3n de m\u00e9dicas y m\u00e9dicos al fortalecimiento del sistema de salud en BCS"},"content":{"rendered":"<p style=\"font-weight: 400; text-align: justify;\"><img loading=\"lazy\" decoding=\"async\" class=\" wp-image-157184 alignleft\" src=\"https:\/\/nbcs.mx\/wp-content\/uploads\/2025\/10\/FOTO1-BOLETIN-0384-VMCC-RESALTA-738x492.jpg\" alt=\"\" width=\"377\" height=\"251\" srcset=\"https:\/\/nbcs.mx\/wp-content\/uploads\/2025\/10\/FOTO1-BOLETIN-0384-VMCC-RESALTA-738x492.jpg 738w, https:\/\/nbcs.mx\/wp-content\/uploads\/2025\/10\/FOTO1-BOLETIN-0384-VMCC-RESALTA-1024x682.jpg 1024w, https:\/\/nbcs.mx\/wp-content\/uploads\/2025\/10\/FOTO1-BOLETIN-0384-VMCC-RESALTA-150x100.jpg 150w, https:\/\/nbcs.mx\/wp-content\/uploads\/2025\/10\/FOTO1-BOLETIN-0384-VMCC-RESALTA-768x512.jpg 768w, https:\/\/nbcs.mx\/wp-content\/uploads\/2025\/10\/FOTO1-BOLETIN-0384-VMCC-RESALTA.jpg 1280w\" sizes=\"auto, (max-width: 377px) 100vw, 377px\" \/>En el marco del D\u00eda de la M\u00e9dica y el M\u00e9dico, el gobernador V\u00edctor Manuel Castro Cos\u00edo destac\u00f3 la dedicaci\u00f3n y entrega de las y los profesionales de la salud de Baja California Sur al fortalecimiento del sistema estatal, expres\u00e1ndoles su m\u00e1s amplio agradecimiento por su vocaci\u00f3n de servicio y compromiso con el bienestar de la poblaci\u00f3n.<\/p>\n<p style=\"font-weight: 400; text-align: justify;\">\n<p style=\"font-weight: 400; text-align: justify;\">Durante el encuentro con personal m\u00e9dico realizado en el Centro de Convenciones de La Paz, el mandatario subray\u00f3 que la labor de quienes conforman la comunidad m\u00e9dica representa uno de los mayores ejemplos de servicio y humanidad. \u201cSu esfuerzo diario ha permitido que nuestras comunidades gocen hoy de una mejor calidad de vida, de una esperanza que hace apenas dos d\u00e9cadas parec\u00eda lejana\u201d, se\u00f1al\u00f3.<\/p>\n<p style=\"font-weight: 400; text-align: justify;\">\n<p style=\"font-weight: 400; text-align: justify;\">Castro Cos\u00edo enfatiz\u00f3 que esta conmemoraci\u00f3n tambi\u00e9n es una oportunidad para renovar el compromiso del Gobierno del Estado con el fortalecimiento del sistema de salud p\u00fablica. \u201cLa salud es un derecho, y ustedes son quienes lo hacen posible cada d\u00eda con su conocimiento, su dedicaci\u00f3n y su vocaci\u00f3n de servicio a la salud\u201d, expres\u00f3.<\/p>\n<p style=\"font-weight: 400; text-align: justify;\">\n<p style=\"font-weight: 400; text-align: justify;\">Asimismo, convoc\u00f3 a las y los profesionales de la medicina a continuar construyendo, junto con las instituciones de gobierno, una ruta integral que permita enfrentar los principales retos en la atenci\u00f3n sanitaria, como el c\u00e1ncer de mama y otras enfermedades que requieren atenci\u00f3n permanente.<\/p>\n<p style=\"font-weight: 400; text-align: justify;\">\n<p style=\"font-weight: 400; text-align: justify;\">Por su parte, la secretaria de Salud, Ana Luisa Guluarte Castro, hizo \u00e9nfasis en que el D\u00eda de la M\u00e9dica y el M\u00e9dico es una expresi\u00f3n de gratitud hacia quienes son el coraz\u00f3n del sistema de salud. \u201cHoy celebramos su entrega, su valent\u00eda y su vocaci\u00f3n de servicio, dedicados a proteger la vida y el bienestar de la poblaci\u00f3n\u201d, puntualiz\u00f3.<\/p>\n<p style=\"font-weight: 400; text-align: justify;\">\n<p style=\"font-weight: 400; text-align: justify;\">Al concluir el evento, se ofreci\u00f3 un desayuno a las y los doctores asistentes, representantes de diversas instituciones de salud, adem\u00e1s de llevar a cabo una rifa de obsequios como muestra de reconocimiento por su noble labor.<\/p>\n<p style=\"font-weight: 400; text-align: justify;\">\n","protected":false},"excerpt":{"rendered":"<p>En el marco del D\u00eda de la M\u00e9dica y el M\u00e9dico, el gobernador V\u00edctor Manuel Castro Cos\u00edo destac\u00f3 la dedicaci\u00f3n<\/p>\n","protected":false},"author":1,"featured_media":157184,"comment_status":"open","ping_status":"closed","sticky":false,"template":"","format":"standard","meta":{"colormag_page_container_layout":"default_layout","colormag_page_sidebar_layout":"default_layout","_jetpack_memberships_contains_paid_content":false,"footnotes":"","jetpack_publicize_message":"","jetpack_publicize_feature_enabled":true,"jetpack_social_post_already_shared":true,"jetpack_social_options":{"image_generator_settings":{"template":"highway","default_image_id":0,"font":"","enabled":false},"version":2}},"categories":[1],"tags":[],"class_list":["post-157183","post","type-post","status-publish","format-standard","has-post-thumbnail","hentry","category-noticias"],"yoast_head":"<!-- This site is optimized with the Yoast SEO plugin v27.5 - https:\/\/yoast.com\/product\/yoast-seo-wordpress\/ -->\n<title>Resalta Castro Cos\u00edo la contribuci\u00f3n de m\u00e9dicas y m\u00e9dicos al fortalecimiento del sistema de salud en BCS - NBCS Noticias<\/title>\n<meta name=\"robots\" content=\"index, follow, max-snippet:-1, max-image-preview:large, max-video-preview:-1\" \/>\n<link rel=\"canonical\" href=\"https:\/\/nbcs.mx\/?p=157183\" \/>\n<meta property=\"og:locale\" content=\"es_ES\" \/>\n<meta property=\"og:type\" content=\"article\" \/>\n<meta property=\"og:title\" content=\"Resalta Castro Cos\u00edo la contribuci\u00f3n de m\u00e9dicas y m\u00e9dicos al fortalecimiento del sistema de salud en BCS - NBCS Noticias\" \/>\n<meta property=\"og:description\" content=\"En el marco del D\u00eda de la M\u00e9dica y el M\u00e9dico, el gobernador V\u00edctor Manuel Castro Cos\u00edo destac\u00f3 la dedicaci\u00f3n\" \/>\n<meta property=\"og:url\" content=\"https:\/\/nbcs.mx\/?p=157183\" \/>\n<meta property=\"og:site_name\" content=\"NBCS Noticias\" \/>\n<meta property=\"article:publisher\" content=\"https:\/\/www.facebook.com\/NBCSnoticias\" \/>\n<meta property=\"article:author\" content=\"https:\/\/www.facebook.com\/NBCSnoticias\" \/>\n<meta property=\"article:published_time\" content=\"2025-10-24T04:46:46+00:00\" \/>\n<meta property=\"og:image\" content=\"https:\/\/nbcs.mx\/wp-content\/uploads\/2025\/10\/FOTO1-BOLETIN-0384-VMCC-RESALTA.jpg\" \/>\n\t<meta property=\"og:image:width\" content=\"1280\" \/>\n\t<meta property=\"og:image:height\" content=\"853\" \/>\n\t<meta property=\"og:image:type\" content=\"image\/jpeg\" \/>\n<meta name=\"author\" content=\"NBCS Noticias\" \/>\n<meta name=\"twitter:card\" content=\"summary_large_image\" \/>\n<meta name=\"twitter:creator\" content=\"@https:\/\/twitter.com\/NBCSnoticias\" \/>\n<meta name=\"twitter:site\" content=\"@NBCSnoticias\" \/>\n<meta name=\"twitter:label1\" content=\"Escrito por\" \/>\n\t<meta name=\"twitter:data1\" content=\"NBCS Noticias\" \/>\n\t<meta name=\"twitter:label2\" content=\"Tiempo de lectura\" \/>\n\t<meta name=\"twitter:data2\" content=\"2 minutos\" \/>\n<script type=\"application\/ld+json\" class=\"yoast-schema-graph\">{\"@context\":\"https:\\\/\\\/schema.org\",\"@graph\":[{\"@type\":\"Article\",\"@id\":\"https:\\\/\\\/nbcs.mx\\\/?p=157183#article\",\"isPartOf\":{\"@id\":\"https:\\\/\\\/nbcs.mx\\\/?p=157183\"},\"author\":{\"name\":\"NBCS Noticias\",\"@id\":\"https:\\\/\\\/nbcs.mx\\\/#\\\/schema\\\/person\\\/ece58bab9a7c1e87a4d28ec9ecd79ff4\"},\"headline\":\"Resalta Castro Cos\u00edo la contribuci\u00f3n de m\u00e9dicas y m\u00e9dicos al fortalecimiento del sistema de salud en BCS\",\"datePublished\":\"2025-10-24T04:46:46+00:00\",\"mainEntityOfPage\":{\"@id\":\"https:\\\/\\\/nbcs.mx\\\/?p=157183\"},\"wordCount\":371,\"commentCount\":0,\"publisher\":{\"@id\":\"https:\\\/\\\/nbcs.mx\\\/#organization\"},\"image\":{\"@id\":\"https:\\\/\\\/nbcs.mx\\\/?p=157183#primaryimage\"},\"thumbnailUrl\":\"https:\\\/\\\/nbcs.mx\\\/wp-content\\\/uploads\\\/2025\\\/10\\\/FOTO1-BOLETIN-0384-VMCC-RESALTA.jpg\",\"articleSection\":[\"Noticias\"],\"inLanguage\":\"es\",\"potentialAction\":[{\"@type\":\"CommentAction\",\"name\":\"Comment\",\"target\":[\"https:\\\/\\\/nbcs.mx\\\/?p=157183#respond\"]}]},{\"@type\":\"WebPage\",\"@id\":\"https:\\\/\\\/nbcs.mx\\\/?p=157183\",\"url\":\"https:\\\/\\\/nbcs.mx\\\/?p=157183\",\"name\":\"Resalta Castro Cos\u00edo la contribuci\u00f3n de m\u00e9dicas y m\u00e9dicos al fortalecimiento del sistema de salud en BCS - NBCS Noticias\",\"isPartOf\":{\"@id\":\"https:\\\/\\\/nbcs.mx\\\/#website\"},\"primaryImageOfPage\":{\"@id\":\"https:\\\/\\\/nbcs.mx\\\/?p=157183#primaryimage\"},\"image\":{\"@id\":\"https:\\\/\\\/nbcs.mx\\\/?p=157183#primaryimage\"},\"thumbnailUrl\":\"https:\\\/\\\/nbcs.mx\\\/wp-content\\\/uploads\\\/2025\\\/10\\\/FOTO1-BOLETIN-0384-VMCC-RESALTA.jpg\",\"datePublished\":\"2025-10-24T04:46:46+00:00\",\"breadcrumb\":{\"@id\":\"https:\\\/\\\/nbcs.mx\\\/?p=157183#breadcrumb\"},\"inLanguage\":\"es\",\"potentialAction\":[{\"@type\":\"ReadAction\",\"target\":[\"https:\\\/\\\/nbcs.mx\\\/?p=157183\"]}]},{\"@type\":\"ImageObject\",\"inLanguage\":\"es\",\"@id\":\"https:\\\/\\\/nbcs.mx\\\/?p=157183#primaryimage\",\"url\":\"https:\\\/\\\/nbcs.mx\\\/wp-content\\\/uploads\\\/2025\\\/10\\\/FOTO1-BOLETIN-0384-VMCC-RESALTA.jpg\",\"contentUrl\":\"https:\\\/\\\/nbcs.mx\\\/wp-content\\\/uploads\\\/2025\\\/10\\\/FOTO1-BOLETIN-0384-VMCC-RESALTA.jpg\",\"width\":1280,\"height\":853},{\"@type\":\"BreadcrumbList\",\"@id\":\"https:\\\/\\\/nbcs.mx\\\/?p=157183#breadcrumb\",\"itemListElement\":[{\"@type\":\"ListItem\",\"position\":1,\"name\":\"Portada\",\"item\":\"https:\\\/\\\/nbcs.mx\\\/\"},{\"@type\":\"ListItem\",\"position\":2,\"name\":\"Resalta Castro Cos\u00edo la contribuci\u00f3n de m\u00e9dicas y m\u00e9dicos al fortalecimiento del sistema de salud en BCS\"}]},{\"@type\":\"WebSite\",\"@id\":\"https:\\\/\\\/nbcs.mx\\\/#website\",\"url\":\"https:\\\/\\\/nbcs.mx\\\/\",\"name\":\"NBCS Noticias\",\"description\":\"Sitio web de noticias en Baja California Sur\",\"publisher\":{\"@id\":\"https:\\\/\\\/nbcs.mx\\\/#organization\"},\"potentialAction\":[{\"@type\":\"SearchAction\",\"target\":{\"@type\":\"EntryPoint\",\"urlTemplate\":\"https:\\\/\\\/nbcs.mx\\\/?s={search_term_string}\"},\"query-input\":{\"@type\":\"PropertyValueSpecification\",\"valueRequired\":true,\"valueName\":\"search_term_string\"}}],\"inLanguage\":\"es\"},{\"@type\":\"Organization\",\"@id\":\"https:\\\/\\\/nbcs.mx\\\/#organization\",\"name\":\"NBCS Noticias\",\"url\":\"https:\\\/\\\/nbcs.mx\\\/\",\"logo\":{\"@type\":\"ImageObject\",\"inLanguage\":\"es\",\"@id\":\"https:\\\/\\\/nbcs.mx\\\/#\\\/schema\\\/logo\\\/image\\\/\",\"url\":\"https:\\\/\\\/nbcs.mx\\\/wp-content\\\/uploads\\\/2018\\\/09\\\/057b69485e93575a5c2b1c1dde2dd297.jpeg\",\"contentUrl\":\"https:\\\/\\\/nbcs.mx\\\/wp-content\\\/uploads\\\/2018\\\/09\\\/057b69485e93575a5c2b1c1dde2dd297.jpeg\",\"width\":64,\"height\":64,\"caption\":\"NBCS Noticias\"},\"image\":{\"@id\":\"https:\\\/\\\/nbcs.mx\\\/#\\\/schema\\\/logo\\\/image\\\/\"},\"sameAs\":[\"https:\\\/\\\/www.facebook.com\\\/NBCSnoticias\",\"https:\\\/\\\/x.com\\\/NBCSnoticias\"]},{\"@type\":\"Person\",\"@id\":\"https:\\\/\\\/nbcs.mx\\\/#\\\/schema\\\/person\\\/ece58bab9a7c1e87a4d28ec9ecd79ff4\",\"name\":\"NBCS Noticias\",\"image\":{\"@type\":\"ImageObject\",\"inLanguage\":\"es\",\"@id\":\"https:\\\/\\\/secure.gravatar.com\\\/avatar\\\/4e52110cad1c4054b43271a0d14bbe9e2ea76aecd0e1097edfc670798d9ca1d4?s=96&d=blank&r=g\",\"url\":\"https:\\\/\\\/secure.gravatar.com\\\/avatar\\\/4e52110cad1c4054b43271a0d14bbe9e2ea76aecd0e1097edfc670798d9ca1d4?s=96&d=blank&r=g\",\"contentUrl\":\"https:\\\/\\\/secure.gravatar.com\\\/avatar\\\/4e52110cad1c4054b43271a0d14bbe9e2ea76aecd0e1097edfc670798d9ca1d4?s=96&d=blank&r=g\",\"caption\":\"NBCS Noticias\"},\"description\":\"\u00bfTienes fotos o video de alg\u00fan acto de posible negligencia, corrupci\u00f3n y abuso de autoridad? M\u00e1ndalo al WhatsApp de NBCS Noticias: 612 141 98 08\",\"sameAs\":[\"https:\\\/\\\/www.nbcs.mx\",\"https:\\\/\\\/www.facebook.com\\\/NBCSnoticias\",\"https:\\\/\\\/www.instagram.com\\\/nbcsnoticias\\\/\",\"https:\\\/\\\/x.com\\\/https:\\\/\\\/twitter.com\\\/NBCSnoticias\"]}]}<\/script>\n<!-- \/ Yoast SEO plugin. -->","yoast_head_json":{"title":"Resalta Castro Cos\u00edo la contribuci\u00f3n de m\u00e9dicas y m\u00e9dicos al fortalecimiento del sistema de salud en BCS - NBCS Noticias","robots":{"index":"index","follow":"follow","max-snippet":"max-snippet:-1","max-image-preview":"max-image-preview:large","max-video-preview":"max-video-preview:-1"},"canonical":"https:\/\/nbcs.mx\/?p=157183","og_locale":"es_ES","og_type":"article","og_title":"Resalta Castro Cos\u00edo la contribuci\u00f3n de m\u00e9dicas y m\u00e9dicos al fortalecimiento del sistema de salud en BCS - NBCS Noticias","og_description":"En el marco del D\u00eda de la M\u00e9dica y el M\u00e9dico, el gobernador V\u00edctor Manuel Castro Cos\u00edo destac\u00f3 la dedicaci\u00f3n","og_url":"https:\/\/nbcs.mx\/?p=157183","og_site_name":"NBCS Noticias","article_publisher":"https:\/\/www.facebook.com\/NBCSnoticias","article_author":"https:\/\/www.facebook.com\/NBCSnoticias","article_published_time":"2025-10-24T04:46:46+00:00","og_image":[{"width":1280,"height":853,"url":"https:\/\/nbcs.mx\/wp-content\/uploads\/2025\/10\/FOTO1-BOLETIN-0384-VMCC-RESALTA.jpg","type":"image\/jpeg"}],"author":"NBCS Noticias","twitter_card":"summary_large_image","twitter_creator":"@https:\/\/twitter.com\/NBCSnoticias","twitter_site":"@NBCSnoticias","twitter_misc":{"Escrito por":"NBCS Noticias","Tiempo de lectura":"2 minutos"},"schema":{"@context":"https:\/\/schema.org","@graph":[{"@type":"Article","@id":"https:\/\/nbcs.mx\/?p=157183#article","isPartOf":{"@id":"https:\/\/nbcs.mx\/?p=157183"},"author":{"name":"NBCS Noticias","@id":"https:\/\/nbcs.mx\/#\/schema\/person\/ece58bab9a7c1e87a4d28ec9ecd79ff4"},"headline":"Resalta Castro Cos\u00edo la contribuci\u00f3n de m\u00e9dicas y m\u00e9dicos al fortalecimiento del sistema de salud en BCS","datePublished":"2025-10-24T04:46:46+00:00","mainEntityOfPage":{"@id":"https:\/\/nbcs.mx\/?p=157183"},"wordCount":371,"commentCount":0,"publisher":{"@id":"https:\/\/nbcs.mx\/#organization"},"image":{"@id":"https:\/\/nbcs.mx\/?p=157183#primaryimage"},"thumbnailUrl":"https:\/\/nbcs.mx\/wp-content\/uploads\/2025\/10\/FOTO1-BOLETIN-0384-VMCC-RESALTA.jpg","articleSection":["Noticias"],"inLanguage":"es","potentialAction":[{"@type":"CommentAction","name":"Comment","target":["https:\/\/nbcs.mx\/?p=157183#respond"]}]},{"@type":"WebPage","@id":"https:\/\/nbcs.mx\/?p=157183","url":"https:\/\/nbcs.mx\/?p=157183","name":"Resalta Castro Cos\u00edo la contribuci\u00f3n de m\u00e9dicas y m\u00e9dicos al fortalecimiento del sistema de salud en BCS - NBCS Noticias","isPartOf":{"@id":"https:\/\/nbcs.mx\/#website"},"primaryImageOfPage":{"@id":"https:\/\/nbcs.mx\/?p=157183#primaryimage"},"image":{"@id":"https:\/\/nbcs.mx\/?p=157183#primaryimage"},"thumbnailUrl":"https:\/\/nbcs.mx\/wp-content\/uploads\/2025\/10\/FOTO1-BOLETIN-0384-VMCC-RESALTA.jpg","datePublished":"2025-10-24T04:46:46+00:00","breadcrumb":{"@id":"https:\/\/nbcs.mx\/?p=157183#breadcrumb"},"inLanguage":"es","potentialAction":[{"@type":"ReadAction","target":["https:\/\/nbcs.mx\/?p=157183"]}]},{"@type":"ImageObject","inLanguage":"es","@id":"https:\/\/nbcs.mx\/?p=157183#primaryimage","url":"https:\/\/nbcs.mx\/wp-content\/uploads\/2025\/10\/FOTO1-BOLETIN-0384-VMCC-RESALTA.jpg","contentUrl":"https:\/\/nbcs.mx\/wp-content\/uploads\/2025\/10\/FOTO1-BOLETIN-0384-VMCC-RESALTA.jpg","width":1280,"height":853},{"@type":"BreadcrumbList","@id":"https:\/\/nbcs.mx\/?p=157183#breadcrumb","itemListElement":[{"@type":"ListItem","position":1,"name":"Portada","item":"https:\/\/nbcs.mx\/"},{"@type":"ListItem","position":2,"name":"Resalta Castro Cos\u00edo la contribuci\u00f3n de m\u00e9dicas y m\u00e9dicos al fortalecimiento del sistema de salud en BCS"}]},{"@type":"WebSite","@id":"https:\/\/nbcs.mx\/#website","url":"https:\/\/nbcs.mx\/","name":"NBCS Noticias","description":"Sitio web de noticias en Baja California Sur","publisher":{"@id":"https:\/\/nbcs.mx\/#organization"},"potentialAction":[{"@type":"SearchAction","target":{"@type":"EntryPoint","urlTemplate":"https:\/\/nbcs.mx\/?s={search_term_string}"},"query-input":{"@type":"PropertyValueSpecification","valueRequired":true,"valueName":"search_term_string"}}],"inLanguage":"es"},{"@type":"Organization","@id":"https:\/\/nbcs.mx\/#organization","name":"NBCS Noticias","url":"https:\/\/nbcs.mx\/","logo":{"@type":"ImageObject","inLanguage":"es","@id":"https:\/\/nbcs.mx\/#\/schema\/logo\/image\/","url":"https:\/\/nbcs.mx\/wp-content\/uploads\/2018\/09\/057b69485e93575a5c2b1c1dde2dd297.jpeg","contentUrl":"https:\/\/nbcs.mx\/wp-content\/uploads\/2018\/09\/057b69485e93575a5c2b1c1dde2dd297.jpeg","width":64,"height":64,"caption":"NBCS Noticias"},"image":{"@id":"https:\/\/nbcs.mx\/#\/schema\/logo\/image\/"},"sameAs":["https:\/\/www.facebook.com\/NBCSnoticias","https:\/\/x.com\/NBCSnoticias"]},{"@type":"Person","@id":"https:\/\/nbcs.mx\/#\/schema\/person\/ece58bab9a7c1e87a4d28ec9ecd79ff4","name":"NBCS Noticias","image":{"@type":"ImageObject","inLanguage":"es","@id":"https:\/\/secure.gravatar.com\/avatar\/4e52110cad1c4054b43271a0d14bbe9e2ea76aecd0e1097edfc670798d9ca1d4?s=96&d=blank&r=g","url":"https:\/\/secure.gravatar.com\/avatar\/4e52110cad1c4054b43271a0d14bbe9e2ea76aecd0e1097edfc670798d9ca1d4?s=96&d=blank&r=g","contentUrl":"https:\/\/secure.gravatar.com\/avatar\/4e52110cad1c4054b43271a0d14bbe9e2ea76aecd0e1097edfc670798d9ca1d4?s=96&d=blank&r=g","caption":"NBCS Noticias"},"description":"\u00bfTienes fotos o video de alg\u00fan acto de posible negligencia, corrupci\u00f3n y abuso de autoridad? M\u00e1ndalo al WhatsApp de NBCS Noticias: 612 141 98 08","sameAs":["https:\/\/www.nbcs.mx","https:\/\/www.facebook.com\/NBCSnoticias","https:\/\/www.instagram.com\/nbcsnoticias\/","https:\/\/x.com\/https:\/\/twitter.com\/NBCSnoticias"]}]}},"jetpack_publicize_connections":[],"jetpack_featured_media_url":"https:\/\/nbcs.mx\/wp-content\/uploads\/2025\/10\/FOTO1-BOLETIN-0384-VMCC-RESALTA.jpg","jetpack_sharing_enabled":true,"_links":{"self":[{"href":"https:\/\/nbcs.mx\/index.php?rest_route=\/wp\/v2\/posts\/157183","targetHints":{"allow":["GET"]}}],"collection":[{"href":"https:\/\/nbcs.mx\/index.php?rest_route=\/wp\/v2\/posts"}],"about":[{"href":"https:\/\/nbcs.mx\/index.php?rest_route=\/wp\/v2\/types\/post"}],"author":[{"embeddable":true,"href":"https:\/\/nbcs.mx\/index.php?rest_route=\/wp\/v2\/users\/1"}],"replies":[{"embeddable":true,"href":"https:\/\/nbcs.mx\/index.php?rest_route=%2Fwp%2Fv2%2Fcomments&post=157183"}],"version-history":[{"count":1,"href":"https:\/\/nbcs.mx\/index.php?rest_route=\/wp\/v2\/posts\/157183\/revisions"}],"predecessor-version":[{"id":157185,"href":"https:\/\/nbcs.mx\/index.php?rest_route=\/wp\/v2\/posts\/157183\/revisions\/157185"}],"wp:featuredmedia":[{"embeddable":true,"href":"https:\/\/nbcs.mx\/index.php?rest_route=\/wp\/v2\/media\/157184"}],"wp:attachment":[{"href":"https:\/\/nbcs.mx\/index.php?rest_route=%2Fwp%2Fv2%2Fmedia&parent=157183"}],"wp:term":[{"taxonomy":"category","embeddable":true,"href":"https:\/\/nbcs.mx\/index.php?rest_route=%2Fwp%2Fv2%2Fcategories&post=157183"},{"taxonomy":"post_tag","embeddable":true,"href":"https:\/\/nbcs.mx\/index.php?rest_route=%2Fwp%2Fv2%2Ftags&post=157183"}],"curies":[{"name":"wp","href":"https:\/\/api.w.org\/{rel}","templated":true}]}}