{"id":157189,"date":"2025-10-23T22:49:05","date_gmt":"2025-10-24T04:49:05","guid":{"rendered":"https:\/\/nbcs.mx\/?p=157189"},"modified":"2025-10-23T22:49:05","modified_gmt":"2025-10-24T04:49:05","slug":"gobierno-estatal-y-municipal-inician-un-programa-para-mejorar-las-vialidades-en-la-paz","status":"publish","type":"post","link":"https:\/\/nbcs.mx\/?p=157189","title":{"rendered":"Gobierno estatal y municipal inician un programa para mejorar las vialidades en La Paz"},"content":{"rendered":"<p style=\"font-weight: 400; text-align: justify;\"><img loading=\"lazy\" decoding=\"async\" class=\" wp-image-157190 alignleft\" src=\"https:\/\/nbcs.mx\/wp-content\/uploads\/2025\/10\/FOTO-BOLETIN-SEPUIMM-PROGRAMA-1-740x492.jpg\" alt=\"\" width=\"367\" height=\"244\" srcset=\"https:\/\/nbcs.mx\/wp-content\/uploads\/2025\/10\/FOTO-BOLETIN-SEPUIMM-PROGRAMA-1-740x492.jpg 740w, https:\/\/nbcs.mx\/wp-content\/uploads\/2025\/10\/FOTO-BOLETIN-SEPUIMM-PROGRAMA-1-1024x681.jpg 1024w, https:\/\/nbcs.mx\/wp-content\/uploads\/2025\/10\/FOTO-BOLETIN-SEPUIMM-PROGRAMA-1-150x100.jpg 150w, https:\/\/nbcs.mx\/wp-content\/uploads\/2025\/10\/FOTO-BOLETIN-SEPUIMM-PROGRAMA-1-768x511.jpg 768w, https:\/\/nbcs.mx\/wp-content\/uploads\/2025\/10\/FOTO-BOLETIN-SEPUIMM-PROGRAMA-1-1536x1022.jpg 1536w, https:\/\/nbcs.mx\/wp-content\/uploads\/2025\/10\/FOTO-BOLETIN-SEPUIMM-PROGRAMA-1-2048x1363.jpg 2048w\" sizes=\"auto, (max-width: 367px) 100vw, 367px\" \/>Con el objetivo de mejorar la infraestructura urbana y la calidad de vida de las familias pace\u00f1as, el Gobierno del Estado, a trav\u00e9s de la Secretar\u00eda de Planeaci\u00f3n Urbana, Infraestructura, Movilidad, Medio Ambiente y Recursos Naturales (SEPUIMM), en coordinaci\u00f3n con el Ayuntamiento de La Paz, anunciaron la implementaci\u00f3n del Programa Emergente de Vialidades.<\/p>\n<p style=\"font-weight: 400; text-align: justify;\">\n<p style=\"font-weight: 400; text-align: justify;\">Al respecto, la titular de la SEPUIMM, Carolina Armenta Cervantes, destac\u00f3 que se trata de un esfuerzo conjunto con una inversi\u00f3n de 55 millones de pesos provenientes del Fideicomiso de Obras de Infraestructura Social de La Paz (FOIS). Subray\u00f3 que estas intervenciones, bajo una visi\u00f3n humanista, buscan optimizar la movilidad, facilitar el acceso a servicios y generar entornos m\u00e1s seguros y funcionales para las y los ciudadanos.<\/p>\n<p style=\"font-weight: 400; text-align: justify;\">\n<p style=\"font-weight: 400; text-align: justify;\">Los trabajos incluyen reconstrucci\u00f3n y renivelado con carpeta asf\u00e1ltica en 14 puntos estrat\u00e9gicos de la ciudad: Bulevar San Carlos, de bulevar Santa B\u00e1rbara a San Benito; calle Esmeralda, de Art\u00edculo 115 a parque BOE; circuito Pel\u00edcanos, de Albatros a Cormoranes; calle Cormoranes, de Pel\u00edcanos a bulevar Agust\u00edn Olachea; calle Humanidad, de Prosperidad a Tr\u00f3pico de C\u00e1ncer; Bulevar Francisco J. M\u00fagica, de bulevar Luis Donaldo Colosio a Delta; calle Nevado de Colima, de avenida Santa Ana a bulevar San Carlos; accesos a la colonia Agua Escondida, sobre calles El Card\u00f3n y Palo de Arco.<\/p>\n<p style=\"font-weight: 400; text-align: justify;\">\n<p style=\"font-weight: 400; text-align: justify;\">Asimismo, se intervendr\u00e1 el crucero Quer\u00e9taro y Yucat\u00e1n; adem\u00e1s, Bulevar Francisco J. M\u00fagica, de Antonio D\u00edaz Soto a Benito Beltr\u00e1n; calle Tenochtitlan, de Valent\u00edn G\u00f3mez Far\u00edas a Aquiles Serd\u00e1n; calle Arboledas, de bulevar Bah\u00eda de Coronado a Abedul; Bulevar Villas del Encanto, de bulevar Francisco J. M\u00fagica a calle Villa del Encino; calle Valent\u00edn G\u00f3mez Far\u00edas, de 5 de mayo a Legaspy; as\u00ed como calle H\u00e9roes de la Independencia, de 5 de febrero a Manuel M\u00e1rquez de Le\u00f3n.<\/p>\n<p style=\"font-weight: 400; text-align: justify;\">\n<p style=\"font-weight: 400; text-align: justify;\">Armenta Cervantes enfatiz\u00f3 que estas labores se realizar\u00e1n tambi\u00e9n en coordinaci\u00f3n con la Junta Estatal de Caminos (JEC), reforzando el compromiso del gobierno que encabeza V\u00edctor Manuel Castro Cos\u00edo de avanzar de manera continua en el mejoramiento y mantenimiento de las vialidades en Baja California Sur.<\/p>\n","protected":false},"excerpt":{"rendered":"<p>Con el objetivo de mejorar la infraestructura urbana y la calidad de vida de las familias pace\u00f1as, el Gobierno del<\/p>\n","protected":false},"author":1,"featured_media":157190,"comment_status":"open","ping_status":"closed","sticky":false,"template":"","format":"standard","meta":{"colormag_page_container_layout":"default_layout","colormag_page_sidebar_layout":"default_layout","_jetpack_memberships_contains_paid_content":false,"footnotes":"","jetpack_publicize_message":"","jetpack_publicize_feature_enabled":true,"jetpack_social_post_already_shared":true,"jetpack_social_options":{"image_generator_settings":{"template":"highway","default_image_id":0,"font":"","enabled":false},"version":2}},"categories":[1],"tags":[],"class_list":["post-157189","post","type-post","status-publish","format-standard","has-post-thumbnail","hentry","category-noticias"],"yoast_head":"<!-- This site is optimized with the Yoast SEO plugin v27.5 - https:\/\/yoast.com\/product\/yoast-seo-wordpress\/ -->\n<title>Gobierno estatal y municipal inician un programa para mejorar las vialidades en La Paz - NBCS Noticias<\/title>\n<meta name=\"robots\" content=\"index, follow, max-snippet:-1, max-image-preview:large, max-video-preview:-1\" \/>\n<link rel=\"canonical\" href=\"https:\/\/nbcs.mx\/?p=157189\" \/>\n<meta property=\"og:locale\" content=\"es_ES\" \/>\n<meta property=\"og:type\" content=\"article\" \/>\n<meta property=\"og:title\" content=\"Gobierno estatal y municipal inician un programa para mejorar las vialidades en La Paz - NBCS Noticias\" \/>\n<meta property=\"og:description\" content=\"Con el objetivo de mejorar la infraestructura urbana y la calidad de vida de las familias pace\u00f1as, el Gobierno del\" \/>\n<meta property=\"og:url\" content=\"https:\/\/nbcs.mx\/?p=157189\" \/>\n<meta property=\"og:site_name\" content=\"NBCS Noticias\" \/>\n<meta property=\"article:publisher\" content=\"https:\/\/www.facebook.com\/NBCSnoticias\" \/>\n<meta property=\"article:author\" content=\"https:\/\/www.facebook.com\/NBCSnoticias\" \/>\n<meta property=\"article:published_time\" content=\"2025-10-24T04:49:05+00:00\" \/>\n<meta property=\"og:image\" content=\"https:\/\/nbcs.mx\/wp-content\/uploads\/2025\/10\/FOTO-BOLETIN-SEPUIMM-PROGRAMA-1-scaled.jpg\" \/>\n\t<meta property=\"og:image:width\" content=\"2560\" \/>\n\t<meta property=\"og:image:height\" content=\"1703\" \/>\n\t<meta property=\"og:image:type\" content=\"image\/jpeg\" \/>\n<meta name=\"author\" content=\"NBCS Noticias\" \/>\n<meta name=\"twitter:card\" content=\"summary_large_image\" \/>\n<meta name=\"twitter:creator\" content=\"@https:\/\/twitter.com\/NBCSnoticias\" \/>\n<meta name=\"twitter:site\" content=\"@NBCSnoticias\" \/>\n<meta name=\"twitter:label1\" content=\"Escrito por\" \/>\n\t<meta name=\"twitter:data1\" content=\"NBCS Noticias\" \/>\n\t<meta name=\"twitter:label2\" content=\"Tiempo de lectura\" \/>\n\t<meta name=\"twitter:data2\" content=\"2 minutos\" \/>\n<script type=\"application\/ld+json\" class=\"yoast-schema-graph\">{\"@context\":\"https:\\\/\\\/schema.org\",\"@graph\":[{\"@type\":\"Article\",\"@id\":\"https:\\\/\\\/nbcs.mx\\\/?p=157189#article\",\"isPartOf\":{\"@id\":\"https:\\\/\\\/nbcs.mx\\\/?p=157189\"},\"author\":{\"name\":\"NBCS Noticias\",\"@id\":\"https:\\\/\\\/nbcs.mx\\\/#\\\/schema\\\/person\\\/ece58bab9a7c1e87a4d28ec9ecd79ff4\"},\"headline\":\"Gobierno estatal y municipal inician un programa para mejorar las vialidades en La Paz\",\"datePublished\":\"2025-10-24T04:49:05+00:00\",\"mainEntityOfPage\":{\"@id\":\"https:\\\/\\\/nbcs.mx\\\/?p=157189\"},\"wordCount\":390,\"commentCount\":0,\"publisher\":{\"@id\":\"https:\\\/\\\/nbcs.mx\\\/#organization\"},\"image\":{\"@id\":\"https:\\\/\\\/nbcs.mx\\\/?p=157189#primaryimage\"},\"thumbnailUrl\":\"https:\\\/\\\/nbcs.mx\\\/wp-content\\\/uploads\\\/2025\\\/10\\\/FOTO-BOLETIN-SEPUIMM-PROGRAMA-1-scaled.jpg\",\"articleSection\":[\"Noticias\"],\"inLanguage\":\"es\",\"potentialAction\":[{\"@type\":\"CommentAction\",\"name\":\"Comment\",\"target\":[\"https:\\\/\\\/nbcs.mx\\\/?p=157189#respond\"]}]},{\"@type\":\"WebPage\",\"@id\":\"https:\\\/\\\/nbcs.mx\\\/?p=157189\",\"url\":\"https:\\\/\\\/nbcs.mx\\\/?p=157189\",\"name\":\"Gobierno estatal y municipal inician un programa para mejorar las vialidades en La Paz - NBCS Noticias\",\"isPartOf\":{\"@id\":\"https:\\\/\\\/nbcs.mx\\\/#website\"},\"primaryImageOfPage\":{\"@id\":\"https:\\\/\\\/nbcs.mx\\\/?p=157189#primaryimage\"},\"image\":{\"@id\":\"https:\\\/\\\/nbcs.mx\\\/?p=157189#primaryimage\"},\"thumbnailUrl\":\"https:\\\/\\\/nbcs.mx\\\/wp-content\\\/uploads\\\/2025\\\/10\\\/FOTO-BOLETIN-SEPUIMM-PROGRAMA-1-scaled.jpg\",\"datePublished\":\"2025-10-24T04:49:05+00:00\",\"breadcrumb\":{\"@id\":\"https:\\\/\\\/nbcs.mx\\\/?p=157189#breadcrumb\"},\"inLanguage\":\"es\",\"potentialAction\":[{\"@type\":\"ReadAction\",\"target\":[\"https:\\\/\\\/nbcs.mx\\\/?p=157189\"]}]},{\"@type\":\"ImageObject\",\"inLanguage\":\"es\",\"@id\":\"https:\\\/\\\/nbcs.mx\\\/?p=157189#primaryimage\",\"url\":\"https:\\\/\\\/nbcs.mx\\\/wp-content\\\/uploads\\\/2025\\\/10\\\/FOTO-BOLETIN-SEPUIMM-PROGRAMA-1-scaled.jpg\",\"contentUrl\":\"https:\\\/\\\/nbcs.mx\\\/wp-content\\\/uploads\\\/2025\\\/10\\\/FOTO-BOLETIN-SEPUIMM-PROGRAMA-1-scaled.jpg\",\"width\":2560,\"height\":1703},{\"@type\":\"BreadcrumbList\",\"@id\":\"https:\\\/\\\/nbcs.mx\\\/?p=157189#breadcrumb\",\"itemListElement\":[{\"@type\":\"ListItem\",\"position\":1,\"name\":\"Portada\",\"item\":\"https:\\\/\\\/nbcs.mx\\\/\"},{\"@type\":\"ListItem\",\"position\":2,\"name\":\"Gobierno estatal y municipal inician un programa para mejorar las vialidades en La Paz\"}]},{\"@type\":\"WebSite\",\"@id\":\"https:\\\/\\\/nbcs.mx\\\/#website\",\"url\":\"https:\\\/\\\/nbcs.mx\\\/\",\"name\":\"NBCS Noticias\",\"description\":\"Sitio web de noticias en Baja California Sur\",\"publisher\":{\"@id\":\"https:\\\/\\\/nbcs.mx\\\/#organization\"},\"potentialAction\":[{\"@type\":\"SearchAction\",\"target\":{\"@type\":\"EntryPoint\",\"urlTemplate\":\"https:\\\/\\\/nbcs.mx\\\/?s={search_term_string}\"},\"query-input\":{\"@type\":\"PropertyValueSpecification\",\"valueRequired\":true,\"valueName\":\"search_term_string\"}}],\"inLanguage\":\"es\"},{\"@type\":\"Organization\",\"@id\":\"https:\\\/\\\/nbcs.mx\\\/#organization\",\"name\":\"NBCS Noticias\",\"url\":\"https:\\\/\\\/nbcs.mx\\\/\",\"logo\":{\"@type\":\"ImageObject\",\"inLanguage\":\"es\",\"@id\":\"https:\\\/\\\/nbcs.mx\\\/#\\\/schema\\\/logo\\\/image\\\/\",\"url\":\"https:\\\/\\\/nbcs.mx\\\/wp-content\\\/uploads\\\/2018\\\/09\\\/057b69485e93575a5c2b1c1dde2dd297.jpeg\",\"contentUrl\":\"https:\\\/\\\/nbcs.mx\\\/wp-content\\\/uploads\\\/2018\\\/09\\\/057b69485e93575a5c2b1c1dde2dd297.jpeg\",\"width\":64,\"height\":64,\"caption\":\"NBCS Noticias\"},\"image\":{\"@id\":\"https:\\\/\\\/nbcs.mx\\\/#\\\/schema\\\/logo\\\/image\\\/\"},\"sameAs\":[\"https:\\\/\\\/www.facebook.com\\\/NBCSnoticias\",\"https:\\\/\\\/x.com\\\/NBCSnoticias\"]},{\"@type\":\"Person\",\"@id\":\"https:\\\/\\\/nbcs.mx\\\/#\\\/schema\\\/person\\\/ece58bab9a7c1e87a4d28ec9ecd79ff4\",\"name\":\"NBCS Noticias\",\"image\":{\"@type\":\"ImageObject\",\"inLanguage\":\"es\",\"@id\":\"https:\\\/\\\/secure.gravatar.com\\\/avatar\\\/4e52110cad1c4054b43271a0d14bbe9e2ea76aecd0e1097edfc670798d9ca1d4?s=96&d=blank&r=g\",\"url\":\"https:\\\/\\\/secure.gravatar.com\\\/avatar\\\/4e52110cad1c4054b43271a0d14bbe9e2ea76aecd0e1097edfc670798d9ca1d4?s=96&d=blank&r=g\",\"contentUrl\":\"https:\\\/\\\/secure.gravatar.com\\\/avatar\\\/4e52110cad1c4054b43271a0d14bbe9e2ea76aecd0e1097edfc670798d9ca1d4?s=96&d=blank&r=g\",\"caption\":\"NBCS Noticias\"},\"description\":\"\u00bfTienes fotos o video de alg\u00fan acto de posible negligencia, corrupci\u00f3n y abuso de autoridad? M\u00e1ndalo al WhatsApp de NBCS Noticias: 612 141 98 08\",\"sameAs\":[\"https:\\\/\\\/www.nbcs.mx\",\"https:\\\/\\\/www.facebook.com\\\/NBCSnoticias\",\"https:\\\/\\\/www.instagram.com\\\/nbcsnoticias\\\/\",\"https:\\\/\\\/x.com\\\/https:\\\/\\\/twitter.com\\\/NBCSnoticias\"]}]}<\/script>\n<!-- \/ Yoast SEO plugin. -->","yoast_head_json":{"title":"Gobierno estatal y municipal inician un programa para mejorar las vialidades en La Paz - NBCS Noticias","robots":{"index":"index","follow":"follow","max-snippet":"max-snippet:-1","max-image-preview":"max-image-preview:large","max-video-preview":"max-video-preview:-1"},"canonical":"https:\/\/nbcs.mx\/?p=157189","og_locale":"es_ES","og_type":"article","og_title":"Gobierno estatal y municipal inician un programa para mejorar las vialidades en La Paz - NBCS Noticias","og_description":"Con el objetivo de mejorar la infraestructura urbana y la calidad de vida de las familias pace\u00f1as, el Gobierno del","og_url":"https:\/\/nbcs.mx\/?p=157189","og_site_name":"NBCS Noticias","article_publisher":"https:\/\/www.facebook.com\/NBCSnoticias","article_author":"https:\/\/www.facebook.com\/NBCSnoticias","article_published_time":"2025-10-24T04:49:05+00:00","og_image":[{"width":2560,"height":1703,"url":"https:\/\/nbcs.mx\/wp-content\/uploads\/2025\/10\/FOTO-BOLETIN-SEPUIMM-PROGRAMA-1-scaled.jpg","type":"image\/jpeg"}],"author":"NBCS Noticias","twitter_card":"summary_large_image","twitter_creator":"@https:\/\/twitter.com\/NBCSnoticias","twitter_site":"@NBCSnoticias","twitter_misc":{"Escrito por":"NBCS Noticias","Tiempo de lectura":"2 minutos"},"schema":{"@context":"https:\/\/schema.org","@graph":[{"@type":"Article","@id":"https:\/\/nbcs.mx\/?p=157189#article","isPartOf":{"@id":"https:\/\/nbcs.mx\/?p=157189"},"author":{"name":"NBCS Noticias","@id":"https:\/\/nbcs.mx\/#\/schema\/person\/ece58bab9a7c1e87a4d28ec9ecd79ff4"},"headline":"Gobierno estatal y municipal inician un programa para mejorar las vialidades en La Paz","datePublished":"2025-10-24T04:49:05+00:00","mainEntityOfPage":{"@id":"https:\/\/nbcs.mx\/?p=157189"},"wordCount":390,"commentCount":0,"publisher":{"@id":"https:\/\/nbcs.mx\/#organization"},"image":{"@id":"https:\/\/nbcs.mx\/?p=157189#primaryimage"},"thumbnailUrl":"https:\/\/nbcs.mx\/wp-content\/uploads\/2025\/10\/FOTO-BOLETIN-SEPUIMM-PROGRAMA-1-scaled.jpg","articleSection":["Noticias"],"inLanguage":"es","potentialAction":[{"@type":"CommentAction","name":"Comment","target":["https:\/\/nbcs.mx\/?p=157189#respond"]}]},{"@type":"WebPage","@id":"https:\/\/nbcs.mx\/?p=157189","url":"https:\/\/nbcs.mx\/?p=157189","name":"Gobierno estatal y municipal inician un programa para mejorar las vialidades en La Paz - NBCS Noticias","isPartOf":{"@id":"https:\/\/nbcs.mx\/#website"},"primaryImageOfPage":{"@id":"https:\/\/nbcs.mx\/?p=157189#primaryimage"},"image":{"@id":"https:\/\/nbcs.mx\/?p=157189#primaryimage"},"thumbnailUrl":"https:\/\/nbcs.mx\/wp-content\/uploads\/2025\/10\/FOTO-BOLETIN-SEPUIMM-PROGRAMA-1-scaled.jpg","datePublished":"2025-10-24T04:49:05+00:00","breadcrumb":{"@id":"https:\/\/nbcs.mx\/?p=157189#breadcrumb"},"inLanguage":"es","potentialAction":[{"@type":"ReadAction","target":["https:\/\/nbcs.mx\/?p=157189"]}]},{"@type":"ImageObject","inLanguage":"es","@id":"https:\/\/nbcs.mx\/?p=157189#primaryimage","url":"https:\/\/nbcs.mx\/wp-content\/uploads\/2025\/10\/FOTO-BOLETIN-SEPUIMM-PROGRAMA-1-scaled.jpg","contentUrl":"https:\/\/nbcs.mx\/wp-content\/uploads\/2025\/10\/FOTO-BOLETIN-SEPUIMM-PROGRAMA-1-scaled.jpg","width":2560,"height":1703},{"@type":"BreadcrumbList","@id":"https:\/\/nbcs.mx\/?p=157189#breadcrumb","itemListElement":[{"@type":"ListItem","position":1,"name":"Portada","item":"https:\/\/nbcs.mx\/"},{"@type":"ListItem","position":2,"name":"Gobierno estatal y municipal inician un programa para mejorar las vialidades en La Paz"}]},{"@type":"WebSite","@id":"https:\/\/nbcs.mx\/#website","url":"https:\/\/nbcs.mx\/","name":"NBCS Noticias","description":"Sitio web de noticias en Baja California Sur","publisher":{"@id":"https:\/\/nbcs.mx\/#organization"},"potentialAction":[{"@type":"SearchAction","target":{"@type":"EntryPoint","urlTemplate":"https:\/\/nbcs.mx\/?s={search_term_string}"},"query-input":{"@type":"PropertyValueSpecification","valueRequired":true,"valueName":"search_term_string"}}],"inLanguage":"es"},{"@type":"Organization","@id":"https:\/\/nbcs.mx\/#organization","name":"NBCS Noticias","url":"https:\/\/nbcs.mx\/","logo":{"@type":"ImageObject","inLanguage":"es","@id":"https:\/\/nbcs.mx\/#\/schema\/logo\/image\/","url":"https:\/\/nbcs.mx\/wp-content\/uploads\/2018\/09\/057b69485e93575a5c2b1c1dde2dd297.jpeg","contentUrl":"https:\/\/nbcs.mx\/wp-content\/uploads\/2018\/09\/057b69485e93575a5c2b1c1dde2dd297.jpeg","width":64,"height":64,"caption":"NBCS Noticias"},"image":{"@id":"https:\/\/nbcs.mx\/#\/schema\/logo\/image\/"},"sameAs":["https:\/\/www.facebook.com\/NBCSnoticias","https:\/\/x.com\/NBCSnoticias"]},{"@type":"Person","@id":"https:\/\/nbcs.mx\/#\/schema\/person\/ece58bab9a7c1e87a4d28ec9ecd79ff4","name":"NBCS Noticias","image":{"@type":"ImageObject","inLanguage":"es","@id":"https:\/\/secure.gravatar.com\/avatar\/4e52110cad1c4054b43271a0d14bbe9e2ea76aecd0e1097edfc670798d9ca1d4?s=96&d=blank&r=g","url":"https:\/\/secure.gravatar.com\/avatar\/4e52110cad1c4054b43271a0d14bbe9e2ea76aecd0e1097edfc670798d9ca1d4?s=96&d=blank&r=g","contentUrl":"https:\/\/secure.gravatar.com\/avatar\/4e52110cad1c4054b43271a0d14bbe9e2ea76aecd0e1097edfc670798d9ca1d4?s=96&d=blank&r=g","caption":"NBCS Noticias"},"description":"\u00bfTienes fotos o video de alg\u00fan acto de posible negligencia, corrupci\u00f3n y abuso de autoridad? M\u00e1ndalo al WhatsApp de NBCS Noticias: 612 141 98 08","sameAs":["https:\/\/www.nbcs.mx","https:\/\/www.facebook.com\/NBCSnoticias","https:\/\/www.instagram.com\/nbcsnoticias\/","https:\/\/x.com\/https:\/\/twitter.com\/NBCSnoticias"]}]}},"jetpack_publicize_connections":[],"jetpack_featured_media_url":"https:\/\/nbcs.mx\/wp-content\/uploads\/2025\/10\/FOTO-BOLETIN-SEPUIMM-PROGRAMA-1-scaled.jpg","jetpack_sharing_enabled":true,"_links":{"self":[{"href":"https:\/\/nbcs.mx\/index.php?rest_route=\/wp\/v2\/posts\/157189","targetHints":{"allow":["GET"]}}],"collection":[{"href":"https:\/\/nbcs.mx\/index.php?rest_route=\/wp\/v2\/posts"}],"about":[{"href":"https:\/\/nbcs.mx\/index.php?rest_route=\/wp\/v2\/types\/post"}],"author":[{"embeddable":true,"href":"https:\/\/nbcs.mx\/index.php?rest_route=\/wp\/v2\/users\/1"}],"replies":[{"embeddable":true,"href":"https:\/\/nbcs.mx\/index.php?rest_route=%2Fwp%2Fv2%2Fcomments&post=157189"}],"version-history":[{"count":1,"href":"https:\/\/nbcs.mx\/index.php?rest_route=\/wp\/v2\/posts\/157189\/revisions"}],"predecessor-version":[{"id":157191,"href":"https:\/\/nbcs.mx\/index.php?rest_route=\/wp\/v2\/posts\/157189\/revisions\/157191"}],"wp:featuredmedia":[{"embeddable":true,"href":"https:\/\/nbcs.mx\/index.php?rest_route=\/wp\/v2\/media\/157190"}],"wp:attachment":[{"href":"https:\/\/nbcs.mx\/index.php?rest_route=%2Fwp%2Fv2%2Fmedia&parent=157189"}],"wp:term":[{"taxonomy":"category","embeddable":true,"href":"https:\/\/nbcs.mx\/index.php?rest_route=%2Fwp%2Fv2%2Fcategories&post=157189"},{"taxonomy":"post_tag","embeddable":true,"href":"https:\/\/nbcs.mx\/index.php?rest_route=%2Fwp%2Fv2%2Ftags&post=157189"}],"curies":[{"name":"wp","href":"https:\/\/api.w.org\/{rel}","templated":true}]}}