{"id":157220,"date":"2025-10-24T09:00:49","date_gmt":"2025-10-24T15:00:49","guid":{"rendered":"https:\/\/nbcs.mx\/?p=157220"},"modified":"2025-10-24T09:00:49","modified_gmt":"2025-10-24T15:00:49","slug":"nuestra-senora-de-loreto-concho-celebracion-de-historia-y-devocion-leonardo-varela","status":"publish","type":"post","link":"https:\/\/nbcs.mx\/?p=157220","title":{"rendered":"\u201cNuestra se\u00f1ora de Loreto-Conch\u00f3\u201d: Celebraci\u00f3n de historia y devoci\u00f3n: Leonardo Varela"},"content":{"rendered":"<p style=\"font-weight: 400; text-align: justify;\"><img loading=\"lazy\" decoding=\"async\" class=\" wp-image-157221 alignleft\" src=\"https:\/\/nbcs.mx\/wp-content\/uploads\/2025\/10\/2DA-CONFERENCIA-738x492.jpg\" alt=\"\" width=\"395\" height=\"263\" srcset=\"https:\/\/nbcs.mx\/wp-content\/uploads\/2025\/10\/2DA-CONFERENCIA-738x492.jpg 738w, https:\/\/nbcs.mx\/wp-content\/uploads\/2025\/10\/2DA-CONFERENCIA-1024x683.jpg 1024w, https:\/\/nbcs.mx\/wp-content\/uploads\/2025\/10\/2DA-CONFERENCIA-150x100.jpg 150w, https:\/\/nbcs.mx\/wp-content\/uploads\/2025\/10\/2DA-CONFERENCIA-768x512.jpg 768w, https:\/\/nbcs.mx\/wp-content\/uploads\/2025\/10\/2DA-CONFERENCIA-1536x1024.jpg 1536w, https:\/\/nbcs.mx\/wp-content\/uploads\/2025\/10\/2DA-CONFERENCIA-2048x1365.jpg 2048w\" sizes=\"auto, (max-width: 395px) 100vw, 395px\" \/>En el marco de las festividades por el <strong>328\u00b0 Aniversario de Fundaci\u00f3n de Loreto<\/strong> y el <strong>4to. Festival Cultural Latinoamericano<\/strong>, se llev\u00f3 a cabo con gran \u00e9xito la conferencia magistral \u201cNuestra Se\u00f1ora de Loreto-Conch\u00f3, materialidad y devoci\u00f3n\u201d. El evento, que se realiz\u00f3 la tarde de ayer jueves en las instalaciones del Museo de las Misiones Jesu\u00edticas, logr\u00f3 convocar a un p\u00fablico interesado en profundizar en la rica historia de la primera capital de las Californias.<\/p>\n<p style=\"font-weight: 400; text-align: justify;\">\n<p style=\"font-weight: 400; text-align: justify;\">El <strong>Dr. Leonardo Varela<\/strong> fue el encargado de impartir la enriquecedora charla, ofreciendo una profunda inmersi\u00f3n en el simbolismo y la historia de Mar\u00eda de Loreto desde su llegada a estas tierras. El doctor Varela, experto en el tema, cautiv\u00f3 a los asistentes al desentra\u00f1ar la materialidad y el significado espiritual de la santa patrona de Loreto.<\/p>\n<p style=\"font-weight: 400; text-align: justify;\">\n<p style=\"font-weight: 400; text-align: justify;\">La conferencia permiti\u00f3 a los presentes no solo conocer datos hist\u00f3ricos, sino tambi\u00e9n comprender la <strong>profunda devoci\u00f3n<\/strong> que ha moldeado la identidad cultural y religiosa del municipio a lo largo de m\u00e1s de tres siglos. La charla se destac\u00f3 por su rigor acad\u00e9mico y su calidez, logrando conectar la historia con la fe viva de la comunidad.<\/p>\n<p style=\"font-weight: 400; text-align: justify;\">El evento cultural concluy\u00f3 con un caluroso agradecimiento al Dr. Varela por compartir su invaluable conocimiento. Las autoridades reconocieron la participaci\u00f3n de todas las personas que se dieron cita, demostrando el inter\u00e9s colectivo por <strong>fortalecer la identidad cultural loretana<\/strong> a trav\u00e9s del estudio y la celebraci\u00f3n de sus ra\u00edces.<\/p>\n<p style=\"font-weight: 400; text-align: justify;\">\n<p style=\"font-weight: 400; text-align: justify;\">La alta convocatoria de la conferencia es una muestra del \u00e9xito de la programaci\u00f3n del Festival Cultural Latinoamericano. \u00a1La invitaci\u00f3n se extiende a la ciudadan\u00eda a seguir participando en las actividades que celebran la historia y la cultura de Loreto!<\/p>\n<p style=\"font-weight: 400; text-align: justify;\"><strong>\u00a0<\/strong><\/p>\n","protected":false},"excerpt":{"rendered":"<p>En el marco de las festividades por el 328\u00b0 Aniversario de Fundaci\u00f3n de Loreto y el 4to. Festival Cultural Latinoamericano,<\/p>\n","protected":false},"author":1,"featured_media":157221,"comment_status":"open","ping_status":"closed","sticky":false,"template":"","format":"standard","meta":{"colormag_page_container_layout":"default_layout","colormag_page_sidebar_layout":"default_layout","_jetpack_memberships_contains_paid_content":false,"footnotes":"","jetpack_publicize_message":"","jetpack_publicize_feature_enabled":true,"jetpack_social_post_already_shared":true,"jetpack_social_options":{"image_generator_settings":{"template":"highway","default_image_id":0,"font":"","enabled":false},"version":2}},"categories":[40],"tags":[],"class_list":["post-157220","post","type-post","status-publish","format-standard","has-post-thumbnail","hentry","category-municipios"],"yoast_head":"<!-- This site is optimized with the Yoast SEO plugin v27.5 - https:\/\/yoast.com\/product\/yoast-seo-wordpress\/ -->\n<title>\u201cNuestra se\u00f1ora de Loreto-Conch\u00f3\u201d: Celebraci\u00f3n de historia y devoci\u00f3n: Leonardo Varela - NBCS Noticias<\/title>\n<meta name=\"robots\" content=\"index, follow, max-snippet:-1, max-image-preview:large, max-video-preview:-1\" \/>\n<link rel=\"canonical\" href=\"https:\/\/nbcs.mx\/?p=157220\" \/>\n<meta property=\"og:locale\" content=\"es_ES\" \/>\n<meta property=\"og:type\" content=\"article\" \/>\n<meta property=\"og:title\" content=\"\u201cNuestra se\u00f1ora de Loreto-Conch\u00f3\u201d: Celebraci\u00f3n de historia y devoci\u00f3n: Leonardo Varela - NBCS Noticias\" \/>\n<meta property=\"og:description\" content=\"En el marco de las festividades por el 328\u00b0 Aniversario de Fundaci\u00f3n de Loreto y el 4to. Festival Cultural Latinoamericano,\" \/>\n<meta property=\"og:url\" content=\"https:\/\/nbcs.mx\/?p=157220\" \/>\n<meta property=\"og:site_name\" content=\"NBCS Noticias\" \/>\n<meta property=\"article:publisher\" content=\"https:\/\/www.facebook.com\/NBCSnoticias\" \/>\n<meta property=\"article:author\" content=\"https:\/\/www.facebook.com\/NBCSnoticias\" \/>\n<meta property=\"article:published_time\" content=\"2025-10-24T15:00:49+00:00\" \/>\n<meta property=\"og:image\" content=\"https:\/\/nbcs.mx\/wp-content\/uploads\/2025\/10\/2DA-CONFERENCIA-scaled.jpg\" \/>\n\t<meta property=\"og:image:width\" content=\"2560\" \/>\n\t<meta property=\"og:image:height\" content=\"1706\" \/>\n\t<meta property=\"og:image:type\" content=\"image\/jpeg\" \/>\n<meta name=\"author\" content=\"NBCS Noticias\" \/>\n<meta name=\"twitter:card\" content=\"summary_large_image\" \/>\n<meta name=\"twitter:creator\" content=\"@https:\/\/twitter.com\/NBCSnoticias\" \/>\n<meta name=\"twitter:site\" content=\"@NBCSnoticias\" \/>\n<meta name=\"twitter:label1\" content=\"Escrito por\" \/>\n\t<meta name=\"twitter:data1\" content=\"NBCS Noticias\" \/>\n\t<meta name=\"twitter:label2\" content=\"Tiempo de lectura\" \/>\n\t<meta name=\"twitter:data2\" content=\"2 minutos\" \/>\n<script type=\"application\/ld+json\" class=\"yoast-schema-graph\">{\"@context\":\"https:\\\/\\\/schema.org\",\"@graph\":[{\"@type\":\"Article\",\"@id\":\"https:\\\/\\\/nbcs.mx\\\/?p=157220#article\",\"isPartOf\":{\"@id\":\"https:\\\/\\\/nbcs.mx\\\/?p=157220\"},\"author\":{\"name\":\"NBCS Noticias\",\"@id\":\"https:\\\/\\\/nbcs.mx\\\/#\\\/schema\\\/person\\\/ece58bab9a7c1e87a4d28ec9ecd79ff4\"},\"headline\":\"\u201cNuestra se\u00f1ora de Loreto-Conch\u00f3\u201d: Celebraci\u00f3n de historia y devoci\u00f3n: Leonardo Varela\",\"datePublished\":\"2025-10-24T15:00:49+00:00\",\"mainEntityOfPage\":{\"@id\":\"https:\\\/\\\/nbcs.mx\\\/?p=157220\"},\"wordCount\":312,\"commentCount\":0,\"publisher\":{\"@id\":\"https:\\\/\\\/nbcs.mx\\\/#organization\"},\"image\":{\"@id\":\"https:\\\/\\\/nbcs.mx\\\/?p=157220#primaryimage\"},\"thumbnailUrl\":\"https:\\\/\\\/nbcs.mx\\\/wp-content\\\/uploads\\\/2025\\\/10\\\/2DA-CONFERENCIA-scaled.jpg\",\"articleSection\":[\"Municipios\"],\"inLanguage\":\"es\",\"potentialAction\":[{\"@type\":\"CommentAction\",\"name\":\"Comment\",\"target\":[\"https:\\\/\\\/nbcs.mx\\\/?p=157220#respond\"]}]},{\"@type\":\"WebPage\",\"@id\":\"https:\\\/\\\/nbcs.mx\\\/?p=157220\",\"url\":\"https:\\\/\\\/nbcs.mx\\\/?p=157220\",\"name\":\"\u201cNuestra se\u00f1ora de Loreto-Conch\u00f3\u201d: Celebraci\u00f3n de historia y devoci\u00f3n: Leonardo Varela - NBCS Noticias\",\"isPartOf\":{\"@id\":\"https:\\\/\\\/nbcs.mx\\\/#website\"},\"primaryImageOfPage\":{\"@id\":\"https:\\\/\\\/nbcs.mx\\\/?p=157220#primaryimage\"},\"image\":{\"@id\":\"https:\\\/\\\/nbcs.mx\\\/?p=157220#primaryimage\"},\"thumbnailUrl\":\"https:\\\/\\\/nbcs.mx\\\/wp-content\\\/uploads\\\/2025\\\/10\\\/2DA-CONFERENCIA-scaled.jpg\",\"datePublished\":\"2025-10-24T15:00:49+00:00\",\"breadcrumb\":{\"@id\":\"https:\\\/\\\/nbcs.mx\\\/?p=157220#breadcrumb\"},\"inLanguage\":\"es\",\"potentialAction\":[{\"@type\":\"ReadAction\",\"target\":[\"https:\\\/\\\/nbcs.mx\\\/?p=157220\"]}]},{\"@type\":\"ImageObject\",\"inLanguage\":\"es\",\"@id\":\"https:\\\/\\\/nbcs.mx\\\/?p=157220#primaryimage\",\"url\":\"https:\\\/\\\/nbcs.mx\\\/wp-content\\\/uploads\\\/2025\\\/10\\\/2DA-CONFERENCIA-scaled.jpg\",\"contentUrl\":\"https:\\\/\\\/nbcs.mx\\\/wp-content\\\/uploads\\\/2025\\\/10\\\/2DA-CONFERENCIA-scaled.jpg\",\"width\":2560,\"height\":1706},{\"@type\":\"BreadcrumbList\",\"@id\":\"https:\\\/\\\/nbcs.mx\\\/?p=157220#breadcrumb\",\"itemListElement\":[{\"@type\":\"ListItem\",\"position\":1,\"name\":\"Portada\",\"item\":\"https:\\\/\\\/nbcs.mx\\\/\"},{\"@type\":\"ListItem\",\"position\":2,\"name\":\"\u201cNuestra se\u00f1ora de Loreto-Conch\u00f3\u201d: Celebraci\u00f3n de historia y devoci\u00f3n: Leonardo Varela\"}]},{\"@type\":\"WebSite\",\"@id\":\"https:\\\/\\\/nbcs.mx\\\/#website\",\"url\":\"https:\\\/\\\/nbcs.mx\\\/\",\"name\":\"NBCS Noticias\",\"description\":\"Sitio web de noticias en Baja California Sur\",\"publisher\":{\"@id\":\"https:\\\/\\\/nbcs.mx\\\/#organization\"},\"potentialAction\":[{\"@type\":\"SearchAction\",\"target\":{\"@type\":\"EntryPoint\",\"urlTemplate\":\"https:\\\/\\\/nbcs.mx\\\/?s={search_term_string}\"},\"query-input\":{\"@type\":\"PropertyValueSpecification\",\"valueRequired\":true,\"valueName\":\"search_term_string\"}}],\"inLanguage\":\"es\"},{\"@type\":\"Organization\",\"@id\":\"https:\\\/\\\/nbcs.mx\\\/#organization\",\"name\":\"NBCS Noticias\",\"url\":\"https:\\\/\\\/nbcs.mx\\\/\",\"logo\":{\"@type\":\"ImageObject\",\"inLanguage\":\"es\",\"@id\":\"https:\\\/\\\/nbcs.mx\\\/#\\\/schema\\\/logo\\\/image\\\/\",\"url\":\"https:\\\/\\\/nbcs.mx\\\/wp-content\\\/uploads\\\/2018\\\/09\\\/057b69485e93575a5c2b1c1dde2dd297.jpeg\",\"contentUrl\":\"https:\\\/\\\/nbcs.mx\\\/wp-content\\\/uploads\\\/2018\\\/09\\\/057b69485e93575a5c2b1c1dde2dd297.jpeg\",\"width\":64,\"height\":64,\"caption\":\"NBCS Noticias\"},\"image\":{\"@id\":\"https:\\\/\\\/nbcs.mx\\\/#\\\/schema\\\/logo\\\/image\\\/\"},\"sameAs\":[\"https:\\\/\\\/www.facebook.com\\\/NBCSnoticias\",\"https:\\\/\\\/x.com\\\/NBCSnoticias\"]},{\"@type\":\"Person\",\"@id\":\"https:\\\/\\\/nbcs.mx\\\/#\\\/schema\\\/person\\\/ece58bab9a7c1e87a4d28ec9ecd79ff4\",\"name\":\"NBCS Noticias\",\"image\":{\"@type\":\"ImageObject\",\"inLanguage\":\"es\",\"@id\":\"https:\\\/\\\/secure.gravatar.com\\\/avatar\\\/4e52110cad1c4054b43271a0d14bbe9e2ea76aecd0e1097edfc670798d9ca1d4?s=96&d=blank&r=g\",\"url\":\"https:\\\/\\\/secure.gravatar.com\\\/avatar\\\/4e52110cad1c4054b43271a0d14bbe9e2ea76aecd0e1097edfc670798d9ca1d4?s=96&d=blank&r=g\",\"contentUrl\":\"https:\\\/\\\/secure.gravatar.com\\\/avatar\\\/4e52110cad1c4054b43271a0d14bbe9e2ea76aecd0e1097edfc670798d9ca1d4?s=96&d=blank&r=g\",\"caption\":\"NBCS Noticias\"},\"description\":\"\u00bfTienes fotos o video de alg\u00fan acto de posible negligencia, corrupci\u00f3n y abuso de autoridad? M\u00e1ndalo al WhatsApp de NBCS Noticias: 612 141 98 08\",\"sameAs\":[\"https:\\\/\\\/www.nbcs.mx\",\"https:\\\/\\\/www.facebook.com\\\/NBCSnoticias\",\"https:\\\/\\\/www.instagram.com\\\/nbcsnoticias\\\/\",\"https:\\\/\\\/x.com\\\/https:\\\/\\\/twitter.com\\\/NBCSnoticias\"]}]}<\/script>\n<!-- \/ Yoast SEO plugin. -->","yoast_head_json":{"title":"\u201cNuestra se\u00f1ora de Loreto-Conch\u00f3\u201d: Celebraci\u00f3n de historia y devoci\u00f3n: Leonardo Varela - NBCS Noticias","robots":{"index":"index","follow":"follow","max-snippet":"max-snippet:-1","max-image-preview":"max-image-preview:large","max-video-preview":"max-video-preview:-1"},"canonical":"https:\/\/nbcs.mx\/?p=157220","og_locale":"es_ES","og_type":"article","og_title":"\u201cNuestra se\u00f1ora de Loreto-Conch\u00f3\u201d: Celebraci\u00f3n de historia y devoci\u00f3n: Leonardo Varela - NBCS Noticias","og_description":"En el marco de las festividades por el 328\u00b0 Aniversario de Fundaci\u00f3n de Loreto y el 4to. Festival Cultural Latinoamericano,","og_url":"https:\/\/nbcs.mx\/?p=157220","og_site_name":"NBCS Noticias","article_publisher":"https:\/\/www.facebook.com\/NBCSnoticias","article_author":"https:\/\/www.facebook.com\/NBCSnoticias","article_published_time":"2025-10-24T15:00:49+00:00","og_image":[{"width":2560,"height":1706,"url":"https:\/\/nbcs.mx\/wp-content\/uploads\/2025\/10\/2DA-CONFERENCIA-scaled.jpg","type":"image\/jpeg"}],"author":"NBCS Noticias","twitter_card":"summary_large_image","twitter_creator":"@https:\/\/twitter.com\/NBCSnoticias","twitter_site":"@NBCSnoticias","twitter_misc":{"Escrito por":"NBCS Noticias","Tiempo de lectura":"2 minutos"},"schema":{"@context":"https:\/\/schema.org","@graph":[{"@type":"Article","@id":"https:\/\/nbcs.mx\/?p=157220#article","isPartOf":{"@id":"https:\/\/nbcs.mx\/?p=157220"},"author":{"name":"NBCS Noticias","@id":"https:\/\/nbcs.mx\/#\/schema\/person\/ece58bab9a7c1e87a4d28ec9ecd79ff4"},"headline":"\u201cNuestra se\u00f1ora de Loreto-Conch\u00f3\u201d: Celebraci\u00f3n de historia y devoci\u00f3n: Leonardo Varela","datePublished":"2025-10-24T15:00:49+00:00","mainEntityOfPage":{"@id":"https:\/\/nbcs.mx\/?p=157220"},"wordCount":312,"commentCount":0,"publisher":{"@id":"https:\/\/nbcs.mx\/#organization"},"image":{"@id":"https:\/\/nbcs.mx\/?p=157220#primaryimage"},"thumbnailUrl":"https:\/\/nbcs.mx\/wp-content\/uploads\/2025\/10\/2DA-CONFERENCIA-scaled.jpg","articleSection":["Municipios"],"inLanguage":"es","potentialAction":[{"@type":"CommentAction","name":"Comment","target":["https:\/\/nbcs.mx\/?p=157220#respond"]}]},{"@type":"WebPage","@id":"https:\/\/nbcs.mx\/?p=157220","url":"https:\/\/nbcs.mx\/?p=157220","name":"\u201cNuestra se\u00f1ora de Loreto-Conch\u00f3\u201d: Celebraci\u00f3n de historia y devoci\u00f3n: Leonardo Varela - NBCS Noticias","isPartOf":{"@id":"https:\/\/nbcs.mx\/#website"},"primaryImageOfPage":{"@id":"https:\/\/nbcs.mx\/?p=157220#primaryimage"},"image":{"@id":"https:\/\/nbcs.mx\/?p=157220#primaryimage"},"thumbnailUrl":"https:\/\/nbcs.mx\/wp-content\/uploads\/2025\/10\/2DA-CONFERENCIA-scaled.jpg","datePublished":"2025-10-24T15:00:49+00:00","breadcrumb":{"@id":"https:\/\/nbcs.mx\/?p=157220#breadcrumb"},"inLanguage":"es","potentialAction":[{"@type":"ReadAction","target":["https:\/\/nbcs.mx\/?p=157220"]}]},{"@type":"ImageObject","inLanguage":"es","@id":"https:\/\/nbcs.mx\/?p=157220#primaryimage","url":"https:\/\/nbcs.mx\/wp-content\/uploads\/2025\/10\/2DA-CONFERENCIA-scaled.jpg","contentUrl":"https:\/\/nbcs.mx\/wp-content\/uploads\/2025\/10\/2DA-CONFERENCIA-scaled.jpg","width":2560,"height":1706},{"@type":"BreadcrumbList","@id":"https:\/\/nbcs.mx\/?p=157220#breadcrumb","itemListElement":[{"@type":"ListItem","position":1,"name":"Portada","item":"https:\/\/nbcs.mx\/"},{"@type":"ListItem","position":2,"name":"\u201cNuestra se\u00f1ora de Loreto-Conch\u00f3\u201d: Celebraci\u00f3n de historia y devoci\u00f3n: Leonardo Varela"}]},{"@type":"WebSite","@id":"https:\/\/nbcs.mx\/#website","url":"https:\/\/nbcs.mx\/","name":"NBCS Noticias","description":"Sitio web de noticias en Baja California Sur","publisher":{"@id":"https:\/\/nbcs.mx\/#organization"},"potentialAction":[{"@type":"SearchAction","target":{"@type":"EntryPoint","urlTemplate":"https:\/\/nbcs.mx\/?s={search_term_string}"},"query-input":{"@type":"PropertyValueSpecification","valueRequired":true,"valueName":"search_term_string"}}],"inLanguage":"es"},{"@type":"Organization","@id":"https:\/\/nbcs.mx\/#organization","name":"NBCS Noticias","url":"https:\/\/nbcs.mx\/","logo":{"@type":"ImageObject","inLanguage":"es","@id":"https:\/\/nbcs.mx\/#\/schema\/logo\/image\/","url":"https:\/\/nbcs.mx\/wp-content\/uploads\/2018\/09\/057b69485e93575a5c2b1c1dde2dd297.jpeg","contentUrl":"https:\/\/nbcs.mx\/wp-content\/uploads\/2018\/09\/057b69485e93575a5c2b1c1dde2dd297.jpeg","width":64,"height":64,"caption":"NBCS Noticias"},"image":{"@id":"https:\/\/nbcs.mx\/#\/schema\/logo\/image\/"},"sameAs":["https:\/\/www.facebook.com\/NBCSnoticias","https:\/\/x.com\/NBCSnoticias"]},{"@type":"Person","@id":"https:\/\/nbcs.mx\/#\/schema\/person\/ece58bab9a7c1e87a4d28ec9ecd79ff4","name":"NBCS Noticias","image":{"@type":"ImageObject","inLanguage":"es","@id":"https:\/\/secure.gravatar.com\/avatar\/4e52110cad1c4054b43271a0d14bbe9e2ea76aecd0e1097edfc670798d9ca1d4?s=96&d=blank&r=g","url":"https:\/\/secure.gravatar.com\/avatar\/4e52110cad1c4054b43271a0d14bbe9e2ea76aecd0e1097edfc670798d9ca1d4?s=96&d=blank&r=g","contentUrl":"https:\/\/secure.gravatar.com\/avatar\/4e52110cad1c4054b43271a0d14bbe9e2ea76aecd0e1097edfc670798d9ca1d4?s=96&d=blank&r=g","caption":"NBCS Noticias"},"description":"\u00bfTienes fotos o video de alg\u00fan acto de posible negligencia, corrupci\u00f3n y abuso de autoridad? M\u00e1ndalo al WhatsApp de NBCS Noticias: 612 141 98 08","sameAs":["https:\/\/www.nbcs.mx","https:\/\/www.facebook.com\/NBCSnoticias","https:\/\/www.instagram.com\/nbcsnoticias\/","https:\/\/x.com\/https:\/\/twitter.com\/NBCSnoticias"]}]}},"jetpack_publicize_connections":[],"jetpack_featured_media_url":"https:\/\/nbcs.mx\/wp-content\/uploads\/2025\/10\/2DA-CONFERENCIA-scaled.jpg","jetpack_sharing_enabled":true,"_links":{"self":[{"href":"https:\/\/nbcs.mx\/index.php?rest_route=\/wp\/v2\/posts\/157220","targetHints":{"allow":["GET"]}}],"collection":[{"href":"https:\/\/nbcs.mx\/index.php?rest_route=\/wp\/v2\/posts"}],"about":[{"href":"https:\/\/nbcs.mx\/index.php?rest_route=\/wp\/v2\/types\/post"}],"author":[{"embeddable":true,"href":"https:\/\/nbcs.mx\/index.php?rest_route=\/wp\/v2\/users\/1"}],"replies":[{"embeddable":true,"href":"https:\/\/nbcs.mx\/index.php?rest_route=%2Fwp%2Fv2%2Fcomments&post=157220"}],"version-history":[{"count":1,"href":"https:\/\/nbcs.mx\/index.php?rest_route=\/wp\/v2\/posts\/157220\/revisions"}],"predecessor-version":[{"id":157222,"href":"https:\/\/nbcs.mx\/index.php?rest_route=\/wp\/v2\/posts\/157220\/revisions\/157222"}],"wp:featuredmedia":[{"embeddable":true,"href":"https:\/\/nbcs.mx\/index.php?rest_route=\/wp\/v2\/media\/157221"}],"wp:attachment":[{"href":"https:\/\/nbcs.mx\/index.php?rest_route=%2Fwp%2Fv2%2Fmedia&parent=157220"}],"wp:term":[{"taxonomy":"category","embeddable":true,"href":"https:\/\/nbcs.mx\/index.php?rest_route=%2Fwp%2Fv2%2Fcategories&post=157220"},{"taxonomy":"post_tag","embeddable":true,"href":"https:\/\/nbcs.mx\/index.php?rest_route=%2Fwp%2Fv2%2Ftags&post=157220"}],"curies":[{"name":"wp","href":"https:\/\/api.w.org\/{rel}","templated":true}]}}