{"id":157223,"date":"2025-10-24T09:02:47","date_gmt":"2025-10-24T15:02:47","guid":{"rendered":"https:\/\/nbcs.mx\/?p=157223"},"modified":"2025-10-24T09:02:47","modified_gmt":"2025-10-24T15:02:47","slug":"inauguran-en-loreto-la-exposicion-fotografica-la-isla-de-sal-de-alejandra-larrinaga","status":"publish","type":"post","link":"https:\/\/nbcs.mx\/?p=157223","title":{"rendered":"Inauguran en Loreto la exposici\u00f3n fotografica \u201cLa Isla de Sal\u201d de Alejandra Larrinaga"},"content":{"rendered":"<p style=\"font-weight: 400; text-align: justify;\"><img loading=\"lazy\" decoding=\"async\" class=\" wp-image-157224 alignleft\" src=\"https:\/\/nbcs.mx\/wp-content\/uploads\/2025\/10\/EXPOSICION-2-738x492.jpg\" alt=\"\" width=\"362\" height=\"241\" srcset=\"https:\/\/nbcs.mx\/wp-content\/uploads\/2025\/10\/EXPOSICION-2-738x492.jpg 738w, https:\/\/nbcs.mx\/wp-content\/uploads\/2025\/10\/EXPOSICION-2-1024x683.jpg 1024w, https:\/\/nbcs.mx\/wp-content\/uploads\/2025\/10\/EXPOSICION-2-150x100.jpg 150w, https:\/\/nbcs.mx\/wp-content\/uploads\/2025\/10\/EXPOSICION-2-768x512.jpg 768w, https:\/\/nbcs.mx\/wp-content\/uploads\/2025\/10\/EXPOSICION-2-1536x1025.jpg 1536w, https:\/\/nbcs.mx\/wp-content\/uploads\/2025\/10\/EXPOSICION-2.jpg 2048w\" sizes=\"auto, (max-width: 362px) 100vw, 362px\" \/>En el marco de las celebraciones por el 328\u00b0 Aniversario de Fundaci\u00f3n de Loreto, fue inaugurada la conmovedora exposici\u00f3n fotogr\u00e1fica <strong>\u201cLa Isla de Sal\u201d<\/strong> en el Museo de las Misiones Jesuitas. La muestra forma parte del proyecto \u00abVoces contra el olvido, los \u00faltimos salineros de la Isla del Carmen\u00bb, una iniciativa del Instituto Sudcaliforniano de Cultura (ISC) a trav\u00e9s del Archivo Hist\u00f3rico Pablo L. Mart\u00ednez.<\/p>\n<p style=\"font-weight: 400; text-align: justify;\">\n<p style=\"font-weight: 400; text-align: justify;\">La exposici\u00f3n presenta el trabajo de la talentosa fot\u00f3grafa loretana <strong>Alejandra Larrinaga<\/strong>, quien con una mirada sensible y profundamente humana ha logrado capturar la esencia de la Isla del Carmen y la memoria viva de los \u00faltimos trabajadores de su hist\u00f3rica salinera. A trav\u00e9s de cada imagen, \u201cLa Isla de Sal\u201d invita a recorrer un cap\u00edtulo entra\u00f1able de la identidad loretana, preservando las huellas de un oficio que marc\u00f3 a generaciones.<\/p>\n<p style=\"font-weight: 400; text-align: justify;\">\n<p style=\"font-weight: 400; text-align: justify;\">Durante la inauguraci\u00f3n, <strong>Joaqu\u00edn Mu\u00f1oz<\/strong>, director del Museo de las Misiones Jesu\u00edticas de Loreto, destac\u00f3 la relevancia de la exposici\u00f3n como un puente entre la historia local y la sensibilidad art\u00edstica contempor\u00e1nea.<\/p>\n<p style=\"font-weight: 400; text-align: justify;\">Por su parte, <strong>V\u00edctor Hugo Caballero<\/strong>, director del Instituto Sudcaliforniano de Cultura, reafirm\u00f3 su compromiso de continuar respaldando proyectos que fortalezcan la preservaci\u00f3n del patrimonio cultural de Baja California Sur.<\/p>\n<p style=\"font-weight: 400; text-align: justify;\">\n<p style=\"font-weight: 400; text-align: justify;\">En este contexto, Alejandra Larrinaga recibi\u00f3 un merecido reconocimiento por su destacado trabajo fotogr\u00e1fico. Asimismo, se extendi\u00f3 un agradecimiento especial a los salineros que forman parte del futuro libro <strong>\u201cVoces contra el olvido, los \u00faltimos salineros de la Isla del Carmen\u201d<\/strong>, cuya aportaci\u00f3n hist\u00f3rica resulta invaluable para la memoria colectiva de Loreto y de todo el Estado.<\/p>\n<p style=\"font-weight: 400; text-align: justify;\"><strong>\u00a0<\/strong><\/p>\n","protected":false},"excerpt":{"rendered":"<p>En el marco de las celebraciones por el 328\u00b0 Aniversario de Fundaci\u00f3n de Loreto, fue inaugurada la conmovedora exposici\u00f3n fotogr\u00e1fica<\/p>\n","protected":false},"author":1,"featured_media":157224,"comment_status":"open","ping_status":"closed","sticky":false,"template":"","format":"standard","meta":{"colormag_page_container_layout":"default_layout","colormag_page_sidebar_layout":"default_layout","_jetpack_memberships_contains_paid_content":false,"footnotes":"","jetpack_publicize_message":"","jetpack_publicize_feature_enabled":true,"jetpack_social_post_already_shared":true,"jetpack_social_options":{"image_generator_settings":{"template":"highway","default_image_id":0,"font":"","enabled":false},"version":2}},"categories":[40],"tags":[],"class_list":["post-157223","post","type-post","status-publish","format-standard","has-post-thumbnail","hentry","category-municipios"],"yoast_head":"<!-- This site is optimized with the Yoast SEO plugin v27.4 - https:\/\/yoast.com\/product\/yoast-seo-wordpress\/ -->\n<title>Inauguran en Loreto la exposici\u00f3n fotografica \u201cLa Isla de Sal\u201d de Alejandra Larrinaga - NBCS Noticias<\/title>\n<meta name=\"robots\" content=\"index, follow, max-snippet:-1, max-image-preview:large, max-video-preview:-1\" \/>\n<link rel=\"canonical\" href=\"https:\/\/nbcs.mx\/?p=157223\" \/>\n<meta property=\"og:locale\" content=\"es_ES\" \/>\n<meta property=\"og:type\" content=\"article\" \/>\n<meta property=\"og:title\" content=\"Inauguran en Loreto la exposici\u00f3n fotografica \u201cLa Isla de Sal\u201d de Alejandra Larrinaga - NBCS Noticias\" \/>\n<meta property=\"og:description\" content=\"En el marco de las celebraciones por el 328\u00b0 Aniversario de Fundaci\u00f3n de Loreto, fue inaugurada la conmovedora exposici\u00f3n fotogr\u00e1fica\" \/>\n<meta property=\"og:url\" content=\"https:\/\/nbcs.mx\/?p=157223\" \/>\n<meta property=\"og:site_name\" content=\"NBCS Noticias\" \/>\n<meta property=\"article:publisher\" content=\"https:\/\/www.facebook.com\/NBCSnoticias\" \/>\n<meta property=\"article:author\" content=\"https:\/\/www.facebook.com\/NBCSnoticias\" \/>\n<meta property=\"article:published_time\" content=\"2025-10-24T15:02:47+00:00\" \/>\n<meta property=\"og:image\" content=\"https:\/\/nbcs.mx\/wp-content\/uploads\/2025\/10\/EXPOSICION-2.jpg\" \/>\n\t<meta property=\"og:image:width\" content=\"2048\" \/>\n\t<meta property=\"og:image:height\" content=\"1366\" \/>\n\t<meta property=\"og:image:type\" content=\"image\/jpeg\" \/>\n<meta name=\"author\" content=\"NBCS Noticias\" \/>\n<meta name=\"twitter:card\" content=\"summary_large_image\" \/>\n<meta name=\"twitter:creator\" content=\"@https:\/\/twitter.com\/NBCSnoticias\" \/>\n<meta name=\"twitter:site\" content=\"@NBCSnoticias\" \/>\n<meta name=\"twitter:label1\" content=\"Escrito por\" \/>\n\t<meta name=\"twitter:data1\" content=\"NBCS Noticias\" \/>\n\t<meta name=\"twitter:label2\" content=\"Tiempo de lectura\" \/>\n\t<meta name=\"twitter:data2\" content=\"2 minutos\" \/>\n<script type=\"application\/ld+json\" class=\"yoast-schema-graph\">{\"@context\":\"https:\\\/\\\/schema.org\",\"@graph\":[{\"@type\":\"Article\",\"@id\":\"https:\\\/\\\/nbcs.mx\\\/?p=157223#article\",\"isPartOf\":{\"@id\":\"https:\\\/\\\/nbcs.mx\\\/?p=157223\"},\"author\":{\"name\":\"NBCS Noticias\",\"@id\":\"https:\\\/\\\/nbcs.mx\\\/#\\\/schema\\\/person\\\/ece58bab9a7c1e87a4d28ec9ecd79ff4\"},\"headline\":\"Inauguran en Loreto la exposici\u00f3n fotografica \u201cLa Isla de Sal\u201d de Alejandra Larrinaga\",\"datePublished\":\"2025-10-24T15:02:47+00:00\",\"mainEntityOfPage\":{\"@id\":\"https:\\\/\\\/nbcs.mx\\\/?p=157223\"},\"wordCount\":292,\"commentCount\":0,\"publisher\":{\"@id\":\"https:\\\/\\\/nbcs.mx\\\/#organization\"},\"image\":{\"@id\":\"https:\\\/\\\/nbcs.mx\\\/?p=157223#primaryimage\"},\"thumbnailUrl\":\"https:\\\/\\\/nbcs.mx\\\/wp-content\\\/uploads\\\/2025\\\/10\\\/EXPOSICION-2.jpg\",\"articleSection\":[\"Municipios\"],\"inLanguage\":\"es\",\"potentialAction\":[{\"@type\":\"CommentAction\",\"name\":\"Comment\",\"target\":[\"https:\\\/\\\/nbcs.mx\\\/?p=157223#respond\"]}]},{\"@type\":\"WebPage\",\"@id\":\"https:\\\/\\\/nbcs.mx\\\/?p=157223\",\"url\":\"https:\\\/\\\/nbcs.mx\\\/?p=157223\",\"name\":\"Inauguran en Loreto la exposici\u00f3n fotografica \u201cLa Isla de Sal\u201d de Alejandra Larrinaga - NBCS Noticias\",\"isPartOf\":{\"@id\":\"https:\\\/\\\/nbcs.mx\\\/#website\"},\"primaryImageOfPage\":{\"@id\":\"https:\\\/\\\/nbcs.mx\\\/?p=157223#primaryimage\"},\"image\":{\"@id\":\"https:\\\/\\\/nbcs.mx\\\/?p=157223#primaryimage\"},\"thumbnailUrl\":\"https:\\\/\\\/nbcs.mx\\\/wp-content\\\/uploads\\\/2025\\\/10\\\/EXPOSICION-2.jpg\",\"datePublished\":\"2025-10-24T15:02:47+00:00\",\"breadcrumb\":{\"@id\":\"https:\\\/\\\/nbcs.mx\\\/?p=157223#breadcrumb\"},\"inLanguage\":\"es\",\"potentialAction\":[{\"@type\":\"ReadAction\",\"target\":[\"https:\\\/\\\/nbcs.mx\\\/?p=157223\"]}]},{\"@type\":\"ImageObject\",\"inLanguage\":\"es\",\"@id\":\"https:\\\/\\\/nbcs.mx\\\/?p=157223#primaryimage\",\"url\":\"https:\\\/\\\/nbcs.mx\\\/wp-content\\\/uploads\\\/2025\\\/10\\\/EXPOSICION-2.jpg\",\"contentUrl\":\"https:\\\/\\\/nbcs.mx\\\/wp-content\\\/uploads\\\/2025\\\/10\\\/EXPOSICION-2.jpg\",\"width\":2048,\"height\":1366},{\"@type\":\"BreadcrumbList\",\"@id\":\"https:\\\/\\\/nbcs.mx\\\/?p=157223#breadcrumb\",\"itemListElement\":[{\"@type\":\"ListItem\",\"position\":1,\"name\":\"Portada\",\"item\":\"https:\\\/\\\/nbcs.mx\\\/\"},{\"@type\":\"ListItem\",\"position\":2,\"name\":\"Inauguran en Loreto la exposici\u00f3n fotografica \u201cLa Isla de Sal\u201d de Alejandra Larrinaga\"}]},{\"@type\":\"WebSite\",\"@id\":\"https:\\\/\\\/nbcs.mx\\\/#website\",\"url\":\"https:\\\/\\\/nbcs.mx\\\/\",\"name\":\"NBCS Noticias\",\"description\":\"Sitio web de noticias en Baja California Sur\",\"publisher\":{\"@id\":\"https:\\\/\\\/nbcs.mx\\\/#organization\"},\"potentialAction\":[{\"@type\":\"SearchAction\",\"target\":{\"@type\":\"EntryPoint\",\"urlTemplate\":\"https:\\\/\\\/nbcs.mx\\\/?s={search_term_string}\"},\"query-input\":{\"@type\":\"PropertyValueSpecification\",\"valueRequired\":true,\"valueName\":\"search_term_string\"}}],\"inLanguage\":\"es\"},{\"@type\":\"Organization\",\"@id\":\"https:\\\/\\\/nbcs.mx\\\/#organization\",\"name\":\"NBCS Noticias\",\"url\":\"https:\\\/\\\/nbcs.mx\\\/\",\"logo\":{\"@type\":\"ImageObject\",\"inLanguage\":\"es\",\"@id\":\"https:\\\/\\\/nbcs.mx\\\/#\\\/schema\\\/logo\\\/image\\\/\",\"url\":\"https:\\\/\\\/nbcs.mx\\\/wp-content\\\/uploads\\\/2018\\\/09\\\/057b69485e93575a5c2b1c1dde2dd297.jpeg\",\"contentUrl\":\"https:\\\/\\\/nbcs.mx\\\/wp-content\\\/uploads\\\/2018\\\/09\\\/057b69485e93575a5c2b1c1dde2dd297.jpeg\",\"width\":64,\"height\":64,\"caption\":\"NBCS Noticias\"},\"image\":{\"@id\":\"https:\\\/\\\/nbcs.mx\\\/#\\\/schema\\\/logo\\\/image\\\/\"},\"sameAs\":[\"https:\\\/\\\/www.facebook.com\\\/NBCSnoticias\",\"https:\\\/\\\/x.com\\\/NBCSnoticias\"]},{\"@type\":\"Person\",\"@id\":\"https:\\\/\\\/nbcs.mx\\\/#\\\/schema\\\/person\\\/ece58bab9a7c1e87a4d28ec9ecd79ff4\",\"name\":\"NBCS Noticias\",\"image\":{\"@type\":\"ImageObject\",\"inLanguage\":\"es\",\"@id\":\"https:\\\/\\\/secure.gravatar.com\\\/avatar\\\/4e52110cad1c4054b43271a0d14bbe9e2ea76aecd0e1097edfc670798d9ca1d4?s=96&d=blank&r=g\",\"url\":\"https:\\\/\\\/secure.gravatar.com\\\/avatar\\\/4e52110cad1c4054b43271a0d14bbe9e2ea76aecd0e1097edfc670798d9ca1d4?s=96&d=blank&r=g\",\"contentUrl\":\"https:\\\/\\\/secure.gravatar.com\\\/avatar\\\/4e52110cad1c4054b43271a0d14bbe9e2ea76aecd0e1097edfc670798d9ca1d4?s=96&d=blank&r=g\",\"caption\":\"NBCS Noticias\"},\"description\":\"\u00bfTienes fotos o video de alg\u00fan acto de posible negligencia, corrupci\u00f3n y abuso de autoridad? M\u00e1ndalo al WhatsApp de NBCS Noticias: 612 141 98 08\",\"sameAs\":[\"https:\\\/\\\/www.nbcs.mx\",\"https:\\\/\\\/www.facebook.com\\\/NBCSnoticias\",\"https:\\\/\\\/www.instagram.com\\\/nbcsnoticias\\\/\",\"https:\\\/\\\/x.com\\\/https:\\\/\\\/twitter.com\\\/NBCSnoticias\"]}]}<\/script>\n<!-- \/ Yoast SEO plugin. -->","yoast_head_json":{"title":"Inauguran en Loreto la exposici\u00f3n fotografica \u201cLa Isla de Sal\u201d de Alejandra Larrinaga - NBCS Noticias","robots":{"index":"index","follow":"follow","max-snippet":"max-snippet:-1","max-image-preview":"max-image-preview:large","max-video-preview":"max-video-preview:-1"},"canonical":"https:\/\/nbcs.mx\/?p=157223","og_locale":"es_ES","og_type":"article","og_title":"Inauguran en Loreto la exposici\u00f3n fotografica \u201cLa Isla de Sal\u201d de Alejandra Larrinaga - NBCS Noticias","og_description":"En el marco de las celebraciones por el 328\u00b0 Aniversario de Fundaci\u00f3n de Loreto, fue inaugurada la conmovedora exposici\u00f3n fotogr\u00e1fica","og_url":"https:\/\/nbcs.mx\/?p=157223","og_site_name":"NBCS Noticias","article_publisher":"https:\/\/www.facebook.com\/NBCSnoticias","article_author":"https:\/\/www.facebook.com\/NBCSnoticias","article_published_time":"2025-10-24T15:02:47+00:00","og_image":[{"width":2048,"height":1366,"url":"https:\/\/nbcs.mx\/wp-content\/uploads\/2025\/10\/EXPOSICION-2.jpg","type":"image\/jpeg"}],"author":"NBCS Noticias","twitter_card":"summary_large_image","twitter_creator":"@https:\/\/twitter.com\/NBCSnoticias","twitter_site":"@NBCSnoticias","twitter_misc":{"Escrito por":"NBCS Noticias","Tiempo de lectura":"2 minutos"},"schema":{"@context":"https:\/\/schema.org","@graph":[{"@type":"Article","@id":"https:\/\/nbcs.mx\/?p=157223#article","isPartOf":{"@id":"https:\/\/nbcs.mx\/?p=157223"},"author":{"name":"NBCS Noticias","@id":"https:\/\/nbcs.mx\/#\/schema\/person\/ece58bab9a7c1e87a4d28ec9ecd79ff4"},"headline":"Inauguran en Loreto la exposici\u00f3n fotografica \u201cLa Isla de Sal\u201d de Alejandra Larrinaga","datePublished":"2025-10-24T15:02:47+00:00","mainEntityOfPage":{"@id":"https:\/\/nbcs.mx\/?p=157223"},"wordCount":292,"commentCount":0,"publisher":{"@id":"https:\/\/nbcs.mx\/#organization"},"image":{"@id":"https:\/\/nbcs.mx\/?p=157223#primaryimage"},"thumbnailUrl":"https:\/\/nbcs.mx\/wp-content\/uploads\/2025\/10\/EXPOSICION-2.jpg","articleSection":["Municipios"],"inLanguage":"es","potentialAction":[{"@type":"CommentAction","name":"Comment","target":["https:\/\/nbcs.mx\/?p=157223#respond"]}]},{"@type":"WebPage","@id":"https:\/\/nbcs.mx\/?p=157223","url":"https:\/\/nbcs.mx\/?p=157223","name":"Inauguran en Loreto la exposici\u00f3n fotografica \u201cLa Isla de Sal\u201d de Alejandra Larrinaga - NBCS Noticias","isPartOf":{"@id":"https:\/\/nbcs.mx\/#website"},"primaryImageOfPage":{"@id":"https:\/\/nbcs.mx\/?p=157223#primaryimage"},"image":{"@id":"https:\/\/nbcs.mx\/?p=157223#primaryimage"},"thumbnailUrl":"https:\/\/nbcs.mx\/wp-content\/uploads\/2025\/10\/EXPOSICION-2.jpg","datePublished":"2025-10-24T15:02:47+00:00","breadcrumb":{"@id":"https:\/\/nbcs.mx\/?p=157223#breadcrumb"},"inLanguage":"es","potentialAction":[{"@type":"ReadAction","target":["https:\/\/nbcs.mx\/?p=157223"]}]},{"@type":"ImageObject","inLanguage":"es","@id":"https:\/\/nbcs.mx\/?p=157223#primaryimage","url":"https:\/\/nbcs.mx\/wp-content\/uploads\/2025\/10\/EXPOSICION-2.jpg","contentUrl":"https:\/\/nbcs.mx\/wp-content\/uploads\/2025\/10\/EXPOSICION-2.jpg","width":2048,"height":1366},{"@type":"BreadcrumbList","@id":"https:\/\/nbcs.mx\/?p=157223#breadcrumb","itemListElement":[{"@type":"ListItem","position":1,"name":"Portada","item":"https:\/\/nbcs.mx\/"},{"@type":"ListItem","position":2,"name":"Inauguran en Loreto la exposici\u00f3n fotografica \u201cLa Isla de Sal\u201d de Alejandra Larrinaga"}]},{"@type":"WebSite","@id":"https:\/\/nbcs.mx\/#website","url":"https:\/\/nbcs.mx\/","name":"NBCS Noticias","description":"Sitio web de noticias en Baja California Sur","publisher":{"@id":"https:\/\/nbcs.mx\/#organization"},"potentialAction":[{"@type":"SearchAction","target":{"@type":"EntryPoint","urlTemplate":"https:\/\/nbcs.mx\/?s={search_term_string}"},"query-input":{"@type":"PropertyValueSpecification","valueRequired":true,"valueName":"search_term_string"}}],"inLanguage":"es"},{"@type":"Organization","@id":"https:\/\/nbcs.mx\/#organization","name":"NBCS Noticias","url":"https:\/\/nbcs.mx\/","logo":{"@type":"ImageObject","inLanguage":"es","@id":"https:\/\/nbcs.mx\/#\/schema\/logo\/image\/","url":"https:\/\/nbcs.mx\/wp-content\/uploads\/2018\/09\/057b69485e93575a5c2b1c1dde2dd297.jpeg","contentUrl":"https:\/\/nbcs.mx\/wp-content\/uploads\/2018\/09\/057b69485e93575a5c2b1c1dde2dd297.jpeg","width":64,"height":64,"caption":"NBCS Noticias"},"image":{"@id":"https:\/\/nbcs.mx\/#\/schema\/logo\/image\/"},"sameAs":["https:\/\/www.facebook.com\/NBCSnoticias","https:\/\/x.com\/NBCSnoticias"]},{"@type":"Person","@id":"https:\/\/nbcs.mx\/#\/schema\/person\/ece58bab9a7c1e87a4d28ec9ecd79ff4","name":"NBCS Noticias","image":{"@type":"ImageObject","inLanguage":"es","@id":"https:\/\/secure.gravatar.com\/avatar\/4e52110cad1c4054b43271a0d14bbe9e2ea76aecd0e1097edfc670798d9ca1d4?s=96&d=blank&r=g","url":"https:\/\/secure.gravatar.com\/avatar\/4e52110cad1c4054b43271a0d14bbe9e2ea76aecd0e1097edfc670798d9ca1d4?s=96&d=blank&r=g","contentUrl":"https:\/\/secure.gravatar.com\/avatar\/4e52110cad1c4054b43271a0d14bbe9e2ea76aecd0e1097edfc670798d9ca1d4?s=96&d=blank&r=g","caption":"NBCS Noticias"},"description":"\u00bfTienes fotos o video de alg\u00fan acto de posible negligencia, corrupci\u00f3n y abuso de autoridad? M\u00e1ndalo al WhatsApp de NBCS Noticias: 612 141 98 08","sameAs":["https:\/\/www.nbcs.mx","https:\/\/www.facebook.com\/NBCSnoticias","https:\/\/www.instagram.com\/nbcsnoticias\/","https:\/\/x.com\/https:\/\/twitter.com\/NBCSnoticias"]}]}},"jetpack_publicize_connections":[],"jetpack_featured_media_url":"https:\/\/nbcs.mx\/wp-content\/uploads\/2025\/10\/EXPOSICION-2.jpg","jetpack_sharing_enabled":true,"_links":{"self":[{"href":"https:\/\/nbcs.mx\/index.php?rest_route=\/wp\/v2\/posts\/157223","targetHints":{"allow":["GET"]}}],"collection":[{"href":"https:\/\/nbcs.mx\/index.php?rest_route=\/wp\/v2\/posts"}],"about":[{"href":"https:\/\/nbcs.mx\/index.php?rest_route=\/wp\/v2\/types\/post"}],"author":[{"embeddable":true,"href":"https:\/\/nbcs.mx\/index.php?rest_route=\/wp\/v2\/users\/1"}],"replies":[{"embeddable":true,"href":"https:\/\/nbcs.mx\/index.php?rest_route=%2Fwp%2Fv2%2Fcomments&post=157223"}],"version-history":[{"count":1,"href":"https:\/\/nbcs.mx\/index.php?rest_route=\/wp\/v2\/posts\/157223\/revisions"}],"predecessor-version":[{"id":157225,"href":"https:\/\/nbcs.mx\/index.php?rest_route=\/wp\/v2\/posts\/157223\/revisions\/157225"}],"wp:featuredmedia":[{"embeddable":true,"href":"https:\/\/nbcs.mx\/index.php?rest_route=\/wp\/v2\/media\/157224"}],"wp:attachment":[{"href":"https:\/\/nbcs.mx\/index.php?rest_route=%2Fwp%2Fv2%2Fmedia&parent=157223"}],"wp:term":[{"taxonomy":"category","embeddable":true,"href":"https:\/\/nbcs.mx\/index.php?rest_route=%2Fwp%2Fv2%2Fcategories&post=157223"},{"taxonomy":"post_tag","embeddable":true,"href":"https:\/\/nbcs.mx\/index.php?rest_route=%2Fwp%2Fv2%2Ftags&post=157223"}],"curies":[{"name":"wp","href":"https:\/\/api.w.org\/{rel}","templated":true}]}}