{"id":157229,"date":"2025-10-24T09:07:17","date_gmt":"2025-10-24T15:07:17","guid":{"rendered":"https:\/\/nbcs.mx\/?p=157229"},"modified":"2025-10-24T09:07:17","modified_gmt":"2025-10-24T15:07:17","slug":"empleo-formal-el-mejor-programa-social-que-puede-haber-considera-coparmex","status":"publish","type":"post","link":"https:\/\/nbcs.mx\/?p=157229","title":{"rendered":"Empleo formal, el mejor programa social que puede haber considera Coparmex"},"content":{"rendered":"<p style=\"text-align: justify;\"><img loading=\"lazy\" decoding=\"async\" class=\" wp-image-44916 alignleft\" src=\"https:\/\/nbcs.mx\/wp-content\/uploads\/2019\/04\/Avanza-creaci\u00f3n-de-empleo-formal-en-BCS-2-800x533-739x492.jpg\" alt=\"\" width=\"379\" height=\"252\" srcset=\"https:\/\/nbcs.mx\/wp-content\/uploads\/2019\/04\/Avanza-creaci\u00f3n-de-empleo-formal-en-BCS-2-800x533-739x492.jpg 739w, https:\/\/nbcs.mx\/wp-content\/uploads\/2019\/04\/Avanza-creaci\u00f3n-de-empleo-formal-en-BCS-2-800x533-150x100.jpg 150w, https:\/\/nbcs.mx\/wp-content\/uploads\/2019\/04\/Avanza-creaci\u00f3n-de-empleo-formal-en-BCS-2-800x533-768x512.jpg 768w, https:\/\/nbcs.mx\/wp-content\/uploads\/2019\/04\/Avanza-creaci\u00f3n-de-empleo-formal-en-BCS-2-800x533.jpg 1024w, https:\/\/nbcs.mx\/wp-content\/uploads\/2019\/04\/Avanza-creaci\u00f3n-de-empleo-formal-en-BCS-2-800x533-600x400.jpg 600w\" sizes=\"auto, (max-width: 379px) 100vw, 379px\" \/>Para el sector empresarial organizado de Baja California Sur, el mejor programa social que puede haber es el empleo formal, pues las becas y las pensiones del gobierno federal solo provocan desaceleraci\u00f3n econ\u00f3mica al entregarse de manera generalizada.<\/p>\n<p style=\"text-align: justify;\">Sin embargo, el presidente de la Confederaci\u00f3n Patronal de la Rep\u00fablica Mexicana (Coparmex) en Baja California Sur, Paul Valdiviezo P\u00e9rez, estableci\u00f3 que los programas sociales del gobierno son buenos, pero deber\u00edan ser para adultos mayores y grupos vulnerables como los ind\u00edgenas.<\/p>\n<p style=\"text-align: justify;\">Puso como ejemplo las becas que se otorgan a estudiantes de preparatoria o profesional, que influyen para que buena parte de este segmento de la poblaci\u00f3n ya no quiera buscar un empleo, y prefieran vivir con lo que les da el gobierno.<\/p>\n<p style=\"text-align: justify;\">Expuso que por ese motivo, la empleabilidad formal se encuentra enfrentando dificultades para completar su plantilla laboral, ya que es dif\u00edcil encontrar quien quiera cubrir una jornada laboral o realizar alguna actividad en espec\u00edfico.<\/p>\n<p style=\"text-align: justify;\">Por ese motivo, lament\u00f3 que hay los que, o no aceptan el empleo o de plano desertan al poco tiempo, y que situaci\u00f3n similar est\u00e1 ocurriendo en las instituciones de educaci\u00f3n superior con el programa J\u00f3venes Escribiendo el Futuro.<\/p>\n<p style=\"text-align: justify;\">Se\u00f1al\u00f3 que por ese motivo, algunas de las nuevas empresas que llegan a la entidad, optan por traer a sus trabajadores de otras partes del pa\u00eds, a fin de no padecer esa problem\u00e1tica.<\/p>\n<p style=\"text-align: justify;\">Record\u00f3 que el sector empresarial es fundamental para el desarrollo de las comunidades, y una muestra de ello es que Baja California Sur actualmente es uno de los cuatro Estados que otorga los mejores sueldos.<\/p>\n<p style=\"text-align: justify;\">Consider\u00f3 que la comunicaci\u00f3n entre el gobierno y la iniciativa privada, debe ser primordial precisamente para conjuntar esfuerzos en este sentido, y mantener las expectativas de crecimiento.<\/p>\n<p style=\"text-align: justify;\">Pero insisti\u00f3 que todo debe ser dentro de la formalidad, respaldando a los trabajadores con los servicios m\u00e9dicos que ofrece el Seguro Social, y tener derecho a cr\u00e9ditos y otros beneficios.<\/p>\n<p style=\"text-align: justify;\">Paul Valdiviezo, remarc\u00f3 que los programas sociales del gobierno de la Rep\u00fablica son positivos, pero deben dirigirse espec\u00edficamente a ciertos sectores, como los adultos mayores, grupos vulnerables como los ind\u00edgenas, entre otros. (Por: Arturo Nieves).<\/p>\n<div class=\"addtoany_share_save_container addtoany_content addtoany_content_bottom\">\n<div class=\"a2a_kit a2a_kit_size_32 addtoany_list\" style=\"text-align: justify;\" data-a2a-url=\"https:\/\/www.palabrabcs.com\/municipios\/la-paz\/empleo-formal-el-mejor-programa-social-que-puede-haber-considera-coparmex\/\" data-a2a-title=\"Empleo formal, el mejor programa social que puede haber considera Coparmex\"><\/div>\n<\/div>\n","protected":false},"excerpt":{"rendered":"<p>Para el sector empresarial organizado de Baja California Sur, el mejor programa social que puede haber es el empleo formal,<\/p>\n","protected":false},"author":1,"featured_media":44916,"comment_status":"open","ping_status":"closed","sticky":false,"template":"","format":"standard","meta":{"colormag_page_container_layout":"default_layout","colormag_page_sidebar_layout":"default_layout","_jetpack_memberships_contains_paid_content":false,"footnotes":"","jetpack_publicize_message":"","jetpack_publicize_feature_enabled":true,"jetpack_social_post_already_shared":true,"jetpack_social_options":{"image_generator_settings":{"template":"highway","default_image_id":0,"font":"","enabled":false},"version":2}},"categories":[1],"tags":[],"class_list":["post-157229","post","type-post","status-publish","format-standard","has-post-thumbnail","hentry","category-noticias"],"yoast_head":"<!-- This site is optimized with the Yoast SEO plugin v27.4 - https:\/\/yoast.com\/product\/yoast-seo-wordpress\/ -->\n<title>Empleo formal, el mejor programa social que puede haber considera Coparmex - NBCS Noticias<\/title>\n<meta name=\"robots\" content=\"index, follow, max-snippet:-1, max-image-preview:large, max-video-preview:-1\" \/>\n<link rel=\"canonical\" href=\"https:\/\/nbcs.mx\/?p=157229\" \/>\n<meta property=\"og:locale\" content=\"es_ES\" \/>\n<meta property=\"og:type\" content=\"article\" \/>\n<meta property=\"og:title\" content=\"Empleo formal, el mejor programa social que puede haber considera Coparmex - NBCS Noticias\" \/>\n<meta property=\"og:description\" content=\"Para el sector empresarial organizado de Baja California Sur, el mejor programa social que puede haber es el empleo formal,\" \/>\n<meta property=\"og:url\" content=\"https:\/\/nbcs.mx\/?p=157229\" \/>\n<meta property=\"og:site_name\" content=\"NBCS Noticias\" \/>\n<meta property=\"article:publisher\" content=\"https:\/\/www.facebook.com\/NBCSnoticias\" \/>\n<meta property=\"article:author\" content=\"https:\/\/www.facebook.com\/NBCSnoticias\" \/>\n<meta property=\"article:published_time\" content=\"2025-10-24T15:07:17+00:00\" \/>\n<meta property=\"og:image\" content=\"https:\/\/nbcs.mx\/wp-content\/uploads\/2019\/04\/Avanza-creaci\u00f3n-de-empleo-formal-en-BCS-2-800x533.jpg\" \/>\n\t<meta property=\"og:image:width\" content=\"1024\" \/>\n\t<meta property=\"og:image:height\" content=\"682\" \/>\n\t<meta property=\"og:image:type\" content=\"image\/jpeg\" \/>\n<meta name=\"author\" content=\"NBCS Noticias\" \/>\n<meta name=\"twitter:card\" content=\"summary_large_image\" \/>\n<meta name=\"twitter:creator\" content=\"@https:\/\/twitter.com\/NBCSnoticias\" \/>\n<meta name=\"twitter:site\" content=\"@NBCSnoticias\" \/>\n<meta name=\"twitter:label1\" content=\"Escrito por\" \/>\n\t<meta name=\"twitter:data1\" content=\"NBCS Noticias\" \/>\n\t<meta name=\"twitter:label2\" content=\"Tiempo de lectura\" \/>\n\t<meta name=\"twitter:data2\" content=\"3 minutos\" \/>\n<script type=\"application\/ld+json\" class=\"yoast-schema-graph\">{\"@context\":\"https:\\\/\\\/schema.org\",\"@graph\":[{\"@type\":\"Article\",\"@id\":\"https:\\\/\\\/nbcs.mx\\\/?p=157229#article\",\"isPartOf\":{\"@id\":\"https:\\\/\\\/nbcs.mx\\\/?p=157229\"},\"author\":{\"name\":\"NBCS Noticias\",\"@id\":\"https:\\\/\\\/nbcs.mx\\\/#\\\/schema\\\/person\\\/ece58bab9a7c1e87a4d28ec9ecd79ff4\"},\"headline\":\"Empleo formal, el mejor programa social que puede haber considera Coparmex\",\"datePublished\":\"2025-10-24T15:07:17+00:00\",\"mainEntityOfPage\":{\"@id\":\"https:\\\/\\\/nbcs.mx\\\/?p=157229\"},\"wordCount\":388,\"commentCount\":0,\"publisher\":{\"@id\":\"https:\\\/\\\/nbcs.mx\\\/#organization\"},\"image\":{\"@id\":\"https:\\\/\\\/nbcs.mx\\\/?p=157229#primaryimage\"},\"thumbnailUrl\":\"https:\\\/\\\/nbcs.mx\\\/wp-content\\\/uploads\\\/2019\\\/04\\\/Avanza-creaci\u00f3n-de-empleo-formal-en-BCS-2-800x533.jpg\",\"articleSection\":[\"Noticias\"],\"inLanguage\":\"es\",\"potentialAction\":[{\"@type\":\"CommentAction\",\"name\":\"Comment\",\"target\":[\"https:\\\/\\\/nbcs.mx\\\/?p=157229#respond\"]}]},{\"@type\":\"WebPage\",\"@id\":\"https:\\\/\\\/nbcs.mx\\\/?p=157229\",\"url\":\"https:\\\/\\\/nbcs.mx\\\/?p=157229\",\"name\":\"Empleo formal, el mejor programa social que puede haber considera Coparmex - NBCS Noticias\",\"isPartOf\":{\"@id\":\"https:\\\/\\\/nbcs.mx\\\/#website\"},\"primaryImageOfPage\":{\"@id\":\"https:\\\/\\\/nbcs.mx\\\/?p=157229#primaryimage\"},\"image\":{\"@id\":\"https:\\\/\\\/nbcs.mx\\\/?p=157229#primaryimage\"},\"thumbnailUrl\":\"https:\\\/\\\/nbcs.mx\\\/wp-content\\\/uploads\\\/2019\\\/04\\\/Avanza-creaci\u00f3n-de-empleo-formal-en-BCS-2-800x533.jpg\",\"datePublished\":\"2025-10-24T15:07:17+00:00\",\"breadcrumb\":{\"@id\":\"https:\\\/\\\/nbcs.mx\\\/?p=157229#breadcrumb\"},\"inLanguage\":\"es\",\"potentialAction\":[{\"@type\":\"ReadAction\",\"target\":[\"https:\\\/\\\/nbcs.mx\\\/?p=157229\"]}]},{\"@type\":\"ImageObject\",\"inLanguage\":\"es\",\"@id\":\"https:\\\/\\\/nbcs.mx\\\/?p=157229#primaryimage\",\"url\":\"https:\\\/\\\/nbcs.mx\\\/wp-content\\\/uploads\\\/2019\\\/04\\\/Avanza-creaci\u00f3n-de-empleo-formal-en-BCS-2-800x533.jpg\",\"contentUrl\":\"https:\\\/\\\/nbcs.mx\\\/wp-content\\\/uploads\\\/2019\\\/04\\\/Avanza-creaci\u00f3n-de-empleo-formal-en-BCS-2-800x533.jpg\",\"width\":1024,\"height\":682},{\"@type\":\"BreadcrumbList\",\"@id\":\"https:\\\/\\\/nbcs.mx\\\/?p=157229#breadcrumb\",\"itemListElement\":[{\"@type\":\"ListItem\",\"position\":1,\"name\":\"Portada\",\"item\":\"https:\\\/\\\/nbcs.mx\\\/\"},{\"@type\":\"ListItem\",\"position\":2,\"name\":\"Empleo formal, el mejor programa social que puede haber considera Coparmex\"}]},{\"@type\":\"WebSite\",\"@id\":\"https:\\\/\\\/nbcs.mx\\\/#website\",\"url\":\"https:\\\/\\\/nbcs.mx\\\/\",\"name\":\"NBCS Noticias\",\"description\":\"Sitio web de noticias en Baja California Sur\",\"publisher\":{\"@id\":\"https:\\\/\\\/nbcs.mx\\\/#organization\"},\"potentialAction\":[{\"@type\":\"SearchAction\",\"target\":{\"@type\":\"EntryPoint\",\"urlTemplate\":\"https:\\\/\\\/nbcs.mx\\\/?s={search_term_string}\"},\"query-input\":{\"@type\":\"PropertyValueSpecification\",\"valueRequired\":true,\"valueName\":\"search_term_string\"}}],\"inLanguage\":\"es\"},{\"@type\":\"Organization\",\"@id\":\"https:\\\/\\\/nbcs.mx\\\/#organization\",\"name\":\"NBCS Noticias\",\"url\":\"https:\\\/\\\/nbcs.mx\\\/\",\"logo\":{\"@type\":\"ImageObject\",\"inLanguage\":\"es\",\"@id\":\"https:\\\/\\\/nbcs.mx\\\/#\\\/schema\\\/logo\\\/image\\\/\",\"url\":\"https:\\\/\\\/nbcs.mx\\\/wp-content\\\/uploads\\\/2018\\\/09\\\/057b69485e93575a5c2b1c1dde2dd297.jpeg\",\"contentUrl\":\"https:\\\/\\\/nbcs.mx\\\/wp-content\\\/uploads\\\/2018\\\/09\\\/057b69485e93575a5c2b1c1dde2dd297.jpeg\",\"width\":64,\"height\":64,\"caption\":\"NBCS Noticias\"},\"image\":{\"@id\":\"https:\\\/\\\/nbcs.mx\\\/#\\\/schema\\\/logo\\\/image\\\/\"},\"sameAs\":[\"https:\\\/\\\/www.facebook.com\\\/NBCSnoticias\",\"https:\\\/\\\/x.com\\\/NBCSnoticias\"]},{\"@type\":\"Person\",\"@id\":\"https:\\\/\\\/nbcs.mx\\\/#\\\/schema\\\/person\\\/ece58bab9a7c1e87a4d28ec9ecd79ff4\",\"name\":\"NBCS Noticias\",\"image\":{\"@type\":\"ImageObject\",\"inLanguage\":\"es\",\"@id\":\"https:\\\/\\\/secure.gravatar.com\\\/avatar\\\/4e52110cad1c4054b43271a0d14bbe9e2ea76aecd0e1097edfc670798d9ca1d4?s=96&d=blank&r=g\",\"url\":\"https:\\\/\\\/secure.gravatar.com\\\/avatar\\\/4e52110cad1c4054b43271a0d14bbe9e2ea76aecd0e1097edfc670798d9ca1d4?s=96&d=blank&r=g\",\"contentUrl\":\"https:\\\/\\\/secure.gravatar.com\\\/avatar\\\/4e52110cad1c4054b43271a0d14bbe9e2ea76aecd0e1097edfc670798d9ca1d4?s=96&d=blank&r=g\",\"caption\":\"NBCS Noticias\"},\"description\":\"\u00bfTienes fotos o video de alg\u00fan acto de posible negligencia, corrupci\u00f3n y abuso de autoridad? M\u00e1ndalo al WhatsApp de NBCS Noticias: 612 141 98 08\",\"sameAs\":[\"https:\\\/\\\/www.nbcs.mx\",\"https:\\\/\\\/www.facebook.com\\\/NBCSnoticias\",\"https:\\\/\\\/www.instagram.com\\\/nbcsnoticias\\\/\",\"https:\\\/\\\/x.com\\\/https:\\\/\\\/twitter.com\\\/NBCSnoticias\"]}]}<\/script>\n<!-- \/ Yoast SEO plugin. -->","yoast_head_json":{"title":"Empleo formal, el mejor programa social que puede haber considera Coparmex - NBCS Noticias","robots":{"index":"index","follow":"follow","max-snippet":"max-snippet:-1","max-image-preview":"max-image-preview:large","max-video-preview":"max-video-preview:-1"},"canonical":"https:\/\/nbcs.mx\/?p=157229","og_locale":"es_ES","og_type":"article","og_title":"Empleo formal, el mejor programa social que puede haber considera Coparmex - NBCS Noticias","og_description":"Para el sector empresarial organizado de Baja California Sur, el mejor programa social que puede haber es el empleo formal,","og_url":"https:\/\/nbcs.mx\/?p=157229","og_site_name":"NBCS Noticias","article_publisher":"https:\/\/www.facebook.com\/NBCSnoticias","article_author":"https:\/\/www.facebook.com\/NBCSnoticias","article_published_time":"2025-10-24T15:07:17+00:00","og_image":[{"width":1024,"height":682,"url":"https:\/\/nbcs.mx\/wp-content\/uploads\/2019\/04\/Avanza-creaci\u00f3n-de-empleo-formal-en-BCS-2-800x533.jpg","type":"image\/jpeg"}],"author":"NBCS Noticias","twitter_card":"summary_large_image","twitter_creator":"@https:\/\/twitter.com\/NBCSnoticias","twitter_site":"@NBCSnoticias","twitter_misc":{"Escrito por":"NBCS Noticias","Tiempo de lectura":"3 minutos"},"schema":{"@context":"https:\/\/schema.org","@graph":[{"@type":"Article","@id":"https:\/\/nbcs.mx\/?p=157229#article","isPartOf":{"@id":"https:\/\/nbcs.mx\/?p=157229"},"author":{"name":"NBCS Noticias","@id":"https:\/\/nbcs.mx\/#\/schema\/person\/ece58bab9a7c1e87a4d28ec9ecd79ff4"},"headline":"Empleo formal, el mejor programa social que puede haber considera Coparmex","datePublished":"2025-10-24T15:07:17+00:00","mainEntityOfPage":{"@id":"https:\/\/nbcs.mx\/?p=157229"},"wordCount":388,"commentCount":0,"publisher":{"@id":"https:\/\/nbcs.mx\/#organization"},"image":{"@id":"https:\/\/nbcs.mx\/?p=157229#primaryimage"},"thumbnailUrl":"https:\/\/nbcs.mx\/wp-content\/uploads\/2019\/04\/Avanza-creaci\u00f3n-de-empleo-formal-en-BCS-2-800x533.jpg","articleSection":["Noticias"],"inLanguage":"es","potentialAction":[{"@type":"CommentAction","name":"Comment","target":["https:\/\/nbcs.mx\/?p=157229#respond"]}]},{"@type":"WebPage","@id":"https:\/\/nbcs.mx\/?p=157229","url":"https:\/\/nbcs.mx\/?p=157229","name":"Empleo formal, el mejor programa social que puede haber considera Coparmex - NBCS Noticias","isPartOf":{"@id":"https:\/\/nbcs.mx\/#website"},"primaryImageOfPage":{"@id":"https:\/\/nbcs.mx\/?p=157229#primaryimage"},"image":{"@id":"https:\/\/nbcs.mx\/?p=157229#primaryimage"},"thumbnailUrl":"https:\/\/nbcs.mx\/wp-content\/uploads\/2019\/04\/Avanza-creaci\u00f3n-de-empleo-formal-en-BCS-2-800x533.jpg","datePublished":"2025-10-24T15:07:17+00:00","breadcrumb":{"@id":"https:\/\/nbcs.mx\/?p=157229#breadcrumb"},"inLanguage":"es","potentialAction":[{"@type":"ReadAction","target":["https:\/\/nbcs.mx\/?p=157229"]}]},{"@type":"ImageObject","inLanguage":"es","@id":"https:\/\/nbcs.mx\/?p=157229#primaryimage","url":"https:\/\/nbcs.mx\/wp-content\/uploads\/2019\/04\/Avanza-creaci\u00f3n-de-empleo-formal-en-BCS-2-800x533.jpg","contentUrl":"https:\/\/nbcs.mx\/wp-content\/uploads\/2019\/04\/Avanza-creaci\u00f3n-de-empleo-formal-en-BCS-2-800x533.jpg","width":1024,"height":682},{"@type":"BreadcrumbList","@id":"https:\/\/nbcs.mx\/?p=157229#breadcrumb","itemListElement":[{"@type":"ListItem","position":1,"name":"Portada","item":"https:\/\/nbcs.mx\/"},{"@type":"ListItem","position":2,"name":"Empleo formal, el mejor programa social que puede haber considera Coparmex"}]},{"@type":"WebSite","@id":"https:\/\/nbcs.mx\/#website","url":"https:\/\/nbcs.mx\/","name":"NBCS Noticias","description":"Sitio web de noticias en Baja California Sur","publisher":{"@id":"https:\/\/nbcs.mx\/#organization"},"potentialAction":[{"@type":"SearchAction","target":{"@type":"EntryPoint","urlTemplate":"https:\/\/nbcs.mx\/?s={search_term_string}"},"query-input":{"@type":"PropertyValueSpecification","valueRequired":true,"valueName":"search_term_string"}}],"inLanguage":"es"},{"@type":"Organization","@id":"https:\/\/nbcs.mx\/#organization","name":"NBCS Noticias","url":"https:\/\/nbcs.mx\/","logo":{"@type":"ImageObject","inLanguage":"es","@id":"https:\/\/nbcs.mx\/#\/schema\/logo\/image\/","url":"https:\/\/nbcs.mx\/wp-content\/uploads\/2018\/09\/057b69485e93575a5c2b1c1dde2dd297.jpeg","contentUrl":"https:\/\/nbcs.mx\/wp-content\/uploads\/2018\/09\/057b69485e93575a5c2b1c1dde2dd297.jpeg","width":64,"height":64,"caption":"NBCS Noticias"},"image":{"@id":"https:\/\/nbcs.mx\/#\/schema\/logo\/image\/"},"sameAs":["https:\/\/www.facebook.com\/NBCSnoticias","https:\/\/x.com\/NBCSnoticias"]},{"@type":"Person","@id":"https:\/\/nbcs.mx\/#\/schema\/person\/ece58bab9a7c1e87a4d28ec9ecd79ff4","name":"NBCS Noticias","image":{"@type":"ImageObject","inLanguage":"es","@id":"https:\/\/secure.gravatar.com\/avatar\/4e52110cad1c4054b43271a0d14bbe9e2ea76aecd0e1097edfc670798d9ca1d4?s=96&d=blank&r=g","url":"https:\/\/secure.gravatar.com\/avatar\/4e52110cad1c4054b43271a0d14bbe9e2ea76aecd0e1097edfc670798d9ca1d4?s=96&d=blank&r=g","contentUrl":"https:\/\/secure.gravatar.com\/avatar\/4e52110cad1c4054b43271a0d14bbe9e2ea76aecd0e1097edfc670798d9ca1d4?s=96&d=blank&r=g","caption":"NBCS Noticias"},"description":"\u00bfTienes fotos o video de alg\u00fan acto de posible negligencia, corrupci\u00f3n y abuso de autoridad? M\u00e1ndalo al WhatsApp de NBCS Noticias: 612 141 98 08","sameAs":["https:\/\/www.nbcs.mx","https:\/\/www.facebook.com\/NBCSnoticias","https:\/\/www.instagram.com\/nbcsnoticias\/","https:\/\/x.com\/https:\/\/twitter.com\/NBCSnoticias"]}]}},"jetpack_publicize_connections":[],"jetpack_featured_media_url":"https:\/\/nbcs.mx\/wp-content\/uploads\/2019\/04\/Avanza-creaci\u00f3n-de-empleo-formal-en-BCS-2-800x533.jpg","jetpack_sharing_enabled":true,"_links":{"self":[{"href":"https:\/\/nbcs.mx\/index.php?rest_route=\/wp\/v2\/posts\/157229","targetHints":{"allow":["GET"]}}],"collection":[{"href":"https:\/\/nbcs.mx\/index.php?rest_route=\/wp\/v2\/posts"}],"about":[{"href":"https:\/\/nbcs.mx\/index.php?rest_route=\/wp\/v2\/types\/post"}],"author":[{"embeddable":true,"href":"https:\/\/nbcs.mx\/index.php?rest_route=\/wp\/v2\/users\/1"}],"replies":[{"embeddable":true,"href":"https:\/\/nbcs.mx\/index.php?rest_route=%2Fwp%2Fv2%2Fcomments&post=157229"}],"version-history":[{"count":1,"href":"https:\/\/nbcs.mx\/index.php?rest_route=\/wp\/v2\/posts\/157229\/revisions"}],"predecessor-version":[{"id":157230,"href":"https:\/\/nbcs.mx\/index.php?rest_route=\/wp\/v2\/posts\/157229\/revisions\/157230"}],"wp:featuredmedia":[{"embeddable":true,"href":"https:\/\/nbcs.mx\/index.php?rest_route=\/wp\/v2\/media\/44916"}],"wp:attachment":[{"href":"https:\/\/nbcs.mx\/index.php?rest_route=%2Fwp%2Fv2%2Fmedia&parent=157229"}],"wp:term":[{"taxonomy":"category","embeddable":true,"href":"https:\/\/nbcs.mx\/index.php?rest_route=%2Fwp%2Fv2%2Fcategories&post=157229"},{"taxonomy":"post_tag","embeddable":true,"href":"https:\/\/nbcs.mx\/index.php?rest_route=%2Fwp%2Fv2%2Ftags&post=157229"}],"curies":[{"name":"wp","href":"https:\/\/api.w.org\/{rel}","templated":true}]}}