{"id":157242,"date":"2025-10-24T18:54:26","date_gmt":"2025-10-25T00:54:26","guid":{"rendered":"https:\/\/nbcs.mx\/?p=157242"},"modified":"2025-10-24T18:54:26","modified_gmt":"2025-10-25T00:54:26","slug":"celina-ramirez-celebra-el-primer-ano-del-programa-contigo-en-tu-colonia","status":"publish","type":"post","link":"https:\/\/nbcs.mx\/?p=157242","title":{"rendered":"Celina Ram\u00edrez celebra el primer a\u00f1o del Programa \u201cContigo en tu Colonia\u201d"},"content":{"rendered":"<p style=\"font-weight: 400; text-align: justify;\"><img loading=\"lazy\" decoding=\"async\" class=\" wp-image-157243 alignleft\" src=\"https:\/\/nbcs.mx\/wp-content\/uploads\/2025\/10\/Foto-3-755x391.jpeg\" alt=\"\" width=\"348\" height=\"180\" srcset=\"https:\/\/nbcs.mx\/wp-content\/uploads\/2025\/10\/Foto-3-755x391.jpeg 755w, https:\/\/nbcs.mx\/wp-content\/uploads\/2025\/10\/Foto-3-1024x530.jpeg 1024w, https:\/\/nbcs.mx\/wp-content\/uploads\/2025\/10\/Foto-3-150x78.jpeg 150w, https:\/\/nbcs.mx\/wp-content\/uploads\/2025\/10\/Foto-3-768x398.jpeg 768w, https:\/\/nbcs.mx\/wp-content\/uploads\/2025\/10\/Foto-3.jpeg 1280w\" sizes=\"auto, (max-width: 348px) 100vw, 348px\" \/>Con un balance altamente positivo, el programa \u201cContigo en tu Colonia\u201d, impulsado por el H. XVIII Ayuntamiento de Muleg\u00e9, cumpli\u00f3 su primer a\u00f1o de visitar cada una de las colonias, consolid\u00e1ndose como una de las iniciativas municipales m\u00e1s exitosas y con mayor impacto social en el municipio de Muleg\u00e9.<\/p>\n<p style=\"font-weight: 400; text-align: justify;\">La secretaria general Celina Ram\u00edrez, destac\u00f3 que este programa forma parte de los ejes rectores del Plan Municipal de Desarrollo, impulsado por la presidenta, Edith Aguilar Villavicencio, quien ha instruido llevar los servicios y actividades recreativas, deportivas y culturales directamente a las colonias, garantizando atenci\u00f3n cercana, calidez y resultados tangibles.<\/p>\n<p style=\"font-weight: 400; text-align: justify;\">\u201c\u2018Contigo en tu Colonia ha marcado un antecedente de un gobierno cercano a sus familias. No solo llevamos diversi\u00f3n y esparcimiento a las ni\u00f1as y ni\u00f1os, sino que acercamos tr\u00e1mites, servicios y programas que antes requer\u00edan traslados largos. Este es un gobierno que escucha, act\u00faa y construye comunidad\u201d, expres\u00f3 Celina Ram\u00edrez, al destacar el respaldo constante de la alcaldesa Edith Aguilar para mantener activo el programa en todo el municipio.<\/p>\n<p style=\"font-weight: 400; text-align: justify;\">Durante este primer a\u00f1o, \u201cContigo en tu Colonia\u201d ha visitado de manera reiterada las colonias Guerrero, Cuauht\u00e9moc, Nopalera, La Villita, Bellavista, Nueva Santa Rosal\u00eda Secci\u00f3n 1 y 2, Rancher\u00eda, Hidalgo, Nivel 50, Veteranos, Los Frailes, Mesa M\u00e9xico, Centro, Unidad Deportiva, Mesa Francia, Andador Costero e Imperial, entre otras. En Guerrero Negro, el programa alcanz\u00f3 las colonias Solidaridad, Marcelo Rubio, Infonavit, Ejido Benito Ju\u00e1rez y Centro, mientras que en Vizca\u00edno se extendi\u00f3 a Oaxaca, Predio San Juan, San Jer\u00f3nimo, INVI, Leonel Cota Monta\u00f1o, Pitahayal, Nueva Esperanza, Triqui, Emiliano Zapata, D\u00edaz Ordaz, San Francisco de la Sierra y Nueva Oaxaca.<\/p>\n<p style=\"font-weight: 400; text-align: justify;\">Cada jornada ha reunido a cientos de familias gracias al trabajo coordinado de diversas \u00e1reas del Ayuntamiento como DIF Muleg\u00e9, Planeaci\u00f3n, Cultura, Juventud, Atenci\u00f3n Ciudadana, Mujeres, Bomberos, Casa del Estudiante, Casa de la Cultura y Cronista Municipal, entre muchas otras, que participan activamente para ofrecer servicios, actividades recreativas, orientaci\u00f3n y espacios de convivencia.<\/p>\n<p style=\"font-weight: 400; text-align: justify;\">\n<p style=\"font-weight: 400; text-align: justify;\">A la par, el Sistema DIF Muleg\u00e9, encabezado por Gyselle Hern\u00e1ndez, complementa esta estrategia con su programa \u201cContigo en tu Comunidad\u201d, que ha permitido llevar atenci\u00f3n m\u00e9dica, apoyos y actividades sociales a las localidades m\u00e1s alejadas del municipio.<\/p>\n<p style=\"font-weight: 400; text-align: justify;\">\u201cUn a\u00f1o de \u201cContigo en tu Colonia\u201d significa un a\u00f1o de compromiso, cercan\u00eda y resultados. Este programa refleja el esp\u00edritu de un gobierno municipal sensible, humano y comprometido con su gente\u201d, concluy\u00f3 Celina Ram\u00edrez, al refrendar que el Ayuntamiento seguir\u00e1 llevando sus servicios y acciones a cada rinc\u00f3n del municipio.<\/p>\n","protected":false},"excerpt":{"rendered":"<p>Con un balance altamente positivo, el programa \u201cContigo en tu Colonia\u201d, impulsado por el H. XVIII Ayuntamiento de Muleg\u00e9, cumpli\u00f3<\/p>\n","protected":false},"author":1,"featured_media":157243,"comment_status":"open","ping_status":"closed","sticky":false,"template":"","format":"standard","meta":{"colormag_page_container_layout":"default_layout","colormag_page_sidebar_layout":"default_layout","_jetpack_memberships_contains_paid_content":false,"footnotes":"","jetpack_publicize_message":"","jetpack_publicize_feature_enabled":true,"jetpack_social_post_already_shared":true,"jetpack_social_options":{"image_generator_settings":{"template":"highway","default_image_id":0,"font":"","enabled":false},"version":2}},"categories":[40],"tags":[],"class_list":["post-157242","post","type-post","status-publish","format-standard","has-post-thumbnail","hentry","category-municipios"],"yoast_head":"<!-- This site is optimized with the Yoast SEO plugin v27.5 - https:\/\/yoast.com\/product\/yoast-seo-wordpress\/ -->\n<title>Celina Ram\u00edrez celebra el primer a\u00f1o del Programa \u201cContigo en tu Colonia\u201d - NBCS Noticias<\/title>\n<meta name=\"robots\" content=\"index, follow, max-snippet:-1, max-image-preview:large, max-video-preview:-1\" \/>\n<link rel=\"canonical\" href=\"https:\/\/nbcs.mx\/?p=157242\" \/>\n<meta property=\"og:locale\" content=\"es_ES\" \/>\n<meta property=\"og:type\" content=\"article\" \/>\n<meta property=\"og:title\" content=\"Celina Ram\u00edrez celebra el primer a\u00f1o del Programa \u201cContigo en tu Colonia\u201d - NBCS Noticias\" \/>\n<meta property=\"og:description\" content=\"Con un balance altamente positivo, el programa \u201cContigo en tu Colonia\u201d, impulsado por el H. XVIII Ayuntamiento de Muleg\u00e9, cumpli\u00f3\" \/>\n<meta property=\"og:url\" content=\"https:\/\/nbcs.mx\/?p=157242\" \/>\n<meta property=\"og:site_name\" content=\"NBCS Noticias\" \/>\n<meta property=\"article:publisher\" content=\"https:\/\/www.facebook.com\/NBCSnoticias\" \/>\n<meta property=\"article:author\" content=\"https:\/\/www.facebook.com\/NBCSnoticias\" \/>\n<meta property=\"article:published_time\" content=\"2025-10-25T00:54:26+00:00\" \/>\n<meta property=\"og:image\" content=\"https:\/\/nbcs.mx\/wp-content\/uploads\/2025\/10\/Foto-3.jpeg\" \/>\n\t<meta property=\"og:image:width\" content=\"1280\" \/>\n\t<meta property=\"og:image:height\" content=\"663\" \/>\n\t<meta property=\"og:image:type\" content=\"image\/jpeg\" \/>\n<meta name=\"author\" content=\"NBCS Noticias\" \/>\n<meta name=\"twitter:card\" content=\"summary_large_image\" \/>\n<meta name=\"twitter:creator\" content=\"@https:\/\/twitter.com\/NBCSnoticias\" \/>\n<meta name=\"twitter:site\" content=\"@NBCSnoticias\" \/>\n<meta name=\"twitter:label1\" content=\"Escrito por\" \/>\n\t<meta name=\"twitter:data1\" content=\"NBCS Noticias\" \/>\n\t<meta name=\"twitter:label2\" content=\"Tiempo de lectura\" \/>\n\t<meta name=\"twitter:data2\" content=\"3 minutos\" \/>\n<script type=\"application\/ld+json\" class=\"yoast-schema-graph\">{\"@context\":\"https:\\\/\\\/schema.org\",\"@graph\":[{\"@type\":\"Article\",\"@id\":\"https:\\\/\\\/nbcs.mx\\\/?p=157242#article\",\"isPartOf\":{\"@id\":\"https:\\\/\\\/nbcs.mx\\\/?p=157242\"},\"author\":{\"name\":\"NBCS Noticias\",\"@id\":\"https:\\\/\\\/nbcs.mx\\\/#\\\/schema\\\/person\\\/ece58bab9a7c1e87a4d28ec9ecd79ff4\"},\"headline\":\"Celina Ram\u00edrez celebra el primer a\u00f1o del Programa \u201cContigo en tu Colonia\u201d\",\"datePublished\":\"2025-10-25T00:54:26+00:00\",\"mainEntityOfPage\":{\"@id\":\"https:\\\/\\\/nbcs.mx\\\/?p=157242\"},\"wordCount\":455,\"commentCount\":0,\"publisher\":{\"@id\":\"https:\\\/\\\/nbcs.mx\\\/#organization\"},\"image\":{\"@id\":\"https:\\\/\\\/nbcs.mx\\\/?p=157242#primaryimage\"},\"thumbnailUrl\":\"https:\\\/\\\/nbcs.mx\\\/wp-content\\\/uploads\\\/2025\\\/10\\\/Foto-3.jpeg\",\"articleSection\":[\"Municipios\"],\"inLanguage\":\"es\",\"potentialAction\":[{\"@type\":\"CommentAction\",\"name\":\"Comment\",\"target\":[\"https:\\\/\\\/nbcs.mx\\\/?p=157242#respond\"]}]},{\"@type\":\"WebPage\",\"@id\":\"https:\\\/\\\/nbcs.mx\\\/?p=157242\",\"url\":\"https:\\\/\\\/nbcs.mx\\\/?p=157242\",\"name\":\"Celina Ram\u00edrez celebra el primer a\u00f1o del Programa \u201cContigo en tu Colonia\u201d - NBCS Noticias\",\"isPartOf\":{\"@id\":\"https:\\\/\\\/nbcs.mx\\\/#website\"},\"primaryImageOfPage\":{\"@id\":\"https:\\\/\\\/nbcs.mx\\\/?p=157242#primaryimage\"},\"image\":{\"@id\":\"https:\\\/\\\/nbcs.mx\\\/?p=157242#primaryimage\"},\"thumbnailUrl\":\"https:\\\/\\\/nbcs.mx\\\/wp-content\\\/uploads\\\/2025\\\/10\\\/Foto-3.jpeg\",\"datePublished\":\"2025-10-25T00:54:26+00:00\",\"breadcrumb\":{\"@id\":\"https:\\\/\\\/nbcs.mx\\\/?p=157242#breadcrumb\"},\"inLanguage\":\"es\",\"potentialAction\":[{\"@type\":\"ReadAction\",\"target\":[\"https:\\\/\\\/nbcs.mx\\\/?p=157242\"]}]},{\"@type\":\"ImageObject\",\"inLanguage\":\"es\",\"@id\":\"https:\\\/\\\/nbcs.mx\\\/?p=157242#primaryimage\",\"url\":\"https:\\\/\\\/nbcs.mx\\\/wp-content\\\/uploads\\\/2025\\\/10\\\/Foto-3.jpeg\",\"contentUrl\":\"https:\\\/\\\/nbcs.mx\\\/wp-content\\\/uploads\\\/2025\\\/10\\\/Foto-3.jpeg\",\"width\":1280,\"height\":663},{\"@type\":\"BreadcrumbList\",\"@id\":\"https:\\\/\\\/nbcs.mx\\\/?p=157242#breadcrumb\",\"itemListElement\":[{\"@type\":\"ListItem\",\"position\":1,\"name\":\"Portada\",\"item\":\"https:\\\/\\\/nbcs.mx\\\/\"},{\"@type\":\"ListItem\",\"position\":2,\"name\":\"Celina Ram\u00edrez celebra el primer a\u00f1o del Programa \u201cContigo en tu Colonia\u201d\"}]},{\"@type\":\"WebSite\",\"@id\":\"https:\\\/\\\/nbcs.mx\\\/#website\",\"url\":\"https:\\\/\\\/nbcs.mx\\\/\",\"name\":\"NBCS Noticias\",\"description\":\"Sitio web de noticias en Baja California Sur\",\"publisher\":{\"@id\":\"https:\\\/\\\/nbcs.mx\\\/#organization\"},\"potentialAction\":[{\"@type\":\"SearchAction\",\"target\":{\"@type\":\"EntryPoint\",\"urlTemplate\":\"https:\\\/\\\/nbcs.mx\\\/?s={search_term_string}\"},\"query-input\":{\"@type\":\"PropertyValueSpecification\",\"valueRequired\":true,\"valueName\":\"search_term_string\"}}],\"inLanguage\":\"es\"},{\"@type\":\"Organization\",\"@id\":\"https:\\\/\\\/nbcs.mx\\\/#organization\",\"name\":\"NBCS Noticias\",\"url\":\"https:\\\/\\\/nbcs.mx\\\/\",\"logo\":{\"@type\":\"ImageObject\",\"inLanguage\":\"es\",\"@id\":\"https:\\\/\\\/nbcs.mx\\\/#\\\/schema\\\/logo\\\/image\\\/\",\"url\":\"https:\\\/\\\/nbcs.mx\\\/wp-content\\\/uploads\\\/2018\\\/09\\\/057b69485e93575a5c2b1c1dde2dd297.jpeg\",\"contentUrl\":\"https:\\\/\\\/nbcs.mx\\\/wp-content\\\/uploads\\\/2018\\\/09\\\/057b69485e93575a5c2b1c1dde2dd297.jpeg\",\"width\":64,\"height\":64,\"caption\":\"NBCS Noticias\"},\"image\":{\"@id\":\"https:\\\/\\\/nbcs.mx\\\/#\\\/schema\\\/logo\\\/image\\\/\"},\"sameAs\":[\"https:\\\/\\\/www.facebook.com\\\/NBCSnoticias\",\"https:\\\/\\\/x.com\\\/NBCSnoticias\"]},{\"@type\":\"Person\",\"@id\":\"https:\\\/\\\/nbcs.mx\\\/#\\\/schema\\\/person\\\/ece58bab9a7c1e87a4d28ec9ecd79ff4\",\"name\":\"NBCS Noticias\",\"image\":{\"@type\":\"ImageObject\",\"inLanguage\":\"es\",\"@id\":\"https:\\\/\\\/secure.gravatar.com\\\/avatar\\\/4e52110cad1c4054b43271a0d14bbe9e2ea76aecd0e1097edfc670798d9ca1d4?s=96&d=blank&r=g\",\"url\":\"https:\\\/\\\/secure.gravatar.com\\\/avatar\\\/4e52110cad1c4054b43271a0d14bbe9e2ea76aecd0e1097edfc670798d9ca1d4?s=96&d=blank&r=g\",\"contentUrl\":\"https:\\\/\\\/secure.gravatar.com\\\/avatar\\\/4e52110cad1c4054b43271a0d14bbe9e2ea76aecd0e1097edfc670798d9ca1d4?s=96&d=blank&r=g\",\"caption\":\"NBCS Noticias\"},\"description\":\"\u00bfTienes fotos o video de alg\u00fan acto de posible negligencia, corrupci\u00f3n y abuso de autoridad? M\u00e1ndalo al WhatsApp de NBCS Noticias: 612 141 98 08\",\"sameAs\":[\"https:\\\/\\\/www.nbcs.mx\",\"https:\\\/\\\/www.facebook.com\\\/NBCSnoticias\",\"https:\\\/\\\/www.instagram.com\\\/nbcsnoticias\\\/\",\"https:\\\/\\\/x.com\\\/https:\\\/\\\/twitter.com\\\/NBCSnoticias\"]}]}<\/script>\n<!-- \/ Yoast SEO plugin. -->","yoast_head_json":{"title":"Celina Ram\u00edrez celebra el primer a\u00f1o del Programa \u201cContigo en tu Colonia\u201d - NBCS Noticias","robots":{"index":"index","follow":"follow","max-snippet":"max-snippet:-1","max-image-preview":"max-image-preview:large","max-video-preview":"max-video-preview:-1"},"canonical":"https:\/\/nbcs.mx\/?p=157242","og_locale":"es_ES","og_type":"article","og_title":"Celina Ram\u00edrez celebra el primer a\u00f1o del Programa \u201cContigo en tu Colonia\u201d - NBCS Noticias","og_description":"Con un balance altamente positivo, el programa \u201cContigo en tu Colonia\u201d, impulsado por el H. XVIII Ayuntamiento de Muleg\u00e9, cumpli\u00f3","og_url":"https:\/\/nbcs.mx\/?p=157242","og_site_name":"NBCS Noticias","article_publisher":"https:\/\/www.facebook.com\/NBCSnoticias","article_author":"https:\/\/www.facebook.com\/NBCSnoticias","article_published_time":"2025-10-25T00:54:26+00:00","og_image":[{"width":1280,"height":663,"url":"https:\/\/nbcs.mx\/wp-content\/uploads\/2025\/10\/Foto-3.jpeg","type":"image\/jpeg"}],"author":"NBCS Noticias","twitter_card":"summary_large_image","twitter_creator":"@https:\/\/twitter.com\/NBCSnoticias","twitter_site":"@NBCSnoticias","twitter_misc":{"Escrito por":"NBCS Noticias","Tiempo de lectura":"3 minutos"},"schema":{"@context":"https:\/\/schema.org","@graph":[{"@type":"Article","@id":"https:\/\/nbcs.mx\/?p=157242#article","isPartOf":{"@id":"https:\/\/nbcs.mx\/?p=157242"},"author":{"name":"NBCS Noticias","@id":"https:\/\/nbcs.mx\/#\/schema\/person\/ece58bab9a7c1e87a4d28ec9ecd79ff4"},"headline":"Celina Ram\u00edrez celebra el primer a\u00f1o del Programa \u201cContigo en tu Colonia\u201d","datePublished":"2025-10-25T00:54:26+00:00","mainEntityOfPage":{"@id":"https:\/\/nbcs.mx\/?p=157242"},"wordCount":455,"commentCount":0,"publisher":{"@id":"https:\/\/nbcs.mx\/#organization"},"image":{"@id":"https:\/\/nbcs.mx\/?p=157242#primaryimage"},"thumbnailUrl":"https:\/\/nbcs.mx\/wp-content\/uploads\/2025\/10\/Foto-3.jpeg","articleSection":["Municipios"],"inLanguage":"es","potentialAction":[{"@type":"CommentAction","name":"Comment","target":["https:\/\/nbcs.mx\/?p=157242#respond"]}]},{"@type":"WebPage","@id":"https:\/\/nbcs.mx\/?p=157242","url":"https:\/\/nbcs.mx\/?p=157242","name":"Celina Ram\u00edrez celebra el primer a\u00f1o del Programa \u201cContigo en tu Colonia\u201d - NBCS Noticias","isPartOf":{"@id":"https:\/\/nbcs.mx\/#website"},"primaryImageOfPage":{"@id":"https:\/\/nbcs.mx\/?p=157242#primaryimage"},"image":{"@id":"https:\/\/nbcs.mx\/?p=157242#primaryimage"},"thumbnailUrl":"https:\/\/nbcs.mx\/wp-content\/uploads\/2025\/10\/Foto-3.jpeg","datePublished":"2025-10-25T00:54:26+00:00","breadcrumb":{"@id":"https:\/\/nbcs.mx\/?p=157242#breadcrumb"},"inLanguage":"es","potentialAction":[{"@type":"ReadAction","target":["https:\/\/nbcs.mx\/?p=157242"]}]},{"@type":"ImageObject","inLanguage":"es","@id":"https:\/\/nbcs.mx\/?p=157242#primaryimage","url":"https:\/\/nbcs.mx\/wp-content\/uploads\/2025\/10\/Foto-3.jpeg","contentUrl":"https:\/\/nbcs.mx\/wp-content\/uploads\/2025\/10\/Foto-3.jpeg","width":1280,"height":663},{"@type":"BreadcrumbList","@id":"https:\/\/nbcs.mx\/?p=157242#breadcrumb","itemListElement":[{"@type":"ListItem","position":1,"name":"Portada","item":"https:\/\/nbcs.mx\/"},{"@type":"ListItem","position":2,"name":"Celina Ram\u00edrez celebra el primer a\u00f1o del Programa \u201cContigo en tu Colonia\u201d"}]},{"@type":"WebSite","@id":"https:\/\/nbcs.mx\/#website","url":"https:\/\/nbcs.mx\/","name":"NBCS Noticias","description":"Sitio web de noticias en Baja California Sur","publisher":{"@id":"https:\/\/nbcs.mx\/#organization"},"potentialAction":[{"@type":"SearchAction","target":{"@type":"EntryPoint","urlTemplate":"https:\/\/nbcs.mx\/?s={search_term_string}"},"query-input":{"@type":"PropertyValueSpecification","valueRequired":true,"valueName":"search_term_string"}}],"inLanguage":"es"},{"@type":"Organization","@id":"https:\/\/nbcs.mx\/#organization","name":"NBCS Noticias","url":"https:\/\/nbcs.mx\/","logo":{"@type":"ImageObject","inLanguage":"es","@id":"https:\/\/nbcs.mx\/#\/schema\/logo\/image\/","url":"https:\/\/nbcs.mx\/wp-content\/uploads\/2018\/09\/057b69485e93575a5c2b1c1dde2dd297.jpeg","contentUrl":"https:\/\/nbcs.mx\/wp-content\/uploads\/2018\/09\/057b69485e93575a5c2b1c1dde2dd297.jpeg","width":64,"height":64,"caption":"NBCS Noticias"},"image":{"@id":"https:\/\/nbcs.mx\/#\/schema\/logo\/image\/"},"sameAs":["https:\/\/www.facebook.com\/NBCSnoticias","https:\/\/x.com\/NBCSnoticias"]},{"@type":"Person","@id":"https:\/\/nbcs.mx\/#\/schema\/person\/ece58bab9a7c1e87a4d28ec9ecd79ff4","name":"NBCS Noticias","image":{"@type":"ImageObject","inLanguage":"es","@id":"https:\/\/secure.gravatar.com\/avatar\/4e52110cad1c4054b43271a0d14bbe9e2ea76aecd0e1097edfc670798d9ca1d4?s=96&d=blank&r=g","url":"https:\/\/secure.gravatar.com\/avatar\/4e52110cad1c4054b43271a0d14bbe9e2ea76aecd0e1097edfc670798d9ca1d4?s=96&d=blank&r=g","contentUrl":"https:\/\/secure.gravatar.com\/avatar\/4e52110cad1c4054b43271a0d14bbe9e2ea76aecd0e1097edfc670798d9ca1d4?s=96&d=blank&r=g","caption":"NBCS Noticias"},"description":"\u00bfTienes fotos o video de alg\u00fan acto de posible negligencia, corrupci\u00f3n y abuso de autoridad? M\u00e1ndalo al WhatsApp de NBCS Noticias: 612 141 98 08","sameAs":["https:\/\/www.nbcs.mx","https:\/\/www.facebook.com\/NBCSnoticias","https:\/\/www.instagram.com\/nbcsnoticias\/","https:\/\/x.com\/https:\/\/twitter.com\/NBCSnoticias"]}]}},"jetpack_publicize_connections":[],"jetpack_featured_media_url":"https:\/\/nbcs.mx\/wp-content\/uploads\/2025\/10\/Foto-3.jpeg","jetpack_sharing_enabled":true,"_links":{"self":[{"href":"https:\/\/nbcs.mx\/index.php?rest_route=\/wp\/v2\/posts\/157242","targetHints":{"allow":["GET"]}}],"collection":[{"href":"https:\/\/nbcs.mx\/index.php?rest_route=\/wp\/v2\/posts"}],"about":[{"href":"https:\/\/nbcs.mx\/index.php?rest_route=\/wp\/v2\/types\/post"}],"author":[{"embeddable":true,"href":"https:\/\/nbcs.mx\/index.php?rest_route=\/wp\/v2\/users\/1"}],"replies":[{"embeddable":true,"href":"https:\/\/nbcs.mx\/index.php?rest_route=%2Fwp%2Fv2%2Fcomments&post=157242"}],"version-history":[{"count":1,"href":"https:\/\/nbcs.mx\/index.php?rest_route=\/wp\/v2\/posts\/157242\/revisions"}],"predecessor-version":[{"id":157244,"href":"https:\/\/nbcs.mx\/index.php?rest_route=\/wp\/v2\/posts\/157242\/revisions\/157244"}],"wp:featuredmedia":[{"embeddable":true,"href":"https:\/\/nbcs.mx\/index.php?rest_route=\/wp\/v2\/media\/157243"}],"wp:attachment":[{"href":"https:\/\/nbcs.mx\/index.php?rest_route=%2Fwp%2Fv2%2Fmedia&parent=157242"}],"wp:term":[{"taxonomy":"category","embeddable":true,"href":"https:\/\/nbcs.mx\/index.php?rest_route=%2Fwp%2Fv2%2Fcategories&post=157242"},{"taxonomy":"post_tag","embeddable":true,"href":"https:\/\/nbcs.mx\/index.php?rest_route=%2Fwp%2Fv2%2Ftags&post=157242"}],"curies":[{"name":"wp","href":"https:\/\/api.w.org\/{rel}","templated":true}]}}