{"id":157274,"date":"2025-10-25T07:26:16","date_gmt":"2025-10-25T13:26:16","guid":{"rendered":"https:\/\/nbcs.mx\/?p=157274"},"modified":"2025-10-25T07:26:16","modified_gmt":"2025-10-25T13:26:16","slug":"la-empatia-tambien-es-politica-publica-diputada-dalia-collins-mendoza","status":"publish","type":"post","link":"https:\/\/nbcs.mx\/?p=157274","title":{"rendered":"La empat\u00eda tambi\u00e9n es pol\u00edtica p\u00fablica: Diputada Dalia Collins Mendoza"},"content":{"rendered":"<p style=\"font-weight: 400; text-align: justify;\"><img loading=\"lazy\" decoding=\"async\" class=\" wp-image-157276 alignleft\" src=\"https:\/\/nbcs.mx\/wp-content\/uploads\/2025\/10\/DIP-DALIA-COLLINS-251024-1-714x492.jpeg\" alt=\"\" width=\"351\" height=\"242\" srcset=\"https:\/\/nbcs.mx\/wp-content\/uploads\/2025\/10\/DIP-DALIA-COLLINS-251024-1-714x492.jpeg 714w, https:\/\/nbcs.mx\/wp-content\/uploads\/2025\/10\/DIP-DALIA-COLLINS-251024-1-1024x706.jpeg 1024w, https:\/\/nbcs.mx\/wp-content\/uploads\/2025\/10\/DIP-DALIA-COLLINS-251024-1-150x103.jpeg 150w, https:\/\/nbcs.mx\/wp-content\/uploads\/2025\/10\/DIP-DALIA-COLLINS-251024-1-768x529.jpeg 768w, https:\/\/nbcs.mx\/wp-content\/uploads\/2025\/10\/DIP-DALIA-COLLINS-251024-1-1536x1059.jpeg 1536w, https:\/\/nbcs.mx\/wp-content\/uploads\/2025\/10\/DIP-DALIA-COLLINS-251024-1-130x90.jpeg 130w, https:\/\/nbcs.mx\/wp-content\/uploads\/2025\/10\/DIP-DALIA-COLLINS-251024-1.jpeg 1600w\" sizes=\"auto, (max-width: 351px) 100vw, 351px\" \/>Con un mensaje centrado en la inclusi\u00f3n, cercan\u00eda con la gente y compromiso con las causas sociales, la diputada Dalia Collins Mendoza, representante del II Distrito Electoral present\u00f3 su primer informe de actividades legislativas y de gesti\u00f3n como presidenta de la Comisi\u00f3n de Atenci\u00f3n a Grupos Vulnerables y Personas con Discapacidad de la XVII Legislatura del Congreso del Estado.<\/p>\n<p style=\"font-weight: 400; text-align: justify;\">El parque Francisco King, de la colonia Olachea en esta ciudad capital, fue punto de encuentro de autoridades, l\u00edderes de colonia, ciudadanas y ciudadanos que acudieron a escuchar sus acciones, consolidando una agenda legislativa con sentido humano; enfocada en fortalecer los derechos de las personas con discapacidad; promover la igualdad de oportunidades y llevar la voz del pueblo a cada decisi\u00f3n, distingui\u00e9ndose por ser la primera diputada con acci\u00f3n afirmativa de discapacidad en la historia de Baja California Sur.<\/p>\n<p style=\"font-weight: 400; text-align: justify;\">Su trabajo lo marca la empat\u00eda, gesti\u00f3n cercana y activismo social, donde sus principales acciones parlamentarias son: la instalaci\u00f3n de la Comisi\u00f3n de Atenci\u00f3n a Grupos Vulnerables y Personas con Discapacidad, (la cual preside); la Consulta a Personas Autistas 2025, un ejercicio hist\u00f3rico de participaci\u00f3n ciudadana en los cinco municipios, para construir una nueva Ley de Autismo, con la voz directa de quienes viven esta condici\u00f3n.<\/p>\n<p style=\"font-weight: 400; text-align: justify;\">En materia de gesti\u00f3n, destaca la apertura de la casa de gesti\u00f3n del segundo distrito; realizaci\u00f3n de audiencias p\u00fablicas en colonias como Loma Linda y Navarro Rubio, (que derivaron en mejoras tangibles en servicios y espacios p\u00fablicos); jornadas, talleres comunitarios y festivales infantiles donde participaron ni\u00f1as, ni\u00f1os y j\u00f3venes con discapacidad; as\u00ed mismo, impuls\u00f3 la pavimentaci\u00f3n de la calle F\u00e9lix Ortega Aguilar, en coordinaci\u00f3n con el Gobierno del Estado, obra gestionada a petici\u00f3n de las y los vecinos.<\/p>\n<p style=\"font-weight: 400; text-align: justify;\">Finalmente, Collins Mendoza refrend\u00f3 su compromiso con la Cuarta Transformaci\u00f3n y con los principios de un gobierno humanista: escuchar, servir y legislar desde el coraz\u00f3n del pueblo.<\/p>\n<p style=\"font-weight: 400; text-align: justify;\">En representaci\u00f3n del Gobernador V\u00edctor Manuel Castro Cos\u00edo, Jos\u00e9 Mar\u00eda Avil\u00e9s Castro, Subsecretario de Enlace Legislativo y la diputada Lupita V\u00e1zquez Jacinto, tomaron la palabra para reconocer el trabajo legislativo donde destaca la Ley del Autismo en ciernes, as\u00ed como su trabajo de gesti\u00f3n, sensible y cercano a la gente; una luchadora social, madre de familia y una persona con discapacidad, condici\u00f3n diferente que nos ense\u00f1a y da ejemplo de c\u00f3mo sobrellevar diferentes aspectos de la vida.<\/p>\n","protected":false},"excerpt":{"rendered":"<p>Con un mensaje centrado en la inclusi\u00f3n, cercan\u00eda con la gente y compromiso con las causas sociales, la diputada Dalia<\/p>\n","protected":false},"author":1,"featured_media":157276,"comment_status":"open","ping_status":"closed","sticky":false,"template":"","format":"standard","meta":{"colormag_page_container_layout":"default_layout","colormag_page_sidebar_layout":"default_layout","_jetpack_memberships_contains_paid_content":false,"footnotes":"","jetpack_publicize_message":"","jetpack_publicize_feature_enabled":true,"jetpack_social_post_already_shared":true,"jetpack_social_options":{"image_generator_settings":{"template":"highway","default_image_id":0,"font":"","enabled":false},"version":2}},"categories":[48],"tags":[],"class_list":["post-157274","post","type-post","status-publish","format-standard","has-post-thumbnail","hentry","category-congreso-de-bcs"],"yoast_head":"<!-- This site is optimized with the Yoast SEO plugin v27.5 - https:\/\/yoast.com\/product\/yoast-seo-wordpress\/ -->\n<title>La empat\u00eda tambi\u00e9n es pol\u00edtica p\u00fablica: Diputada Dalia Collins Mendoza - NBCS Noticias<\/title>\n<meta name=\"robots\" content=\"index, follow, max-snippet:-1, max-image-preview:large, max-video-preview:-1\" \/>\n<link rel=\"canonical\" href=\"https:\/\/nbcs.mx\/?p=157274\" \/>\n<meta property=\"og:locale\" content=\"es_ES\" \/>\n<meta property=\"og:type\" content=\"article\" \/>\n<meta property=\"og:title\" content=\"La empat\u00eda tambi\u00e9n es pol\u00edtica p\u00fablica: Diputada Dalia Collins Mendoza - NBCS Noticias\" \/>\n<meta property=\"og:description\" content=\"Con un mensaje centrado en la inclusi\u00f3n, cercan\u00eda con la gente y compromiso con las causas sociales, la diputada Dalia\" \/>\n<meta property=\"og:url\" content=\"https:\/\/nbcs.mx\/?p=157274\" \/>\n<meta property=\"og:site_name\" content=\"NBCS Noticias\" \/>\n<meta property=\"article:publisher\" content=\"https:\/\/www.facebook.com\/NBCSnoticias\" \/>\n<meta property=\"article:author\" content=\"https:\/\/www.facebook.com\/NBCSnoticias\" \/>\n<meta property=\"article:published_time\" content=\"2025-10-25T13:26:16+00:00\" \/>\n<meta property=\"og:image\" content=\"https:\/\/nbcs.mx\/wp-content\/uploads\/2025\/10\/DIP-DALIA-COLLINS-251024-1.jpeg\" \/>\n\t<meta property=\"og:image:width\" content=\"1600\" \/>\n\t<meta property=\"og:image:height\" content=\"1103\" \/>\n\t<meta property=\"og:image:type\" content=\"image\/jpeg\" \/>\n<meta name=\"author\" content=\"NBCS Noticias\" \/>\n<meta name=\"twitter:card\" content=\"summary_large_image\" \/>\n<meta name=\"twitter:creator\" content=\"@https:\/\/twitter.com\/NBCSnoticias\" \/>\n<meta name=\"twitter:site\" content=\"@NBCSnoticias\" \/>\n<meta name=\"twitter:label1\" content=\"Escrito por\" \/>\n\t<meta name=\"twitter:data1\" content=\"NBCS Noticias\" \/>\n\t<meta name=\"twitter:label2\" content=\"Tiempo de lectura\" \/>\n\t<meta name=\"twitter:data2\" content=\"3 minutos\" \/>\n<script type=\"application\/ld+json\" class=\"yoast-schema-graph\">{\"@context\":\"https:\\\/\\\/schema.org\",\"@graph\":[{\"@type\":\"Article\",\"@id\":\"https:\\\/\\\/nbcs.mx\\\/?p=157274#article\",\"isPartOf\":{\"@id\":\"https:\\\/\\\/nbcs.mx\\\/?p=157274\"},\"author\":{\"name\":\"NBCS Noticias\",\"@id\":\"https:\\\/\\\/nbcs.mx\\\/#\\\/schema\\\/person\\\/ece58bab9a7c1e87a4d28ec9ecd79ff4\"},\"headline\":\"La empat\u00eda tambi\u00e9n es pol\u00edtica p\u00fablica: Diputada Dalia Collins Mendoza\",\"datePublished\":\"2025-10-25T13:26:16+00:00\",\"mainEntityOfPage\":{\"@id\":\"https:\\\/\\\/nbcs.mx\\\/?p=157274\"},\"wordCount\":440,\"commentCount\":0,\"publisher\":{\"@id\":\"https:\\\/\\\/nbcs.mx\\\/#organization\"},\"image\":{\"@id\":\"https:\\\/\\\/nbcs.mx\\\/?p=157274#primaryimage\"},\"thumbnailUrl\":\"https:\\\/\\\/nbcs.mx\\\/wp-content\\\/uploads\\\/2025\\\/10\\\/DIP-DALIA-COLLINS-251024-1.jpeg\",\"articleSection\":[\"Congreso de BCS\"],\"inLanguage\":\"es\",\"potentialAction\":[{\"@type\":\"CommentAction\",\"name\":\"Comment\",\"target\":[\"https:\\\/\\\/nbcs.mx\\\/?p=157274#respond\"]}]},{\"@type\":\"WebPage\",\"@id\":\"https:\\\/\\\/nbcs.mx\\\/?p=157274\",\"url\":\"https:\\\/\\\/nbcs.mx\\\/?p=157274\",\"name\":\"La empat\u00eda tambi\u00e9n es pol\u00edtica p\u00fablica: Diputada Dalia Collins Mendoza - NBCS Noticias\",\"isPartOf\":{\"@id\":\"https:\\\/\\\/nbcs.mx\\\/#website\"},\"primaryImageOfPage\":{\"@id\":\"https:\\\/\\\/nbcs.mx\\\/?p=157274#primaryimage\"},\"image\":{\"@id\":\"https:\\\/\\\/nbcs.mx\\\/?p=157274#primaryimage\"},\"thumbnailUrl\":\"https:\\\/\\\/nbcs.mx\\\/wp-content\\\/uploads\\\/2025\\\/10\\\/DIP-DALIA-COLLINS-251024-1.jpeg\",\"datePublished\":\"2025-10-25T13:26:16+00:00\",\"breadcrumb\":{\"@id\":\"https:\\\/\\\/nbcs.mx\\\/?p=157274#breadcrumb\"},\"inLanguage\":\"es\",\"potentialAction\":[{\"@type\":\"ReadAction\",\"target\":[\"https:\\\/\\\/nbcs.mx\\\/?p=157274\"]}]},{\"@type\":\"ImageObject\",\"inLanguage\":\"es\",\"@id\":\"https:\\\/\\\/nbcs.mx\\\/?p=157274#primaryimage\",\"url\":\"https:\\\/\\\/nbcs.mx\\\/wp-content\\\/uploads\\\/2025\\\/10\\\/DIP-DALIA-COLLINS-251024-1.jpeg\",\"contentUrl\":\"https:\\\/\\\/nbcs.mx\\\/wp-content\\\/uploads\\\/2025\\\/10\\\/DIP-DALIA-COLLINS-251024-1.jpeg\",\"width\":1600,\"height\":1103},{\"@type\":\"BreadcrumbList\",\"@id\":\"https:\\\/\\\/nbcs.mx\\\/?p=157274#breadcrumb\",\"itemListElement\":[{\"@type\":\"ListItem\",\"position\":1,\"name\":\"Portada\",\"item\":\"https:\\\/\\\/nbcs.mx\\\/\"},{\"@type\":\"ListItem\",\"position\":2,\"name\":\"La empat\u00eda tambi\u00e9n es pol\u00edtica p\u00fablica: Diputada Dalia Collins Mendoza\"}]},{\"@type\":\"WebSite\",\"@id\":\"https:\\\/\\\/nbcs.mx\\\/#website\",\"url\":\"https:\\\/\\\/nbcs.mx\\\/\",\"name\":\"NBCS Noticias\",\"description\":\"Sitio web de noticias en Baja California Sur\",\"publisher\":{\"@id\":\"https:\\\/\\\/nbcs.mx\\\/#organization\"},\"potentialAction\":[{\"@type\":\"SearchAction\",\"target\":{\"@type\":\"EntryPoint\",\"urlTemplate\":\"https:\\\/\\\/nbcs.mx\\\/?s={search_term_string}\"},\"query-input\":{\"@type\":\"PropertyValueSpecification\",\"valueRequired\":true,\"valueName\":\"search_term_string\"}}],\"inLanguage\":\"es\"},{\"@type\":\"Organization\",\"@id\":\"https:\\\/\\\/nbcs.mx\\\/#organization\",\"name\":\"NBCS Noticias\",\"url\":\"https:\\\/\\\/nbcs.mx\\\/\",\"logo\":{\"@type\":\"ImageObject\",\"inLanguage\":\"es\",\"@id\":\"https:\\\/\\\/nbcs.mx\\\/#\\\/schema\\\/logo\\\/image\\\/\",\"url\":\"https:\\\/\\\/nbcs.mx\\\/wp-content\\\/uploads\\\/2018\\\/09\\\/057b69485e93575a5c2b1c1dde2dd297.jpeg\",\"contentUrl\":\"https:\\\/\\\/nbcs.mx\\\/wp-content\\\/uploads\\\/2018\\\/09\\\/057b69485e93575a5c2b1c1dde2dd297.jpeg\",\"width\":64,\"height\":64,\"caption\":\"NBCS Noticias\"},\"image\":{\"@id\":\"https:\\\/\\\/nbcs.mx\\\/#\\\/schema\\\/logo\\\/image\\\/\"},\"sameAs\":[\"https:\\\/\\\/www.facebook.com\\\/NBCSnoticias\",\"https:\\\/\\\/x.com\\\/NBCSnoticias\"]},{\"@type\":\"Person\",\"@id\":\"https:\\\/\\\/nbcs.mx\\\/#\\\/schema\\\/person\\\/ece58bab9a7c1e87a4d28ec9ecd79ff4\",\"name\":\"NBCS Noticias\",\"image\":{\"@type\":\"ImageObject\",\"inLanguage\":\"es\",\"@id\":\"https:\\\/\\\/secure.gravatar.com\\\/avatar\\\/4e52110cad1c4054b43271a0d14bbe9e2ea76aecd0e1097edfc670798d9ca1d4?s=96&d=blank&r=g\",\"url\":\"https:\\\/\\\/secure.gravatar.com\\\/avatar\\\/4e52110cad1c4054b43271a0d14bbe9e2ea76aecd0e1097edfc670798d9ca1d4?s=96&d=blank&r=g\",\"contentUrl\":\"https:\\\/\\\/secure.gravatar.com\\\/avatar\\\/4e52110cad1c4054b43271a0d14bbe9e2ea76aecd0e1097edfc670798d9ca1d4?s=96&d=blank&r=g\",\"caption\":\"NBCS Noticias\"},\"description\":\"\u00bfTienes fotos o video de alg\u00fan acto de posible negligencia, corrupci\u00f3n y abuso de autoridad? M\u00e1ndalo al WhatsApp de NBCS Noticias: 612 141 98 08\",\"sameAs\":[\"https:\\\/\\\/www.nbcs.mx\",\"https:\\\/\\\/www.facebook.com\\\/NBCSnoticias\",\"https:\\\/\\\/www.instagram.com\\\/nbcsnoticias\\\/\",\"https:\\\/\\\/x.com\\\/https:\\\/\\\/twitter.com\\\/NBCSnoticias\"]}]}<\/script>\n<!-- \/ Yoast SEO plugin. -->","yoast_head_json":{"title":"La empat\u00eda tambi\u00e9n es pol\u00edtica p\u00fablica: Diputada Dalia Collins Mendoza - NBCS Noticias","robots":{"index":"index","follow":"follow","max-snippet":"max-snippet:-1","max-image-preview":"max-image-preview:large","max-video-preview":"max-video-preview:-1"},"canonical":"https:\/\/nbcs.mx\/?p=157274","og_locale":"es_ES","og_type":"article","og_title":"La empat\u00eda tambi\u00e9n es pol\u00edtica p\u00fablica: Diputada Dalia Collins Mendoza - NBCS Noticias","og_description":"Con un mensaje centrado en la inclusi\u00f3n, cercan\u00eda con la gente y compromiso con las causas sociales, la diputada Dalia","og_url":"https:\/\/nbcs.mx\/?p=157274","og_site_name":"NBCS Noticias","article_publisher":"https:\/\/www.facebook.com\/NBCSnoticias","article_author":"https:\/\/www.facebook.com\/NBCSnoticias","article_published_time":"2025-10-25T13:26:16+00:00","og_image":[{"width":1600,"height":1103,"url":"https:\/\/nbcs.mx\/wp-content\/uploads\/2025\/10\/DIP-DALIA-COLLINS-251024-1.jpeg","type":"image\/jpeg"}],"author":"NBCS Noticias","twitter_card":"summary_large_image","twitter_creator":"@https:\/\/twitter.com\/NBCSnoticias","twitter_site":"@NBCSnoticias","twitter_misc":{"Escrito por":"NBCS Noticias","Tiempo de lectura":"3 minutos"},"schema":{"@context":"https:\/\/schema.org","@graph":[{"@type":"Article","@id":"https:\/\/nbcs.mx\/?p=157274#article","isPartOf":{"@id":"https:\/\/nbcs.mx\/?p=157274"},"author":{"name":"NBCS Noticias","@id":"https:\/\/nbcs.mx\/#\/schema\/person\/ece58bab9a7c1e87a4d28ec9ecd79ff4"},"headline":"La empat\u00eda tambi\u00e9n es pol\u00edtica p\u00fablica: Diputada Dalia Collins Mendoza","datePublished":"2025-10-25T13:26:16+00:00","mainEntityOfPage":{"@id":"https:\/\/nbcs.mx\/?p=157274"},"wordCount":440,"commentCount":0,"publisher":{"@id":"https:\/\/nbcs.mx\/#organization"},"image":{"@id":"https:\/\/nbcs.mx\/?p=157274#primaryimage"},"thumbnailUrl":"https:\/\/nbcs.mx\/wp-content\/uploads\/2025\/10\/DIP-DALIA-COLLINS-251024-1.jpeg","articleSection":["Congreso de BCS"],"inLanguage":"es","potentialAction":[{"@type":"CommentAction","name":"Comment","target":["https:\/\/nbcs.mx\/?p=157274#respond"]}]},{"@type":"WebPage","@id":"https:\/\/nbcs.mx\/?p=157274","url":"https:\/\/nbcs.mx\/?p=157274","name":"La empat\u00eda tambi\u00e9n es pol\u00edtica p\u00fablica: Diputada Dalia Collins Mendoza - NBCS Noticias","isPartOf":{"@id":"https:\/\/nbcs.mx\/#website"},"primaryImageOfPage":{"@id":"https:\/\/nbcs.mx\/?p=157274#primaryimage"},"image":{"@id":"https:\/\/nbcs.mx\/?p=157274#primaryimage"},"thumbnailUrl":"https:\/\/nbcs.mx\/wp-content\/uploads\/2025\/10\/DIP-DALIA-COLLINS-251024-1.jpeg","datePublished":"2025-10-25T13:26:16+00:00","breadcrumb":{"@id":"https:\/\/nbcs.mx\/?p=157274#breadcrumb"},"inLanguage":"es","potentialAction":[{"@type":"ReadAction","target":["https:\/\/nbcs.mx\/?p=157274"]}]},{"@type":"ImageObject","inLanguage":"es","@id":"https:\/\/nbcs.mx\/?p=157274#primaryimage","url":"https:\/\/nbcs.mx\/wp-content\/uploads\/2025\/10\/DIP-DALIA-COLLINS-251024-1.jpeg","contentUrl":"https:\/\/nbcs.mx\/wp-content\/uploads\/2025\/10\/DIP-DALIA-COLLINS-251024-1.jpeg","width":1600,"height":1103},{"@type":"BreadcrumbList","@id":"https:\/\/nbcs.mx\/?p=157274#breadcrumb","itemListElement":[{"@type":"ListItem","position":1,"name":"Portada","item":"https:\/\/nbcs.mx\/"},{"@type":"ListItem","position":2,"name":"La empat\u00eda tambi\u00e9n es pol\u00edtica p\u00fablica: Diputada Dalia Collins Mendoza"}]},{"@type":"WebSite","@id":"https:\/\/nbcs.mx\/#website","url":"https:\/\/nbcs.mx\/","name":"NBCS Noticias","description":"Sitio web de noticias en Baja California Sur","publisher":{"@id":"https:\/\/nbcs.mx\/#organization"},"potentialAction":[{"@type":"SearchAction","target":{"@type":"EntryPoint","urlTemplate":"https:\/\/nbcs.mx\/?s={search_term_string}"},"query-input":{"@type":"PropertyValueSpecification","valueRequired":true,"valueName":"search_term_string"}}],"inLanguage":"es"},{"@type":"Organization","@id":"https:\/\/nbcs.mx\/#organization","name":"NBCS Noticias","url":"https:\/\/nbcs.mx\/","logo":{"@type":"ImageObject","inLanguage":"es","@id":"https:\/\/nbcs.mx\/#\/schema\/logo\/image\/","url":"https:\/\/nbcs.mx\/wp-content\/uploads\/2018\/09\/057b69485e93575a5c2b1c1dde2dd297.jpeg","contentUrl":"https:\/\/nbcs.mx\/wp-content\/uploads\/2018\/09\/057b69485e93575a5c2b1c1dde2dd297.jpeg","width":64,"height":64,"caption":"NBCS Noticias"},"image":{"@id":"https:\/\/nbcs.mx\/#\/schema\/logo\/image\/"},"sameAs":["https:\/\/www.facebook.com\/NBCSnoticias","https:\/\/x.com\/NBCSnoticias"]},{"@type":"Person","@id":"https:\/\/nbcs.mx\/#\/schema\/person\/ece58bab9a7c1e87a4d28ec9ecd79ff4","name":"NBCS Noticias","image":{"@type":"ImageObject","inLanguage":"es","@id":"https:\/\/secure.gravatar.com\/avatar\/4e52110cad1c4054b43271a0d14bbe9e2ea76aecd0e1097edfc670798d9ca1d4?s=96&d=blank&r=g","url":"https:\/\/secure.gravatar.com\/avatar\/4e52110cad1c4054b43271a0d14bbe9e2ea76aecd0e1097edfc670798d9ca1d4?s=96&d=blank&r=g","contentUrl":"https:\/\/secure.gravatar.com\/avatar\/4e52110cad1c4054b43271a0d14bbe9e2ea76aecd0e1097edfc670798d9ca1d4?s=96&d=blank&r=g","caption":"NBCS Noticias"},"description":"\u00bfTienes fotos o video de alg\u00fan acto de posible negligencia, corrupci\u00f3n y abuso de autoridad? M\u00e1ndalo al WhatsApp de NBCS Noticias: 612 141 98 08","sameAs":["https:\/\/www.nbcs.mx","https:\/\/www.facebook.com\/NBCSnoticias","https:\/\/www.instagram.com\/nbcsnoticias\/","https:\/\/x.com\/https:\/\/twitter.com\/NBCSnoticias"]}]}},"jetpack_publicize_connections":[],"jetpack_featured_media_url":"https:\/\/nbcs.mx\/wp-content\/uploads\/2025\/10\/DIP-DALIA-COLLINS-251024-1.jpeg","jetpack_sharing_enabled":true,"_links":{"self":[{"href":"https:\/\/nbcs.mx\/index.php?rest_route=\/wp\/v2\/posts\/157274","targetHints":{"allow":["GET"]}}],"collection":[{"href":"https:\/\/nbcs.mx\/index.php?rest_route=\/wp\/v2\/posts"}],"about":[{"href":"https:\/\/nbcs.mx\/index.php?rest_route=\/wp\/v2\/types\/post"}],"author":[{"embeddable":true,"href":"https:\/\/nbcs.mx\/index.php?rest_route=\/wp\/v2\/users\/1"}],"replies":[{"embeddable":true,"href":"https:\/\/nbcs.mx\/index.php?rest_route=%2Fwp%2Fv2%2Fcomments&post=157274"}],"version-history":[{"count":1,"href":"https:\/\/nbcs.mx\/index.php?rest_route=\/wp\/v2\/posts\/157274\/revisions"}],"predecessor-version":[{"id":157277,"href":"https:\/\/nbcs.mx\/index.php?rest_route=\/wp\/v2\/posts\/157274\/revisions\/157277"}],"wp:featuredmedia":[{"embeddable":true,"href":"https:\/\/nbcs.mx\/index.php?rest_route=\/wp\/v2\/media\/157276"}],"wp:attachment":[{"href":"https:\/\/nbcs.mx\/index.php?rest_route=%2Fwp%2Fv2%2Fmedia&parent=157274"}],"wp:term":[{"taxonomy":"category","embeddable":true,"href":"https:\/\/nbcs.mx\/index.php?rest_route=%2Fwp%2Fv2%2Fcategories&post=157274"},{"taxonomy":"post_tag","embeddable":true,"href":"https:\/\/nbcs.mx\/index.php?rest_route=%2Fwp%2Fv2%2Ftags&post=157274"}],"curies":[{"name":"wp","href":"https:\/\/api.w.org\/{rel}","templated":true}]}}