{"id":158151,"date":"2025-11-18T07:34:07","date_gmt":"2025-11-18T14:34:07","guid":{"rendered":"https:\/\/nbcs.mx\/?p=158151"},"modified":"2025-11-17T23:38:31","modified_gmt":"2025-11-18T06:38:31","slug":"gobernador-pedira-a-la-presidenta-que-regresen-por-otra-via-recursos-reducidos-en-el-fism","status":"publish","type":"post","link":"https:\/\/nbcs.mx\/?p=158151","title":{"rendered":"Gobernador pedir\u00e1 a la Presidenta que regresen por otra v\u00eda recursos reducidos en el FISM"},"content":{"rendered":"<p style=\"text-align: justify;\"><img loading=\"lazy\" decoding=\"async\" class=\" wp-image-158156 alignleft\" src=\"https:\/\/nbcs.mx\/wp-content\/uploads\/2025\/11\/IMG_0609-755x423.jpg\" alt=\"\" width=\"346\" height=\"194\" srcset=\"https:\/\/nbcs.mx\/wp-content\/uploads\/2025\/11\/IMG_0609-755x423.jpg 755w, https:\/\/nbcs.mx\/wp-content\/uploads\/2025\/11\/IMG_0609-1024x573.jpg 1024w, https:\/\/nbcs.mx\/wp-content\/uploads\/2025\/11\/IMG_0609-150x84.jpg 150w, https:\/\/nbcs.mx\/wp-content\/uploads\/2025\/11\/IMG_0609-768x430.jpg 768w, https:\/\/nbcs.mx\/wp-content\/uploads\/2025\/11\/IMG_0609-1536x860.jpg 1536w, https:\/\/nbcs.mx\/wp-content\/uploads\/2025\/11\/IMG_0609-2048x1147.jpg 2048w\" sizes=\"auto, (max-width: 346px) 100vw, 346px\" \/>El gobernador, V\u00edctor Manuel Castro Cos\u00edo, manifest\u00f3 que no fructific\u00f3 su gesti\u00f3n ante los legisladores federales para que no se le recortaran a Baja California Sur 610 millones de pesos del Fondo de Infraestructura Social Municipal (FISM), por lo que tendr\u00e1 que recurrir a la presidenta, Claudia Sheinbaum.<\/p>\n<p style=\"text-align: justify;\">\u201cYo le he pedido a los legisladores federales, no se pudo, ahora tengo que recurrir a la Presidenta\u201d, dijo a medios de comunicaci\u00f3n el Mandatario estatal, quien record\u00f3 que este recorte se da en funci\u00f3n de una f\u00f3rmula respecto a la medici\u00f3n de la pobreza extrema en la entidad.<\/p>\n<p style=\"text-align: justify;\">Consider\u00f3 que este tipo de f\u00f3rmulas se deben reordenar, porque el problema radica en que en Baja California Sur se han registrado 10 mil familias en pobreza extrema, conforme a comparativos de los a\u00f1os 2022 y 2024, que arrojaron un incremento de cuatro mil familias.<\/p>\n<p style=\"text-align: justify;\">Destac\u00f3 que esa problem\u00e1tica se da principalmente en Los Cabos, debido a la incesante migraci\u00f3n que prevalece en el principal destino tur\u00edstico de Baja California Sur, y de gran trascendencia a nivel nacional e internacional.<\/p>\n<p style=\"text-align: justify;\">A pesar de los n\u00fameros que se han dado, el Mandatario estatal coment\u00f3 que este Estado es de los que registran menor pobreza extrema del pa\u00eds, que no llegan ni al 1% de la poblaci\u00f3n total de la entidad, y aun as\u00ed se recortaron 610 millones de pesos, por lo cual consider\u00f3 que \u201cno es muy parejo\u201d.<\/p>\n<p style=\"text-align: justify;\">Coincidi\u00f3 con lo dicho por la secretaria de Finanzas y Administraci\u00f3n, Bertha Monta\u00f1o, en el sentido de que ese monto que se redujo para el 2026, con relaci\u00f3n al 2025, se pueda regresar por otras v\u00edas a trav\u00e9s de aportaciones extraordinarias del gobierno federal, luego de que no prosperaron las gestiones ante la C\u00e1mara de Diputados.<\/p>\n<p style=\"text-align: justify;\">Mencion\u00f3 que los recursos de ese fondo son para infraestructura social; es decir, obras y acciones que realizan los ayuntamientos en beneficio de la poblaci\u00f3n, de ah\u00ed la trascendencia de que de 925 millones de pesos, solo les hayan dejado 325. (Por: Arturo Nieves).<\/p>\n","protected":false},"excerpt":{"rendered":"<p>El gobernador, V\u00edctor Manuel Castro Cos\u00edo, manifest\u00f3 que no fructific\u00f3 su gesti\u00f3n ante los legisladores federales para que no se<\/p>\n","protected":false},"author":1,"featured_media":158156,"comment_status":"open","ping_status":"closed","sticky":false,"template":"","format":"standard","meta":{"colormag_page_container_layout":"default_layout","colormag_page_sidebar_layout":"default_layout","_jetpack_memberships_contains_paid_content":false,"footnotes":"","jetpack_publicize_message":"","jetpack_publicize_feature_enabled":true,"jetpack_social_post_already_shared":true,"jetpack_social_options":{"image_generator_settings":{"template":"highway","default_image_id":0,"font":"","enabled":false},"version":2}},"categories":[1],"tags":[],"class_list":["post-158151","post","type-post","status-publish","format-standard","has-post-thumbnail","hentry","category-noticias"],"yoast_head":"<!-- This site is optimized with the Yoast SEO plugin v27.5 - https:\/\/yoast.com\/product\/yoast-seo-wordpress\/ -->\n<title>Gobernador pedir\u00e1 a la Presidenta que regresen por otra v\u00eda recursos reducidos en el FISM - NBCS Noticias<\/title>\n<meta name=\"robots\" content=\"index, follow, max-snippet:-1, max-image-preview:large, max-video-preview:-1\" \/>\n<link rel=\"canonical\" href=\"https:\/\/nbcs.mx\/?p=158151\" \/>\n<meta property=\"og:locale\" content=\"es_ES\" \/>\n<meta property=\"og:type\" content=\"article\" \/>\n<meta property=\"og:title\" content=\"Gobernador pedir\u00e1 a la Presidenta que regresen por otra v\u00eda recursos reducidos en el FISM - NBCS Noticias\" \/>\n<meta property=\"og:description\" content=\"El gobernador, V\u00edctor Manuel Castro Cos\u00edo, manifest\u00f3 que no fructific\u00f3 su gesti\u00f3n ante los legisladores federales para que no se\" \/>\n<meta property=\"og:url\" content=\"https:\/\/nbcs.mx\/?p=158151\" \/>\n<meta property=\"og:site_name\" content=\"NBCS Noticias\" \/>\n<meta property=\"article:publisher\" content=\"https:\/\/www.facebook.com\/NBCSnoticias\" \/>\n<meta property=\"article:author\" content=\"https:\/\/www.facebook.com\/NBCSnoticias\" \/>\n<meta property=\"article:published_time\" content=\"2025-11-18T14:34:07+00:00\" \/>\n<meta property=\"og:image\" content=\"https:\/\/nbcs.mx\/wp-content\/uploads\/2025\/11\/IMG_0609.jpg\" \/>\n\t<meta property=\"og:image:width\" content=\"2400\" \/>\n\t<meta property=\"og:image:height\" content=\"1344\" \/>\n\t<meta property=\"og:image:type\" content=\"image\/jpeg\" \/>\n<meta name=\"author\" content=\"NBCS Noticias\" \/>\n<meta name=\"twitter:card\" content=\"summary_large_image\" \/>\n<meta name=\"twitter:creator\" content=\"@https:\/\/twitter.com\/NBCSnoticias\" \/>\n<meta name=\"twitter:site\" content=\"@NBCSnoticias\" \/>\n<meta name=\"twitter:label1\" content=\"Escrito por\" \/>\n\t<meta name=\"twitter:data1\" content=\"NBCS Noticias\" \/>\n\t<meta name=\"twitter:label2\" content=\"Tiempo de lectura\" \/>\n\t<meta name=\"twitter:data2\" content=\"2 minutos\" \/>\n<script type=\"application\/ld+json\" class=\"yoast-schema-graph\">{\"@context\":\"https:\\\/\\\/schema.org\",\"@graph\":[{\"@type\":\"Article\",\"@id\":\"https:\\\/\\\/nbcs.mx\\\/?p=158151#article\",\"isPartOf\":{\"@id\":\"https:\\\/\\\/nbcs.mx\\\/?p=158151\"},\"author\":{\"name\":\"NBCS Noticias\",\"@id\":\"https:\\\/\\\/nbcs.mx\\\/#\\\/schema\\\/person\\\/ece58bab9a7c1e87a4d28ec9ecd79ff4\"},\"headline\":\"Gobernador pedir\u00e1 a la Presidenta que regresen por otra v\u00eda recursos reducidos en el FISM\",\"datePublished\":\"2025-11-18T14:34:07+00:00\",\"mainEntityOfPage\":{\"@id\":\"https:\\\/\\\/nbcs.mx\\\/?p=158151\"},\"wordCount\":362,\"commentCount\":0,\"publisher\":{\"@id\":\"https:\\\/\\\/nbcs.mx\\\/#organization\"},\"image\":{\"@id\":\"https:\\\/\\\/nbcs.mx\\\/?p=158151#primaryimage\"},\"thumbnailUrl\":\"https:\\\/\\\/nbcs.mx\\\/wp-content\\\/uploads\\\/2025\\\/11\\\/IMG_0609.jpg\",\"articleSection\":[\"Noticias\"],\"inLanguage\":\"es\",\"potentialAction\":[{\"@type\":\"CommentAction\",\"name\":\"Comment\",\"target\":[\"https:\\\/\\\/nbcs.mx\\\/?p=158151#respond\"]}]},{\"@type\":\"WebPage\",\"@id\":\"https:\\\/\\\/nbcs.mx\\\/?p=158151\",\"url\":\"https:\\\/\\\/nbcs.mx\\\/?p=158151\",\"name\":\"Gobernador pedir\u00e1 a la Presidenta que regresen por otra v\u00eda recursos reducidos en el FISM - NBCS Noticias\",\"isPartOf\":{\"@id\":\"https:\\\/\\\/nbcs.mx\\\/#website\"},\"primaryImageOfPage\":{\"@id\":\"https:\\\/\\\/nbcs.mx\\\/?p=158151#primaryimage\"},\"image\":{\"@id\":\"https:\\\/\\\/nbcs.mx\\\/?p=158151#primaryimage\"},\"thumbnailUrl\":\"https:\\\/\\\/nbcs.mx\\\/wp-content\\\/uploads\\\/2025\\\/11\\\/IMG_0609.jpg\",\"datePublished\":\"2025-11-18T14:34:07+00:00\",\"breadcrumb\":{\"@id\":\"https:\\\/\\\/nbcs.mx\\\/?p=158151#breadcrumb\"},\"inLanguage\":\"es\",\"potentialAction\":[{\"@type\":\"ReadAction\",\"target\":[\"https:\\\/\\\/nbcs.mx\\\/?p=158151\"]}]},{\"@type\":\"ImageObject\",\"inLanguage\":\"es\",\"@id\":\"https:\\\/\\\/nbcs.mx\\\/?p=158151#primaryimage\",\"url\":\"https:\\\/\\\/nbcs.mx\\\/wp-content\\\/uploads\\\/2025\\\/11\\\/IMG_0609.jpg\",\"contentUrl\":\"https:\\\/\\\/nbcs.mx\\\/wp-content\\\/uploads\\\/2025\\\/11\\\/IMG_0609.jpg\",\"width\":2400,\"height\":1344},{\"@type\":\"BreadcrumbList\",\"@id\":\"https:\\\/\\\/nbcs.mx\\\/?p=158151#breadcrumb\",\"itemListElement\":[{\"@type\":\"ListItem\",\"position\":1,\"name\":\"Portada\",\"item\":\"https:\\\/\\\/nbcs.mx\\\/\"},{\"@type\":\"ListItem\",\"position\":2,\"name\":\"Gobernador pedir\u00e1 a la Presidenta que regresen por otra v\u00eda recursos reducidos en el FISM\"}]},{\"@type\":\"WebSite\",\"@id\":\"https:\\\/\\\/nbcs.mx\\\/#website\",\"url\":\"https:\\\/\\\/nbcs.mx\\\/\",\"name\":\"NBCS Noticias\",\"description\":\"Sitio web de noticias en Baja California Sur\",\"publisher\":{\"@id\":\"https:\\\/\\\/nbcs.mx\\\/#organization\"},\"potentialAction\":[{\"@type\":\"SearchAction\",\"target\":{\"@type\":\"EntryPoint\",\"urlTemplate\":\"https:\\\/\\\/nbcs.mx\\\/?s={search_term_string}\"},\"query-input\":{\"@type\":\"PropertyValueSpecification\",\"valueRequired\":true,\"valueName\":\"search_term_string\"}}],\"inLanguage\":\"es\"},{\"@type\":\"Organization\",\"@id\":\"https:\\\/\\\/nbcs.mx\\\/#organization\",\"name\":\"NBCS Noticias\",\"url\":\"https:\\\/\\\/nbcs.mx\\\/\",\"logo\":{\"@type\":\"ImageObject\",\"inLanguage\":\"es\",\"@id\":\"https:\\\/\\\/nbcs.mx\\\/#\\\/schema\\\/logo\\\/image\\\/\",\"url\":\"https:\\\/\\\/nbcs.mx\\\/wp-content\\\/uploads\\\/2018\\\/09\\\/057b69485e93575a5c2b1c1dde2dd297.jpeg\",\"contentUrl\":\"https:\\\/\\\/nbcs.mx\\\/wp-content\\\/uploads\\\/2018\\\/09\\\/057b69485e93575a5c2b1c1dde2dd297.jpeg\",\"width\":64,\"height\":64,\"caption\":\"NBCS Noticias\"},\"image\":{\"@id\":\"https:\\\/\\\/nbcs.mx\\\/#\\\/schema\\\/logo\\\/image\\\/\"},\"sameAs\":[\"https:\\\/\\\/www.facebook.com\\\/NBCSnoticias\",\"https:\\\/\\\/x.com\\\/NBCSnoticias\"]},{\"@type\":\"Person\",\"@id\":\"https:\\\/\\\/nbcs.mx\\\/#\\\/schema\\\/person\\\/ece58bab9a7c1e87a4d28ec9ecd79ff4\",\"name\":\"NBCS Noticias\",\"image\":{\"@type\":\"ImageObject\",\"inLanguage\":\"es\",\"@id\":\"https:\\\/\\\/secure.gravatar.com\\\/avatar\\\/4e52110cad1c4054b43271a0d14bbe9e2ea76aecd0e1097edfc670798d9ca1d4?s=96&d=blank&r=g\",\"url\":\"https:\\\/\\\/secure.gravatar.com\\\/avatar\\\/4e52110cad1c4054b43271a0d14bbe9e2ea76aecd0e1097edfc670798d9ca1d4?s=96&d=blank&r=g\",\"contentUrl\":\"https:\\\/\\\/secure.gravatar.com\\\/avatar\\\/4e52110cad1c4054b43271a0d14bbe9e2ea76aecd0e1097edfc670798d9ca1d4?s=96&d=blank&r=g\",\"caption\":\"NBCS Noticias\"},\"description\":\"\u00bfTienes fotos o video de alg\u00fan acto de posible negligencia, corrupci\u00f3n y abuso de autoridad? M\u00e1ndalo al WhatsApp de NBCS Noticias: 612 141 98 08\",\"sameAs\":[\"https:\\\/\\\/www.nbcs.mx\",\"https:\\\/\\\/www.facebook.com\\\/NBCSnoticias\",\"https:\\\/\\\/www.instagram.com\\\/nbcsnoticias\\\/\",\"https:\\\/\\\/x.com\\\/https:\\\/\\\/twitter.com\\\/NBCSnoticias\"]}]}<\/script>\n<!-- \/ Yoast SEO plugin. -->","yoast_head_json":{"title":"Gobernador pedir\u00e1 a la Presidenta que regresen por otra v\u00eda recursos reducidos en el FISM - NBCS Noticias","robots":{"index":"index","follow":"follow","max-snippet":"max-snippet:-1","max-image-preview":"max-image-preview:large","max-video-preview":"max-video-preview:-1"},"canonical":"https:\/\/nbcs.mx\/?p=158151","og_locale":"es_ES","og_type":"article","og_title":"Gobernador pedir\u00e1 a la Presidenta que regresen por otra v\u00eda recursos reducidos en el FISM - NBCS Noticias","og_description":"El gobernador, V\u00edctor Manuel Castro Cos\u00edo, manifest\u00f3 que no fructific\u00f3 su gesti\u00f3n ante los legisladores federales para que no se","og_url":"https:\/\/nbcs.mx\/?p=158151","og_site_name":"NBCS Noticias","article_publisher":"https:\/\/www.facebook.com\/NBCSnoticias","article_author":"https:\/\/www.facebook.com\/NBCSnoticias","article_published_time":"2025-11-18T14:34:07+00:00","og_image":[{"width":2400,"height":1344,"url":"https:\/\/nbcs.mx\/wp-content\/uploads\/2025\/11\/IMG_0609.jpg","type":"image\/jpeg"}],"author":"NBCS Noticias","twitter_card":"summary_large_image","twitter_creator":"@https:\/\/twitter.com\/NBCSnoticias","twitter_site":"@NBCSnoticias","twitter_misc":{"Escrito por":"NBCS Noticias","Tiempo de lectura":"2 minutos"},"schema":{"@context":"https:\/\/schema.org","@graph":[{"@type":"Article","@id":"https:\/\/nbcs.mx\/?p=158151#article","isPartOf":{"@id":"https:\/\/nbcs.mx\/?p=158151"},"author":{"name":"NBCS Noticias","@id":"https:\/\/nbcs.mx\/#\/schema\/person\/ece58bab9a7c1e87a4d28ec9ecd79ff4"},"headline":"Gobernador pedir\u00e1 a la Presidenta que regresen por otra v\u00eda recursos reducidos en el FISM","datePublished":"2025-11-18T14:34:07+00:00","mainEntityOfPage":{"@id":"https:\/\/nbcs.mx\/?p=158151"},"wordCount":362,"commentCount":0,"publisher":{"@id":"https:\/\/nbcs.mx\/#organization"},"image":{"@id":"https:\/\/nbcs.mx\/?p=158151#primaryimage"},"thumbnailUrl":"https:\/\/nbcs.mx\/wp-content\/uploads\/2025\/11\/IMG_0609.jpg","articleSection":["Noticias"],"inLanguage":"es","potentialAction":[{"@type":"CommentAction","name":"Comment","target":["https:\/\/nbcs.mx\/?p=158151#respond"]}]},{"@type":"WebPage","@id":"https:\/\/nbcs.mx\/?p=158151","url":"https:\/\/nbcs.mx\/?p=158151","name":"Gobernador pedir\u00e1 a la Presidenta que regresen por otra v\u00eda recursos reducidos en el FISM - NBCS Noticias","isPartOf":{"@id":"https:\/\/nbcs.mx\/#website"},"primaryImageOfPage":{"@id":"https:\/\/nbcs.mx\/?p=158151#primaryimage"},"image":{"@id":"https:\/\/nbcs.mx\/?p=158151#primaryimage"},"thumbnailUrl":"https:\/\/nbcs.mx\/wp-content\/uploads\/2025\/11\/IMG_0609.jpg","datePublished":"2025-11-18T14:34:07+00:00","breadcrumb":{"@id":"https:\/\/nbcs.mx\/?p=158151#breadcrumb"},"inLanguage":"es","potentialAction":[{"@type":"ReadAction","target":["https:\/\/nbcs.mx\/?p=158151"]}]},{"@type":"ImageObject","inLanguage":"es","@id":"https:\/\/nbcs.mx\/?p=158151#primaryimage","url":"https:\/\/nbcs.mx\/wp-content\/uploads\/2025\/11\/IMG_0609.jpg","contentUrl":"https:\/\/nbcs.mx\/wp-content\/uploads\/2025\/11\/IMG_0609.jpg","width":2400,"height":1344},{"@type":"BreadcrumbList","@id":"https:\/\/nbcs.mx\/?p=158151#breadcrumb","itemListElement":[{"@type":"ListItem","position":1,"name":"Portada","item":"https:\/\/nbcs.mx\/"},{"@type":"ListItem","position":2,"name":"Gobernador pedir\u00e1 a la Presidenta que regresen por otra v\u00eda recursos reducidos en el FISM"}]},{"@type":"WebSite","@id":"https:\/\/nbcs.mx\/#website","url":"https:\/\/nbcs.mx\/","name":"NBCS Noticias","description":"Sitio web de noticias en Baja California Sur","publisher":{"@id":"https:\/\/nbcs.mx\/#organization"},"potentialAction":[{"@type":"SearchAction","target":{"@type":"EntryPoint","urlTemplate":"https:\/\/nbcs.mx\/?s={search_term_string}"},"query-input":{"@type":"PropertyValueSpecification","valueRequired":true,"valueName":"search_term_string"}}],"inLanguage":"es"},{"@type":"Organization","@id":"https:\/\/nbcs.mx\/#organization","name":"NBCS Noticias","url":"https:\/\/nbcs.mx\/","logo":{"@type":"ImageObject","inLanguage":"es","@id":"https:\/\/nbcs.mx\/#\/schema\/logo\/image\/","url":"https:\/\/nbcs.mx\/wp-content\/uploads\/2018\/09\/057b69485e93575a5c2b1c1dde2dd297.jpeg","contentUrl":"https:\/\/nbcs.mx\/wp-content\/uploads\/2018\/09\/057b69485e93575a5c2b1c1dde2dd297.jpeg","width":64,"height":64,"caption":"NBCS Noticias"},"image":{"@id":"https:\/\/nbcs.mx\/#\/schema\/logo\/image\/"},"sameAs":["https:\/\/www.facebook.com\/NBCSnoticias","https:\/\/x.com\/NBCSnoticias"]},{"@type":"Person","@id":"https:\/\/nbcs.mx\/#\/schema\/person\/ece58bab9a7c1e87a4d28ec9ecd79ff4","name":"NBCS Noticias","image":{"@type":"ImageObject","inLanguage":"es","@id":"https:\/\/secure.gravatar.com\/avatar\/4e52110cad1c4054b43271a0d14bbe9e2ea76aecd0e1097edfc670798d9ca1d4?s=96&d=blank&r=g","url":"https:\/\/secure.gravatar.com\/avatar\/4e52110cad1c4054b43271a0d14bbe9e2ea76aecd0e1097edfc670798d9ca1d4?s=96&d=blank&r=g","contentUrl":"https:\/\/secure.gravatar.com\/avatar\/4e52110cad1c4054b43271a0d14bbe9e2ea76aecd0e1097edfc670798d9ca1d4?s=96&d=blank&r=g","caption":"NBCS Noticias"},"description":"\u00bfTienes fotos o video de alg\u00fan acto de posible negligencia, corrupci\u00f3n y abuso de autoridad? M\u00e1ndalo al WhatsApp de NBCS Noticias: 612 141 98 08","sameAs":["https:\/\/www.nbcs.mx","https:\/\/www.facebook.com\/NBCSnoticias","https:\/\/www.instagram.com\/nbcsnoticias\/","https:\/\/x.com\/https:\/\/twitter.com\/NBCSnoticias"]}]}},"jetpack_publicize_connections":[],"jetpack_featured_media_url":"https:\/\/nbcs.mx\/wp-content\/uploads\/2025\/11\/IMG_0609.jpg","jetpack_sharing_enabled":true,"_links":{"self":[{"href":"https:\/\/nbcs.mx\/index.php?rest_route=\/wp\/v2\/posts\/158151","targetHints":{"allow":["GET"]}}],"collection":[{"href":"https:\/\/nbcs.mx\/index.php?rest_route=\/wp\/v2\/posts"}],"about":[{"href":"https:\/\/nbcs.mx\/index.php?rest_route=\/wp\/v2\/types\/post"}],"author":[{"embeddable":true,"href":"https:\/\/nbcs.mx\/index.php?rest_route=\/wp\/v2\/users\/1"}],"replies":[{"embeddable":true,"href":"https:\/\/nbcs.mx\/index.php?rest_route=%2Fwp%2Fv2%2Fcomments&post=158151"}],"version-history":[{"count":2,"href":"https:\/\/nbcs.mx\/index.php?rest_route=\/wp\/v2\/posts\/158151\/revisions"}],"predecessor-version":[{"id":158157,"href":"https:\/\/nbcs.mx\/index.php?rest_route=\/wp\/v2\/posts\/158151\/revisions\/158157"}],"wp:featuredmedia":[{"embeddable":true,"href":"https:\/\/nbcs.mx\/index.php?rest_route=\/wp\/v2\/media\/158156"}],"wp:attachment":[{"href":"https:\/\/nbcs.mx\/index.php?rest_route=%2Fwp%2Fv2%2Fmedia&parent=158151"}],"wp:term":[{"taxonomy":"category","embeddable":true,"href":"https:\/\/nbcs.mx\/index.php?rest_route=%2Fwp%2Fv2%2Fcategories&post=158151"},{"taxonomy":"post_tag","embeddable":true,"href":"https:\/\/nbcs.mx\/index.php?rest_route=%2Fwp%2Fv2%2Ftags&post=158151"}],"curies":[{"name":"wp","href":"https:\/\/api.w.org\/{rel}","templated":true}]}}