{"id":158247,"date":"2025-11-20T06:02:47","date_gmt":"2025-11-20T13:02:47","guid":{"rendered":"https:\/\/nbcs.mx\/?p=158247"},"modified":"2025-11-20T06:02:47","modified_gmt":"2025-11-20T13:02:47","slug":"club-atletico-la-paz-anuncia-la-primera-edicion-de-la-copa-mar-de-cortes","status":"publish","type":"post","link":"https:\/\/nbcs.mx\/?p=158247","title":{"rendered":"Club Atl\u00e9tico La Paz anuncia la primera edici\u00f3n de la Copa Mar de Cort\u00e9s"},"content":{"rendered":"<p style=\"text-align: justify;\"><em><img loading=\"lazy\" decoding=\"async\" class=\" wp-image-40578 alignleft\" src=\"https:\/\/nbcs.mx\/wp-content\/uploads\/2019\/02\/SEPUIM-GUAYCURA-1140x641-755x425.jpg\" alt=\"\" width=\"352\" height=\"198\" srcset=\"https:\/\/nbcs.mx\/wp-content\/uploads\/2019\/02\/SEPUIM-GUAYCURA-1140x641-755x425.jpg 755w, https:\/\/nbcs.mx\/wp-content\/uploads\/2019\/02\/SEPUIM-GUAYCURA-1140x641-150x84.jpg 150w, https:\/\/nbcs.mx\/wp-content\/uploads\/2019\/02\/SEPUIM-GUAYCURA-1140x641-768x432.jpg 768w, https:\/\/nbcs.mx\/wp-content\/uploads\/2019\/02\/SEPUIM-GUAYCURA-1140x641-1024x576.jpg 1024w, https:\/\/nbcs.mx\/wp-content\/uploads\/2019\/02\/SEPUIM-GUAYCURA-1140x641-600x337.jpg 600w, https:\/\/nbcs.mx\/wp-content\/uploads\/2019\/02\/SEPUIM-GUAYCURA-1140x641.jpg 1140w\" sizes=\"auto, (max-width: 352px) 100vw, 352px\" \/>Club Atl\u00e9tico La Paz<\/em>\u00a0se complace en anunciar oficialmente la\u00a0<strong>Copa Mar de Cort\u00e9s<\/strong>, un torneo de fuerzas b\u00e1sicas categor\u00eda\u00a0<strong>Sub-13<\/strong>, que se llevar\u00e1 a cabo los d\u00edas\u00a0<strong>4, 5 y 6 de diciembre<\/strong>\u00a0en el\u00a0<strong>Estadio Guaycura<\/strong>.<\/p>\n<p style=\"text-align: justify;\">En esta primera edici\u00f3n participar\u00e1 la Club Atl\u00e9tico La Paz con su selectivo Sub 13 y tres instituciones de gran tradici\u00f3n en el f\u00fatbol mexicano:\u00a0<strong>Xolos de Tijuana, Quer\u00e9taro FC y Toluca FC<\/strong>. Un cartel que re\u00fane fuerzas b\u00e1sicas reconocidas a nivel nacional y que convierte a La Paz en sede de un evento con proyecci\u00f3n deportiva y formativa.<\/p>\n<p style=\"text-align: justify;\">La\u00a0<strong>Academia CALP<\/strong>\u00a0ser\u00e1 representada por un selectivo integrado totalmente por\u00a0<strong>talento local<\/strong>, que ya se encuentra en proceso de preparaci\u00f3n para llegar en \u00f3ptimas condiciones a una competencia que les permitir\u00e1 medir su nivel ante fuerzas b\u00e1sicas de clubes de Primera Divisi\u00f3n.<\/p>\n<p style=\"text-align: justify;\">La Copa Mar de Cort\u00e9s ser\u00e1 la primera competencia en La Paz que re\u00fane a fuerzas b\u00e1sicas de instituciones de Liga MX y busca consolidarse como un torneo juvenil con importancia no s\u00f3lo estatal, sino a nivel nacional. Su realizaci\u00f3n en un estadio profesional, junto a la presencia de dichos equipos invitados, ofrece una plataforma \u00fanica de desarrollo para las futuras generaciones del f\u00fatbol sudcaliforniano.<\/p>\n<p style=\"text-align: justify;\">En los pr\u00f3ximos d\u00edas se dar\u00e1n a conocer m\u00e1s detalles sobre el\u00a0<strong>ingreso a los partidos<\/strong>, as\u00ed como el\u00a0<strong>calendario oficial<\/strong>\u00a0y el\u00a0<strong>formato de competencia<\/strong>.\u00a0<strong>Club Atl\u00e9tico La Paz<\/strong>\u00a0invita a la afici\u00f3n y a las familias pace\u00f1as a seguir de cerca esta fiesta del f\u00fatbol formativo, un espacio donde el talento local y el aprendizaje deportivo toman protagonismo en la cancha del Guaycura.<\/p>\n","protected":false},"excerpt":{"rendered":"<p>Club Atl\u00e9tico La Paz\u00a0se complace en anunciar oficialmente la\u00a0Copa Mar de Cort\u00e9s, un torneo de fuerzas b\u00e1sicas categor\u00eda\u00a0Sub-13, que se<\/p>\n","protected":false},"author":1,"featured_media":40578,"comment_status":"open","ping_status":"closed","sticky":false,"template":"","format":"standard","meta":{"colormag_page_container_layout":"default_layout","colormag_page_sidebar_layout":"default_layout","_jetpack_memberships_contains_paid_content":false,"footnotes":"","jetpack_publicize_message":"","jetpack_publicize_feature_enabled":true,"jetpack_social_post_already_shared":true,"jetpack_social_options":{"image_generator_settings":{"template":"highway","default_image_id":0,"font":"","enabled":false},"version":2}},"categories":[23],"tags":[],"class_list":["post-158247","post","type-post","status-publish","format-standard","has-post-thumbnail","hentry","category-deportes"],"yoast_head":"<!-- This site is optimized with the Yoast SEO plugin v27.4 - https:\/\/yoast.com\/product\/yoast-seo-wordpress\/ -->\n<title>Club Atl\u00e9tico La Paz anuncia la primera edici\u00f3n de la Copa Mar de Cort\u00e9s - NBCS Noticias<\/title>\n<meta name=\"robots\" content=\"index, follow, max-snippet:-1, max-image-preview:large, max-video-preview:-1\" \/>\n<link rel=\"canonical\" href=\"https:\/\/nbcs.mx\/?p=158247\" \/>\n<meta property=\"og:locale\" content=\"es_ES\" \/>\n<meta property=\"og:type\" content=\"article\" \/>\n<meta property=\"og:title\" content=\"Club Atl\u00e9tico La Paz anuncia la primera edici\u00f3n de la Copa Mar de Cort\u00e9s - NBCS Noticias\" \/>\n<meta property=\"og:description\" content=\"Club Atl\u00e9tico La Paz\u00a0se complace en anunciar oficialmente la\u00a0Copa Mar de Cort\u00e9s, un torneo de fuerzas b\u00e1sicas categor\u00eda\u00a0Sub-13, que se\" \/>\n<meta property=\"og:url\" content=\"https:\/\/nbcs.mx\/?p=158247\" \/>\n<meta property=\"og:site_name\" content=\"NBCS Noticias\" \/>\n<meta property=\"article:publisher\" content=\"https:\/\/www.facebook.com\/NBCSnoticias\" \/>\n<meta property=\"article:author\" content=\"https:\/\/www.facebook.com\/NBCSnoticias\" \/>\n<meta property=\"article:published_time\" content=\"2025-11-20T13:02:47+00:00\" \/>\n<meta property=\"og:image\" content=\"https:\/\/nbcs.mx\/wp-content\/uploads\/2019\/02\/SEPUIM-GUAYCURA-1140x641.jpg\" \/>\n\t<meta property=\"og:image:width\" content=\"1140\" \/>\n\t<meta property=\"og:image:height\" content=\"641\" \/>\n\t<meta property=\"og:image:type\" content=\"image\/jpeg\" \/>\n<meta name=\"author\" content=\"NBCS Noticias\" \/>\n<meta name=\"twitter:card\" content=\"summary_large_image\" \/>\n<meta name=\"twitter:creator\" content=\"@https:\/\/twitter.com\/NBCSnoticias\" \/>\n<meta name=\"twitter:site\" content=\"@NBCSnoticias\" \/>\n<meta name=\"twitter:label1\" content=\"Escrito por\" \/>\n\t<meta name=\"twitter:data1\" content=\"NBCS Noticias\" \/>\n\t<meta name=\"twitter:label2\" content=\"Tiempo de lectura\" \/>\n\t<meta name=\"twitter:data2\" content=\"2 minutos\" \/>\n<script type=\"application\/ld+json\" class=\"yoast-schema-graph\">{\"@context\":\"https:\\\/\\\/schema.org\",\"@graph\":[{\"@type\":\"Article\",\"@id\":\"https:\\\/\\\/nbcs.mx\\\/?p=158247#article\",\"isPartOf\":{\"@id\":\"https:\\\/\\\/nbcs.mx\\\/?p=158247\"},\"author\":{\"name\":\"NBCS Noticias\",\"@id\":\"https:\\\/\\\/nbcs.mx\\\/#\\\/schema\\\/person\\\/ece58bab9a7c1e87a4d28ec9ecd79ff4\"},\"headline\":\"Club Atl\u00e9tico La Paz anuncia la primera edici\u00f3n de la Copa Mar de Cort\u00e9s\",\"datePublished\":\"2025-11-20T13:02:47+00:00\",\"mainEntityOfPage\":{\"@id\":\"https:\\\/\\\/nbcs.mx\\\/?p=158247\"},\"wordCount\":313,\"commentCount\":0,\"publisher\":{\"@id\":\"https:\\\/\\\/nbcs.mx\\\/#organization\"},\"image\":{\"@id\":\"https:\\\/\\\/nbcs.mx\\\/?p=158247#primaryimage\"},\"thumbnailUrl\":\"https:\\\/\\\/nbcs.mx\\\/wp-content\\\/uploads\\\/2019\\\/02\\\/SEPUIM-GUAYCURA-1140x641.jpg\",\"articleSection\":[\"Deportes\"],\"inLanguage\":\"es\",\"potentialAction\":[{\"@type\":\"CommentAction\",\"name\":\"Comment\",\"target\":[\"https:\\\/\\\/nbcs.mx\\\/?p=158247#respond\"]}]},{\"@type\":\"WebPage\",\"@id\":\"https:\\\/\\\/nbcs.mx\\\/?p=158247\",\"url\":\"https:\\\/\\\/nbcs.mx\\\/?p=158247\",\"name\":\"Club Atl\u00e9tico La Paz anuncia la primera edici\u00f3n de la Copa Mar de Cort\u00e9s - NBCS Noticias\",\"isPartOf\":{\"@id\":\"https:\\\/\\\/nbcs.mx\\\/#website\"},\"primaryImageOfPage\":{\"@id\":\"https:\\\/\\\/nbcs.mx\\\/?p=158247#primaryimage\"},\"image\":{\"@id\":\"https:\\\/\\\/nbcs.mx\\\/?p=158247#primaryimage\"},\"thumbnailUrl\":\"https:\\\/\\\/nbcs.mx\\\/wp-content\\\/uploads\\\/2019\\\/02\\\/SEPUIM-GUAYCURA-1140x641.jpg\",\"datePublished\":\"2025-11-20T13:02:47+00:00\",\"breadcrumb\":{\"@id\":\"https:\\\/\\\/nbcs.mx\\\/?p=158247#breadcrumb\"},\"inLanguage\":\"es\",\"potentialAction\":[{\"@type\":\"ReadAction\",\"target\":[\"https:\\\/\\\/nbcs.mx\\\/?p=158247\"]}]},{\"@type\":\"ImageObject\",\"inLanguage\":\"es\",\"@id\":\"https:\\\/\\\/nbcs.mx\\\/?p=158247#primaryimage\",\"url\":\"https:\\\/\\\/nbcs.mx\\\/wp-content\\\/uploads\\\/2019\\\/02\\\/SEPUIM-GUAYCURA-1140x641.jpg\",\"contentUrl\":\"https:\\\/\\\/nbcs.mx\\\/wp-content\\\/uploads\\\/2019\\\/02\\\/SEPUIM-GUAYCURA-1140x641.jpg\",\"width\":1140,\"height\":641},{\"@type\":\"BreadcrumbList\",\"@id\":\"https:\\\/\\\/nbcs.mx\\\/?p=158247#breadcrumb\",\"itemListElement\":[{\"@type\":\"ListItem\",\"position\":1,\"name\":\"Portada\",\"item\":\"https:\\\/\\\/nbcs.mx\\\/\"},{\"@type\":\"ListItem\",\"position\":2,\"name\":\"Club Atl\u00e9tico La Paz anuncia la primera edici\u00f3n de la Copa Mar de Cort\u00e9s\"}]},{\"@type\":\"WebSite\",\"@id\":\"https:\\\/\\\/nbcs.mx\\\/#website\",\"url\":\"https:\\\/\\\/nbcs.mx\\\/\",\"name\":\"NBCS Noticias\",\"description\":\"Sitio web de noticias en Baja California Sur\",\"publisher\":{\"@id\":\"https:\\\/\\\/nbcs.mx\\\/#organization\"},\"potentialAction\":[{\"@type\":\"SearchAction\",\"target\":{\"@type\":\"EntryPoint\",\"urlTemplate\":\"https:\\\/\\\/nbcs.mx\\\/?s={search_term_string}\"},\"query-input\":{\"@type\":\"PropertyValueSpecification\",\"valueRequired\":true,\"valueName\":\"search_term_string\"}}],\"inLanguage\":\"es\"},{\"@type\":\"Organization\",\"@id\":\"https:\\\/\\\/nbcs.mx\\\/#organization\",\"name\":\"NBCS Noticias\",\"url\":\"https:\\\/\\\/nbcs.mx\\\/\",\"logo\":{\"@type\":\"ImageObject\",\"inLanguage\":\"es\",\"@id\":\"https:\\\/\\\/nbcs.mx\\\/#\\\/schema\\\/logo\\\/image\\\/\",\"url\":\"https:\\\/\\\/nbcs.mx\\\/wp-content\\\/uploads\\\/2018\\\/09\\\/057b69485e93575a5c2b1c1dde2dd297.jpeg\",\"contentUrl\":\"https:\\\/\\\/nbcs.mx\\\/wp-content\\\/uploads\\\/2018\\\/09\\\/057b69485e93575a5c2b1c1dde2dd297.jpeg\",\"width\":64,\"height\":64,\"caption\":\"NBCS Noticias\"},\"image\":{\"@id\":\"https:\\\/\\\/nbcs.mx\\\/#\\\/schema\\\/logo\\\/image\\\/\"},\"sameAs\":[\"https:\\\/\\\/www.facebook.com\\\/NBCSnoticias\",\"https:\\\/\\\/x.com\\\/NBCSnoticias\"]},{\"@type\":\"Person\",\"@id\":\"https:\\\/\\\/nbcs.mx\\\/#\\\/schema\\\/person\\\/ece58bab9a7c1e87a4d28ec9ecd79ff4\",\"name\":\"NBCS Noticias\",\"image\":{\"@type\":\"ImageObject\",\"inLanguage\":\"es\",\"@id\":\"https:\\\/\\\/secure.gravatar.com\\\/avatar\\\/4e52110cad1c4054b43271a0d14bbe9e2ea76aecd0e1097edfc670798d9ca1d4?s=96&d=blank&r=g\",\"url\":\"https:\\\/\\\/secure.gravatar.com\\\/avatar\\\/4e52110cad1c4054b43271a0d14bbe9e2ea76aecd0e1097edfc670798d9ca1d4?s=96&d=blank&r=g\",\"contentUrl\":\"https:\\\/\\\/secure.gravatar.com\\\/avatar\\\/4e52110cad1c4054b43271a0d14bbe9e2ea76aecd0e1097edfc670798d9ca1d4?s=96&d=blank&r=g\",\"caption\":\"NBCS Noticias\"},\"description\":\"\u00bfTienes fotos o video de alg\u00fan acto de posible negligencia, corrupci\u00f3n y abuso de autoridad? M\u00e1ndalo al WhatsApp de NBCS Noticias: 612 141 98 08\",\"sameAs\":[\"https:\\\/\\\/www.nbcs.mx\",\"https:\\\/\\\/www.facebook.com\\\/NBCSnoticias\",\"https:\\\/\\\/www.instagram.com\\\/nbcsnoticias\\\/\",\"https:\\\/\\\/x.com\\\/https:\\\/\\\/twitter.com\\\/NBCSnoticias\"]}]}<\/script>\n<!-- \/ Yoast SEO plugin. -->","yoast_head_json":{"title":"Club Atl\u00e9tico La Paz anuncia la primera edici\u00f3n de la Copa Mar de Cort\u00e9s - NBCS Noticias","robots":{"index":"index","follow":"follow","max-snippet":"max-snippet:-1","max-image-preview":"max-image-preview:large","max-video-preview":"max-video-preview:-1"},"canonical":"https:\/\/nbcs.mx\/?p=158247","og_locale":"es_ES","og_type":"article","og_title":"Club Atl\u00e9tico La Paz anuncia la primera edici\u00f3n de la Copa Mar de Cort\u00e9s - NBCS Noticias","og_description":"Club Atl\u00e9tico La Paz\u00a0se complace en anunciar oficialmente la\u00a0Copa Mar de Cort\u00e9s, un torneo de fuerzas b\u00e1sicas categor\u00eda\u00a0Sub-13, que se","og_url":"https:\/\/nbcs.mx\/?p=158247","og_site_name":"NBCS Noticias","article_publisher":"https:\/\/www.facebook.com\/NBCSnoticias","article_author":"https:\/\/www.facebook.com\/NBCSnoticias","article_published_time":"2025-11-20T13:02:47+00:00","og_image":[{"width":1140,"height":641,"url":"https:\/\/nbcs.mx\/wp-content\/uploads\/2019\/02\/SEPUIM-GUAYCURA-1140x641.jpg","type":"image\/jpeg"}],"author":"NBCS Noticias","twitter_card":"summary_large_image","twitter_creator":"@https:\/\/twitter.com\/NBCSnoticias","twitter_site":"@NBCSnoticias","twitter_misc":{"Escrito por":"NBCS Noticias","Tiempo de lectura":"2 minutos"},"schema":{"@context":"https:\/\/schema.org","@graph":[{"@type":"Article","@id":"https:\/\/nbcs.mx\/?p=158247#article","isPartOf":{"@id":"https:\/\/nbcs.mx\/?p=158247"},"author":{"name":"NBCS Noticias","@id":"https:\/\/nbcs.mx\/#\/schema\/person\/ece58bab9a7c1e87a4d28ec9ecd79ff4"},"headline":"Club Atl\u00e9tico La Paz anuncia la primera edici\u00f3n de la Copa Mar de Cort\u00e9s","datePublished":"2025-11-20T13:02:47+00:00","mainEntityOfPage":{"@id":"https:\/\/nbcs.mx\/?p=158247"},"wordCount":313,"commentCount":0,"publisher":{"@id":"https:\/\/nbcs.mx\/#organization"},"image":{"@id":"https:\/\/nbcs.mx\/?p=158247#primaryimage"},"thumbnailUrl":"https:\/\/nbcs.mx\/wp-content\/uploads\/2019\/02\/SEPUIM-GUAYCURA-1140x641.jpg","articleSection":["Deportes"],"inLanguage":"es","potentialAction":[{"@type":"CommentAction","name":"Comment","target":["https:\/\/nbcs.mx\/?p=158247#respond"]}]},{"@type":"WebPage","@id":"https:\/\/nbcs.mx\/?p=158247","url":"https:\/\/nbcs.mx\/?p=158247","name":"Club Atl\u00e9tico La Paz anuncia la primera edici\u00f3n de la Copa Mar de Cort\u00e9s - NBCS Noticias","isPartOf":{"@id":"https:\/\/nbcs.mx\/#website"},"primaryImageOfPage":{"@id":"https:\/\/nbcs.mx\/?p=158247#primaryimage"},"image":{"@id":"https:\/\/nbcs.mx\/?p=158247#primaryimage"},"thumbnailUrl":"https:\/\/nbcs.mx\/wp-content\/uploads\/2019\/02\/SEPUIM-GUAYCURA-1140x641.jpg","datePublished":"2025-11-20T13:02:47+00:00","breadcrumb":{"@id":"https:\/\/nbcs.mx\/?p=158247#breadcrumb"},"inLanguage":"es","potentialAction":[{"@type":"ReadAction","target":["https:\/\/nbcs.mx\/?p=158247"]}]},{"@type":"ImageObject","inLanguage":"es","@id":"https:\/\/nbcs.mx\/?p=158247#primaryimage","url":"https:\/\/nbcs.mx\/wp-content\/uploads\/2019\/02\/SEPUIM-GUAYCURA-1140x641.jpg","contentUrl":"https:\/\/nbcs.mx\/wp-content\/uploads\/2019\/02\/SEPUIM-GUAYCURA-1140x641.jpg","width":1140,"height":641},{"@type":"BreadcrumbList","@id":"https:\/\/nbcs.mx\/?p=158247#breadcrumb","itemListElement":[{"@type":"ListItem","position":1,"name":"Portada","item":"https:\/\/nbcs.mx\/"},{"@type":"ListItem","position":2,"name":"Club Atl\u00e9tico La Paz anuncia la primera edici\u00f3n de la Copa Mar de Cort\u00e9s"}]},{"@type":"WebSite","@id":"https:\/\/nbcs.mx\/#website","url":"https:\/\/nbcs.mx\/","name":"NBCS Noticias","description":"Sitio web de noticias en Baja California Sur","publisher":{"@id":"https:\/\/nbcs.mx\/#organization"},"potentialAction":[{"@type":"SearchAction","target":{"@type":"EntryPoint","urlTemplate":"https:\/\/nbcs.mx\/?s={search_term_string}"},"query-input":{"@type":"PropertyValueSpecification","valueRequired":true,"valueName":"search_term_string"}}],"inLanguage":"es"},{"@type":"Organization","@id":"https:\/\/nbcs.mx\/#organization","name":"NBCS Noticias","url":"https:\/\/nbcs.mx\/","logo":{"@type":"ImageObject","inLanguage":"es","@id":"https:\/\/nbcs.mx\/#\/schema\/logo\/image\/","url":"https:\/\/nbcs.mx\/wp-content\/uploads\/2018\/09\/057b69485e93575a5c2b1c1dde2dd297.jpeg","contentUrl":"https:\/\/nbcs.mx\/wp-content\/uploads\/2018\/09\/057b69485e93575a5c2b1c1dde2dd297.jpeg","width":64,"height":64,"caption":"NBCS Noticias"},"image":{"@id":"https:\/\/nbcs.mx\/#\/schema\/logo\/image\/"},"sameAs":["https:\/\/www.facebook.com\/NBCSnoticias","https:\/\/x.com\/NBCSnoticias"]},{"@type":"Person","@id":"https:\/\/nbcs.mx\/#\/schema\/person\/ece58bab9a7c1e87a4d28ec9ecd79ff4","name":"NBCS Noticias","image":{"@type":"ImageObject","inLanguage":"es","@id":"https:\/\/secure.gravatar.com\/avatar\/4e52110cad1c4054b43271a0d14bbe9e2ea76aecd0e1097edfc670798d9ca1d4?s=96&d=blank&r=g","url":"https:\/\/secure.gravatar.com\/avatar\/4e52110cad1c4054b43271a0d14bbe9e2ea76aecd0e1097edfc670798d9ca1d4?s=96&d=blank&r=g","contentUrl":"https:\/\/secure.gravatar.com\/avatar\/4e52110cad1c4054b43271a0d14bbe9e2ea76aecd0e1097edfc670798d9ca1d4?s=96&d=blank&r=g","caption":"NBCS Noticias"},"description":"\u00bfTienes fotos o video de alg\u00fan acto de posible negligencia, corrupci\u00f3n y abuso de autoridad? M\u00e1ndalo al WhatsApp de NBCS Noticias: 612 141 98 08","sameAs":["https:\/\/www.nbcs.mx","https:\/\/www.facebook.com\/NBCSnoticias","https:\/\/www.instagram.com\/nbcsnoticias\/","https:\/\/x.com\/https:\/\/twitter.com\/NBCSnoticias"]}]}},"jetpack_publicize_connections":[],"jetpack_featured_media_url":"https:\/\/nbcs.mx\/wp-content\/uploads\/2019\/02\/SEPUIM-GUAYCURA-1140x641.jpg","jetpack_sharing_enabled":true,"_links":{"self":[{"href":"https:\/\/nbcs.mx\/index.php?rest_route=\/wp\/v2\/posts\/158247","targetHints":{"allow":["GET"]}}],"collection":[{"href":"https:\/\/nbcs.mx\/index.php?rest_route=\/wp\/v2\/posts"}],"about":[{"href":"https:\/\/nbcs.mx\/index.php?rest_route=\/wp\/v2\/types\/post"}],"author":[{"embeddable":true,"href":"https:\/\/nbcs.mx\/index.php?rest_route=\/wp\/v2\/users\/1"}],"replies":[{"embeddable":true,"href":"https:\/\/nbcs.mx\/index.php?rest_route=%2Fwp%2Fv2%2Fcomments&post=158247"}],"version-history":[{"count":1,"href":"https:\/\/nbcs.mx\/index.php?rest_route=\/wp\/v2\/posts\/158247\/revisions"}],"predecessor-version":[{"id":158248,"href":"https:\/\/nbcs.mx\/index.php?rest_route=\/wp\/v2\/posts\/158247\/revisions\/158248"}],"wp:featuredmedia":[{"embeddable":true,"href":"https:\/\/nbcs.mx\/index.php?rest_route=\/wp\/v2\/media\/40578"}],"wp:attachment":[{"href":"https:\/\/nbcs.mx\/index.php?rest_route=%2Fwp%2Fv2%2Fmedia&parent=158247"}],"wp:term":[{"taxonomy":"category","embeddable":true,"href":"https:\/\/nbcs.mx\/index.php?rest_route=%2Fwp%2Fv2%2Fcategories&post=158247"},{"taxonomy":"post_tag","embeddable":true,"href":"https:\/\/nbcs.mx\/index.php?rest_route=%2Fwp%2Fv2%2Ftags&post=158247"}],"curies":[{"name":"wp","href":"https:\/\/api.w.org\/{rel}","templated":true}]}}