{"id":158261,"date":"2025-11-20T09:55:59","date_gmt":"2025-11-20T16:55:59","guid":{"rendered":"https:\/\/nbcs.mx\/?p=158261"},"modified":"2025-11-20T09:55:59","modified_gmt":"2025-11-20T16:55:59","slug":"brutales-y-cobardes-las-ejecuciones-en-loreto-dice-procurador-de-justicia","status":"publish","type":"post","link":"https:\/\/nbcs.mx\/?p=158261","title":{"rendered":"Brutales y cobardes las ejecuciones en Loreto, dice Procurador de Justicia"},"content":{"rendered":"<p style=\"text-align: justify;\"><img loading=\"lazy\" decoding=\"async\" class=\" wp-image-158262 alignleft\" src=\"https:\/\/nbcs.mx\/wp-content\/uploads\/2025\/11\/Captura-de-pantalla-2025-11-20-a-las-9.55.12-a.m-723x492.png\" alt=\"\" width=\"370\" height=\"252\" srcset=\"https:\/\/nbcs.mx\/wp-content\/uploads\/2025\/11\/Captura-de-pantalla-2025-11-20-a-las-9.55.12-a.m-723x492.png 723w, https:\/\/nbcs.mx\/wp-content\/uploads\/2025\/11\/Captura-de-pantalla-2025-11-20-a-las-9.55.12-a.m-1024x697.png 1024w, https:\/\/nbcs.mx\/wp-content\/uploads\/2025\/11\/Captura-de-pantalla-2025-11-20-a-las-9.55.12-a.m-150x102.png 150w, https:\/\/nbcs.mx\/wp-content\/uploads\/2025\/11\/Captura-de-pantalla-2025-11-20-a-las-9.55.12-a.m-768x523.png 768w, https:\/\/nbcs.mx\/wp-content\/uploads\/2025\/11\/Captura-de-pantalla-2025-11-20-a-las-9.55.12-a.m-1536x1046.png 1536w, https:\/\/nbcs.mx\/wp-content\/uploads\/2025\/11\/Captura-de-pantalla-2025-11-20-a-las-9.55.12-a.m-130x90.png 130w, https:\/\/nbcs.mx\/wp-content\/uploads\/2025\/11\/Captura-de-pantalla-2025-11-20-a-las-9.55.12-a.m.png 1692w\" sizes=\"auto, (max-width: 370px) 100vw, 370px\" \/>El titular de la Procuradur\u00eda General de Justicia del Estado (PGJE), Antonio L\u00f3pez Rodr\u00edguez, calific\u00f3 de brutales y cobardes las seis ejecuciones perpetradas este mi\u00e9rcoles por la ma\u00f1ana en la colonia Miramar, en Loreto, y reconoci\u00f3 que es necesario fortalecer la coordinaci\u00f3n de acciones para neutralizar a la delincuencia organizada.<\/p>\n<p style=\"text-align: justify;\">El funcionario estatal aclar\u00f3 que por ahora no se tienen indicios de las causas de la masacre, sin embargo, expuso que algunos miembros de la familia asesinada, en la calle Diez, se encontraban relacionadas con otros hechos de alto impacto.<\/p>\n<p style=\"text-align: justify;\">Apunt\u00f3 que sin pretender criminalizar a las v\u00edctimas, se tienen datos de que una de las mujeres fallecidas ten\u00eda antecedentes de narcomenudeo, aunque reconoci\u00f3 que probablemente no todos se encontraban relacionados con ello, adem\u00e1s de que eso no justifica el brutal ataque.<\/p>\n<p style=\"text-align: justify;\">Sostuvo que no se pretende revictimizar a las personas que fueron asesinadas, sin embargo, abund\u00f3 que esos hechos son parte importante para poder realizar las labores de investigaci\u00f3n que ya se han iniciado para tratar de dar con los culpables, y poder determinar las causas.<\/p>\n<p style=\"text-align: justify;\">Adem\u00e1s, aclar\u00f3 que, independientemente de quienes eran las personas fallecidas, se trat\u00f3 de un ataque brutal y cobarde, por lo cual ya se implementa una estrategia de seguridad en todo el Estado, tanto para dar con los posibles culpables, como para prevenir hechos similares en Loreto o en otras partes de la entidad.<\/p>\n<p style=\"text-align: justify;\">Mencion\u00f3 que si bien por ahora no se tienen indicios de posibles autores del crimen, precis\u00f3 que la estrategia \u201ctiene que dar resultados\u201d, sin embargo, prefiri\u00f3 no divulgar los elementos, veh\u00edculos y tecnolog\u00eda que se implementar\u00e1 para buscar a los autores de los homicidios.<\/p>\n<p style=\"text-align: justify;\">Record\u00f3 que el lamentable acontecimiento tuvo lugar alrededor de las 07:00 de la ma\u00f1ana, uno en la calle Diez y otro en la calle Acueducto, ambas contiguas, en la colonia Miramar, y que el ataque fue casi simult\u00e1neo, utiliz\u00e1ndose para ellos armas cortas, aparentemente 9 mil\u00edmetros.<\/p>\n<p style=\"text-align: justify;\">En una de las viviendas, la de la calle Diez, perdieron la vida cuatro personas, tres adultos, incluyendo a una mujer y un menor de aproximadamente diez a\u00f1os, en tanto que otra persona result\u00f3 lesionada; mientras que en la calle Acueducto, murieron dos adultos, un hombre y una mujer. (Por: Arturo Nieves).<\/p>\n","protected":false},"excerpt":{"rendered":"<p>El titular de la Procuradur\u00eda General de Justicia del Estado (PGJE), Antonio L\u00f3pez Rodr\u00edguez, calific\u00f3 de brutales y cobardes las<\/p>\n","protected":false},"author":1,"featured_media":158262,"comment_status":"open","ping_status":"closed","sticky":false,"template":"","format":"standard","meta":{"colormag_page_container_layout":"default_layout","colormag_page_sidebar_layout":"default_layout","_jetpack_memberships_contains_paid_content":false,"footnotes":"","jetpack_publicize_message":"","jetpack_publicize_feature_enabled":true,"jetpack_social_post_already_shared":true,"jetpack_social_options":{"image_generator_settings":{"template":"highway","default_image_id":0,"font":"","enabled":false},"version":2}},"categories":[1],"tags":[],"class_list":["post-158261","post","type-post","status-publish","format-standard","has-post-thumbnail","hentry","category-noticias"],"yoast_head":"<!-- This site is optimized with the Yoast SEO plugin v27.5 - https:\/\/yoast.com\/product\/yoast-seo-wordpress\/ -->\n<title>Brutales y cobardes las ejecuciones en Loreto, dice Procurador de Justicia - NBCS Noticias<\/title>\n<meta name=\"robots\" content=\"index, follow, max-snippet:-1, max-image-preview:large, max-video-preview:-1\" \/>\n<link rel=\"canonical\" href=\"https:\/\/nbcs.mx\/?p=158261\" \/>\n<meta property=\"og:locale\" content=\"es_ES\" \/>\n<meta property=\"og:type\" content=\"article\" \/>\n<meta property=\"og:title\" content=\"Brutales y cobardes las ejecuciones en Loreto, dice Procurador de Justicia - NBCS Noticias\" \/>\n<meta property=\"og:description\" content=\"El titular de la Procuradur\u00eda General de Justicia del Estado (PGJE), Antonio L\u00f3pez Rodr\u00edguez, calific\u00f3 de brutales y cobardes las\" \/>\n<meta property=\"og:url\" content=\"https:\/\/nbcs.mx\/?p=158261\" \/>\n<meta property=\"og:site_name\" content=\"NBCS Noticias\" \/>\n<meta property=\"article:publisher\" content=\"https:\/\/www.facebook.com\/NBCSnoticias\" \/>\n<meta property=\"article:author\" content=\"https:\/\/www.facebook.com\/NBCSnoticias\" \/>\n<meta property=\"article:published_time\" content=\"2025-11-20T16:55:59+00:00\" \/>\n<meta property=\"og:image\" content=\"https:\/\/nbcs.mx\/wp-content\/uploads\/2025\/11\/Captura-de-pantalla-2025-11-20-a-las-9.55.12-a.m.png\" \/>\n\t<meta property=\"og:image:width\" content=\"1692\" \/>\n\t<meta property=\"og:image:height\" content=\"1152\" \/>\n\t<meta property=\"og:image:type\" content=\"image\/png\" \/>\n<meta name=\"author\" content=\"NBCS Noticias\" \/>\n<meta name=\"twitter:card\" content=\"summary_large_image\" \/>\n<meta name=\"twitter:creator\" content=\"@https:\/\/twitter.com\/NBCSnoticias\" \/>\n<meta name=\"twitter:site\" content=\"@NBCSnoticias\" \/>\n<meta name=\"twitter:label1\" content=\"Escrito por\" \/>\n\t<meta name=\"twitter:data1\" content=\"NBCS Noticias\" \/>\n\t<meta name=\"twitter:label2\" content=\"Tiempo de lectura\" \/>\n\t<meta name=\"twitter:data2\" content=\"2 minutos\" \/>\n<script type=\"application\/ld+json\" class=\"yoast-schema-graph\">{\"@context\":\"https:\\\/\\\/schema.org\",\"@graph\":[{\"@type\":\"Article\",\"@id\":\"https:\\\/\\\/nbcs.mx\\\/?p=158261#article\",\"isPartOf\":{\"@id\":\"https:\\\/\\\/nbcs.mx\\\/?p=158261\"},\"author\":{\"name\":\"NBCS Noticias\",\"@id\":\"https:\\\/\\\/nbcs.mx\\\/#\\\/schema\\\/person\\\/ece58bab9a7c1e87a4d28ec9ecd79ff4\"},\"headline\":\"Brutales y cobardes las ejecuciones en Loreto, dice Procurador de Justicia\",\"datePublished\":\"2025-11-20T16:55:59+00:00\",\"mainEntityOfPage\":{\"@id\":\"https:\\\/\\\/nbcs.mx\\\/?p=158261\"},\"wordCount\":399,\"commentCount\":0,\"publisher\":{\"@id\":\"https:\\\/\\\/nbcs.mx\\\/#organization\"},\"image\":{\"@id\":\"https:\\\/\\\/nbcs.mx\\\/?p=158261#primaryimage\"},\"thumbnailUrl\":\"https:\\\/\\\/nbcs.mx\\\/wp-content\\\/uploads\\\/2025\\\/11\\\/Captura-de-pantalla-2025-11-20-a-las-9.55.12-a.m.png\",\"articleSection\":[\"Noticias\"],\"inLanguage\":\"es\",\"potentialAction\":[{\"@type\":\"CommentAction\",\"name\":\"Comment\",\"target\":[\"https:\\\/\\\/nbcs.mx\\\/?p=158261#respond\"]}]},{\"@type\":\"WebPage\",\"@id\":\"https:\\\/\\\/nbcs.mx\\\/?p=158261\",\"url\":\"https:\\\/\\\/nbcs.mx\\\/?p=158261\",\"name\":\"Brutales y cobardes las ejecuciones en Loreto, dice Procurador de Justicia - NBCS Noticias\",\"isPartOf\":{\"@id\":\"https:\\\/\\\/nbcs.mx\\\/#website\"},\"primaryImageOfPage\":{\"@id\":\"https:\\\/\\\/nbcs.mx\\\/?p=158261#primaryimage\"},\"image\":{\"@id\":\"https:\\\/\\\/nbcs.mx\\\/?p=158261#primaryimage\"},\"thumbnailUrl\":\"https:\\\/\\\/nbcs.mx\\\/wp-content\\\/uploads\\\/2025\\\/11\\\/Captura-de-pantalla-2025-11-20-a-las-9.55.12-a.m.png\",\"datePublished\":\"2025-11-20T16:55:59+00:00\",\"breadcrumb\":{\"@id\":\"https:\\\/\\\/nbcs.mx\\\/?p=158261#breadcrumb\"},\"inLanguage\":\"es\",\"potentialAction\":[{\"@type\":\"ReadAction\",\"target\":[\"https:\\\/\\\/nbcs.mx\\\/?p=158261\"]}]},{\"@type\":\"ImageObject\",\"inLanguage\":\"es\",\"@id\":\"https:\\\/\\\/nbcs.mx\\\/?p=158261#primaryimage\",\"url\":\"https:\\\/\\\/nbcs.mx\\\/wp-content\\\/uploads\\\/2025\\\/11\\\/Captura-de-pantalla-2025-11-20-a-las-9.55.12-a.m.png\",\"contentUrl\":\"https:\\\/\\\/nbcs.mx\\\/wp-content\\\/uploads\\\/2025\\\/11\\\/Captura-de-pantalla-2025-11-20-a-las-9.55.12-a.m.png\",\"width\":1692,\"height\":1152},{\"@type\":\"BreadcrumbList\",\"@id\":\"https:\\\/\\\/nbcs.mx\\\/?p=158261#breadcrumb\",\"itemListElement\":[{\"@type\":\"ListItem\",\"position\":1,\"name\":\"Portada\",\"item\":\"https:\\\/\\\/nbcs.mx\\\/\"},{\"@type\":\"ListItem\",\"position\":2,\"name\":\"Brutales y cobardes las ejecuciones en Loreto, dice Procurador de Justicia\"}]},{\"@type\":\"WebSite\",\"@id\":\"https:\\\/\\\/nbcs.mx\\\/#website\",\"url\":\"https:\\\/\\\/nbcs.mx\\\/\",\"name\":\"NBCS Noticias\",\"description\":\"Sitio web de noticias en Baja California Sur\",\"publisher\":{\"@id\":\"https:\\\/\\\/nbcs.mx\\\/#organization\"},\"potentialAction\":[{\"@type\":\"SearchAction\",\"target\":{\"@type\":\"EntryPoint\",\"urlTemplate\":\"https:\\\/\\\/nbcs.mx\\\/?s={search_term_string}\"},\"query-input\":{\"@type\":\"PropertyValueSpecification\",\"valueRequired\":true,\"valueName\":\"search_term_string\"}}],\"inLanguage\":\"es\"},{\"@type\":\"Organization\",\"@id\":\"https:\\\/\\\/nbcs.mx\\\/#organization\",\"name\":\"NBCS Noticias\",\"url\":\"https:\\\/\\\/nbcs.mx\\\/\",\"logo\":{\"@type\":\"ImageObject\",\"inLanguage\":\"es\",\"@id\":\"https:\\\/\\\/nbcs.mx\\\/#\\\/schema\\\/logo\\\/image\\\/\",\"url\":\"https:\\\/\\\/nbcs.mx\\\/wp-content\\\/uploads\\\/2018\\\/09\\\/057b69485e93575a5c2b1c1dde2dd297.jpeg\",\"contentUrl\":\"https:\\\/\\\/nbcs.mx\\\/wp-content\\\/uploads\\\/2018\\\/09\\\/057b69485e93575a5c2b1c1dde2dd297.jpeg\",\"width\":64,\"height\":64,\"caption\":\"NBCS Noticias\"},\"image\":{\"@id\":\"https:\\\/\\\/nbcs.mx\\\/#\\\/schema\\\/logo\\\/image\\\/\"},\"sameAs\":[\"https:\\\/\\\/www.facebook.com\\\/NBCSnoticias\",\"https:\\\/\\\/x.com\\\/NBCSnoticias\"]},{\"@type\":\"Person\",\"@id\":\"https:\\\/\\\/nbcs.mx\\\/#\\\/schema\\\/person\\\/ece58bab9a7c1e87a4d28ec9ecd79ff4\",\"name\":\"NBCS Noticias\",\"image\":{\"@type\":\"ImageObject\",\"inLanguage\":\"es\",\"@id\":\"https:\\\/\\\/secure.gravatar.com\\\/avatar\\\/4e52110cad1c4054b43271a0d14bbe9e2ea76aecd0e1097edfc670798d9ca1d4?s=96&d=blank&r=g\",\"url\":\"https:\\\/\\\/secure.gravatar.com\\\/avatar\\\/4e52110cad1c4054b43271a0d14bbe9e2ea76aecd0e1097edfc670798d9ca1d4?s=96&d=blank&r=g\",\"contentUrl\":\"https:\\\/\\\/secure.gravatar.com\\\/avatar\\\/4e52110cad1c4054b43271a0d14bbe9e2ea76aecd0e1097edfc670798d9ca1d4?s=96&d=blank&r=g\",\"caption\":\"NBCS Noticias\"},\"description\":\"\u00bfTienes fotos o video de alg\u00fan acto de posible negligencia, corrupci\u00f3n y abuso de autoridad? M\u00e1ndalo al WhatsApp de NBCS Noticias: 612 141 98 08\",\"sameAs\":[\"https:\\\/\\\/www.nbcs.mx\",\"https:\\\/\\\/www.facebook.com\\\/NBCSnoticias\",\"https:\\\/\\\/www.instagram.com\\\/nbcsnoticias\\\/\",\"https:\\\/\\\/x.com\\\/https:\\\/\\\/twitter.com\\\/NBCSnoticias\"]}]}<\/script>\n<!-- \/ Yoast SEO plugin. -->","yoast_head_json":{"title":"Brutales y cobardes las ejecuciones en Loreto, dice Procurador de Justicia - NBCS Noticias","robots":{"index":"index","follow":"follow","max-snippet":"max-snippet:-1","max-image-preview":"max-image-preview:large","max-video-preview":"max-video-preview:-1"},"canonical":"https:\/\/nbcs.mx\/?p=158261","og_locale":"es_ES","og_type":"article","og_title":"Brutales y cobardes las ejecuciones en Loreto, dice Procurador de Justicia - NBCS Noticias","og_description":"El titular de la Procuradur\u00eda General de Justicia del Estado (PGJE), Antonio L\u00f3pez Rodr\u00edguez, calific\u00f3 de brutales y cobardes las","og_url":"https:\/\/nbcs.mx\/?p=158261","og_site_name":"NBCS Noticias","article_publisher":"https:\/\/www.facebook.com\/NBCSnoticias","article_author":"https:\/\/www.facebook.com\/NBCSnoticias","article_published_time":"2025-11-20T16:55:59+00:00","og_image":[{"width":1692,"height":1152,"url":"https:\/\/nbcs.mx\/wp-content\/uploads\/2025\/11\/Captura-de-pantalla-2025-11-20-a-las-9.55.12-a.m.png","type":"image\/png"}],"author":"NBCS Noticias","twitter_card":"summary_large_image","twitter_creator":"@https:\/\/twitter.com\/NBCSnoticias","twitter_site":"@NBCSnoticias","twitter_misc":{"Escrito por":"NBCS Noticias","Tiempo de lectura":"2 minutos"},"schema":{"@context":"https:\/\/schema.org","@graph":[{"@type":"Article","@id":"https:\/\/nbcs.mx\/?p=158261#article","isPartOf":{"@id":"https:\/\/nbcs.mx\/?p=158261"},"author":{"name":"NBCS Noticias","@id":"https:\/\/nbcs.mx\/#\/schema\/person\/ece58bab9a7c1e87a4d28ec9ecd79ff4"},"headline":"Brutales y cobardes las ejecuciones en Loreto, dice Procurador de Justicia","datePublished":"2025-11-20T16:55:59+00:00","mainEntityOfPage":{"@id":"https:\/\/nbcs.mx\/?p=158261"},"wordCount":399,"commentCount":0,"publisher":{"@id":"https:\/\/nbcs.mx\/#organization"},"image":{"@id":"https:\/\/nbcs.mx\/?p=158261#primaryimage"},"thumbnailUrl":"https:\/\/nbcs.mx\/wp-content\/uploads\/2025\/11\/Captura-de-pantalla-2025-11-20-a-las-9.55.12-a.m.png","articleSection":["Noticias"],"inLanguage":"es","potentialAction":[{"@type":"CommentAction","name":"Comment","target":["https:\/\/nbcs.mx\/?p=158261#respond"]}]},{"@type":"WebPage","@id":"https:\/\/nbcs.mx\/?p=158261","url":"https:\/\/nbcs.mx\/?p=158261","name":"Brutales y cobardes las ejecuciones en Loreto, dice Procurador de Justicia - NBCS Noticias","isPartOf":{"@id":"https:\/\/nbcs.mx\/#website"},"primaryImageOfPage":{"@id":"https:\/\/nbcs.mx\/?p=158261#primaryimage"},"image":{"@id":"https:\/\/nbcs.mx\/?p=158261#primaryimage"},"thumbnailUrl":"https:\/\/nbcs.mx\/wp-content\/uploads\/2025\/11\/Captura-de-pantalla-2025-11-20-a-las-9.55.12-a.m.png","datePublished":"2025-11-20T16:55:59+00:00","breadcrumb":{"@id":"https:\/\/nbcs.mx\/?p=158261#breadcrumb"},"inLanguage":"es","potentialAction":[{"@type":"ReadAction","target":["https:\/\/nbcs.mx\/?p=158261"]}]},{"@type":"ImageObject","inLanguage":"es","@id":"https:\/\/nbcs.mx\/?p=158261#primaryimage","url":"https:\/\/nbcs.mx\/wp-content\/uploads\/2025\/11\/Captura-de-pantalla-2025-11-20-a-las-9.55.12-a.m.png","contentUrl":"https:\/\/nbcs.mx\/wp-content\/uploads\/2025\/11\/Captura-de-pantalla-2025-11-20-a-las-9.55.12-a.m.png","width":1692,"height":1152},{"@type":"BreadcrumbList","@id":"https:\/\/nbcs.mx\/?p=158261#breadcrumb","itemListElement":[{"@type":"ListItem","position":1,"name":"Portada","item":"https:\/\/nbcs.mx\/"},{"@type":"ListItem","position":2,"name":"Brutales y cobardes las ejecuciones en Loreto, dice Procurador de Justicia"}]},{"@type":"WebSite","@id":"https:\/\/nbcs.mx\/#website","url":"https:\/\/nbcs.mx\/","name":"NBCS Noticias","description":"Sitio web de noticias en Baja California Sur","publisher":{"@id":"https:\/\/nbcs.mx\/#organization"},"potentialAction":[{"@type":"SearchAction","target":{"@type":"EntryPoint","urlTemplate":"https:\/\/nbcs.mx\/?s={search_term_string}"},"query-input":{"@type":"PropertyValueSpecification","valueRequired":true,"valueName":"search_term_string"}}],"inLanguage":"es"},{"@type":"Organization","@id":"https:\/\/nbcs.mx\/#organization","name":"NBCS Noticias","url":"https:\/\/nbcs.mx\/","logo":{"@type":"ImageObject","inLanguage":"es","@id":"https:\/\/nbcs.mx\/#\/schema\/logo\/image\/","url":"https:\/\/nbcs.mx\/wp-content\/uploads\/2018\/09\/057b69485e93575a5c2b1c1dde2dd297.jpeg","contentUrl":"https:\/\/nbcs.mx\/wp-content\/uploads\/2018\/09\/057b69485e93575a5c2b1c1dde2dd297.jpeg","width":64,"height":64,"caption":"NBCS Noticias"},"image":{"@id":"https:\/\/nbcs.mx\/#\/schema\/logo\/image\/"},"sameAs":["https:\/\/www.facebook.com\/NBCSnoticias","https:\/\/x.com\/NBCSnoticias"]},{"@type":"Person","@id":"https:\/\/nbcs.mx\/#\/schema\/person\/ece58bab9a7c1e87a4d28ec9ecd79ff4","name":"NBCS Noticias","image":{"@type":"ImageObject","inLanguage":"es","@id":"https:\/\/secure.gravatar.com\/avatar\/4e52110cad1c4054b43271a0d14bbe9e2ea76aecd0e1097edfc670798d9ca1d4?s=96&d=blank&r=g","url":"https:\/\/secure.gravatar.com\/avatar\/4e52110cad1c4054b43271a0d14bbe9e2ea76aecd0e1097edfc670798d9ca1d4?s=96&d=blank&r=g","contentUrl":"https:\/\/secure.gravatar.com\/avatar\/4e52110cad1c4054b43271a0d14bbe9e2ea76aecd0e1097edfc670798d9ca1d4?s=96&d=blank&r=g","caption":"NBCS Noticias"},"description":"\u00bfTienes fotos o video de alg\u00fan acto de posible negligencia, corrupci\u00f3n y abuso de autoridad? M\u00e1ndalo al WhatsApp de NBCS Noticias: 612 141 98 08","sameAs":["https:\/\/www.nbcs.mx","https:\/\/www.facebook.com\/NBCSnoticias","https:\/\/www.instagram.com\/nbcsnoticias\/","https:\/\/x.com\/https:\/\/twitter.com\/NBCSnoticias"]}]}},"jetpack_publicize_connections":[],"jetpack_featured_media_url":"https:\/\/nbcs.mx\/wp-content\/uploads\/2025\/11\/Captura-de-pantalla-2025-11-20-a-las-9.55.12-a.m.png","jetpack_sharing_enabled":true,"_links":{"self":[{"href":"https:\/\/nbcs.mx\/index.php?rest_route=\/wp\/v2\/posts\/158261","targetHints":{"allow":["GET"]}}],"collection":[{"href":"https:\/\/nbcs.mx\/index.php?rest_route=\/wp\/v2\/posts"}],"about":[{"href":"https:\/\/nbcs.mx\/index.php?rest_route=\/wp\/v2\/types\/post"}],"author":[{"embeddable":true,"href":"https:\/\/nbcs.mx\/index.php?rest_route=\/wp\/v2\/users\/1"}],"replies":[{"embeddable":true,"href":"https:\/\/nbcs.mx\/index.php?rest_route=%2Fwp%2Fv2%2Fcomments&post=158261"}],"version-history":[{"count":1,"href":"https:\/\/nbcs.mx\/index.php?rest_route=\/wp\/v2\/posts\/158261\/revisions"}],"predecessor-version":[{"id":158263,"href":"https:\/\/nbcs.mx\/index.php?rest_route=\/wp\/v2\/posts\/158261\/revisions\/158263"}],"wp:featuredmedia":[{"embeddable":true,"href":"https:\/\/nbcs.mx\/index.php?rest_route=\/wp\/v2\/media\/158262"}],"wp:attachment":[{"href":"https:\/\/nbcs.mx\/index.php?rest_route=%2Fwp%2Fv2%2Fmedia&parent=158261"}],"wp:term":[{"taxonomy":"category","embeddable":true,"href":"https:\/\/nbcs.mx\/index.php?rest_route=%2Fwp%2Fv2%2Fcategories&post=158261"},{"taxonomy":"post_tag","embeddable":true,"href":"https:\/\/nbcs.mx\/index.php?rest_route=%2Fwp%2Fv2%2Ftags&post=158261"}],"curies":[{"name":"wp","href":"https:\/\/api.w.org\/{rel}","templated":true}]}}