{"id":158265,"date":"2025-11-20T13:58:55","date_gmt":"2025-11-20T20:58:55","guid":{"rendered":"https:\/\/nbcs.mx\/?p=158265"},"modified":"2025-11-20T13:58:55","modified_gmt":"2025-11-20T20:58:55","slug":"uabcs-reune-a-mas-de-mil-jovenes-en-su-feria-educativa-2025","status":"publish","type":"post","link":"https:\/\/nbcs.mx\/?p=158265","title":{"rendered":"UABCS re\u00fane a m\u00e1s de mil j\u00f3venes en su Feria Educativa 2025"},"content":{"rendered":"<p style=\"font-weight: 400; text-align: justify;\"><img loading=\"lazy\" decoding=\"async\" class=\" wp-image-158266 alignleft\" src=\"https:\/\/nbcs.mx\/wp-content\/uploads\/2025\/11\/20-11-25-Feria-Educativa-2025-2-750x492.jpeg\" alt=\"\" width=\"386\" height=\"253\" srcset=\"https:\/\/nbcs.mx\/wp-content\/uploads\/2025\/11\/20-11-25-Feria-Educativa-2025-2-750x492.jpeg 750w, https:\/\/nbcs.mx\/wp-content\/uploads\/2025\/11\/20-11-25-Feria-Educativa-2025-2-150x98.jpeg 150w, https:\/\/nbcs.mx\/wp-content\/uploads\/2025\/11\/20-11-25-Feria-Educativa-2025-2-768x504.jpeg 768w, https:\/\/nbcs.mx\/wp-content\/uploads\/2025\/11\/20-11-25-Feria-Educativa-2025-2.jpeg 1024w\" sizes=\"auto, (max-width: 386px) 100vw, 386px\" \/>La Universidad Aut\u00f3noma de Baja California Sur llev\u00f3 a cabo su Feria Educativa 2025, un espacio destinado a que las y los estudiantes de nivel medio superior pr\u00f3ximos a egresar conozcan la oferta acad\u00e9mica, los servicios universitarios y la vida estudiantil que ofrece la m\u00e1xima casa de estudios en Sudcalifornia.<\/p>\n<p style=\"font-weight: 400; text-align: justify;\">En esta edici\u00f3n se contabilizaron 1 mil 200 asistentes, entre estudiantes del nivel medio superior, padres de familia, docentes y personas interesadas de todos los subsistemas p\u00fablicos y escuelas particulares, as\u00ed como la presencia de j\u00f3venes de localidades como Los Barriles, El Sargento, San Juan de los Planes, El cardonal, Todos Santos, Santa Rita, San Juan de la Costa, Melit\u00f3n Alb\u00e1nez y Pescadero, quienes recorrieron m\u00f3dulos informativos, participaron en talleres y actividades preparadas por la comunidad universitaria.<\/p>\n<p style=\"font-weight: 400; text-align: justify;\">El comit\u00e9 de bienvenida estuvo encabezado por el Secretario General de la UABCS, Dr. Manuel Coronado Garc\u00eda, quien, a nombre del rector, agradeci\u00f3 la disposici\u00f3n de las escuelas de nivel medio superior por permitir la asistencia de sus estudiantes a este encuentro formativo.<\/p>\n<p style=\"font-weight: 400; text-align: justify;\">Acompa\u00f1ado por personal directivo y acad\u00e9mico, el Dr. Coronado Garc\u00eda subray\u00f3 la importancia de que las y los j\u00f3venes cuenten con informaci\u00f3n clara y amplia al momento de decidir su futuro profesional. Asimismo, se\u00f1al\u00f3 que la feria es una oportunidad \u00fanica para conocer las distintas alternativas que brinda la universidad.<\/p>\n<p style=\"font-weight: 400; text-align: justify;\">\u201cEn ocasiones, vienen compa\u00f1eras y compa\u00f1eros de una misma escuela y descubren aqu\u00ed que existe un programa acad\u00e9mico que no conoc\u00edan. Por eso este espacio tiene un valor doble: no s\u00f3lo presenta la oferta educativa, sino que acerca al estudiantado a la vida universitaria, a lo que se realiza diariamente. Es una ventana para que conozcan lo que podr\u00eda convertirse muy pronto en su Alma Mater, incluso en su segundo hogar\u201d, expres\u00f3.<\/p>\n<p style=\"font-weight: 400; text-align: justify;\">El funcionario resalt\u00f3 que definir un proyecto de vida implica explorar opciones, informarse y permitirse descubrir en qu\u00e9 \u00e1reas desean desarrollarse profesionalmente. En ese sentido, invit\u00f3 a las y los asistentes a aprovechar al m\u00e1ximo su estancia en la feria, a preguntar, dialogar con acad\u00e9micos y estudiantes, y a imaginarse formando parte de la UABCS.<\/p>\n<p style=\"font-weight: 400; text-align: justify;\">Este a\u00f1o, la Feria Educativa se desarroll\u00f3 de 9:00 a 18:00 horas, con la participaci\u00f3n de los nueve departamentos acad\u00e9micos de la universidad, as\u00ed como de las diferentes \u00e1reas de servicios.<\/p>\n<p style=\"font-weight: 400; text-align: justify;\">En cada uno de los m\u00f3dulos, las y los asistentes recibieron orientaci\u00f3n sobre los programas de licenciatura presenciales y en l\u00ednea, actividades culturales y deportivas, servicios bibliotecarios, becas y apoyos, opciones de movilidad y formaci\u00f3n integral, cursos de idiomas, as\u00ed como orientaci\u00f3n sobre los procesos de admisi\u00f3n y vida estudiantil<\/p>\n<p style=\"font-weight: 400; text-align: justify;\">Referente a su convocatoria de nuevo ingreso 2026-I, la UABCS adelanta que ser\u00e1 publicada hacia mediados de marzo del pr\u00f3ximo a\u00f1o, con ingreso en el mes de agosto. Actualmente, la instituci\u00f3n tiene presencia en los cinco municipios del estado y cuenta con 51 programas de licenciatura y 10 posgrados, con posibilidad de incrementarse pr\u00f3ximamente, consolidando a la instituci\u00f3n como una de las opciones acad\u00e9micas m\u00e1s robustas de la regi\u00f3n.<\/p>\n","protected":false},"excerpt":{"rendered":"<p>La Universidad Aut\u00f3noma de Baja California Sur llev\u00f3 a cabo su Feria Educativa 2025, un espacio destinado a que las<\/p>\n","protected":false},"author":1,"featured_media":158266,"comment_status":"open","ping_status":"closed","sticky":false,"template":"","format":"standard","meta":{"colormag_page_container_layout":"default_layout","colormag_page_sidebar_layout":"default_layout","_jetpack_memberships_contains_paid_content":false,"footnotes":"","jetpack_publicize_message":"","jetpack_publicize_feature_enabled":true,"jetpack_social_post_already_shared":true,"jetpack_social_options":{"image_generator_settings":{"template":"highway","default_image_id":0,"font":"","enabled":false},"version":2}},"categories":[1],"tags":[],"class_list":["post-158265","post","type-post","status-publish","format-standard","has-post-thumbnail","hentry","category-noticias"],"yoast_head":"<!-- This site is optimized with the Yoast SEO plugin v27.5 - https:\/\/yoast.com\/product\/yoast-seo-wordpress\/ -->\n<title>UABCS re\u00fane a m\u00e1s de mil j\u00f3venes en su Feria Educativa 2025 - NBCS Noticias<\/title>\n<meta name=\"robots\" content=\"index, follow, max-snippet:-1, max-image-preview:large, max-video-preview:-1\" \/>\n<link rel=\"canonical\" href=\"https:\/\/nbcs.mx\/?p=158265\" \/>\n<meta property=\"og:locale\" content=\"es_ES\" \/>\n<meta property=\"og:type\" content=\"article\" \/>\n<meta property=\"og:title\" content=\"UABCS re\u00fane a m\u00e1s de mil j\u00f3venes en su Feria Educativa 2025 - NBCS Noticias\" \/>\n<meta property=\"og:description\" content=\"La Universidad Aut\u00f3noma de Baja California Sur llev\u00f3 a cabo su Feria Educativa 2025, un espacio destinado a que las\" \/>\n<meta property=\"og:url\" content=\"https:\/\/nbcs.mx\/?p=158265\" \/>\n<meta property=\"og:site_name\" content=\"NBCS Noticias\" \/>\n<meta property=\"article:publisher\" content=\"https:\/\/www.facebook.com\/NBCSnoticias\" \/>\n<meta property=\"article:author\" content=\"https:\/\/www.facebook.com\/NBCSnoticias\" \/>\n<meta property=\"article:published_time\" content=\"2025-11-20T20:58:55+00:00\" \/>\n<meta property=\"og:image\" content=\"https:\/\/nbcs.mx\/wp-content\/uploads\/2025\/11\/20-11-25-Feria-Educativa-2025-2.jpeg\" \/>\n\t<meta property=\"og:image:width\" content=\"1024\" \/>\n\t<meta property=\"og:image:height\" content=\"672\" \/>\n\t<meta property=\"og:image:type\" content=\"image\/jpeg\" \/>\n<meta name=\"author\" content=\"NBCS Noticias\" \/>\n<meta name=\"twitter:card\" content=\"summary_large_image\" \/>\n<meta name=\"twitter:creator\" content=\"@https:\/\/twitter.com\/NBCSnoticias\" \/>\n<meta name=\"twitter:site\" content=\"@NBCSnoticias\" \/>\n<meta name=\"twitter:label1\" content=\"Escrito por\" \/>\n\t<meta name=\"twitter:data1\" content=\"NBCS Noticias\" \/>\n\t<meta name=\"twitter:label2\" content=\"Tiempo de lectura\" \/>\n\t<meta name=\"twitter:data2\" content=\"3 minutos\" \/>\n<script type=\"application\/ld+json\" class=\"yoast-schema-graph\">{\"@context\":\"https:\\\/\\\/schema.org\",\"@graph\":[{\"@type\":\"Article\",\"@id\":\"https:\\\/\\\/nbcs.mx\\\/?p=158265#article\",\"isPartOf\":{\"@id\":\"https:\\\/\\\/nbcs.mx\\\/?p=158265\"},\"author\":{\"name\":\"NBCS Noticias\",\"@id\":\"https:\\\/\\\/nbcs.mx\\\/#\\\/schema\\\/person\\\/ece58bab9a7c1e87a4d28ec9ecd79ff4\"},\"headline\":\"UABCS re\u00fane a m\u00e1s de mil j\u00f3venes en su Feria Educativa 2025\",\"datePublished\":\"2025-11-20T20:58:55+00:00\",\"mainEntityOfPage\":{\"@id\":\"https:\\\/\\\/nbcs.mx\\\/?p=158265\"},\"wordCount\":547,\"commentCount\":0,\"publisher\":{\"@id\":\"https:\\\/\\\/nbcs.mx\\\/#organization\"},\"image\":{\"@id\":\"https:\\\/\\\/nbcs.mx\\\/?p=158265#primaryimage\"},\"thumbnailUrl\":\"https:\\\/\\\/nbcs.mx\\\/wp-content\\\/uploads\\\/2025\\\/11\\\/20-11-25-Feria-Educativa-2025-2.jpeg\",\"articleSection\":[\"Noticias\"],\"inLanguage\":\"es\",\"potentialAction\":[{\"@type\":\"CommentAction\",\"name\":\"Comment\",\"target\":[\"https:\\\/\\\/nbcs.mx\\\/?p=158265#respond\"]}]},{\"@type\":\"WebPage\",\"@id\":\"https:\\\/\\\/nbcs.mx\\\/?p=158265\",\"url\":\"https:\\\/\\\/nbcs.mx\\\/?p=158265\",\"name\":\"UABCS re\u00fane a m\u00e1s de mil j\u00f3venes en su Feria Educativa 2025 - NBCS Noticias\",\"isPartOf\":{\"@id\":\"https:\\\/\\\/nbcs.mx\\\/#website\"},\"primaryImageOfPage\":{\"@id\":\"https:\\\/\\\/nbcs.mx\\\/?p=158265#primaryimage\"},\"image\":{\"@id\":\"https:\\\/\\\/nbcs.mx\\\/?p=158265#primaryimage\"},\"thumbnailUrl\":\"https:\\\/\\\/nbcs.mx\\\/wp-content\\\/uploads\\\/2025\\\/11\\\/20-11-25-Feria-Educativa-2025-2.jpeg\",\"datePublished\":\"2025-11-20T20:58:55+00:00\",\"breadcrumb\":{\"@id\":\"https:\\\/\\\/nbcs.mx\\\/?p=158265#breadcrumb\"},\"inLanguage\":\"es\",\"potentialAction\":[{\"@type\":\"ReadAction\",\"target\":[\"https:\\\/\\\/nbcs.mx\\\/?p=158265\"]}]},{\"@type\":\"ImageObject\",\"inLanguage\":\"es\",\"@id\":\"https:\\\/\\\/nbcs.mx\\\/?p=158265#primaryimage\",\"url\":\"https:\\\/\\\/nbcs.mx\\\/wp-content\\\/uploads\\\/2025\\\/11\\\/20-11-25-Feria-Educativa-2025-2.jpeg\",\"contentUrl\":\"https:\\\/\\\/nbcs.mx\\\/wp-content\\\/uploads\\\/2025\\\/11\\\/20-11-25-Feria-Educativa-2025-2.jpeg\",\"width\":1024,\"height\":672},{\"@type\":\"BreadcrumbList\",\"@id\":\"https:\\\/\\\/nbcs.mx\\\/?p=158265#breadcrumb\",\"itemListElement\":[{\"@type\":\"ListItem\",\"position\":1,\"name\":\"Portada\",\"item\":\"https:\\\/\\\/nbcs.mx\\\/\"},{\"@type\":\"ListItem\",\"position\":2,\"name\":\"UABCS re\u00fane a m\u00e1s de mil j\u00f3venes en su Feria Educativa 2025\"}]},{\"@type\":\"WebSite\",\"@id\":\"https:\\\/\\\/nbcs.mx\\\/#website\",\"url\":\"https:\\\/\\\/nbcs.mx\\\/\",\"name\":\"NBCS Noticias\",\"description\":\"Sitio web de noticias en Baja California Sur\",\"publisher\":{\"@id\":\"https:\\\/\\\/nbcs.mx\\\/#organization\"},\"potentialAction\":[{\"@type\":\"SearchAction\",\"target\":{\"@type\":\"EntryPoint\",\"urlTemplate\":\"https:\\\/\\\/nbcs.mx\\\/?s={search_term_string}\"},\"query-input\":{\"@type\":\"PropertyValueSpecification\",\"valueRequired\":true,\"valueName\":\"search_term_string\"}}],\"inLanguage\":\"es\"},{\"@type\":\"Organization\",\"@id\":\"https:\\\/\\\/nbcs.mx\\\/#organization\",\"name\":\"NBCS Noticias\",\"url\":\"https:\\\/\\\/nbcs.mx\\\/\",\"logo\":{\"@type\":\"ImageObject\",\"inLanguage\":\"es\",\"@id\":\"https:\\\/\\\/nbcs.mx\\\/#\\\/schema\\\/logo\\\/image\\\/\",\"url\":\"https:\\\/\\\/nbcs.mx\\\/wp-content\\\/uploads\\\/2018\\\/09\\\/057b69485e93575a5c2b1c1dde2dd297.jpeg\",\"contentUrl\":\"https:\\\/\\\/nbcs.mx\\\/wp-content\\\/uploads\\\/2018\\\/09\\\/057b69485e93575a5c2b1c1dde2dd297.jpeg\",\"width\":64,\"height\":64,\"caption\":\"NBCS Noticias\"},\"image\":{\"@id\":\"https:\\\/\\\/nbcs.mx\\\/#\\\/schema\\\/logo\\\/image\\\/\"},\"sameAs\":[\"https:\\\/\\\/www.facebook.com\\\/NBCSnoticias\",\"https:\\\/\\\/x.com\\\/NBCSnoticias\"]},{\"@type\":\"Person\",\"@id\":\"https:\\\/\\\/nbcs.mx\\\/#\\\/schema\\\/person\\\/ece58bab9a7c1e87a4d28ec9ecd79ff4\",\"name\":\"NBCS Noticias\",\"image\":{\"@type\":\"ImageObject\",\"inLanguage\":\"es\",\"@id\":\"https:\\\/\\\/secure.gravatar.com\\\/avatar\\\/4e52110cad1c4054b43271a0d14bbe9e2ea76aecd0e1097edfc670798d9ca1d4?s=96&d=blank&r=g\",\"url\":\"https:\\\/\\\/secure.gravatar.com\\\/avatar\\\/4e52110cad1c4054b43271a0d14bbe9e2ea76aecd0e1097edfc670798d9ca1d4?s=96&d=blank&r=g\",\"contentUrl\":\"https:\\\/\\\/secure.gravatar.com\\\/avatar\\\/4e52110cad1c4054b43271a0d14bbe9e2ea76aecd0e1097edfc670798d9ca1d4?s=96&d=blank&r=g\",\"caption\":\"NBCS Noticias\"},\"description\":\"\u00bfTienes fotos o video de alg\u00fan acto de posible negligencia, corrupci\u00f3n y abuso de autoridad? M\u00e1ndalo al WhatsApp de NBCS Noticias: 612 141 98 08\",\"sameAs\":[\"https:\\\/\\\/www.nbcs.mx\",\"https:\\\/\\\/www.facebook.com\\\/NBCSnoticias\",\"https:\\\/\\\/www.instagram.com\\\/nbcsnoticias\\\/\",\"https:\\\/\\\/x.com\\\/https:\\\/\\\/twitter.com\\\/NBCSnoticias\"]}]}<\/script>\n<!-- \/ Yoast SEO plugin. -->","yoast_head_json":{"title":"UABCS re\u00fane a m\u00e1s de mil j\u00f3venes en su Feria Educativa 2025 - NBCS Noticias","robots":{"index":"index","follow":"follow","max-snippet":"max-snippet:-1","max-image-preview":"max-image-preview:large","max-video-preview":"max-video-preview:-1"},"canonical":"https:\/\/nbcs.mx\/?p=158265","og_locale":"es_ES","og_type":"article","og_title":"UABCS re\u00fane a m\u00e1s de mil j\u00f3venes en su Feria Educativa 2025 - NBCS Noticias","og_description":"La Universidad Aut\u00f3noma de Baja California Sur llev\u00f3 a cabo su Feria Educativa 2025, un espacio destinado a que las","og_url":"https:\/\/nbcs.mx\/?p=158265","og_site_name":"NBCS Noticias","article_publisher":"https:\/\/www.facebook.com\/NBCSnoticias","article_author":"https:\/\/www.facebook.com\/NBCSnoticias","article_published_time":"2025-11-20T20:58:55+00:00","og_image":[{"width":1024,"height":672,"url":"https:\/\/nbcs.mx\/wp-content\/uploads\/2025\/11\/20-11-25-Feria-Educativa-2025-2.jpeg","type":"image\/jpeg"}],"author":"NBCS Noticias","twitter_card":"summary_large_image","twitter_creator":"@https:\/\/twitter.com\/NBCSnoticias","twitter_site":"@NBCSnoticias","twitter_misc":{"Escrito por":"NBCS Noticias","Tiempo de lectura":"3 minutos"},"schema":{"@context":"https:\/\/schema.org","@graph":[{"@type":"Article","@id":"https:\/\/nbcs.mx\/?p=158265#article","isPartOf":{"@id":"https:\/\/nbcs.mx\/?p=158265"},"author":{"name":"NBCS Noticias","@id":"https:\/\/nbcs.mx\/#\/schema\/person\/ece58bab9a7c1e87a4d28ec9ecd79ff4"},"headline":"UABCS re\u00fane a m\u00e1s de mil j\u00f3venes en su Feria Educativa 2025","datePublished":"2025-11-20T20:58:55+00:00","mainEntityOfPage":{"@id":"https:\/\/nbcs.mx\/?p=158265"},"wordCount":547,"commentCount":0,"publisher":{"@id":"https:\/\/nbcs.mx\/#organization"},"image":{"@id":"https:\/\/nbcs.mx\/?p=158265#primaryimage"},"thumbnailUrl":"https:\/\/nbcs.mx\/wp-content\/uploads\/2025\/11\/20-11-25-Feria-Educativa-2025-2.jpeg","articleSection":["Noticias"],"inLanguage":"es","potentialAction":[{"@type":"CommentAction","name":"Comment","target":["https:\/\/nbcs.mx\/?p=158265#respond"]}]},{"@type":"WebPage","@id":"https:\/\/nbcs.mx\/?p=158265","url":"https:\/\/nbcs.mx\/?p=158265","name":"UABCS re\u00fane a m\u00e1s de mil j\u00f3venes en su Feria Educativa 2025 - NBCS Noticias","isPartOf":{"@id":"https:\/\/nbcs.mx\/#website"},"primaryImageOfPage":{"@id":"https:\/\/nbcs.mx\/?p=158265#primaryimage"},"image":{"@id":"https:\/\/nbcs.mx\/?p=158265#primaryimage"},"thumbnailUrl":"https:\/\/nbcs.mx\/wp-content\/uploads\/2025\/11\/20-11-25-Feria-Educativa-2025-2.jpeg","datePublished":"2025-11-20T20:58:55+00:00","breadcrumb":{"@id":"https:\/\/nbcs.mx\/?p=158265#breadcrumb"},"inLanguage":"es","potentialAction":[{"@type":"ReadAction","target":["https:\/\/nbcs.mx\/?p=158265"]}]},{"@type":"ImageObject","inLanguage":"es","@id":"https:\/\/nbcs.mx\/?p=158265#primaryimage","url":"https:\/\/nbcs.mx\/wp-content\/uploads\/2025\/11\/20-11-25-Feria-Educativa-2025-2.jpeg","contentUrl":"https:\/\/nbcs.mx\/wp-content\/uploads\/2025\/11\/20-11-25-Feria-Educativa-2025-2.jpeg","width":1024,"height":672},{"@type":"BreadcrumbList","@id":"https:\/\/nbcs.mx\/?p=158265#breadcrumb","itemListElement":[{"@type":"ListItem","position":1,"name":"Portada","item":"https:\/\/nbcs.mx\/"},{"@type":"ListItem","position":2,"name":"UABCS re\u00fane a m\u00e1s de mil j\u00f3venes en su Feria Educativa 2025"}]},{"@type":"WebSite","@id":"https:\/\/nbcs.mx\/#website","url":"https:\/\/nbcs.mx\/","name":"NBCS Noticias","description":"Sitio web de noticias en Baja California Sur","publisher":{"@id":"https:\/\/nbcs.mx\/#organization"},"potentialAction":[{"@type":"SearchAction","target":{"@type":"EntryPoint","urlTemplate":"https:\/\/nbcs.mx\/?s={search_term_string}"},"query-input":{"@type":"PropertyValueSpecification","valueRequired":true,"valueName":"search_term_string"}}],"inLanguage":"es"},{"@type":"Organization","@id":"https:\/\/nbcs.mx\/#organization","name":"NBCS Noticias","url":"https:\/\/nbcs.mx\/","logo":{"@type":"ImageObject","inLanguage":"es","@id":"https:\/\/nbcs.mx\/#\/schema\/logo\/image\/","url":"https:\/\/nbcs.mx\/wp-content\/uploads\/2018\/09\/057b69485e93575a5c2b1c1dde2dd297.jpeg","contentUrl":"https:\/\/nbcs.mx\/wp-content\/uploads\/2018\/09\/057b69485e93575a5c2b1c1dde2dd297.jpeg","width":64,"height":64,"caption":"NBCS Noticias"},"image":{"@id":"https:\/\/nbcs.mx\/#\/schema\/logo\/image\/"},"sameAs":["https:\/\/www.facebook.com\/NBCSnoticias","https:\/\/x.com\/NBCSnoticias"]},{"@type":"Person","@id":"https:\/\/nbcs.mx\/#\/schema\/person\/ece58bab9a7c1e87a4d28ec9ecd79ff4","name":"NBCS Noticias","image":{"@type":"ImageObject","inLanguage":"es","@id":"https:\/\/secure.gravatar.com\/avatar\/4e52110cad1c4054b43271a0d14bbe9e2ea76aecd0e1097edfc670798d9ca1d4?s=96&d=blank&r=g","url":"https:\/\/secure.gravatar.com\/avatar\/4e52110cad1c4054b43271a0d14bbe9e2ea76aecd0e1097edfc670798d9ca1d4?s=96&d=blank&r=g","contentUrl":"https:\/\/secure.gravatar.com\/avatar\/4e52110cad1c4054b43271a0d14bbe9e2ea76aecd0e1097edfc670798d9ca1d4?s=96&d=blank&r=g","caption":"NBCS Noticias"},"description":"\u00bfTienes fotos o video de alg\u00fan acto de posible negligencia, corrupci\u00f3n y abuso de autoridad? M\u00e1ndalo al WhatsApp de NBCS Noticias: 612 141 98 08","sameAs":["https:\/\/www.nbcs.mx","https:\/\/www.facebook.com\/NBCSnoticias","https:\/\/www.instagram.com\/nbcsnoticias\/","https:\/\/x.com\/https:\/\/twitter.com\/NBCSnoticias"]}]}},"jetpack_publicize_connections":[],"jetpack_featured_media_url":"https:\/\/nbcs.mx\/wp-content\/uploads\/2025\/11\/20-11-25-Feria-Educativa-2025-2.jpeg","jetpack_sharing_enabled":true,"_links":{"self":[{"href":"https:\/\/nbcs.mx\/index.php?rest_route=\/wp\/v2\/posts\/158265","targetHints":{"allow":["GET"]}}],"collection":[{"href":"https:\/\/nbcs.mx\/index.php?rest_route=\/wp\/v2\/posts"}],"about":[{"href":"https:\/\/nbcs.mx\/index.php?rest_route=\/wp\/v2\/types\/post"}],"author":[{"embeddable":true,"href":"https:\/\/nbcs.mx\/index.php?rest_route=\/wp\/v2\/users\/1"}],"replies":[{"embeddable":true,"href":"https:\/\/nbcs.mx\/index.php?rest_route=%2Fwp%2Fv2%2Fcomments&post=158265"}],"version-history":[{"count":1,"href":"https:\/\/nbcs.mx\/index.php?rest_route=\/wp\/v2\/posts\/158265\/revisions"}],"predecessor-version":[{"id":158267,"href":"https:\/\/nbcs.mx\/index.php?rest_route=\/wp\/v2\/posts\/158265\/revisions\/158267"}],"wp:featuredmedia":[{"embeddable":true,"href":"https:\/\/nbcs.mx\/index.php?rest_route=\/wp\/v2\/media\/158266"}],"wp:attachment":[{"href":"https:\/\/nbcs.mx\/index.php?rest_route=%2Fwp%2Fv2%2Fmedia&parent=158265"}],"wp:term":[{"taxonomy":"category","embeddable":true,"href":"https:\/\/nbcs.mx\/index.php?rest_route=%2Fwp%2Fv2%2Fcategories&post=158265"},{"taxonomy":"post_tag","embeddable":true,"href":"https:\/\/nbcs.mx\/index.php?rest_route=%2Fwp%2Fv2%2Ftags&post=158265"}],"curies":[{"name":"wp","href":"https:\/\/api.w.org\/{rel}","templated":true}]}}