{"id":158272,"date":"2025-11-20T17:21:27","date_gmt":"2025-11-21T00:21:27","guid":{"rendered":"https:\/\/nbcs.mx\/?p=158272"},"modified":"2025-11-20T17:21:27","modified_gmt":"2025-11-21T00:21:27","slug":"diputado-erick-agundez-propone-fortalecer-la-accesibilidad-cognitiva-en-la-movilidad-de-bcs","status":"publish","type":"post","link":"https:\/\/nbcs.mx\/?p=158272","title":{"rendered":"Diputado Erick Ag\u00fandez propone fortalecer la accesibilidad cognitiva en la movilidad de BCS"},"content":{"rendered":"<p style=\"font-weight: 400; text-align: justify;\"><img loading=\"lazy\" decoding=\"async\" class=\" wp-image-158273 alignleft\" src=\"https:\/\/nbcs.mx\/wp-content\/uploads\/2025\/11\/DIP-ERICK-AGUNDEZ-CERVANTES-251120-2-739x492.jpg\" alt=\"\" width=\"339\" height=\"226\" srcset=\"https:\/\/nbcs.mx\/wp-content\/uploads\/2025\/11\/DIP-ERICK-AGUNDEZ-CERVANTES-251120-2-739x492.jpg 739w, https:\/\/nbcs.mx\/wp-content\/uploads\/2025\/11\/DIP-ERICK-AGUNDEZ-CERVANTES-251120-2-1024x681.jpg 1024w, https:\/\/nbcs.mx\/wp-content\/uploads\/2025\/11\/DIP-ERICK-AGUNDEZ-CERVANTES-251120-2-150x100.jpg 150w, https:\/\/nbcs.mx\/wp-content\/uploads\/2025\/11\/DIP-ERICK-AGUNDEZ-CERVANTES-251120-2-768x511.jpg 768w, https:\/\/nbcs.mx\/wp-content\/uploads\/2025\/11\/DIP-ERICK-AGUNDEZ-CERVANTES-251120-2-1536x1022.jpg 1536w, https:\/\/nbcs.mx\/wp-content\/uploads\/2025\/11\/DIP-ERICK-AGUNDEZ-CERVANTES-251120-2-2048x1363.jpg 2048w\" sizes=\"auto, (max-width: 339px) 100vw, 339px\" \/>En sesi\u00f3n ordinaria de este martes 20 de noviembre, el diputado Erick Ag\u00fandez Cervantes present\u00f3 una iniciativa con proyecto de decreto para reformar las fracciones I y II del art\u00edculo 15 de la Ley de Movilidad y Seguridad Vial del Estado de Baja California Sur, con el prop\u00f3sito de garantizar condiciones de movilidad m\u00e1s inclusivas y seguras para las personas con discapacidad y movilidad limitada.<\/p>\n<p style=\"font-weight: 400; text-align: justify;\">La propuesta busca que el marco normativo estatal establezca la obligaci\u00f3n de que todas las leyes, reglamentos y normas en materia de movilidad incluyan previsiones orientadas al dise\u00f1o universal, incorporando de manera expl\u00edcita la accesibilidad cognitiva. Esto contempla la utilizaci\u00f3n de formatos de informaci\u00f3n accesibles, apoyos para la comunicaci\u00f3n y la aplicaci\u00f3n de acciones afirmativas y ajustes razonables necesarios para reducir barreras.<\/p>\n<p style=\"font-weight: 400; text-align: justify;\">Ag\u00fandez Cervantes se\u00f1al\u00f3 que la movilidad aut\u00f3noma implica procesos clave como identificar rutas, ubicar estaciones, reconocer entradas y salidas, comprender instrucciones y acceder de manera clara a los modos de transporte.<\/p>\n<p style=\"font-weight: 400; text-align: justify;\">\u201cSi los elementos del entorno no est\u00e1n se\u00f1alizados considerando las necesidades de las personas con discapacidad, se convierten \u2014en conjunto o por separado\u2014 en barreras que impiden su movilidad aut\u00f3noma\u201d, expuso desde tribuna.<\/p>\n<p style=\"font-weight: 400; text-align: justify;\">El legislador del Partido Verde Ecologista de M\u00e9xico (PVEM) a\u00f1adi\u00f3 que la accesibilidad cognitiva es fundamental para eliminar condiciones de exclusi\u00f3n que afectan especialmente a personas con discapacidad intelectual, psicosocial o m\u00faltiple, como quienes presentan discapacidad auditiva acompa\u00f1ada de alguna otra condici\u00f3n discapacitante.<\/p>\n<p style=\"font-weight: 400; text-align: justify;\">La iniciativa fue turnada a la Comisi\u00f3n Permanente de Comunicaciones y Transportes, instancia encargada de su an\u00e1lisis, discusi\u00f3n y dictamen.<\/p>\n","protected":false},"excerpt":{"rendered":"<p>En sesi\u00f3n ordinaria de este martes 20 de noviembre, el diputado Erick Ag\u00fandez Cervantes present\u00f3 una iniciativa con proyecto de<\/p>\n","protected":false},"author":1,"featured_media":158273,"comment_status":"open","ping_status":"closed","sticky":false,"template":"","format":"standard","meta":{"colormag_page_container_layout":"default_layout","colormag_page_sidebar_layout":"default_layout","_jetpack_memberships_contains_paid_content":false,"footnotes":"","jetpack_publicize_message":"","jetpack_publicize_feature_enabled":true,"jetpack_social_post_already_shared":true,"jetpack_social_options":{"image_generator_settings":{"template":"highway","default_image_id":0,"font":"","enabled":false},"version":2}},"categories":[48],"tags":[],"class_list":["post-158272","post","type-post","status-publish","format-standard","has-post-thumbnail","hentry","category-congreso-de-bcs"],"yoast_head":"<!-- This site is optimized with the Yoast SEO plugin v27.5 - https:\/\/yoast.com\/product\/yoast-seo-wordpress\/ -->\n<title>Diputado Erick Ag\u00fandez propone fortalecer la accesibilidad cognitiva en la movilidad de BCS - NBCS Noticias<\/title>\n<meta name=\"robots\" content=\"index, follow, max-snippet:-1, max-image-preview:large, max-video-preview:-1\" \/>\n<link rel=\"canonical\" href=\"https:\/\/nbcs.mx\/?p=158272\" \/>\n<meta property=\"og:locale\" content=\"es_ES\" \/>\n<meta property=\"og:type\" content=\"article\" \/>\n<meta property=\"og:title\" content=\"Diputado Erick Ag\u00fandez propone fortalecer la accesibilidad cognitiva en la movilidad de BCS - NBCS Noticias\" \/>\n<meta property=\"og:description\" content=\"En sesi\u00f3n ordinaria de este martes 20 de noviembre, el diputado Erick Ag\u00fandez Cervantes present\u00f3 una iniciativa con proyecto de\" \/>\n<meta property=\"og:url\" content=\"https:\/\/nbcs.mx\/?p=158272\" \/>\n<meta property=\"og:site_name\" content=\"NBCS Noticias\" \/>\n<meta property=\"article:publisher\" content=\"https:\/\/www.facebook.com\/NBCSnoticias\" \/>\n<meta property=\"article:author\" content=\"https:\/\/www.facebook.com\/NBCSnoticias\" \/>\n<meta property=\"article:published_time\" content=\"2025-11-21T00:21:27+00:00\" \/>\n<meta property=\"og:image\" content=\"https:\/\/nbcs.mx\/wp-content\/uploads\/2025\/11\/DIP-ERICK-AGUNDEZ-CERVANTES-251120-2-scaled.jpg\" \/>\n\t<meta property=\"og:image:width\" content=\"2560\" \/>\n\t<meta property=\"og:image:height\" content=\"1703\" \/>\n\t<meta property=\"og:image:type\" content=\"image\/jpeg\" \/>\n<meta name=\"author\" content=\"NBCS Noticias\" \/>\n<meta name=\"twitter:card\" content=\"summary_large_image\" \/>\n<meta name=\"twitter:creator\" content=\"@https:\/\/twitter.com\/NBCSnoticias\" \/>\n<meta name=\"twitter:site\" content=\"@NBCSnoticias\" \/>\n<meta name=\"twitter:label1\" content=\"Escrito por\" \/>\n\t<meta name=\"twitter:data1\" content=\"NBCS Noticias\" \/>\n\t<meta name=\"twitter:label2\" content=\"Tiempo de lectura\" \/>\n\t<meta name=\"twitter:data2\" content=\"2 minutos\" \/>\n<script type=\"application\/ld+json\" class=\"yoast-schema-graph\">{\"@context\":\"https:\\\/\\\/schema.org\",\"@graph\":[{\"@type\":\"Article\",\"@id\":\"https:\\\/\\\/nbcs.mx\\\/?p=158272#article\",\"isPartOf\":{\"@id\":\"https:\\\/\\\/nbcs.mx\\\/?p=158272\"},\"author\":{\"name\":\"NBCS Noticias\",\"@id\":\"https:\\\/\\\/nbcs.mx\\\/#\\\/schema\\\/person\\\/ece58bab9a7c1e87a4d28ec9ecd79ff4\"},\"headline\":\"Diputado Erick Ag\u00fandez propone fortalecer la accesibilidad cognitiva en la movilidad de BCS\",\"datePublished\":\"2025-11-21T00:21:27+00:00\",\"mainEntityOfPage\":{\"@id\":\"https:\\\/\\\/nbcs.mx\\\/?p=158272\"},\"wordCount\":293,\"commentCount\":0,\"publisher\":{\"@id\":\"https:\\\/\\\/nbcs.mx\\\/#organization\"},\"image\":{\"@id\":\"https:\\\/\\\/nbcs.mx\\\/?p=158272#primaryimage\"},\"thumbnailUrl\":\"https:\\\/\\\/nbcs.mx\\\/wp-content\\\/uploads\\\/2025\\\/11\\\/DIP-ERICK-AGUNDEZ-CERVANTES-251120-2-scaled.jpg\",\"articleSection\":[\"Congreso de BCS\"],\"inLanguage\":\"es\",\"potentialAction\":[{\"@type\":\"CommentAction\",\"name\":\"Comment\",\"target\":[\"https:\\\/\\\/nbcs.mx\\\/?p=158272#respond\"]}]},{\"@type\":\"WebPage\",\"@id\":\"https:\\\/\\\/nbcs.mx\\\/?p=158272\",\"url\":\"https:\\\/\\\/nbcs.mx\\\/?p=158272\",\"name\":\"Diputado Erick Ag\u00fandez propone fortalecer la accesibilidad cognitiva en la movilidad de BCS - NBCS Noticias\",\"isPartOf\":{\"@id\":\"https:\\\/\\\/nbcs.mx\\\/#website\"},\"primaryImageOfPage\":{\"@id\":\"https:\\\/\\\/nbcs.mx\\\/?p=158272#primaryimage\"},\"image\":{\"@id\":\"https:\\\/\\\/nbcs.mx\\\/?p=158272#primaryimage\"},\"thumbnailUrl\":\"https:\\\/\\\/nbcs.mx\\\/wp-content\\\/uploads\\\/2025\\\/11\\\/DIP-ERICK-AGUNDEZ-CERVANTES-251120-2-scaled.jpg\",\"datePublished\":\"2025-11-21T00:21:27+00:00\",\"breadcrumb\":{\"@id\":\"https:\\\/\\\/nbcs.mx\\\/?p=158272#breadcrumb\"},\"inLanguage\":\"es\",\"potentialAction\":[{\"@type\":\"ReadAction\",\"target\":[\"https:\\\/\\\/nbcs.mx\\\/?p=158272\"]}]},{\"@type\":\"ImageObject\",\"inLanguage\":\"es\",\"@id\":\"https:\\\/\\\/nbcs.mx\\\/?p=158272#primaryimage\",\"url\":\"https:\\\/\\\/nbcs.mx\\\/wp-content\\\/uploads\\\/2025\\\/11\\\/DIP-ERICK-AGUNDEZ-CERVANTES-251120-2-scaled.jpg\",\"contentUrl\":\"https:\\\/\\\/nbcs.mx\\\/wp-content\\\/uploads\\\/2025\\\/11\\\/DIP-ERICK-AGUNDEZ-CERVANTES-251120-2-scaled.jpg\",\"width\":2560,\"height\":1703},{\"@type\":\"BreadcrumbList\",\"@id\":\"https:\\\/\\\/nbcs.mx\\\/?p=158272#breadcrumb\",\"itemListElement\":[{\"@type\":\"ListItem\",\"position\":1,\"name\":\"Portada\",\"item\":\"https:\\\/\\\/nbcs.mx\\\/\"},{\"@type\":\"ListItem\",\"position\":2,\"name\":\"Diputado Erick Ag\u00fandez propone fortalecer la accesibilidad cognitiva en la movilidad de BCS\"}]},{\"@type\":\"WebSite\",\"@id\":\"https:\\\/\\\/nbcs.mx\\\/#website\",\"url\":\"https:\\\/\\\/nbcs.mx\\\/\",\"name\":\"NBCS Noticias\",\"description\":\"Sitio web de noticias en Baja California Sur\",\"publisher\":{\"@id\":\"https:\\\/\\\/nbcs.mx\\\/#organization\"},\"potentialAction\":[{\"@type\":\"SearchAction\",\"target\":{\"@type\":\"EntryPoint\",\"urlTemplate\":\"https:\\\/\\\/nbcs.mx\\\/?s={search_term_string}\"},\"query-input\":{\"@type\":\"PropertyValueSpecification\",\"valueRequired\":true,\"valueName\":\"search_term_string\"}}],\"inLanguage\":\"es\"},{\"@type\":\"Organization\",\"@id\":\"https:\\\/\\\/nbcs.mx\\\/#organization\",\"name\":\"NBCS Noticias\",\"url\":\"https:\\\/\\\/nbcs.mx\\\/\",\"logo\":{\"@type\":\"ImageObject\",\"inLanguage\":\"es\",\"@id\":\"https:\\\/\\\/nbcs.mx\\\/#\\\/schema\\\/logo\\\/image\\\/\",\"url\":\"https:\\\/\\\/nbcs.mx\\\/wp-content\\\/uploads\\\/2018\\\/09\\\/057b69485e93575a5c2b1c1dde2dd297.jpeg\",\"contentUrl\":\"https:\\\/\\\/nbcs.mx\\\/wp-content\\\/uploads\\\/2018\\\/09\\\/057b69485e93575a5c2b1c1dde2dd297.jpeg\",\"width\":64,\"height\":64,\"caption\":\"NBCS Noticias\"},\"image\":{\"@id\":\"https:\\\/\\\/nbcs.mx\\\/#\\\/schema\\\/logo\\\/image\\\/\"},\"sameAs\":[\"https:\\\/\\\/www.facebook.com\\\/NBCSnoticias\",\"https:\\\/\\\/x.com\\\/NBCSnoticias\"]},{\"@type\":\"Person\",\"@id\":\"https:\\\/\\\/nbcs.mx\\\/#\\\/schema\\\/person\\\/ece58bab9a7c1e87a4d28ec9ecd79ff4\",\"name\":\"NBCS Noticias\",\"image\":{\"@type\":\"ImageObject\",\"inLanguage\":\"es\",\"@id\":\"https:\\\/\\\/secure.gravatar.com\\\/avatar\\\/4e52110cad1c4054b43271a0d14bbe9e2ea76aecd0e1097edfc670798d9ca1d4?s=96&d=blank&r=g\",\"url\":\"https:\\\/\\\/secure.gravatar.com\\\/avatar\\\/4e52110cad1c4054b43271a0d14bbe9e2ea76aecd0e1097edfc670798d9ca1d4?s=96&d=blank&r=g\",\"contentUrl\":\"https:\\\/\\\/secure.gravatar.com\\\/avatar\\\/4e52110cad1c4054b43271a0d14bbe9e2ea76aecd0e1097edfc670798d9ca1d4?s=96&d=blank&r=g\",\"caption\":\"NBCS Noticias\"},\"description\":\"\u00bfTienes fotos o video de alg\u00fan acto de posible negligencia, corrupci\u00f3n y abuso de autoridad? M\u00e1ndalo al WhatsApp de NBCS Noticias: 612 141 98 08\",\"sameAs\":[\"https:\\\/\\\/www.nbcs.mx\",\"https:\\\/\\\/www.facebook.com\\\/NBCSnoticias\",\"https:\\\/\\\/www.instagram.com\\\/nbcsnoticias\\\/\",\"https:\\\/\\\/x.com\\\/https:\\\/\\\/twitter.com\\\/NBCSnoticias\"]}]}<\/script>\n<!-- \/ Yoast SEO plugin. -->","yoast_head_json":{"title":"Diputado Erick Ag\u00fandez propone fortalecer la accesibilidad cognitiva en la movilidad de BCS - NBCS Noticias","robots":{"index":"index","follow":"follow","max-snippet":"max-snippet:-1","max-image-preview":"max-image-preview:large","max-video-preview":"max-video-preview:-1"},"canonical":"https:\/\/nbcs.mx\/?p=158272","og_locale":"es_ES","og_type":"article","og_title":"Diputado Erick Ag\u00fandez propone fortalecer la accesibilidad cognitiva en la movilidad de BCS - NBCS Noticias","og_description":"En sesi\u00f3n ordinaria de este martes 20 de noviembre, el diputado Erick Ag\u00fandez Cervantes present\u00f3 una iniciativa con proyecto de","og_url":"https:\/\/nbcs.mx\/?p=158272","og_site_name":"NBCS Noticias","article_publisher":"https:\/\/www.facebook.com\/NBCSnoticias","article_author":"https:\/\/www.facebook.com\/NBCSnoticias","article_published_time":"2025-11-21T00:21:27+00:00","og_image":[{"width":2560,"height":1703,"url":"https:\/\/nbcs.mx\/wp-content\/uploads\/2025\/11\/DIP-ERICK-AGUNDEZ-CERVANTES-251120-2-scaled.jpg","type":"image\/jpeg"}],"author":"NBCS Noticias","twitter_card":"summary_large_image","twitter_creator":"@https:\/\/twitter.com\/NBCSnoticias","twitter_site":"@NBCSnoticias","twitter_misc":{"Escrito por":"NBCS Noticias","Tiempo de lectura":"2 minutos"},"schema":{"@context":"https:\/\/schema.org","@graph":[{"@type":"Article","@id":"https:\/\/nbcs.mx\/?p=158272#article","isPartOf":{"@id":"https:\/\/nbcs.mx\/?p=158272"},"author":{"name":"NBCS Noticias","@id":"https:\/\/nbcs.mx\/#\/schema\/person\/ece58bab9a7c1e87a4d28ec9ecd79ff4"},"headline":"Diputado Erick Ag\u00fandez propone fortalecer la accesibilidad cognitiva en la movilidad de BCS","datePublished":"2025-11-21T00:21:27+00:00","mainEntityOfPage":{"@id":"https:\/\/nbcs.mx\/?p=158272"},"wordCount":293,"commentCount":0,"publisher":{"@id":"https:\/\/nbcs.mx\/#organization"},"image":{"@id":"https:\/\/nbcs.mx\/?p=158272#primaryimage"},"thumbnailUrl":"https:\/\/nbcs.mx\/wp-content\/uploads\/2025\/11\/DIP-ERICK-AGUNDEZ-CERVANTES-251120-2-scaled.jpg","articleSection":["Congreso de BCS"],"inLanguage":"es","potentialAction":[{"@type":"CommentAction","name":"Comment","target":["https:\/\/nbcs.mx\/?p=158272#respond"]}]},{"@type":"WebPage","@id":"https:\/\/nbcs.mx\/?p=158272","url":"https:\/\/nbcs.mx\/?p=158272","name":"Diputado Erick Ag\u00fandez propone fortalecer la accesibilidad cognitiva en la movilidad de BCS - NBCS Noticias","isPartOf":{"@id":"https:\/\/nbcs.mx\/#website"},"primaryImageOfPage":{"@id":"https:\/\/nbcs.mx\/?p=158272#primaryimage"},"image":{"@id":"https:\/\/nbcs.mx\/?p=158272#primaryimage"},"thumbnailUrl":"https:\/\/nbcs.mx\/wp-content\/uploads\/2025\/11\/DIP-ERICK-AGUNDEZ-CERVANTES-251120-2-scaled.jpg","datePublished":"2025-11-21T00:21:27+00:00","breadcrumb":{"@id":"https:\/\/nbcs.mx\/?p=158272#breadcrumb"},"inLanguage":"es","potentialAction":[{"@type":"ReadAction","target":["https:\/\/nbcs.mx\/?p=158272"]}]},{"@type":"ImageObject","inLanguage":"es","@id":"https:\/\/nbcs.mx\/?p=158272#primaryimage","url":"https:\/\/nbcs.mx\/wp-content\/uploads\/2025\/11\/DIP-ERICK-AGUNDEZ-CERVANTES-251120-2-scaled.jpg","contentUrl":"https:\/\/nbcs.mx\/wp-content\/uploads\/2025\/11\/DIP-ERICK-AGUNDEZ-CERVANTES-251120-2-scaled.jpg","width":2560,"height":1703},{"@type":"BreadcrumbList","@id":"https:\/\/nbcs.mx\/?p=158272#breadcrumb","itemListElement":[{"@type":"ListItem","position":1,"name":"Portada","item":"https:\/\/nbcs.mx\/"},{"@type":"ListItem","position":2,"name":"Diputado Erick Ag\u00fandez propone fortalecer la accesibilidad cognitiva en la movilidad de BCS"}]},{"@type":"WebSite","@id":"https:\/\/nbcs.mx\/#website","url":"https:\/\/nbcs.mx\/","name":"NBCS Noticias","description":"Sitio web de noticias en Baja California Sur","publisher":{"@id":"https:\/\/nbcs.mx\/#organization"},"potentialAction":[{"@type":"SearchAction","target":{"@type":"EntryPoint","urlTemplate":"https:\/\/nbcs.mx\/?s={search_term_string}"},"query-input":{"@type":"PropertyValueSpecification","valueRequired":true,"valueName":"search_term_string"}}],"inLanguage":"es"},{"@type":"Organization","@id":"https:\/\/nbcs.mx\/#organization","name":"NBCS Noticias","url":"https:\/\/nbcs.mx\/","logo":{"@type":"ImageObject","inLanguage":"es","@id":"https:\/\/nbcs.mx\/#\/schema\/logo\/image\/","url":"https:\/\/nbcs.mx\/wp-content\/uploads\/2018\/09\/057b69485e93575a5c2b1c1dde2dd297.jpeg","contentUrl":"https:\/\/nbcs.mx\/wp-content\/uploads\/2018\/09\/057b69485e93575a5c2b1c1dde2dd297.jpeg","width":64,"height":64,"caption":"NBCS Noticias"},"image":{"@id":"https:\/\/nbcs.mx\/#\/schema\/logo\/image\/"},"sameAs":["https:\/\/www.facebook.com\/NBCSnoticias","https:\/\/x.com\/NBCSnoticias"]},{"@type":"Person","@id":"https:\/\/nbcs.mx\/#\/schema\/person\/ece58bab9a7c1e87a4d28ec9ecd79ff4","name":"NBCS Noticias","image":{"@type":"ImageObject","inLanguage":"es","@id":"https:\/\/secure.gravatar.com\/avatar\/4e52110cad1c4054b43271a0d14bbe9e2ea76aecd0e1097edfc670798d9ca1d4?s=96&d=blank&r=g","url":"https:\/\/secure.gravatar.com\/avatar\/4e52110cad1c4054b43271a0d14bbe9e2ea76aecd0e1097edfc670798d9ca1d4?s=96&d=blank&r=g","contentUrl":"https:\/\/secure.gravatar.com\/avatar\/4e52110cad1c4054b43271a0d14bbe9e2ea76aecd0e1097edfc670798d9ca1d4?s=96&d=blank&r=g","caption":"NBCS Noticias"},"description":"\u00bfTienes fotos o video de alg\u00fan acto de posible negligencia, corrupci\u00f3n y abuso de autoridad? M\u00e1ndalo al WhatsApp de NBCS Noticias: 612 141 98 08","sameAs":["https:\/\/www.nbcs.mx","https:\/\/www.facebook.com\/NBCSnoticias","https:\/\/www.instagram.com\/nbcsnoticias\/","https:\/\/x.com\/https:\/\/twitter.com\/NBCSnoticias"]}]}},"jetpack_publicize_connections":[],"jetpack_featured_media_url":"https:\/\/nbcs.mx\/wp-content\/uploads\/2025\/11\/DIP-ERICK-AGUNDEZ-CERVANTES-251120-2-scaled.jpg","jetpack_sharing_enabled":true,"_links":{"self":[{"href":"https:\/\/nbcs.mx\/index.php?rest_route=\/wp\/v2\/posts\/158272","targetHints":{"allow":["GET"]}}],"collection":[{"href":"https:\/\/nbcs.mx\/index.php?rest_route=\/wp\/v2\/posts"}],"about":[{"href":"https:\/\/nbcs.mx\/index.php?rest_route=\/wp\/v2\/types\/post"}],"author":[{"embeddable":true,"href":"https:\/\/nbcs.mx\/index.php?rest_route=\/wp\/v2\/users\/1"}],"replies":[{"embeddable":true,"href":"https:\/\/nbcs.mx\/index.php?rest_route=%2Fwp%2Fv2%2Fcomments&post=158272"}],"version-history":[{"count":1,"href":"https:\/\/nbcs.mx\/index.php?rest_route=\/wp\/v2\/posts\/158272\/revisions"}],"predecessor-version":[{"id":158274,"href":"https:\/\/nbcs.mx\/index.php?rest_route=\/wp\/v2\/posts\/158272\/revisions\/158274"}],"wp:featuredmedia":[{"embeddable":true,"href":"https:\/\/nbcs.mx\/index.php?rest_route=\/wp\/v2\/media\/158273"}],"wp:attachment":[{"href":"https:\/\/nbcs.mx\/index.php?rest_route=%2Fwp%2Fv2%2Fmedia&parent=158272"}],"wp:term":[{"taxonomy":"category","embeddable":true,"href":"https:\/\/nbcs.mx\/index.php?rest_route=%2Fwp%2Fv2%2Fcategories&post=158272"},{"taxonomy":"post_tag","embeddable":true,"href":"https:\/\/nbcs.mx\/index.php?rest_route=%2Fwp%2Fv2%2Ftags&post=158272"}],"curies":[{"name":"wp","href":"https:\/\/api.w.org\/{rel}","templated":true}]}}