{"id":158275,"date":"2025-11-20T17:22:39","date_gmt":"2025-11-21T00:22:39","guid":{"rendered":"https:\/\/nbcs.mx\/?p=158275"},"modified":"2025-11-20T17:22:39","modified_gmt":"2025-11-21T00:22:39","slug":"presentan-integracion-del-xviii-parlamento-de-la-juventud-sudcaliforniana-2025-juventud-que-inspira","status":"publish","type":"post","link":"https:\/\/nbcs.mx\/?p=158275","title":{"rendered":"Presentan integraci\u00f3n del XVIII Parlamento de la Juventud Sudcaliforniana 2025 \u201cJuventud que inspira\u201d"},"content":{"rendered":"<div>\n<p class=\"LO-normal\" style=\"text-align: justify;\"><span lang=\"ES\"><img loading=\"lazy\" decoding=\"async\" class=\" wp-image-158276 alignleft\" src=\"https:\/\/nbcs.mx\/wp-content\/uploads\/2025\/11\/DIP-FABRIZIO-DEL-CASTILLO-MIRANDA-251120-2-739x492.jpg\" alt=\"\" width=\"362\" height=\"241\" srcset=\"https:\/\/nbcs.mx\/wp-content\/uploads\/2025\/11\/DIP-FABRIZIO-DEL-CASTILLO-MIRANDA-251120-2-739x492.jpg 739w, https:\/\/nbcs.mx\/wp-content\/uploads\/2025\/11\/DIP-FABRIZIO-DEL-CASTILLO-MIRANDA-251120-2-1024x681.jpg 1024w, https:\/\/nbcs.mx\/wp-content\/uploads\/2025\/11\/DIP-FABRIZIO-DEL-CASTILLO-MIRANDA-251120-2-150x100.jpg 150w, https:\/\/nbcs.mx\/wp-content\/uploads\/2025\/11\/DIP-FABRIZIO-DEL-CASTILLO-MIRANDA-251120-2-768x511.jpg 768w, https:\/\/nbcs.mx\/wp-content\/uploads\/2025\/11\/DIP-FABRIZIO-DEL-CASTILLO-MIRANDA-251120-2-1536x1022.jpg 1536w, https:\/\/nbcs.mx\/wp-content\/uploads\/2025\/11\/DIP-FABRIZIO-DEL-CASTILLO-MIRANDA-251120-2-2048x1363.jpg 2048w\" sizes=\"auto, (max-width: 362px) 100vw, 362px\" \/>La Comisi\u00f3n Permanente de la Juventud del Congreso del Estado de Baja California Sur present\u00f3 a las y los j\u00f3venes que integrar\u00e1n el XVIII Parlamento de la Juventud Sudcaliforniana 2025 \u201cJuventud que inspira\u201d, resultado de un proceso interinstitucional orientado a fortalecer la formaci\u00f3n pol\u00edtica y social de las nuevas generaciones.<\/span><\/p>\n<\/div>\n<div style=\"text-align: justify;\">\n<p class=\"LO-normal\"><span lang=\"ES\">\u00a0<\/span><\/p>\n<\/div>\n<div style=\"text-align: justify;\">\n<p class=\"LO-normal\"><span lang=\"ES\">El diputado Fabrizio del Castillo Miranda, presidente de la Comisi\u00f3n Permanente de la Juventud, inform\u00f3 ante el Pleno que, durante el mes de octubre se llevaron a cabo reuniones de trabajo con autoridades de la Secretar\u00eda de Educaci\u00f3n P\u00fablica, el Instituto Estatal Electoral, el Instituto Sudcaliforniano de la Juventud, y el Instituto Municipal de la Juventud, con el objetivo de consensuar los lineamientos, actividades y modalidades de participaci\u00f3n del parlamento, en cumplimiento al Decreto 3206.<\/span><\/p>\n<\/div>\n<div style=\"text-align: justify;\">\n<p class=\"LO-normal\"><span lang=\"ES\">\u00a0<\/span><\/p>\n<\/div>\n<div style=\"text-align: justify;\">\n<p class=\"LO-normal\"><span lang=\"ES\">Del Castillo Miranda puntualiz\u00f3 que se realizaron giras de trabajo por los cinco municipios, visitando m\u00e1s de 20 planteles educativos de nivel secundaria y medio superior, tanto en zonas urbanas como rurales, en donde se exhort\u00f3 a m\u00e1s de 5 mil j\u00f3venes a participar en este ejercicio democr\u00e1tico y expresar sus ideas en la m\u00e1xima tribuna estatal.<\/span><\/p>\n<\/div>\n<div style=\"text-align: justify;\">\n<p class=\"LO-normal\"><span lang=\"ES\">\u00a0<\/span><\/p>\n<\/div>\n<div style=\"text-align: justify;\">\n<p class=\"LO-normal\"><span lang=\"ES\">El legislador sentenci\u00f3 que se obtuvo una respuesta favorable, al recibir trabajos desde Vizca\u00edno hasta San Lucas logrando integrar a las y los 21 j\u00f3venes que conforman el Parlamento Juvenil 2025, quienes presentaron temas como medio ambiente, salud mental, infraestructura vial, participaci\u00f3n pol\u00edtica juvenil, deporte, mitigaci\u00f3n lum\u00ednica, transparencia, corrupci\u00f3n y gentrificaci\u00f3n, reflejando la diversidad de preocupaciones y visiones de las juventudes sudcalifornianas.<\/span><\/p>\n<\/div>\n<div style=\"text-align: justify;\">\n<p class=\"LO-normal\"><span lang=\"ES\">\u00a0<\/span><\/p>\n<\/div>\n<div style=\"text-align: justify;\">\n<p class=\"LO-normal\"><span lang=\"ES\">G\u00e9nesis Cuevas, Valentina Monta\u00f1o, Ernesto Vel\u00e1zquez, Wiliam Guerrero, Jes\u00fas Lucero, Eli\u00e1n \u00c1lvarez, Nereyda Librado, Yekina Rosselliz, Jimena Ortega, Kathia Vel\u00e1zquez, Michelle Ayala, Ashley Osuna, V\u00edctor Arellano, Johana Villarino, Fernanda Hern\u00e1ndez, Emiliano Encinas, Romina D\u00edaz, Mois\u00e9s Ram\u00edrez, Omar Barajas, Kayla Prado y Santiago Aguayo, ser\u00e1n quienes dar\u00e1n voz a la juventud de Baja California Sur en la XVIII edici\u00f3n del parlamento juvenil.<\/span><\/p>\n<\/div>\n<div style=\"text-align: justify;\">\n<p class=\"LO-normal\"><span lang=\"ES\">\u00a0<\/span><\/p>\n<\/div>\n<div>\n<p class=\"LO-normal\" style=\"text-align: justify;\"><span lang=\"ES\">El diputado destac\u00f3 que presidir la comisi\u00f3n responsable del parlamento representa un honor y una gran responsabilidad, al constatar el inter\u00e9s, la capacidad y el compromiso de las juventudes por analizar y proponer soluciones a los retos actuales del estado. Finalmente invit\u00f3 a la ciudadan\u00eda y a las y los legisladores a acompa\u00f1ar las actividades programadas como parte de esta edici\u00f3n del Parlamento Juvenil.<\/span><\/p>\n<\/div>\n","protected":false},"excerpt":{"rendered":"<p>La Comisi\u00f3n Permanente de la Juventud del Congreso del Estado de Baja California Sur present\u00f3 a las y los j\u00f3venes<\/p>\n","protected":false},"author":1,"featured_media":158276,"comment_status":"open","ping_status":"closed","sticky":false,"template":"","format":"standard","meta":{"colormag_page_container_layout":"default_layout","colormag_page_sidebar_layout":"default_layout","_jetpack_memberships_contains_paid_content":false,"footnotes":"","jetpack_publicize_message":"","jetpack_publicize_feature_enabled":true,"jetpack_social_post_already_shared":true,"jetpack_social_options":{"image_generator_settings":{"template":"highway","default_image_id":0,"font":"","enabled":false},"version":2}},"categories":[48],"tags":[],"class_list":["post-158275","post","type-post","status-publish","format-standard","has-post-thumbnail","hentry","category-congreso-de-bcs"],"yoast_head":"<!-- This site is optimized with the Yoast SEO plugin v27.5 - https:\/\/yoast.com\/product\/yoast-seo-wordpress\/ -->\n<title>Presentan integraci\u00f3n del XVIII Parlamento de la Juventud Sudcaliforniana 2025 \u201cJuventud que inspira\u201d - NBCS Noticias<\/title>\n<meta name=\"robots\" content=\"index, follow, max-snippet:-1, max-image-preview:large, max-video-preview:-1\" \/>\n<link rel=\"canonical\" href=\"https:\/\/nbcs.mx\/?p=158275\" \/>\n<meta property=\"og:locale\" content=\"es_ES\" \/>\n<meta property=\"og:type\" content=\"article\" \/>\n<meta property=\"og:title\" content=\"Presentan integraci\u00f3n del XVIII Parlamento de la Juventud Sudcaliforniana 2025 \u201cJuventud que inspira\u201d - NBCS Noticias\" \/>\n<meta property=\"og:description\" content=\"La Comisi\u00f3n Permanente de la Juventud del Congreso del Estado de Baja California Sur present\u00f3 a las y los j\u00f3venes\" \/>\n<meta property=\"og:url\" content=\"https:\/\/nbcs.mx\/?p=158275\" \/>\n<meta property=\"og:site_name\" content=\"NBCS Noticias\" \/>\n<meta property=\"article:publisher\" content=\"https:\/\/www.facebook.com\/NBCSnoticias\" \/>\n<meta property=\"article:author\" content=\"https:\/\/www.facebook.com\/NBCSnoticias\" \/>\n<meta property=\"article:published_time\" content=\"2025-11-21T00:22:39+00:00\" \/>\n<meta property=\"og:image\" content=\"https:\/\/nbcs.mx\/wp-content\/uploads\/2025\/11\/DIP-FABRIZIO-DEL-CASTILLO-MIRANDA-251120-2-scaled.jpg\" \/>\n\t<meta property=\"og:image:width\" content=\"2560\" \/>\n\t<meta property=\"og:image:height\" content=\"1703\" \/>\n\t<meta property=\"og:image:type\" content=\"image\/jpeg\" \/>\n<meta name=\"author\" content=\"NBCS Noticias\" \/>\n<meta name=\"twitter:card\" content=\"summary_large_image\" \/>\n<meta name=\"twitter:creator\" content=\"@https:\/\/twitter.com\/NBCSnoticias\" \/>\n<meta name=\"twitter:site\" content=\"@NBCSnoticias\" \/>\n<meta name=\"twitter:label1\" content=\"Escrito por\" \/>\n\t<meta name=\"twitter:data1\" content=\"NBCS Noticias\" \/>\n\t<meta name=\"twitter:label2\" content=\"Tiempo de lectura\" \/>\n\t<meta name=\"twitter:data2\" content=\"3 minutos\" \/>\n<script type=\"application\/ld+json\" class=\"yoast-schema-graph\">{\"@context\":\"https:\\\/\\\/schema.org\",\"@graph\":[{\"@type\":\"Article\",\"@id\":\"https:\\\/\\\/nbcs.mx\\\/?p=158275#article\",\"isPartOf\":{\"@id\":\"https:\\\/\\\/nbcs.mx\\\/?p=158275\"},\"author\":{\"name\":\"NBCS Noticias\",\"@id\":\"https:\\\/\\\/nbcs.mx\\\/#\\\/schema\\\/person\\\/ece58bab9a7c1e87a4d28ec9ecd79ff4\"},\"headline\":\"Presentan integraci\u00f3n del XVIII Parlamento de la Juventud Sudcaliforniana 2025 \u201cJuventud que inspira\u201d\",\"datePublished\":\"2025-11-21T00:22:39+00:00\",\"mainEntityOfPage\":{\"@id\":\"https:\\\/\\\/nbcs.mx\\\/?p=158275\"},\"wordCount\":418,\"commentCount\":0,\"publisher\":{\"@id\":\"https:\\\/\\\/nbcs.mx\\\/#organization\"},\"image\":{\"@id\":\"https:\\\/\\\/nbcs.mx\\\/?p=158275#primaryimage\"},\"thumbnailUrl\":\"https:\\\/\\\/nbcs.mx\\\/wp-content\\\/uploads\\\/2025\\\/11\\\/DIP-FABRIZIO-DEL-CASTILLO-MIRANDA-251120-2-scaled.jpg\",\"articleSection\":[\"Congreso de BCS\"],\"inLanguage\":\"es\",\"potentialAction\":[{\"@type\":\"CommentAction\",\"name\":\"Comment\",\"target\":[\"https:\\\/\\\/nbcs.mx\\\/?p=158275#respond\"]}]},{\"@type\":\"WebPage\",\"@id\":\"https:\\\/\\\/nbcs.mx\\\/?p=158275\",\"url\":\"https:\\\/\\\/nbcs.mx\\\/?p=158275\",\"name\":\"Presentan integraci\u00f3n del XVIII Parlamento de la Juventud Sudcaliforniana 2025 \u201cJuventud que inspira\u201d - NBCS Noticias\",\"isPartOf\":{\"@id\":\"https:\\\/\\\/nbcs.mx\\\/#website\"},\"primaryImageOfPage\":{\"@id\":\"https:\\\/\\\/nbcs.mx\\\/?p=158275#primaryimage\"},\"image\":{\"@id\":\"https:\\\/\\\/nbcs.mx\\\/?p=158275#primaryimage\"},\"thumbnailUrl\":\"https:\\\/\\\/nbcs.mx\\\/wp-content\\\/uploads\\\/2025\\\/11\\\/DIP-FABRIZIO-DEL-CASTILLO-MIRANDA-251120-2-scaled.jpg\",\"datePublished\":\"2025-11-21T00:22:39+00:00\",\"breadcrumb\":{\"@id\":\"https:\\\/\\\/nbcs.mx\\\/?p=158275#breadcrumb\"},\"inLanguage\":\"es\",\"potentialAction\":[{\"@type\":\"ReadAction\",\"target\":[\"https:\\\/\\\/nbcs.mx\\\/?p=158275\"]}]},{\"@type\":\"ImageObject\",\"inLanguage\":\"es\",\"@id\":\"https:\\\/\\\/nbcs.mx\\\/?p=158275#primaryimage\",\"url\":\"https:\\\/\\\/nbcs.mx\\\/wp-content\\\/uploads\\\/2025\\\/11\\\/DIP-FABRIZIO-DEL-CASTILLO-MIRANDA-251120-2-scaled.jpg\",\"contentUrl\":\"https:\\\/\\\/nbcs.mx\\\/wp-content\\\/uploads\\\/2025\\\/11\\\/DIP-FABRIZIO-DEL-CASTILLO-MIRANDA-251120-2-scaled.jpg\",\"width\":2560,\"height\":1703},{\"@type\":\"BreadcrumbList\",\"@id\":\"https:\\\/\\\/nbcs.mx\\\/?p=158275#breadcrumb\",\"itemListElement\":[{\"@type\":\"ListItem\",\"position\":1,\"name\":\"Portada\",\"item\":\"https:\\\/\\\/nbcs.mx\\\/\"},{\"@type\":\"ListItem\",\"position\":2,\"name\":\"Presentan integraci\u00f3n del XVIII Parlamento de la Juventud Sudcaliforniana 2025 \u201cJuventud que inspira\u201d\"}]},{\"@type\":\"WebSite\",\"@id\":\"https:\\\/\\\/nbcs.mx\\\/#website\",\"url\":\"https:\\\/\\\/nbcs.mx\\\/\",\"name\":\"NBCS Noticias\",\"description\":\"Sitio web de noticias en Baja California Sur\",\"publisher\":{\"@id\":\"https:\\\/\\\/nbcs.mx\\\/#organization\"},\"potentialAction\":[{\"@type\":\"SearchAction\",\"target\":{\"@type\":\"EntryPoint\",\"urlTemplate\":\"https:\\\/\\\/nbcs.mx\\\/?s={search_term_string}\"},\"query-input\":{\"@type\":\"PropertyValueSpecification\",\"valueRequired\":true,\"valueName\":\"search_term_string\"}}],\"inLanguage\":\"es\"},{\"@type\":\"Organization\",\"@id\":\"https:\\\/\\\/nbcs.mx\\\/#organization\",\"name\":\"NBCS Noticias\",\"url\":\"https:\\\/\\\/nbcs.mx\\\/\",\"logo\":{\"@type\":\"ImageObject\",\"inLanguage\":\"es\",\"@id\":\"https:\\\/\\\/nbcs.mx\\\/#\\\/schema\\\/logo\\\/image\\\/\",\"url\":\"https:\\\/\\\/nbcs.mx\\\/wp-content\\\/uploads\\\/2018\\\/09\\\/057b69485e93575a5c2b1c1dde2dd297.jpeg\",\"contentUrl\":\"https:\\\/\\\/nbcs.mx\\\/wp-content\\\/uploads\\\/2018\\\/09\\\/057b69485e93575a5c2b1c1dde2dd297.jpeg\",\"width\":64,\"height\":64,\"caption\":\"NBCS Noticias\"},\"image\":{\"@id\":\"https:\\\/\\\/nbcs.mx\\\/#\\\/schema\\\/logo\\\/image\\\/\"},\"sameAs\":[\"https:\\\/\\\/www.facebook.com\\\/NBCSnoticias\",\"https:\\\/\\\/x.com\\\/NBCSnoticias\"]},{\"@type\":\"Person\",\"@id\":\"https:\\\/\\\/nbcs.mx\\\/#\\\/schema\\\/person\\\/ece58bab9a7c1e87a4d28ec9ecd79ff4\",\"name\":\"NBCS Noticias\",\"image\":{\"@type\":\"ImageObject\",\"inLanguage\":\"es\",\"@id\":\"https:\\\/\\\/secure.gravatar.com\\\/avatar\\\/4e52110cad1c4054b43271a0d14bbe9e2ea76aecd0e1097edfc670798d9ca1d4?s=96&d=blank&r=g\",\"url\":\"https:\\\/\\\/secure.gravatar.com\\\/avatar\\\/4e52110cad1c4054b43271a0d14bbe9e2ea76aecd0e1097edfc670798d9ca1d4?s=96&d=blank&r=g\",\"contentUrl\":\"https:\\\/\\\/secure.gravatar.com\\\/avatar\\\/4e52110cad1c4054b43271a0d14bbe9e2ea76aecd0e1097edfc670798d9ca1d4?s=96&d=blank&r=g\",\"caption\":\"NBCS Noticias\"},\"description\":\"\u00bfTienes fotos o video de alg\u00fan acto de posible negligencia, corrupci\u00f3n y abuso de autoridad? M\u00e1ndalo al WhatsApp de NBCS Noticias: 612 141 98 08\",\"sameAs\":[\"https:\\\/\\\/www.nbcs.mx\",\"https:\\\/\\\/www.facebook.com\\\/NBCSnoticias\",\"https:\\\/\\\/www.instagram.com\\\/nbcsnoticias\\\/\",\"https:\\\/\\\/x.com\\\/https:\\\/\\\/twitter.com\\\/NBCSnoticias\"]}]}<\/script>\n<!-- \/ Yoast SEO plugin. -->","yoast_head_json":{"title":"Presentan integraci\u00f3n del XVIII Parlamento de la Juventud Sudcaliforniana 2025 \u201cJuventud que inspira\u201d - NBCS Noticias","robots":{"index":"index","follow":"follow","max-snippet":"max-snippet:-1","max-image-preview":"max-image-preview:large","max-video-preview":"max-video-preview:-1"},"canonical":"https:\/\/nbcs.mx\/?p=158275","og_locale":"es_ES","og_type":"article","og_title":"Presentan integraci\u00f3n del XVIII Parlamento de la Juventud Sudcaliforniana 2025 \u201cJuventud que inspira\u201d - NBCS Noticias","og_description":"La Comisi\u00f3n Permanente de la Juventud del Congreso del Estado de Baja California Sur present\u00f3 a las y los j\u00f3venes","og_url":"https:\/\/nbcs.mx\/?p=158275","og_site_name":"NBCS Noticias","article_publisher":"https:\/\/www.facebook.com\/NBCSnoticias","article_author":"https:\/\/www.facebook.com\/NBCSnoticias","article_published_time":"2025-11-21T00:22:39+00:00","og_image":[{"width":2560,"height":1703,"url":"https:\/\/nbcs.mx\/wp-content\/uploads\/2025\/11\/DIP-FABRIZIO-DEL-CASTILLO-MIRANDA-251120-2-scaled.jpg","type":"image\/jpeg"}],"author":"NBCS Noticias","twitter_card":"summary_large_image","twitter_creator":"@https:\/\/twitter.com\/NBCSnoticias","twitter_site":"@NBCSnoticias","twitter_misc":{"Escrito por":"NBCS Noticias","Tiempo de lectura":"3 minutos"},"schema":{"@context":"https:\/\/schema.org","@graph":[{"@type":"Article","@id":"https:\/\/nbcs.mx\/?p=158275#article","isPartOf":{"@id":"https:\/\/nbcs.mx\/?p=158275"},"author":{"name":"NBCS Noticias","@id":"https:\/\/nbcs.mx\/#\/schema\/person\/ece58bab9a7c1e87a4d28ec9ecd79ff4"},"headline":"Presentan integraci\u00f3n del XVIII Parlamento de la Juventud Sudcaliforniana 2025 \u201cJuventud que inspira\u201d","datePublished":"2025-11-21T00:22:39+00:00","mainEntityOfPage":{"@id":"https:\/\/nbcs.mx\/?p=158275"},"wordCount":418,"commentCount":0,"publisher":{"@id":"https:\/\/nbcs.mx\/#organization"},"image":{"@id":"https:\/\/nbcs.mx\/?p=158275#primaryimage"},"thumbnailUrl":"https:\/\/nbcs.mx\/wp-content\/uploads\/2025\/11\/DIP-FABRIZIO-DEL-CASTILLO-MIRANDA-251120-2-scaled.jpg","articleSection":["Congreso de BCS"],"inLanguage":"es","potentialAction":[{"@type":"CommentAction","name":"Comment","target":["https:\/\/nbcs.mx\/?p=158275#respond"]}]},{"@type":"WebPage","@id":"https:\/\/nbcs.mx\/?p=158275","url":"https:\/\/nbcs.mx\/?p=158275","name":"Presentan integraci\u00f3n del XVIII Parlamento de la Juventud Sudcaliforniana 2025 \u201cJuventud que inspira\u201d - NBCS Noticias","isPartOf":{"@id":"https:\/\/nbcs.mx\/#website"},"primaryImageOfPage":{"@id":"https:\/\/nbcs.mx\/?p=158275#primaryimage"},"image":{"@id":"https:\/\/nbcs.mx\/?p=158275#primaryimage"},"thumbnailUrl":"https:\/\/nbcs.mx\/wp-content\/uploads\/2025\/11\/DIP-FABRIZIO-DEL-CASTILLO-MIRANDA-251120-2-scaled.jpg","datePublished":"2025-11-21T00:22:39+00:00","breadcrumb":{"@id":"https:\/\/nbcs.mx\/?p=158275#breadcrumb"},"inLanguage":"es","potentialAction":[{"@type":"ReadAction","target":["https:\/\/nbcs.mx\/?p=158275"]}]},{"@type":"ImageObject","inLanguage":"es","@id":"https:\/\/nbcs.mx\/?p=158275#primaryimage","url":"https:\/\/nbcs.mx\/wp-content\/uploads\/2025\/11\/DIP-FABRIZIO-DEL-CASTILLO-MIRANDA-251120-2-scaled.jpg","contentUrl":"https:\/\/nbcs.mx\/wp-content\/uploads\/2025\/11\/DIP-FABRIZIO-DEL-CASTILLO-MIRANDA-251120-2-scaled.jpg","width":2560,"height":1703},{"@type":"BreadcrumbList","@id":"https:\/\/nbcs.mx\/?p=158275#breadcrumb","itemListElement":[{"@type":"ListItem","position":1,"name":"Portada","item":"https:\/\/nbcs.mx\/"},{"@type":"ListItem","position":2,"name":"Presentan integraci\u00f3n del XVIII Parlamento de la Juventud Sudcaliforniana 2025 \u201cJuventud que inspira\u201d"}]},{"@type":"WebSite","@id":"https:\/\/nbcs.mx\/#website","url":"https:\/\/nbcs.mx\/","name":"NBCS Noticias","description":"Sitio web de noticias en Baja California Sur","publisher":{"@id":"https:\/\/nbcs.mx\/#organization"},"potentialAction":[{"@type":"SearchAction","target":{"@type":"EntryPoint","urlTemplate":"https:\/\/nbcs.mx\/?s={search_term_string}"},"query-input":{"@type":"PropertyValueSpecification","valueRequired":true,"valueName":"search_term_string"}}],"inLanguage":"es"},{"@type":"Organization","@id":"https:\/\/nbcs.mx\/#organization","name":"NBCS Noticias","url":"https:\/\/nbcs.mx\/","logo":{"@type":"ImageObject","inLanguage":"es","@id":"https:\/\/nbcs.mx\/#\/schema\/logo\/image\/","url":"https:\/\/nbcs.mx\/wp-content\/uploads\/2018\/09\/057b69485e93575a5c2b1c1dde2dd297.jpeg","contentUrl":"https:\/\/nbcs.mx\/wp-content\/uploads\/2018\/09\/057b69485e93575a5c2b1c1dde2dd297.jpeg","width":64,"height":64,"caption":"NBCS Noticias"},"image":{"@id":"https:\/\/nbcs.mx\/#\/schema\/logo\/image\/"},"sameAs":["https:\/\/www.facebook.com\/NBCSnoticias","https:\/\/x.com\/NBCSnoticias"]},{"@type":"Person","@id":"https:\/\/nbcs.mx\/#\/schema\/person\/ece58bab9a7c1e87a4d28ec9ecd79ff4","name":"NBCS Noticias","image":{"@type":"ImageObject","inLanguage":"es","@id":"https:\/\/secure.gravatar.com\/avatar\/4e52110cad1c4054b43271a0d14bbe9e2ea76aecd0e1097edfc670798d9ca1d4?s=96&d=blank&r=g","url":"https:\/\/secure.gravatar.com\/avatar\/4e52110cad1c4054b43271a0d14bbe9e2ea76aecd0e1097edfc670798d9ca1d4?s=96&d=blank&r=g","contentUrl":"https:\/\/secure.gravatar.com\/avatar\/4e52110cad1c4054b43271a0d14bbe9e2ea76aecd0e1097edfc670798d9ca1d4?s=96&d=blank&r=g","caption":"NBCS Noticias"},"description":"\u00bfTienes fotos o video de alg\u00fan acto de posible negligencia, corrupci\u00f3n y abuso de autoridad? M\u00e1ndalo al WhatsApp de NBCS Noticias: 612 141 98 08","sameAs":["https:\/\/www.nbcs.mx","https:\/\/www.facebook.com\/NBCSnoticias","https:\/\/www.instagram.com\/nbcsnoticias\/","https:\/\/x.com\/https:\/\/twitter.com\/NBCSnoticias"]}]}},"jetpack_publicize_connections":[],"jetpack_featured_media_url":"https:\/\/nbcs.mx\/wp-content\/uploads\/2025\/11\/DIP-FABRIZIO-DEL-CASTILLO-MIRANDA-251120-2-scaled.jpg","jetpack_sharing_enabled":true,"_links":{"self":[{"href":"https:\/\/nbcs.mx\/index.php?rest_route=\/wp\/v2\/posts\/158275","targetHints":{"allow":["GET"]}}],"collection":[{"href":"https:\/\/nbcs.mx\/index.php?rest_route=\/wp\/v2\/posts"}],"about":[{"href":"https:\/\/nbcs.mx\/index.php?rest_route=\/wp\/v2\/types\/post"}],"author":[{"embeddable":true,"href":"https:\/\/nbcs.mx\/index.php?rest_route=\/wp\/v2\/users\/1"}],"replies":[{"embeddable":true,"href":"https:\/\/nbcs.mx\/index.php?rest_route=%2Fwp%2Fv2%2Fcomments&post=158275"}],"version-history":[{"count":1,"href":"https:\/\/nbcs.mx\/index.php?rest_route=\/wp\/v2\/posts\/158275\/revisions"}],"predecessor-version":[{"id":158277,"href":"https:\/\/nbcs.mx\/index.php?rest_route=\/wp\/v2\/posts\/158275\/revisions\/158277"}],"wp:featuredmedia":[{"embeddable":true,"href":"https:\/\/nbcs.mx\/index.php?rest_route=\/wp\/v2\/media\/158276"}],"wp:attachment":[{"href":"https:\/\/nbcs.mx\/index.php?rest_route=%2Fwp%2Fv2%2Fmedia&parent=158275"}],"wp:term":[{"taxonomy":"category","embeddable":true,"href":"https:\/\/nbcs.mx\/index.php?rest_route=%2Fwp%2Fv2%2Fcategories&post=158275"},{"taxonomy":"post_tag","embeddable":true,"href":"https:\/\/nbcs.mx\/index.php?rest_route=%2Fwp%2Fv2%2Ftags&post=158275"}],"curies":[{"name":"wp","href":"https:\/\/api.w.org\/{rel}","templated":true}]}}