{"id":158287,"date":"2025-11-20T17:27:56","date_gmt":"2025-11-21T00:27:56","guid":{"rendered":"https:\/\/nbcs.mx\/?p=158287"},"modified":"2025-11-20T17:27:56","modified_gmt":"2025-11-21T00:27:56","slug":"inauguran-en-la-paz-el-foro-estatal-de-cambio-climatico-2025","status":"publish","type":"post","link":"https:\/\/nbcs.mx\/?p=158287","title":{"rendered":"Inauguran en La Paz el Foro Estatal de Cambio Clim\u00e1tico 2025"},"content":{"rendered":"<p style=\"font-weight: 400; text-align: justify;\"><img loading=\"lazy\" decoding=\"async\" class=\" wp-image-158288 alignleft\" src=\"https:\/\/nbcs.mx\/wp-content\/uploads\/2025\/11\/FOTO-BOLETIN-SEPUIMM-INAUGURAN-739x492.jpg\" alt=\"\" width=\"360\" height=\"240\" srcset=\"https:\/\/nbcs.mx\/wp-content\/uploads\/2025\/11\/FOTO-BOLETIN-SEPUIMM-INAUGURAN-739x492.jpg 739w, https:\/\/nbcs.mx\/wp-content\/uploads\/2025\/11\/FOTO-BOLETIN-SEPUIMM-INAUGURAN-1024x682.jpg 1024w, https:\/\/nbcs.mx\/wp-content\/uploads\/2025\/11\/FOTO-BOLETIN-SEPUIMM-INAUGURAN-150x100.jpg 150w, https:\/\/nbcs.mx\/wp-content\/uploads\/2025\/11\/FOTO-BOLETIN-SEPUIMM-INAUGURAN-768x511.jpg 768w, https:\/\/nbcs.mx\/wp-content\/uploads\/2025\/11\/FOTO-BOLETIN-SEPUIMM-INAUGURAN-1536x1022.jpg 1536w, https:\/\/nbcs.mx\/wp-content\/uploads\/2025\/11\/FOTO-BOLETIN-SEPUIMM-INAUGURAN-2048x1363.jpg 2048w\" sizes=\"auto, (max-width: 360px) 100vw, 360px\" \/>Con el objetivo de fortalecer la acci\u00f3n clim\u00e1tica en Baja California Sur y promover un enfoque de justicia social en las pol\u00edticas ambientales, la secretaria de Planeaci\u00f3n Urbana, Infraestructura, Movilidad, Medio Ambiente y Recursos Naturales (SEPUIMM), Carolina Armenta Cervantes, encabez\u00f3 la inauguraci\u00f3n del Foro Estatal de Cambio Clim\u00e1tico 2025 en el Teatro de la Ciudad de La Paz.<\/p>\n<p style=\"font-weight: 400; text-align: justify;\">\n<p style=\"font-weight: 400; text-align: justify;\">El evento, organizado por el Gobierno del Estado a trav\u00e9s de SEPUIMM, en coordinaci\u00f3n con el Consejo Sudcaliforniano de Ciencia y Tecnolog\u00eda (COSCYT), el Instituto Sudcaliforniano de Cultura (ISC) y el Centro para la Biodiversidad Marina y la Conservaci\u00f3n (CBMC), reuni\u00f3 a especialistas, juventudes, comunidades e instituciones p\u00fablicas, con el prop\u00f3sito de construir soluciones sostenibles frente a los efectos del cambio clim\u00e1tico.<\/p>\n<p style=\"font-weight: 400; text-align: justify;\">\n<p style=\"font-weight: 400; text-align: justify;\">Armenta Cervantes destac\u00f3 que el foro busca convertir el inter\u00e9s por el medio ambiente en acciones concretas, resaltando que las pol\u00edticas p\u00fablicas del estado se sustentan en la protecci\u00f3n del entorno natural y el bienestar de la poblaci\u00f3n.<\/p>\n<p style=\"font-weight: 400; text-align: justify;\">\n<p style=\"font-weight: 400; text-align: justify;\">Se\u00f1al\u00f3 que, as\u00ed como se logr\u00f3 frenar el deterioro de la capa de ozono mediante acuerdos coordinados, hoy es posible enfrentar el cambio clim\u00e1tico mediante corresponsabilidad, educaci\u00f3n ambiental y justicia clim\u00e1tica.<\/p>\n<p style=\"font-weight: 400; text-align: justify;\">\n<p style=\"font-weight: 400; text-align: justify;\">El programa incluy\u00f3 conferencias magistrales, conversatorio infantil, intervenciones de j\u00f3venes en redes ambientales y el espacio \u201cVoces y Miradas sobre el Clima\u201d, un encuentro audiovisual al aire libre con proyecci\u00f3n de materiales sobre conservaci\u00f3n y soluciones comunitarias. Tambi\u00e9n se instal\u00f3 un mercadito de productores y artesanos locales para fomentar el consumo responsable.<\/p>\n<p style=\"font-weight: 400; text-align: justify;\">\n<p style=\"font-weight: 400; text-align: justify;\">Por su parte, la directora general del COSCYT, Sara Cecilia D\u00edaz Castro, resalt\u00f3 que este foro fortalece la colaboraci\u00f3n del sector cient\u00edfico y de las juventudes, generando conocimiento, tecnolog\u00eda y soluciones concretas frente al cambio clim\u00e1tico.<\/p>\n<p style=\"font-weight: 400; text-align: justify;\">\n<p style=\"font-weight: 400; text-align: justify;\">Con estas acciones, el Gobierno del Estado reafirma el compromiso con la ciudadan\u00eda, el ambientalismo social y la construcci\u00f3n de comunidades m\u00e1s resilientes ante los desaf\u00edos ambientales.<\/p>\n<p style=\"font-weight: 400; text-align: justify;\">\n","protected":false},"excerpt":{"rendered":"<p>Con el objetivo de fortalecer la acci\u00f3n clim\u00e1tica en Baja California Sur y promover un enfoque de justicia social en<\/p>\n","protected":false},"author":1,"featured_media":158288,"comment_status":"open","ping_status":"closed","sticky":false,"template":"","format":"standard","meta":{"colormag_page_container_layout":"default_layout","colormag_page_sidebar_layout":"default_layout","_jetpack_memberships_contains_paid_content":false,"footnotes":"","jetpack_publicize_message":"","jetpack_publicize_feature_enabled":true,"jetpack_social_post_already_shared":true,"jetpack_social_options":{"image_generator_settings":{"template":"highway","default_image_id":0,"font":"","enabled":false},"version":2}},"categories":[1],"tags":[],"class_list":["post-158287","post","type-post","status-publish","format-standard","has-post-thumbnail","hentry","category-noticias"],"yoast_head":"<!-- This site is optimized with the Yoast SEO plugin v27.5 - https:\/\/yoast.com\/product\/yoast-seo-wordpress\/ -->\n<title>Inauguran en La Paz el Foro Estatal de Cambio Clim\u00e1tico 2025 - NBCS Noticias<\/title>\n<meta name=\"robots\" content=\"index, follow, max-snippet:-1, max-image-preview:large, max-video-preview:-1\" \/>\n<link rel=\"canonical\" href=\"https:\/\/nbcs.mx\/?p=158287\" \/>\n<meta property=\"og:locale\" content=\"es_ES\" \/>\n<meta property=\"og:type\" content=\"article\" \/>\n<meta property=\"og:title\" content=\"Inauguran en La Paz el Foro Estatal de Cambio Clim\u00e1tico 2025 - NBCS Noticias\" \/>\n<meta property=\"og:description\" content=\"Con el objetivo de fortalecer la acci\u00f3n clim\u00e1tica en Baja California Sur y promover un enfoque de justicia social en\" \/>\n<meta property=\"og:url\" content=\"https:\/\/nbcs.mx\/?p=158287\" \/>\n<meta property=\"og:site_name\" content=\"NBCS Noticias\" \/>\n<meta property=\"article:publisher\" content=\"https:\/\/www.facebook.com\/NBCSnoticias\" \/>\n<meta property=\"article:author\" content=\"https:\/\/www.facebook.com\/NBCSnoticias\" \/>\n<meta property=\"article:published_time\" content=\"2025-11-21T00:27:56+00:00\" \/>\n<meta property=\"og:image\" content=\"https:\/\/nbcs.mx\/wp-content\/uploads\/2025\/11\/FOTO-BOLETIN-SEPUIMM-INAUGURAN-scaled.jpg\" \/>\n\t<meta property=\"og:image:width\" content=\"2560\" \/>\n\t<meta property=\"og:image:height\" content=\"1704\" \/>\n\t<meta property=\"og:image:type\" content=\"image\/jpeg\" \/>\n<meta name=\"author\" content=\"NBCS Noticias\" \/>\n<meta name=\"twitter:card\" content=\"summary_large_image\" \/>\n<meta name=\"twitter:creator\" content=\"@https:\/\/twitter.com\/NBCSnoticias\" \/>\n<meta name=\"twitter:site\" content=\"@NBCSnoticias\" \/>\n<meta name=\"twitter:label1\" content=\"Escrito por\" \/>\n\t<meta name=\"twitter:data1\" content=\"NBCS Noticias\" \/>\n\t<meta name=\"twitter:label2\" content=\"Tiempo de lectura\" \/>\n\t<meta name=\"twitter:data2\" content=\"2 minutos\" \/>\n<script type=\"application\/ld+json\" class=\"yoast-schema-graph\">{\"@context\":\"https:\\\/\\\/schema.org\",\"@graph\":[{\"@type\":\"Article\",\"@id\":\"https:\\\/\\\/nbcs.mx\\\/?p=158287#article\",\"isPartOf\":{\"@id\":\"https:\\\/\\\/nbcs.mx\\\/?p=158287\"},\"author\":{\"name\":\"NBCS Noticias\",\"@id\":\"https:\\\/\\\/nbcs.mx\\\/#\\\/schema\\\/person\\\/ece58bab9a7c1e87a4d28ec9ecd79ff4\"},\"headline\":\"Inauguran en La Paz el Foro Estatal de Cambio Clim\u00e1tico 2025\",\"datePublished\":\"2025-11-21T00:27:56+00:00\",\"mainEntityOfPage\":{\"@id\":\"https:\\\/\\\/nbcs.mx\\\/?p=158287\"},\"wordCount\":349,\"commentCount\":0,\"publisher\":{\"@id\":\"https:\\\/\\\/nbcs.mx\\\/#organization\"},\"image\":{\"@id\":\"https:\\\/\\\/nbcs.mx\\\/?p=158287#primaryimage\"},\"thumbnailUrl\":\"https:\\\/\\\/nbcs.mx\\\/wp-content\\\/uploads\\\/2025\\\/11\\\/FOTO-BOLETIN-SEPUIMM-INAUGURAN-scaled.jpg\",\"articleSection\":[\"Noticias\"],\"inLanguage\":\"es\",\"potentialAction\":[{\"@type\":\"CommentAction\",\"name\":\"Comment\",\"target\":[\"https:\\\/\\\/nbcs.mx\\\/?p=158287#respond\"]}]},{\"@type\":\"WebPage\",\"@id\":\"https:\\\/\\\/nbcs.mx\\\/?p=158287\",\"url\":\"https:\\\/\\\/nbcs.mx\\\/?p=158287\",\"name\":\"Inauguran en La Paz el Foro Estatal de Cambio Clim\u00e1tico 2025 - NBCS Noticias\",\"isPartOf\":{\"@id\":\"https:\\\/\\\/nbcs.mx\\\/#website\"},\"primaryImageOfPage\":{\"@id\":\"https:\\\/\\\/nbcs.mx\\\/?p=158287#primaryimage\"},\"image\":{\"@id\":\"https:\\\/\\\/nbcs.mx\\\/?p=158287#primaryimage\"},\"thumbnailUrl\":\"https:\\\/\\\/nbcs.mx\\\/wp-content\\\/uploads\\\/2025\\\/11\\\/FOTO-BOLETIN-SEPUIMM-INAUGURAN-scaled.jpg\",\"datePublished\":\"2025-11-21T00:27:56+00:00\",\"breadcrumb\":{\"@id\":\"https:\\\/\\\/nbcs.mx\\\/?p=158287#breadcrumb\"},\"inLanguage\":\"es\",\"potentialAction\":[{\"@type\":\"ReadAction\",\"target\":[\"https:\\\/\\\/nbcs.mx\\\/?p=158287\"]}]},{\"@type\":\"ImageObject\",\"inLanguage\":\"es\",\"@id\":\"https:\\\/\\\/nbcs.mx\\\/?p=158287#primaryimage\",\"url\":\"https:\\\/\\\/nbcs.mx\\\/wp-content\\\/uploads\\\/2025\\\/11\\\/FOTO-BOLETIN-SEPUIMM-INAUGURAN-scaled.jpg\",\"contentUrl\":\"https:\\\/\\\/nbcs.mx\\\/wp-content\\\/uploads\\\/2025\\\/11\\\/FOTO-BOLETIN-SEPUIMM-INAUGURAN-scaled.jpg\",\"width\":2560,\"height\":1704},{\"@type\":\"BreadcrumbList\",\"@id\":\"https:\\\/\\\/nbcs.mx\\\/?p=158287#breadcrumb\",\"itemListElement\":[{\"@type\":\"ListItem\",\"position\":1,\"name\":\"Portada\",\"item\":\"https:\\\/\\\/nbcs.mx\\\/\"},{\"@type\":\"ListItem\",\"position\":2,\"name\":\"Inauguran en La Paz el Foro Estatal de Cambio Clim\u00e1tico 2025\"}]},{\"@type\":\"WebSite\",\"@id\":\"https:\\\/\\\/nbcs.mx\\\/#website\",\"url\":\"https:\\\/\\\/nbcs.mx\\\/\",\"name\":\"NBCS Noticias\",\"description\":\"Sitio web de noticias en Baja California Sur\",\"publisher\":{\"@id\":\"https:\\\/\\\/nbcs.mx\\\/#organization\"},\"potentialAction\":[{\"@type\":\"SearchAction\",\"target\":{\"@type\":\"EntryPoint\",\"urlTemplate\":\"https:\\\/\\\/nbcs.mx\\\/?s={search_term_string}\"},\"query-input\":{\"@type\":\"PropertyValueSpecification\",\"valueRequired\":true,\"valueName\":\"search_term_string\"}}],\"inLanguage\":\"es\"},{\"@type\":\"Organization\",\"@id\":\"https:\\\/\\\/nbcs.mx\\\/#organization\",\"name\":\"NBCS Noticias\",\"url\":\"https:\\\/\\\/nbcs.mx\\\/\",\"logo\":{\"@type\":\"ImageObject\",\"inLanguage\":\"es\",\"@id\":\"https:\\\/\\\/nbcs.mx\\\/#\\\/schema\\\/logo\\\/image\\\/\",\"url\":\"https:\\\/\\\/nbcs.mx\\\/wp-content\\\/uploads\\\/2018\\\/09\\\/057b69485e93575a5c2b1c1dde2dd297.jpeg\",\"contentUrl\":\"https:\\\/\\\/nbcs.mx\\\/wp-content\\\/uploads\\\/2018\\\/09\\\/057b69485e93575a5c2b1c1dde2dd297.jpeg\",\"width\":64,\"height\":64,\"caption\":\"NBCS Noticias\"},\"image\":{\"@id\":\"https:\\\/\\\/nbcs.mx\\\/#\\\/schema\\\/logo\\\/image\\\/\"},\"sameAs\":[\"https:\\\/\\\/www.facebook.com\\\/NBCSnoticias\",\"https:\\\/\\\/x.com\\\/NBCSnoticias\"]},{\"@type\":\"Person\",\"@id\":\"https:\\\/\\\/nbcs.mx\\\/#\\\/schema\\\/person\\\/ece58bab9a7c1e87a4d28ec9ecd79ff4\",\"name\":\"NBCS Noticias\",\"image\":{\"@type\":\"ImageObject\",\"inLanguage\":\"es\",\"@id\":\"https:\\\/\\\/secure.gravatar.com\\\/avatar\\\/4e52110cad1c4054b43271a0d14bbe9e2ea76aecd0e1097edfc670798d9ca1d4?s=96&d=blank&r=g\",\"url\":\"https:\\\/\\\/secure.gravatar.com\\\/avatar\\\/4e52110cad1c4054b43271a0d14bbe9e2ea76aecd0e1097edfc670798d9ca1d4?s=96&d=blank&r=g\",\"contentUrl\":\"https:\\\/\\\/secure.gravatar.com\\\/avatar\\\/4e52110cad1c4054b43271a0d14bbe9e2ea76aecd0e1097edfc670798d9ca1d4?s=96&d=blank&r=g\",\"caption\":\"NBCS Noticias\"},\"description\":\"\u00bfTienes fotos o video de alg\u00fan acto de posible negligencia, corrupci\u00f3n y abuso de autoridad? M\u00e1ndalo al WhatsApp de NBCS Noticias: 612 141 98 08\",\"sameAs\":[\"https:\\\/\\\/www.nbcs.mx\",\"https:\\\/\\\/www.facebook.com\\\/NBCSnoticias\",\"https:\\\/\\\/www.instagram.com\\\/nbcsnoticias\\\/\",\"https:\\\/\\\/x.com\\\/https:\\\/\\\/twitter.com\\\/NBCSnoticias\"]}]}<\/script>\n<!-- \/ Yoast SEO plugin. -->","yoast_head_json":{"title":"Inauguran en La Paz el Foro Estatal de Cambio Clim\u00e1tico 2025 - NBCS Noticias","robots":{"index":"index","follow":"follow","max-snippet":"max-snippet:-1","max-image-preview":"max-image-preview:large","max-video-preview":"max-video-preview:-1"},"canonical":"https:\/\/nbcs.mx\/?p=158287","og_locale":"es_ES","og_type":"article","og_title":"Inauguran en La Paz el Foro Estatal de Cambio Clim\u00e1tico 2025 - NBCS Noticias","og_description":"Con el objetivo de fortalecer la acci\u00f3n clim\u00e1tica en Baja California Sur y promover un enfoque de justicia social en","og_url":"https:\/\/nbcs.mx\/?p=158287","og_site_name":"NBCS Noticias","article_publisher":"https:\/\/www.facebook.com\/NBCSnoticias","article_author":"https:\/\/www.facebook.com\/NBCSnoticias","article_published_time":"2025-11-21T00:27:56+00:00","og_image":[{"width":2560,"height":1704,"url":"https:\/\/nbcs.mx\/wp-content\/uploads\/2025\/11\/FOTO-BOLETIN-SEPUIMM-INAUGURAN-scaled.jpg","type":"image\/jpeg"}],"author":"NBCS Noticias","twitter_card":"summary_large_image","twitter_creator":"@https:\/\/twitter.com\/NBCSnoticias","twitter_site":"@NBCSnoticias","twitter_misc":{"Escrito por":"NBCS Noticias","Tiempo de lectura":"2 minutos"},"schema":{"@context":"https:\/\/schema.org","@graph":[{"@type":"Article","@id":"https:\/\/nbcs.mx\/?p=158287#article","isPartOf":{"@id":"https:\/\/nbcs.mx\/?p=158287"},"author":{"name":"NBCS Noticias","@id":"https:\/\/nbcs.mx\/#\/schema\/person\/ece58bab9a7c1e87a4d28ec9ecd79ff4"},"headline":"Inauguran en La Paz el Foro Estatal de Cambio Clim\u00e1tico 2025","datePublished":"2025-11-21T00:27:56+00:00","mainEntityOfPage":{"@id":"https:\/\/nbcs.mx\/?p=158287"},"wordCount":349,"commentCount":0,"publisher":{"@id":"https:\/\/nbcs.mx\/#organization"},"image":{"@id":"https:\/\/nbcs.mx\/?p=158287#primaryimage"},"thumbnailUrl":"https:\/\/nbcs.mx\/wp-content\/uploads\/2025\/11\/FOTO-BOLETIN-SEPUIMM-INAUGURAN-scaled.jpg","articleSection":["Noticias"],"inLanguage":"es","potentialAction":[{"@type":"CommentAction","name":"Comment","target":["https:\/\/nbcs.mx\/?p=158287#respond"]}]},{"@type":"WebPage","@id":"https:\/\/nbcs.mx\/?p=158287","url":"https:\/\/nbcs.mx\/?p=158287","name":"Inauguran en La Paz el Foro Estatal de Cambio Clim\u00e1tico 2025 - NBCS Noticias","isPartOf":{"@id":"https:\/\/nbcs.mx\/#website"},"primaryImageOfPage":{"@id":"https:\/\/nbcs.mx\/?p=158287#primaryimage"},"image":{"@id":"https:\/\/nbcs.mx\/?p=158287#primaryimage"},"thumbnailUrl":"https:\/\/nbcs.mx\/wp-content\/uploads\/2025\/11\/FOTO-BOLETIN-SEPUIMM-INAUGURAN-scaled.jpg","datePublished":"2025-11-21T00:27:56+00:00","breadcrumb":{"@id":"https:\/\/nbcs.mx\/?p=158287#breadcrumb"},"inLanguage":"es","potentialAction":[{"@type":"ReadAction","target":["https:\/\/nbcs.mx\/?p=158287"]}]},{"@type":"ImageObject","inLanguage":"es","@id":"https:\/\/nbcs.mx\/?p=158287#primaryimage","url":"https:\/\/nbcs.mx\/wp-content\/uploads\/2025\/11\/FOTO-BOLETIN-SEPUIMM-INAUGURAN-scaled.jpg","contentUrl":"https:\/\/nbcs.mx\/wp-content\/uploads\/2025\/11\/FOTO-BOLETIN-SEPUIMM-INAUGURAN-scaled.jpg","width":2560,"height":1704},{"@type":"BreadcrumbList","@id":"https:\/\/nbcs.mx\/?p=158287#breadcrumb","itemListElement":[{"@type":"ListItem","position":1,"name":"Portada","item":"https:\/\/nbcs.mx\/"},{"@type":"ListItem","position":2,"name":"Inauguran en La Paz el Foro Estatal de Cambio Clim\u00e1tico 2025"}]},{"@type":"WebSite","@id":"https:\/\/nbcs.mx\/#website","url":"https:\/\/nbcs.mx\/","name":"NBCS Noticias","description":"Sitio web de noticias en Baja California Sur","publisher":{"@id":"https:\/\/nbcs.mx\/#organization"},"potentialAction":[{"@type":"SearchAction","target":{"@type":"EntryPoint","urlTemplate":"https:\/\/nbcs.mx\/?s={search_term_string}"},"query-input":{"@type":"PropertyValueSpecification","valueRequired":true,"valueName":"search_term_string"}}],"inLanguage":"es"},{"@type":"Organization","@id":"https:\/\/nbcs.mx\/#organization","name":"NBCS Noticias","url":"https:\/\/nbcs.mx\/","logo":{"@type":"ImageObject","inLanguage":"es","@id":"https:\/\/nbcs.mx\/#\/schema\/logo\/image\/","url":"https:\/\/nbcs.mx\/wp-content\/uploads\/2018\/09\/057b69485e93575a5c2b1c1dde2dd297.jpeg","contentUrl":"https:\/\/nbcs.mx\/wp-content\/uploads\/2018\/09\/057b69485e93575a5c2b1c1dde2dd297.jpeg","width":64,"height":64,"caption":"NBCS Noticias"},"image":{"@id":"https:\/\/nbcs.mx\/#\/schema\/logo\/image\/"},"sameAs":["https:\/\/www.facebook.com\/NBCSnoticias","https:\/\/x.com\/NBCSnoticias"]},{"@type":"Person","@id":"https:\/\/nbcs.mx\/#\/schema\/person\/ece58bab9a7c1e87a4d28ec9ecd79ff4","name":"NBCS Noticias","image":{"@type":"ImageObject","inLanguage":"es","@id":"https:\/\/secure.gravatar.com\/avatar\/4e52110cad1c4054b43271a0d14bbe9e2ea76aecd0e1097edfc670798d9ca1d4?s=96&d=blank&r=g","url":"https:\/\/secure.gravatar.com\/avatar\/4e52110cad1c4054b43271a0d14bbe9e2ea76aecd0e1097edfc670798d9ca1d4?s=96&d=blank&r=g","contentUrl":"https:\/\/secure.gravatar.com\/avatar\/4e52110cad1c4054b43271a0d14bbe9e2ea76aecd0e1097edfc670798d9ca1d4?s=96&d=blank&r=g","caption":"NBCS Noticias"},"description":"\u00bfTienes fotos o video de alg\u00fan acto de posible negligencia, corrupci\u00f3n y abuso de autoridad? M\u00e1ndalo al WhatsApp de NBCS Noticias: 612 141 98 08","sameAs":["https:\/\/www.nbcs.mx","https:\/\/www.facebook.com\/NBCSnoticias","https:\/\/www.instagram.com\/nbcsnoticias\/","https:\/\/x.com\/https:\/\/twitter.com\/NBCSnoticias"]}]}},"jetpack_publicize_connections":[],"jetpack_featured_media_url":"https:\/\/nbcs.mx\/wp-content\/uploads\/2025\/11\/FOTO-BOLETIN-SEPUIMM-INAUGURAN-scaled.jpg","jetpack_sharing_enabled":true,"_links":{"self":[{"href":"https:\/\/nbcs.mx\/index.php?rest_route=\/wp\/v2\/posts\/158287","targetHints":{"allow":["GET"]}}],"collection":[{"href":"https:\/\/nbcs.mx\/index.php?rest_route=\/wp\/v2\/posts"}],"about":[{"href":"https:\/\/nbcs.mx\/index.php?rest_route=\/wp\/v2\/types\/post"}],"author":[{"embeddable":true,"href":"https:\/\/nbcs.mx\/index.php?rest_route=\/wp\/v2\/users\/1"}],"replies":[{"embeddable":true,"href":"https:\/\/nbcs.mx\/index.php?rest_route=%2Fwp%2Fv2%2Fcomments&post=158287"}],"version-history":[{"count":1,"href":"https:\/\/nbcs.mx\/index.php?rest_route=\/wp\/v2\/posts\/158287\/revisions"}],"predecessor-version":[{"id":158289,"href":"https:\/\/nbcs.mx\/index.php?rest_route=\/wp\/v2\/posts\/158287\/revisions\/158289"}],"wp:featuredmedia":[{"embeddable":true,"href":"https:\/\/nbcs.mx\/index.php?rest_route=\/wp\/v2\/media\/158288"}],"wp:attachment":[{"href":"https:\/\/nbcs.mx\/index.php?rest_route=%2Fwp%2Fv2%2Fmedia&parent=158287"}],"wp:term":[{"taxonomy":"category","embeddable":true,"href":"https:\/\/nbcs.mx\/index.php?rest_route=%2Fwp%2Fv2%2Fcategories&post=158287"},{"taxonomy":"post_tag","embeddable":true,"href":"https:\/\/nbcs.mx\/index.php?rest_route=%2Fwp%2Fv2%2Ftags&post=158287"}],"curies":[{"name":"wp","href":"https:\/\/api.w.org\/{rel}","templated":true}]}}