{"id":158313,"date":"2025-11-21T13:31:01","date_gmt":"2025-11-21T20:31:01","guid":{"rendered":"https:\/\/nbcs.mx\/?p=158313"},"modified":"2025-11-21T13:31:01","modified_gmt":"2025-11-21T20:31:01","slug":"buro-politico-la-revolucion-de-las-conciencias","status":"publish","type":"post","link":"https:\/\/nbcs.mx\/?p=158313","title":{"rendered":"BUR\u00d3 POL\u00cdTICO\/ \u201cLA REVOLUCI\u00d3N DE LAS CONCIENCIAS\u201d"},"content":{"rendered":"<p dir=\"auto\" style=\"text-align: justify;\"><img loading=\"lazy\" decoding=\"async\" class=\" wp-image-158314 alignleft\" src=\"https:\/\/nbcs.mx\/wp-content\/uploads\/2025\/11\/Imagen-JPEG-42BA-9FFB-19-0-755x423.jpeg\" alt=\"\" width=\"391\" height=\"219\" srcset=\"https:\/\/nbcs.mx\/wp-content\/uploads\/2025\/11\/Imagen-JPEG-42BA-9FFB-19-0-755x423.jpeg 755w, https:\/\/nbcs.mx\/wp-content\/uploads\/2025\/11\/Imagen-JPEG-42BA-9FFB-19-0-1024x574.jpeg 1024w, https:\/\/nbcs.mx\/wp-content\/uploads\/2025\/11\/Imagen-JPEG-42BA-9FFB-19-0-150x84.jpeg 150w, https:\/\/nbcs.mx\/wp-content\/uploads\/2025\/11\/Imagen-JPEG-42BA-9FFB-19-0-768x430.jpeg 768w, https:\/\/nbcs.mx\/wp-content\/uploads\/2025\/11\/Imagen-JPEG-42BA-9FFB-19-0.jpeg 1280w\" sizes=\"auto, (max-width: 391px) 100vw, 391px\" \/>POR ARIEL VILCHIS<\/p>\n<p dir=\"auto\" style=\"text-align: justify;\">M\u00e1s all\u00e1 de esl\u00f3ganes vac\u00edos o campa\u00f1as de marketing, hoy por hoy la pol\u00edtica requiere de una comunicaci\u00f3n que ofrezca sentido, coherencia y una narrativa que muestre la esencia de un proyecto.<\/p>\n<p dir=\"auto\" style=\"text-align: justify;\">En ese sentido, el discurso pronunciado por Luis Alberto Cese\u00f1a Romero en el marco de un aniversario m\u00e1s de la Revoluci\u00f3n Mexicana, logr\u00f3 conectar con la historia, la \u00e9tica y la esperanza. Su intervenci\u00f3n como orador oficial en el acto conmemorativo no solo fue un alegato contra el pasado neoliberal, sino un intento de construir un relato que vincule la memoria colectiva con la posibilidad de un futuro distinto.<\/p>\n<p dir=\"auto\" style=\"text-align: justify;\">Luis Alberto Cese\u00f1a no es un improvisado de la pol\u00edtica, tiene trayectoria marcada por el contacto directo con la gente, con quienes m\u00e1s necesitan, y esa experiencia le otorga un tono distinto, una voz que representa un puente entre la esencia de lo que es la cuarta transformaci\u00f3n y las necesidades de inclusi\u00f3n y justicia en Baja California Sur.<\/p>\n<p dir=\"auto\" style=\"text-align: justify;\">Por eso, su discurso quedar\u00e1 marcado en la memoria de la gente pues no se concentr\u00f3 en resultados de programas sociales o cifras macroecon\u00f3micas, su apuesta fue m\u00e1s ambiciosa, propuso una revoluci\u00f3n de las conciencias, sin duda un concepto que busca trascender la coyuntura electoral y convertirse en un proyecto cultural y pol\u00edtico de largo alcance.<\/p>\n<p dir=\"auto\" style=\"text-align: justify;\">De tal manera que, al enfrentar el reto de consolidar la visi\u00f3n de Morena en BCS, la figura de Luis Alberto Cese\u00f1a emerge como un activo electoral estrat\u00e9gico con un discurso que conecta con las bases populares, denuncia los abusos del viejo r\u00e9gimen y reivindica la justicia social. Construyendo un relato que combina la cr\u00edtica con la propuesta, su mensaje fue claro: quien vote por el pasado, vota por el fracaso; quien apueste por la transformaci\u00f3n, apuesta por el futuro.<\/p>\n<p dir=\"auto\" style=\"text-align: justify;\">Pensando en un escenario futuro, el siguiente pelda\u00f1o en la carrera de Luis Alberto Cese\u00f1a est\u00e1 puesto en el Congreso Local, donde Morena tendr\u00e1 el reto de consolidar una mayor\u00eda estable, en ese sentido, el Director del DIF Estatal podr\u00eda ser un perfil legislativo atractivo.<\/p>\n<p style=\"text-align: justify;\">Ya veremos qu\u00e9 sucede, es mi opini\u00f3n, al tiempo\u2026<\/p>\n","protected":false},"excerpt":{"rendered":"<p>POR ARIEL VILCHIS M\u00e1s all\u00e1 de esl\u00f3ganes vac\u00edos o campa\u00f1as de marketing, hoy por hoy la pol\u00edtica requiere de una<\/p>\n","protected":false},"author":1,"featured_media":158314,"comment_status":"open","ping_status":"closed","sticky":false,"template":"","format":"standard","meta":{"colormag_page_container_layout":"default_layout","colormag_page_sidebar_layout":"default_layout","_jetpack_memberships_contains_paid_content":false,"footnotes":"","jetpack_publicize_message":"","jetpack_publicize_feature_enabled":true,"jetpack_social_post_already_shared":true,"jetpack_social_options":{"image_generator_settings":{"template":"highway","default_image_id":0,"font":"","enabled":false},"version":2}},"categories":[41],"tags":[],"class_list":["post-158313","post","type-post","status-publish","format-standard","has-post-thumbnail","hentry","category-las-columnas"],"yoast_head":"<!-- This site is optimized with the Yoast SEO plugin v27.4 - https:\/\/yoast.com\/product\/yoast-seo-wordpress\/ -->\n<title>BUR\u00d3 POL\u00cdTICO\/ \u201cLA REVOLUCI\u00d3N DE LAS CONCIENCIAS\u201d - NBCS Noticias<\/title>\n<meta name=\"robots\" content=\"index, follow, max-snippet:-1, max-image-preview:large, max-video-preview:-1\" \/>\n<link rel=\"canonical\" href=\"https:\/\/nbcs.mx\/?p=158313\" \/>\n<meta property=\"og:locale\" content=\"es_ES\" \/>\n<meta property=\"og:type\" content=\"article\" \/>\n<meta property=\"og:title\" content=\"BUR\u00d3 POL\u00cdTICO\/ \u201cLA REVOLUCI\u00d3N DE LAS CONCIENCIAS\u201d - NBCS Noticias\" \/>\n<meta property=\"og:description\" content=\"POR ARIEL VILCHIS M\u00e1s all\u00e1 de esl\u00f3ganes vac\u00edos o campa\u00f1as de marketing, hoy por hoy la pol\u00edtica requiere de una\" \/>\n<meta property=\"og:url\" content=\"https:\/\/nbcs.mx\/?p=158313\" \/>\n<meta property=\"og:site_name\" content=\"NBCS Noticias\" \/>\n<meta property=\"article:publisher\" content=\"https:\/\/www.facebook.com\/NBCSnoticias\" \/>\n<meta property=\"article:author\" content=\"https:\/\/www.facebook.com\/NBCSnoticias\" \/>\n<meta property=\"article:published_time\" content=\"2025-11-21T20:31:01+00:00\" \/>\n<meta property=\"og:image\" content=\"https:\/\/nbcs.mx\/wp-content\/uploads\/2025\/11\/Imagen-JPEG-42BA-9FFB-19-0.jpeg\" \/>\n\t<meta property=\"og:image:width\" content=\"1280\" \/>\n\t<meta property=\"og:image:height\" content=\"717\" \/>\n\t<meta property=\"og:image:type\" content=\"image\/jpeg\" \/>\n<meta name=\"author\" content=\"NBCS Noticias\" \/>\n<meta name=\"twitter:card\" content=\"summary_large_image\" \/>\n<meta name=\"twitter:creator\" content=\"@https:\/\/twitter.com\/NBCSnoticias\" \/>\n<meta name=\"twitter:site\" content=\"@NBCSnoticias\" \/>\n<meta name=\"twitter:label1\" content=\"Escrito por\" \/>\n\t<meta name=\"twitter:data1\" content=\"NBCS Noticias\" \/>\n\t<meta name=\"twitter:label2\" content=\"Tiempo de lectura\" \/>\n\t<meta name=\"twitter:data2\" content=\"3 minutos\" \/>\n<script type=\"application\/ld+json\" class=\"yoast-schema-graph\">{\"@context\":\"https:\\\/\\\/schema.org\",\"@graph\":[{\"@type\":\"Article\",\"@id\":\"https:\\\/\\\/nbcs.mx\\\/?p=158313#article\",\"isPartOf\":{\"@id\":\"https:\\\/\\\/nbcs.mx\\\/?p=158313\"},\"author\":{\"name\":\"NBCS Noticias\",\"@id\":\"https:\\\/\\\/nbcs.mx\\\/#\\\/schema\\\/person\\\/ece58bab9a7c1e87a4d28ec9ecd79ff4\"},\"headline\":\"BUR\u00d3 POL\u00cdTICO\\\/ \u201cLA REVOLUCI\u00d3N DE LAS CONCIENCIAS\u201d\",\"datePublished\":\"2025-11-21T20:31:01+00:00\",\"mainEntityOfPage\":{\"@id\":\"https:\\\/\\\/nbcs.mx\\\/?p=158313\"},\"wordCount\":392,\"commentCount\":0,\"publisher\":{\"@id\":\"https:\\\/\\\/nbcs.mx\\\/#organization\"},\"image\":{\"@id\":\"https:\\\/\\\/nbcs.mx\\\/?p=158313#primaryimage\"},\"thumbnailUrl\":\"https:\\\/\\\/nbcs.mx\\\/wp-content\\\/uploads\\\/2025\\\/11\\\/Imagen-JPEG-42BA-9FFB-19-0.jpeg\",\"articleSection\":[\"Las Columnas\"],\"inLanguage\":\"es\",\"potentialAction\":[{\"@type\":\"CommentAction\",\"name\":\"Comment\",\"target\":[\"https:\\\/\\\/nbcs.mx\\\/?p=158313#respond\"]}]},{\"@type\":\"WebPage\",\"@id\":\"https:\\\/\\\/nbcs.mx\\\/?p=158313\",\"url\":\"https:\\\/\\\/nbcs.mx\\\/?p=158313\",\"name\":\"BUR\u00d3 POL\u00cdTICO\\\/ \u201cLA REVOLUCI\u00d3N DE LAS CONCIENCIAS\u201d - NBCS Noticias\",\"isPartOf\":{\"@id\":\"https:\\\/\\\/nbcs.mx\\\/#website\"},\"primaryImageOfPage\":{\"@id\":\"https:\\\/\\\/nbcs.mx\\\/?p=158313#primaryimage\"},\"image\":{\"@id\":\"https:\\\/\\\/nbcs.mx\\\/?p=158313#primaryimage\"},\"thumbnailUrl\":\"https:\\\/\\\/nbcs.mx\\\/wp-content\\\/uploads\\\/2025\\\/11\\\/Imagen-JPEG-42BA-9FFB-19-0.jpeg\",\"datePublished\":\"2025-11-21T20:31:01+00:00\",\"breadcrumb\":{\"@id\":\"https:\\\/\\\/nbcs.mx\\\/?p=158313#breadcrumb\"},\"inLanguage\":\"es\",\"potentialAction\":[{\"@type\":\"ReadAction\",\"target\":[\"https:\\\/\\\/nbcs.mx\\\/?p=158313\"]}]},{\"@type\":\"ImageObject\",\"inLanguage\":\"es\",\"@id\":\"https:\\\/\\\/nbcs.mx\\\/?p=158313#primaryimage\",\"url\":\"https:\\\/\\\/nbcs.mx\\\/wp-content\\\/uploads\\\/2025\\\/11\\\/Imagen-JPEG-42BA-9FFB-19-0.jpeg\",\"contentUrl\":\"https:\\\/\\\/nbcs.mx\\\/wp-content\\\/uploads\\\/2025\\\/11\\\/Imagen-JPEG-42BA-9FFB-19-0.jpeg\",\"width\":1280,\"height\":717},{\"@type\":\"BreadcrumbList\",\"@id\":\"https:\\\/\\\/nbcs.mx\\\/?p=158313#breadcrumb\",\"itemListElement\":[{\"@type\":\"ListItem\",\"position\":1,\"name\":\"Portada\",\"item\":\"https:\\\/\\\/nbcs.mx\\\/\"},{\"@type\":\"ListItem\",\"position\":2,\"name\":\"BUR\u00d3 POL\u00cdTICO\\\/ \u201cLA REVOLUCI\u00d3N DE LAS CONCIENCIAS\u201d\"}]},{\"@type\":\"WebSite\",\"@id\":\"https:\\\/\\\/nbcs.mx\\\/#website\",\"url\":\"https:\\\/\\\/nbcs.mx\\\/\",\"name\":\"NBCS Noticias\",\"description\":\"Sitio web de noticias en Baja California Sur\",\"publisher\":{\"@id\":\"https:\\\/\\\/nbcs.mx\\\/#organization\"},\"potentialAction\":[{\"@type\":\"SearchAction\",\"target\":{\"@type\":\"EntryPoint\",\"urlTemplate\":\"https:\\\/\\\/nbcs.mx\\\/?s={search_term_string}\"},\"query-input\":{\"@type\":\"PropertyValueSpecification\",\"valueRequired\":true,\"valueName\":\"search_term_string\"}}],\"inLanguage\":\"es\"},{\"@type\":\"Organization\",\"@id\":\"https:\\\/\\\/nbcs.mx\\\/#organization\",\"name\":\"NBCS Noticias\",\"url\":\"https:\\\/\\\/nbcs.mx\\\/\",\"logo\":{\"@type\":\"ImageObject\",\"inLanguage\":\"es\",\"@id\":\"https:\\\/\\\/nbcs.mx\\\/#\\\/schema\\\/logo\\\/image\\\/\",\"url\":\"https:\\\/\\\/nbcs.mx\\\/wp-content\\\/uploads\\\/2018\\\/09\\\/057b69485e93575a5c2b1c1dde2dd297.jpeg\",\"contentUrl\":\"https:\\\/\\\/nbcs.mx\\\/wp-content\\\/uploads\\\/2018\\\/09\\\/057b69485e93575a5c2b1c1dde2dd297.jpeg\",\"width\":64,\"height\":64,\"caption\":\"NBCS Noticias\"},\"image\":{\"@id\":\"https:\\\/\\\/nbcs.mx\\\/#\\\/schema\\\/logo\\\/image\\\/\"},\"sameAs\":[\"https:\\\/\\\/www.facebook.com\\\/NBCSnoticias\",\"https:\\\/\\\/x.com\\\/NBCSnoticias\"]},{\"@type\":\"Person\",\"@id\":\"https:\\\/\\\/nbcs.mx\\\/#\\\/schema\\\/person\\\/ece58bab9a7c1e87a4d28ec9ecd79ff4\",\"name\":\"NBCS Noticias\",\"image\":{\"@type\":\"ImageObject\",\"inLanguage\":\"es\",\"@id\":\"https:\\\/\\\/secure.gravatar.com\\\/avatar\\\/4e52110cad1c4054b43271a0d14bbe9e2ea76aecd0e1097edfc670798d9ca1d4?s=96&d=blank&r=g\",\"url\":\"https:\\\/\\\/secure.gravatar.com\\\/avatar\\\/4e52110cad1c4054b43271a0d14bbe9e2ea76aecd0e1097edfc670798d9ca1d4?s=96&d=blank&r=g\",\"contentUrl\":\"https:\\\/\\\/secure.gravatar.com\\\/avatar\\\/4e52110cad1c4054b43271a0d14bbe9e2ea76aecd0e1097edfc670798d9ca1d4?s=96&d=blank&r=g\",\"caption\":\"NBCS Noticias\"},\"description\":\"\u00bfTienes fotos o video de alg\u00fan acto de posible negligencia, corrupci\u00f3n y abuso de autoridad? M\u00e1ndalo al WhatsApp de NBCS Noticias: 612 141 98 08\",\"sameAs\":[\"https:\\\/\\\/www.nbcs.mx\",\"https:\\\/\\\/www.facebook.com\\\/NBCSnoticias\",\"https:\\\/\\\/www.instagram.com\\\/nbcsnoticias\\\/\",\"https:\\\/\\\/x.com\\\/https:\\\/\\\/twitter.com\\\/NBCSnoticias\"]}]}<\/script>\n<!-- \/ Yoast SEO plugin. -->","yoast_head_json":{"title":"BUR\u00d3 POL\u00cdTICO\/ \u201cLA REVOLUCI\u00d3N DE LAS CONCIENCIAS\u201d - NBCS Noticias","robots":{"index":"index","follow":"follow","max-snippet":"max-snippet:-1","max-image-preview":"max-image-preview:large","max-video-preview":"max-video-preview:-1"},"canonical":"https:\/\/nbcs.mx\/?p=158313","og_locale":"es_ES","og_type":"article","og_title":"BUR\u00d3 POL\u00cdTICO\/ \u201cLA REVOLUCI\u00d3N DE LAS CONCIENCIAS\u201d - NBCS Noticias","og_description":"POR ARIEL VILCHIS M\u00e1s all\u00e1 de esl\u00f3ganes vac\u00edos o campa\u00f1as de marketing, hoy por hoy la pol\u00edtica requiere de una","og_url":"https:\/\/nbcs.mx\/?p=158313","og_site_name":"NBCS Noticias","article_publisher":"https:\/\/www.facebook.com\/NBCSnoticias","article_author":"https:\/\/www.facebook.com\/NBCSnoticias","article_published_time":"2025-11-21T20:31:01+00:00","og_image":[{"width":1280,"height":717,"url":"https:\/\/nbcs.mx\/wp-content\/uploads\/2025\/11\/Imagen-JPEG-42BA-9FFB-19-0.jpeg","type":"image\/jpeg"}],"author":"NBCS Noticias","twitter_card":"summary_large_image","twitter_creator":"@https:\/\/twitter.com\/NBCSnoticias","twitter_site":"@NBCSnoticias","twitter_misc":{"Escrito por":"NBCS Noticias","Tiempo de lectura":"3 minutos"},"schema":{"@context":"https:\/\/schema.org","@graph":[{"@type":"Article","@id":"https:\/\/nbcs.mx\/?p=158313#article","isPartOf":{"@id":"https:\/\/nbcs.mx\/?p=158313"},"author":{"name":"NBCS Noticias","@id":"https:\/\/nbcs.mx\/#\/schema\/person\/ece58bab9a7c1e87a4d28ec9ecd79ff4"},"headline":"BUR\u00d3 POL\u00cdTICO\/ \u201cLA REVOLUCI\u00d3N DE LAS CONCIENCIAS\u201d","datePublished":"2025-11-21T20:31:01+00:00","mainEntityOfPage":{"@id":"https:\/\/nbcs.mx\/?p=158313"},"wordCount":392,"commentCount":0,"publisher":{"@id":"https:\/\/nbcs.mx\/#organization"},"image":{"@id":"https:\/\/nbcs.mx\/?p=158313#primaryimage"},"thumbnailUrl":"https:\/\/nbcs.mx\/wp-content\/uploads\/2025\/11\/Imagen-JPEG-42BA-9FFB-19-0.jpeg","articleSection":["Las Columnas"],"inLanguage":"es","potentialAction":[{"@type":"CommentAction","name":"Comment","target":["https:\/\/nbcs.mx\/?p=158313#respond"]}]},{"@type":"WebPage","@id":"https:\/\/nbcs.mx\/?p=158313","url":"https:\/\/nbcs.mx\/?p=158313","name":"BUR\u00d3 POL\u00cdTICO\/ \u201cLA REVOLUCI\u00d3N DE LAS CONCIENCIAS\u201d - NBCS Noticias","isPartOf":{"@id":"https:\/\/nbcs.mx\/#website"},"primaryImageOfPage":{"@id":"https:\/\/nbcs.mx\/?p=158313#primaryimage"},"image":{"@id":"https:\/\/nbcs.mx\/?p=158313#primaryimage"},"thumbnailUrl":"https:\/\/nbcs.mx\/wp-content\/uploads\/2025\/11\/Imagen-JPEG-42BA-9FFB-19-0.jpeg","datePublished":"2025-11-21T20:31:01+00:00","breadcrumb":{"@id":"https:\/\/nbcs.mx\/?p=158313#breadcrumb"},"inLanguage":"es","potentialAction":[{"@type":"ReadAction","target":["https:\/\/nbcs.mx\/?p=158313"]}]},{"@type":"ImageObject","inLanguage":"es","@id":"https:\/\/nbcs.mx\/?p=158313#primaryimage","url":"https:\/\/nbcs.mx\/wp-content\/uploads\/2025\/11\/Imagen-JPEG-42BA-9FFB-19-0.jpeg","contentUrl":"https:\/\/nbcs.mx\/wp-content\/uploads\/2025\/11\/Imagen-JPEG-42BA-9FFB-19-0.jpeg","width":1280,"height":717},{"@type":"BreadcrumbList","@id":"https:\/\/nbcs.mx\/?p=158313#breadcrumb","itemListElement":[{"@type":"ListItem","position":1,"name":"Portada","item":"https:\/\/nbcs.mx\/"},{"@type":"ListItem","position":2,"name":"BUR\u00d3 POL\u00cdTICO\/ \u201cLA REVOLUCI\u00d3N DE LAS CONCIENCIAS\u201d"}]},{"@type":"WebSite","@id":"https:\/\/nbcs.mx\/#website","url":"https:\/\/nbcs.mx\/","name":"NBCS Noticias","description":"Sitio web de noticias en Baja California Sur","publisher":{"@id":"https:\/\/nbcs.mx\/#organization"},"potentialAction":[{"@type":"SearchAction","target":{"@type":"EntryPoint","urlTemplate":"https:\/\/nbcs.mx\/?s={search_term_string}"},"query-input":{"@type":"PropertyValueSpecification","valueRequired":true,"valueName":"search_term_string"}}],"inLanguage":"es"},{"@type":"Organization","@id":"https:\/\/nbcs.mx\/#organization","name":"NBCS Noticias","url":"https:\/\/nbcs.mx\/","logo":{"@type":"ImageObject","inLanguage":"es","@id":"https:\/\/nbcs.mx\/#\/schema\/logo\/image\/","url":"https:\/\/nbcs.mx\/wp-content\/uploads\/2018\/09\/057b69485e93575a5c2b1c1dde2dd297.jpeg","contentUrl":"https:\/\/nbcs.mx\/wp-content\/uploads\/2018\/09\/057b69485e93575a5c2b1c1dde2dd297.jpeg","width":64,"height":64,"caption":"NBCS Noticias"},"image":{"@id":"https:\/\/nbcs.mx\/#\/schema\/logo\/image\/"},"sameAs":["https:\/\/www.facebook.com\/NBCSnoticias","https:\/\/x.com\/NBCSnoticias"]},{"@type":"Person","@id":"https:\/\/nbcs.mx\/#\/schema\/person\/ece58bab9a7c1e87a4d28ec9ecd79ff4","name":"NBCS Noticias","image":{"@type":"ImageObject","inLanguage":"es","@id":"https:\/\/secure.gravatar.com\/avatar\/4e52110cad1c4054b43271a0d14bbe9e2ea76aecd0e1097edfc670798d9ca1d4?s=96&d=blank&r=g","url":"https:\/\/secure.gravatar.com\/avatar\/4e52110cad1c4054b43271a0d14bbe9e2ea76aecd0e1097edfc670798d9ca1d4?s=96&d=blank&r=g","contentUrl":"https:\/\/secure.gravatar.com\/avatar\/4e52110cad1c4054b43271a0d14bbe9e2ea76aecd0e1097edfc670798d9ca1d4?s=96&d=blank&r=g","caption":"NBCS Noticias"},"description":"\u00bfTienes fotos o video de alg\u00fan acto de posible negligencia, corrupci\u00f3n y abuso de autoridad? M\u00e1ndalo al WhatsApp de NBCS Noticias: 612 141 98 08","sameAs":["https:\/\/www.nbcs.mx","https:\/\/www.facebook.com\/NBCSnoticias","https:\/\/www.instagram.com\/nbcsnoticias\/","https:\/\/x.com\/https:\/\/twitter.com\/NBCSnoticias"]}]}},"jetpack_publicize_connections":[],"jetpack_featured_media_url":"https:\/\/nbcs.mx\/wp-content\/uploads\/2025\/11\/Imagen-JPEG-42BA-9FFB-19-0.jpeg","jetpack_sharing_enabled":true,"_links":{"self":[{"href":"https:\/\/nbcs.mx\/index.php?rest_route=\/wp\/v2\/posts\/158313","targetHints":{"allow":["GET"]}}],"collection":[{"href":"https:\/\/nbcs.mx\/index.php?rest_route=\/wp\/v2\/posts"}],"about":[{"href":"https:\/\/nbcs.mx\/index.php?rest_route=\/wp\/v2\/types\/post"}],"author":[{"embeddable":true,"href":"https:\/\/nbcs.mx\/index.php?rest_route=\/wp\/v2\/users\/1"}],"replies":[{"embeddable":true,"href":"https:\/\/nbcs.mx\/index.php?rest_route=%2Fwp%2Fv2%2Fcomments&post=158313"}],"version-history":[{"count":1,"href":"https:\/\/nbcs.mx\/index.php?rest_route=\/wp\/v2\/posts\/158313\/revisions"}],"predecessor-version":[{"id":158315,"href":"https:\/\/nbcs.mx\/index.php?rest_route=\/wp\/v2\/posts\/158313\/revisions\/158315"}],"wp:featuredmedia":[{"embeddable":true,"href":"https:\/\/nbcs.mx\/index.php?rest_route=\/wp\/v2\/media\/158314"}],"wp:attachment":[{"href":"https:\/\/nbcs.mx\/index.php?rest_route=%2Fwp%2Fv2%2Fmedia&parent=158313"}],"wp:term":[{"taxonomy":"category","embeddable":true,"href":"https:\/\/nbcs.mx\/index.php?rest_route=%2Fwp%2Fv2%2Fcategories&post=158313"},{"taxonomy":"post_tag","embeddable":true,"href":"https:\/\/nbcs.mx\/index.php?rest_route=%2Fwp%2Fv2%2Ftags&post=158313"}],"curies":[{"name":"wp","href":"https:\/\/api.w.org\/{rel}","templated":true}]}}