{"id":158340,"date":"2025-11-21T16:16:17","date_gmt":"2025-11-21T23:16:17","guid":{"rendered":"https:\/\/nbcs.mx\/?p=158340"},"modified":"2025-11-21T16:16:17","modified_gmt":"2025-11-21T23:16:17","slug":"ofrecera-sne-mas-de-400-vacantes-en-la-ultima-feria-nacional-de-empleo-del-ano","status":"publish","type":"post","link":"https:\/\/nbcs.mx\/?p=158340","title":{"rendered":"Ofrecer\u00e1 SNE m\u00e1s de 400 vacantes en la \u00faltima feria nacional de empleo del a\u00f1o"},"content":{"rendered":"<p style=\"font-weight: 400; text-align: justify;\"><img loading=\"lazy\" decoding=\"async\" class=\" wp-image-40105 alignleft\" src=\"https:\/\/nbcs.mx\/wp-content\/uploads\/2019\/01\/0-a-a-a-vacantes-feria-del-empleo-en-la-paz-755x417.jpg\" alt=\"\" width=\"386\" height=\"213\" srcset=\"https:\/\/nbcs.mx\/wp-content\/uploads\/2019\/01\/0-a-a-a-vacantes-feria-del-empleo-en-la-paz-755x417.jpg 755w, https:\/\/nbcs.mx\/wp-content\/uploads\/2019\/01\/0-a-a-a-vacantes-feria-del-empleo-en-la-paz-150x83.jpg 150w, https:\/\/nbcs.mx\/wp-content\/uploads\/2019\/01\/0-a-a-a-vacantes-feria-del-empleo-en-la-paz-768x425.jpg 768w, https:\/\/nbcs.mx\/wp-content\/uploads\/2019\/01\/0-a-a-a-vacantes-feria-del-empleo-en-la-paz.jpg 1024w, https:\/\/nbcs.mx\/wp-content\/uploads\/2019\/01\/0-a-a-a-vacantes-feria-del-empleo-en-la-paz-600x332.jpg 600w\" sizes=\"auto, (max-width: 386px) 100vw, 386px\" \/>Con el prop\u00f3sito de fortalecer la vinculaci\u00f3n entre buscadores de empleo y empresas con vacantes disponibles, el Servicio Nacional de Empleo en Baja California Sur (SNE-BCS) invita a la ciudadan\u00eda a participar en la \u00faltima Feria Nacional de Empleo del a\u00f1o, la cual reunir\u00e1 a compa\u00f1\u00edas de distintos sectores productivos.<\/p>\n<p style=\"font-weight: 400; text-align: justify;\">\n<p style=\"font-weight: 400; text-align: justify;\">As\u00ed lo dio a conocer el titular de la dependencia, Jos\u00e9 Manuel Rojas Aguilar, quien se\u00f1al\u00f3 que esta jornada se realizar\u00e1 el 25 de noviembre, de 9:00 a 14:00 horas, en el gimnasio-auditorio del Instituto Tecnol\u00f3gico de La Paz, ubicado en Blvd. Forjadores, colonia 8 de Octubre.<\/p>\n<p style=\"font-weight: 400; text-align: justify;\">\n<p style=\"font-weight: 400; text-align: justify;\">La feria contar\u00e1 con la participaci\u00f3n de m\u00e1s de 40 empresas, que ofertar\u00e1n m\u00e1s de 400 vacantes, principalmente orientadas a atender la demanda laboral por temporada alta y a ampliar las oportunidades de colocaci\u00f3n en la capital del estado.<\/p>\n<p style=\"font-weight: 400; text-align: justify;\">\n<p style=\"font-weight: 400; text-align: justify;\">Entre las compa\u00f1\u00edas que estar\u00e1n presentes se encuentran El Florido, Hotel Esp\u00edritu Santo, Crediavance, Caracol, ROFOMEX, Caffenio, Refaccionaria del Valle, Coca-Cola, Tiendas Ley, Megacable, Chedraui, Pepsico, Casino Life, Sears, Mercado Libre, City Club, Calzzapato, The Marine Waterfront, Eco Gasolineras, Oxxo y Ecobaja Tours.<\/p>\n<p style=\"font-weight: 400; text-align: justify;\">\n<p style=\"font-weight: 400; text-align: justify;\">Asimismo, participar\u00e1n instituciones que ofrecer\u00e1n orientaci\u00f3n sobre programas y servicios, entre ellas la Secretar\u00eda de la Defensa Nacional, la Secretar\u00eda de Marina y la Guardia Nacional.<\/p>\n<p style=\"font-weight: 400; text-align: justify;\">\n<p style=\"font-weight: 400; text-align: justify;\">Tambi\u00e9n estar\u00e1n presentes ICATEBCS, INFONAVIT, Secretar\u00eda de Salud, FONACOT, ISMUJERES, CECATI, SAT, IMSS, Polic\u00eda Cibern\u00e9tica, Secretar\u00eda de Bienestar, ISIPD, el Centro Estatal de Prevenci\u00f3n del Delito con Participaci\u00f3n Ciudadana, Registro Civil e ISJUVENTUD.<\/p>\n<p style=\"font-weight: 400; text-align: justify;\">\n<p style=\"font-weight: 400; text-align: justify;\">Al finalizar, Rojas Aguilar reiter\u00f3 el compromiso del SNE de impulsar acciones que favorezcan el acceso a un empleo digno e invit\u00f3 a la poblaci\u00f3n a aprovechar esta \u00faltima feria del a\u00f1o.<\/p>\n<p style=\"font-weight: 400; text-align: justify;\">\n","protected":false},"excerpt":{"rendered":"<p>Con el prop\u00f3sito de fortalecer la vinculaci\u00f3n entre buscadores de empleo y empresas con vacantes disponibles, el Servicio Nacional de<\/p>\n","protected":false},"author":1,"featured_media":40105,"comment_status":"open","ping_status":"closed","sticky":false,"template":"","format":"standard","meta":{"colormag_page_container_layout":"default_layout","colormag_page_sidebar_layout":"default_layout","_jetpack_memberships_contains_paid_content":false,"footnotes":"","jetpack_publicize_message":"","jetpack_publicize_feature_enabled":true,"jetpack_social_post_already_shared":true,"jetpack_social_options":{"image_generator_settings":{"template":"highway","default_image_id":0,"font":"","enabled":false},"version":2}},"categories":[1],"tags":[],"class_list":["post-158340","post","type-post","status-publish","format-standard","has-post-thumbnail","hentry","category-noticias"],"yoast_head":"<!-- This site is optimized with the Yoast SEO plugin v27.4 - https:\/\/yoast.com\/product\/yoast-seo-wordpress\/ -->\n<title>Ofrecer\u00e1 SNE m\u00e1s de 400 vacantes en la \u00faltima feria nacional de empleo del a\u00f1o - NBCS Noticias<\/title>\n<meta name=\"robots\" content=\"index, follow, max-snippet:-1, max-image-preview:large, max-video-preview:-1\" \/>\n<link rel=\"canonical\" href=\"https:\/\/nbcs.mx\/?p=158340\" \/>\n<meta property=\"og:locale\" content=\"es_ES\" \/>\n<meta property=\"og:type\" content=\"article\" \/>\n<meta property=\"og:title\" content=\"Ofrecer\u00e1 SNE m\u00e1s de 400 vacantes en la \u00faltima feria nacional de empleo del a\u00f1o - NBCS Noticias\" \/>\n<meta property=\"og:description\" content=\"Con el prop\u00f3sito de fortalecer la vinculaci\u00f3n entre buscadores de empleo y empresas con vacantes disponibles, el Servicio Nacional de\" \/>\n<meta property=\"og:url\" content=\"https:\/\/nbcs.mx\/?p=158340\" \/>\n<meta property=\"og:site_name\" content=\"NBCS Noticias\" \/>\n<meta property=\"article:publisher\" content=\"https:\/\/www.facebook.com\/NBCSnoticias\" \/>\n<meta property=\"article:author\" content=\"https:\/\/www.facebook.com\/NBCSnoticias\" \/>\n<meta property=\"article:published_time\" content=\"2025-11-21T23:16:17+00:00\" \/>\n<meta property=\"og:image\" content=\"https:\/\/nbcs.mx\/wp-content\/uploads\/2019\/01\/0-a-a-a-vacantes-feria-del-empleo-en-la-paz.jpg\" \/>\n\t<meta property=\"og:image:width\" content=\"1024\" \/>\n\t<meta property=\"og:image:height\" content=\"566\" \/>\n\t<meta property=\"og:image:type\" content=\"image\/jpeg\" \/>\n<meta name=\"author\" content=\"NBCS Noticias\" \/>\n<meta name=\"twitter:card\" content=\"summary_large_image\" \/>\n<meta name=\"twitter:creator\" content=\"@https:\/\/twitter.com\/NBCSnoticias\" \/>\n<meta name=\"twitter:site\" content=\"@NBCSnoticias\" \/>\n<meta name=\"twitter:label1\" content=\"Escrito por\" \/>\n\t<meta name=\"twitter:data1\" content=\"NBCS Noticias\" \/>\n\t<meta name=\"twitter:label2\" content=\"Tiempo de lectura\" \/>\n\t<meta name=\"twitter:data2\" content=\"2 minutos\" \/>\n<script type=\"application\/ld+json\" class=\"yoast-schema-graph\">{\"@context\":\"https:\\\/\\\/schema.org\",\"@graph\":[{\"@type\":\"Article\",\"@id\":\"https:\\\/\\\/nbcs.mx\\\/?p=158340#article\",\"isPartOf\":{\"@id\":\"https:\\\/\\\/nbcs.mx\\\/?p=158340\"},\"author\":{\"name\":\"NBCS Noticias\",\"@id\":\"https:\\\/\\\/nbcs.mx\\\/#\\\/schema\\\/person\\\/ece58bab9a7c1e87a4d28ec9ecd79ff4\"},\"headline\":\"Ofrecer\u00e1 SNE m\u00e1s de 400 vacantes en la \u00faltima feria nacional de empleo del a\u00f1o\",\"datePublished\":\"2025-11-21T23:16:17+00:00\",\"mainEntityOfPage\":{\"@id\":\"https:\\\/\\\/nbcs.mx\\\/?p=158340\"},\"wordCount\":310,\"commentCount\":0,\"publisher\":{\"@id\":\"https:\\\/\\\/nbcs.mx\\\/#organization\"},\"image\":{\"@id\":\"https:\\\/\\\/nbcs.mx\\\/?p=158340#primaryimage\"},\"thumbnailUrl\":\"https:\\\/\\\/nbcs.mx\\\/wp-content\\\/uploads\\\/2019\\\/01\\\/0-a-a-a-vacantes-feria-del-empleo-en-la-paz.jpg\",\"articleSection\":[\"Noticias\"],\"inLanguage\":\"es\",\"potentialAction\":[{\"@type\":\"CommentAction\",\"name\":\"Comment\",\"target\":[\"https:\\\/\\\/nbcs.mx\\\/?p=158340#respond\"]}]},{\"@type\":\"WebPage\",\"@id\":\"https:\\\/\\\/nbcs.mx\\\/?p=158340\",\"url\":\"https:\\\/\\\/nbcs.mx\\\/?p=158340\",\"name\":\"Ofrecer\u00e1 SNE m\u00e1s de 400 vacantes en la \u00faltima feria nacional de empleo del a\u00f1o - NBCS Noticias\",\"isPartOf\":{\"@id\":\"https:\\\/\\\/nbcs.mx\\\/#website\"},\"primaryImageOfPage\":{\"@id\":\"https:\\\/\\\/nbcs.mx\\\/?p=158340#primaryimage\"},\"image\":{\"@id\":\"https:\\\/\\\/nbcs.mx\\\/?p=158340#primaryimage\"},\"thumbnailUrl\":\"https:\\\/\\\/nbcs.mx\\\/wp-content\\\/uploads\\\/2019\\\/01\\\/0-a-a-a-vacantes-feria-del-empleo-en-la-paz.jpg\",\"datePublished\":\"2025-11-21T23:16:17+00:00\",\"breadcrumb\":{\"@id\":\"https:\\\/\\\/nbcs.mx\\\/?p=158340#breadcrumb\"},\"inLanguage\":\"es\",\"potentialAction\":[{\"@type\":\"ReadAction\",\"target\":[\"https:\\\/\\\/nbcs.mx\\\/?p=158340\"]}]},{\"@type\":\"ImageObject\",\"inLanguage\":\"es\",\"@id\":\"https:\\\/\\\/nbcs.mx\\\/?p=158340#primaryimage\",\"url\":\"https:\\\/\\\/nbcs.mx\\\/wp-content\\\/uploads\\\/2019\\\/01\\\/0-a-a-a-vacantes-feria-del-empleo-en-la-paz.jpg\",\"contentUrl\":\"https:\\\/\\\/nbcs.mx\\\/wp-content\\\/uploads\\\/2019\\\/01\\\/0-a-a-a-vacantes-feria-del-empleo-en-la-paz.jpg\",\"width\":1024,\"height\":566},{\"@type\":\"BreadcrumbList\",\"@id\":\"https:\\\/\\\/nbcs.mx\\\/?p=158340#breadcrumb\",\"itemListElement\":[{\"@type\":\"ListItem\",\"position\":1,\"name\":\"Portada\",\"item\":\"https:\\\/\\\/nbcs.mx\\\/\"},{\"@type\":\"ListItem\",\"position\":2,\"name\":\"Ofrecer\u00e1 SNE m\u00e1s de 400 vacantes en la \u00faltima feria nacional de empleo del a\u00f1o\"}]},{\"@type\":\"WebSite\",\"@id\":\"https:\\\/\\\/nbcs.mx\\\/#website\",\"url\":\"https:\\\/\\\/nbcs.mx\\\/\",\"name\":\"NBCS Noticias\",\"description\":\"Sitio web de noticias en Baja California Sur\",\"publisher\":{\"@id\":\"https:\\\/\\\/nbcs.mx\\\/#organization\"},\"potentialAction\":[{\"@type\":\"SearchAction\",\"target\":{\"@type\":\"EntryPoint\",\"urlTemplate\":\"https:\\\/\\\/nbcs.mx\\\/?s={search_term_string}\"},\"query-input\":{\"@type\":\"PropertyValueSpecification\",\"valueRequired\":true,\"valueName\":\"search_term_string\"}}],\"inLanguage\":\"es\"},{\"@type\":\"Organization\",\"@id\":\"https:\\\/\\\/nbcs.mx\\\/#organization\",\"name\":\"NBCS Noticias\",\"url\":\"https:\\\/\\\/nbcs.mx\\\/\",\"logo\":{\"@type\":\"ImageObject\",\"inLanguage\":\"es\",\"@id\":\"https:\\\/\\\/nbcs.mx\\\/#\\\/schema\\\/logo\\\/image\\\/\",\"url\":\"https:\\\/\\\/nbcs.mx\\\/wp-content\\\/uploads\\\/2018\\\/09\\\/057b69485e93575a5c2b1c1dde2dd297.jpeg\",\"contentUrl\":\"https:\\\/\\\/nbcs.mx\\\/wp-content\\\/uploads\\\/2018\\\/09\\\/057b69485e93575a5c2b1c1dde2dd297.jpeg\",\"width\":64,\"height\":64,\"caption\":\"NBCS Noticias\"},\"image\":{\"@id\":\"https:\\\/\\\/nbcs.mx\\\/#\\\/schema\\\/logo\\\/image\\\/\"},\"sameAs\":[\"https:\\\/\\\/www.facebook.com\\\/NBCSnoticias\",\"https:\\\/\\\/x.com\\\/NBCSnoticias\"]},{\"@type\":\"Person\",\"@id\":\"https:\\\/\\\/nbcs.mx\\\/#\\\/schema\\\/person\\\/ece58bab9a7c1e87a4d28ec9ecd79ff4\",\"name\":\"NBCS Noticias\",\"image\":{\"@type\":\"ImageObject\",\"inLanguage\":\"es\",\"@id\":\"https:\\\/\\\/secure.gravatar.com\\\/avatar\\\/4e52110cad1c4054b43271a0d14bbe9e2ea76aecd0e1097edfc670798d9ca1d4?s=96&d=blank&r=g\",\"url\":\"https:\\\/\\\/secure.gravatar.com\\\/avatar\\\/4e52110cad1c4054b43271a0d14bbe9e2ea76aecd0e1097edfc670798d9ca1d4?s=96&d=blank&r=g\",\"contentUrl\":\"https:\\\/\\\/secure.gravatar.com\\\/avatar\\\/4e52110cad1c4054b43271a0d14bbe9e2ea76aecd0e1097edfc670798d9ca1d4?s=96&d=blank&r=g\",\"caption\":\"NBCS Noticias\"},\"description\":\"\u00bfTienes fotos o video de alg\u00fan acto de posible negligencia, corrupci\u00f3n y abuso de autoridad? M\u00e1ndalo al WhatsApp de NBCS Noticias: 612 141 98 08\",\"sameAs\":[\"https:\\\/\\\/www.nbcs.mx\",\"https:\\\/\\\/www.facebook.com\\\/NBCSnoticias\",\"https:\\\/\\\/www.instagram.com\\\/nbcsnoticias\\\/\",\"https:\\\/\\\/x.com\\\/https:\\\/\\\/twitter.com\\\/NBCSnoticias\"]}]}<\/script>\n<!-- \/ Yoast SEO plugin. -->","yoast_head_json":{"title":"Ofrecer\u00e1 SNE m\u00e1s de 400 vacantes en la \u00faltima feria nacional de empleo del a\u00f1o - NBCS Noticias","robots":{"index":"index","follow":"follow","max-snippet":"max-snippet:-1","max-image-preview":"max-image-preview:large","max-video-preview":"max-video-preview:-1"},"canonical":"https:\/\/nbcs.mx\/?p=158340","og_locale":"es_ES","og_type":"article","og_title":"Ofrecer\u00e1 SNE m\u00e1s de 400 vacantes en la \u00faltima feria nacional de empleo del a\u00f1o - NBCS Noticias","og_description":"Con el prop\u00f3sito de fortalecer la vinculaci\u00f3n entre buscadores de empleo y empresas con vacantes disponibles, el Servicio Nacional de","og_url":"https:\/\/nbcs.mx\/?p=158340","og_site_name":"NBCS Noticias","article_publisher":"https:\/\/www.facebook.com\/NBCSnoticias","article_author":"https:\/\/www.facebook.com\/NBCSnoticias","article_published_time":"2025-11-21T23:16:17+00:00","og_image":[{"width":1024,"height":566,"url":"https:\/\/nbcs.mx\/wp-content\/uploads\/2019\/01\/0-a-a-a-vacantes-feria-del-empleo-en-la-paz.jpg","type":"image\/jpeg"}],"author":"NBCS Noticias","twitter_card":"summary_large_image","twitter_creator":"@https:\/\/twitter.com\/NBCSnoticias","twitter_site":"@NBCSnoticias","twitter_misc":{"Escrito por":"NBCS Noticias","Tiempo de lectura":"2 minutos"},"schema":{"@context":"https:\/\/schema.org","@graph":[{"@type":"Article","@id":"https:\/\/nbcs.mx\/?p=158340#article","isPartOf":{"@id":"https:\/\/nbcs.mx\/?p=158340"},"author":{"name":"NBCS Noticias","@id":"https:\/\/nbcs.mx\/#\/schema\/person\/ece58bab9a7c1e87a4d28ec9ecd79ff4"},"headline":"Ofrecer\u00e1 SNE m\u00e1s de 400 vacantes en la \u00faltima feria nacional de empleo del a\u00f1o","datePublished":"2025-11-21T23:16:17+00:00","mainEntityOfPage":{"@id":"https:\/\/nbcs.mx\/?p=158340"},"wordCount":310,"commentCount":0,"publisher":{"@id":"https:\/\/nbcs.mx\/#organization"},"image":{"@id":"https:\/\/nbcs.mx\/?p=158340#primaryimage"},"thumbnailUrl":"https:\/\/nbcs.mx\/wp-content\/uploads\/2019\/01\/0-a-a-a-vacantes-feria-del-empleo-en-la-paz.jpg","articleSection":["Noticias"],"inLanguage":"es","potentialAction":[{"@type":"CommentAction","name":"Comment","target":["https:\/\/nbcs.mx\/?p=158340#respond"]}]},{"@type":"WebPage","@id":"https:\/\/nbcs.mx\/?p=158340","url":"https:\/\/nbcs.mx\/?p=158340","name":"Ofrecer\u00e1 SNE m\u00e1s de 400 vacantes en la \u00faltima feria nacional de empleo del a\u00f1o - NBCS Noticias","isPartOf":{"@id":"https:\/\/nbcs.mx\/#website"},"primaryImageOfPage":{"@id":"https:\/\/nbcs.mx\/?p=158340#primaryimage"},"image":{"@id":"https:\/\/nbcs.mx\/?p=158340#primaryimage"},"thumbnailUrl":"https:\/\/nbcs.mx\/wp-content\/uploads\/2019\/01\/0-a-a-a-vacantes-feria-del-empleo-en-la-paz.jpg","datePublished":"2025-11-21T23:16:17+00:00","breadcrumb":{"@id":"https:\/\/nbcs.mx\/?p=158340#breadcrumb"},"inLanguage":"es","potentialAction":[{"@type":"ReadAction","target":["https:\/\/nbcs.mx\/?p=158340"]}]},{"@type":"ImageObject","inLanguage":"es","@id":"https:\/\/nbcs.mx\/?p=158340#primaryimage","url":"https:\/\/nbcs.mx\/wp-content\/uploads\/2019\/01\/0-a-a-a-vacantes-feria-del-empleo-en-la-paz.jpg","contentUrl":"https:\/\/nbcs.mx\/wp-content\/uploads\/2019\/01\/0-a-a-a-vacantes-feria-del-empleo-en-la-paz.jpg","width":1024,"height":566},{"@type":"BreadcrumbList","@id":"https:\/\/nbcs.mx\/?p=158340#breadcrumb","itemListElement":[{"@type":"ListItem","position":1,"name":"Portada","item":"https:\/\/nbcs.mx\/"},{"@type":"ListItem","position":2,"name":"Ofrecer\u00e1 SNE m\u00e1s de 400 vacantes en la \u00faltima feria nacional de empleo del a\u00f1o"}]},{"@type":"WebSite","@id":"https:\/\/nbcs.mx\/#website","url":"https:\/\/nbcs.mx\/","name":"NBCS Noticias","description":"Sitio web de noticias en Baja California Sur","publisher":{"@id":"https:\/\/nbcs.mx\/#organization"},"potentialAction":[{"@type":"SearchAction","target":{"@type":"EntryPoint","urlTemplate":"https:\/\/nbcs.mx\/?s={search_term_string}"},"query-input":{"@type":"PropertyValueSpecification","valueRequired":true,"valueName":"search_term_string"}}],"inLanguage":"es"},{"@type":"Organization","@id":"https:\/\/nbcs.mx\/#organization","name":"NBCS Noticias","url":"https:\/\/nbcs.mx\/","logo":{"@type":"ImageObject","inLanguage":"es","@id":"https:\/\/nbcs.mx\/#\/schema\/logo\/image\/","url":"https:\/\/nbcs.mx\/wp-content\/uploads\/2018\/09\/057b69485e93575a5c2b1c1dde2dd297.jpeg","contentUrl":"https:\/\/nbcs.mx\/wp-content\/uploads\/2018\/09\/057b69485e93575a5c2b1c1dde2dd297.jpeg","width":64,"height":64,"caption":"NBCS Noticias"},"image":{"@id":"https:\/\/nbcs.mx\/#\/schema\/logo\/image\/"},"sameAs":["https:\/\/www.facebook.com\/NBCSnoticias","https:\/\/x.com\/NBCSnoticias"]},{"@type":"Person","@id":"https:\/\/nbcs.mx\/#\/schema\/person\/ece58bab9a7c1e87a4d28ec9ecd79ff4","name":"NBCS Noticias","image":{"@type":"ImageObject","inLanguage":"es","@id":"https:\/\/secure.gravatar.com\/avatar\/4e52110cad1c4054b43271a0d14bbe9e2ea76aecd0e1097edfc670798d9ca1d4?s=96&d=blank&r=g","url":"https:\/\/secure.gravatar.com\/avatar\/4e52110cad1c4054b43271a0d14bbe9e2ea76aecd0e1097edfc670798d9ca1d4?s=96&d=blank&r=g","contentUrl":"https:\/\/secure.gravatar.com\/avatar\/4e52110cad1c4054b43271a0d14bbe9e2ea76aecd0e1097edfc670798d9ca1d4?s=96&d=blank&r=g","caption":"NBCS Noticias"},"description":"\u00bfTienes fotos o video de alg\u00fan acto de posible negligencia, corrupci\u00f3n y abuso de autoridad? M\u00e1ndalo al WhatsApp de NBCS Noticias: 612 141 98 08","sameAs":["https:\/\/www.nbcs.mx","https:\/\/www.facebook.com\/NBCSnoticias","https:\/\/www.instagram.com\/nbcsnoticias\/","https:\/\/x.com\/https:\/\/twitter.com\/NBCSnoticias"]}]}},"jetpack_publicize_connections":[],"jetpack_featured_media_url":"https:\/\/nbcs.mx\/wp-content\/uploads\/2019\/01\/0-a-a-a-vacantes-feria-del-empleo-en-la-paz.jpg","jetpack_sharing_enabled":true,"_links":{"self":[{"href":"https:\/\/nbcs.mx\/index.php?rest_route=\/wp\/v2\/posts\/158340","targetHints":{"allow":["GET"]}}],"collection":[{"href":"https:\/\/nbcs.mx\/index.php?rest_route=\/wp\/v2\/posts"}],"about":[{"href":"https:\/\/nbcs.mx\/index.php?rest_route=\/wp\/v2\/types\/post"}],"author":[{"embeddable":true,"href":"https:\/\/nbcs.mx\/index.php?rest_route=\/wp\/v2\/users\/1"}],"replies":[{"embeddable":true,"href":"https:\/\/nbcs.mx\/index.php?rest_route=%2Fwp%2Fv2%2Fcomments&post=158340"}],"version-history":[{"count":1,"href":"https:\/\/nbcs.mx\/index.php?rest_route=\/wp\/v2\/posts\/158340\/revisions"}],"predecessor-version":[{"id":158341,"href":"https:\/\/nbcs.mx\/index.php?rest_route=\/wp\/v2\/posts\/158340\/revisions\/158341"}],"wp:featuredmedia":[{"embeddable":true,"href":"https:\/\/nbcs.mx\/index.php?rest_route=\/wp\/v2\/media\/40105"}],"wp:attachment":[{"href":"https:\/\/nbcs.mx\/index.php?rest_route=%2Fwp%2Fv2%2Fmedia&parent=158340"}],"wp:term":[{"taxonomy":"category","embeddable":true,"href":"https:\/\/nbcs.mx\/index.php?rest_route=%2Fwp%2Fv2%2Fcategories&post=158340"},{"taxonomy":"post_tag","embeddable":true,"href":"https:\/\/nbcs.mx\/index.php?rest_route=%2Fwp%2Fv2%2Ftags&post=158340"}],"curies":[{"name":"wp","href":"https:\/\/api.w.org\/{rel}","templated":true}]}}