{"id":158368,"date":"2025-11-23T09:24:28","date_gmt":"2025-11-23T16:24:28","guid":{"rendered":"https:\/\/nbcs.mx\/?p=158368"},"modified":"2025-11-23T09:24:28","modified_gmt":"2025-11-23T16:24:28","slug":"encabeza-victor-castro-festejo-por-el-105-aniversario-de-la-casa-del-estudiante-sudcaliforniano","status":"publish","type":"post","link":"https:\/\/nbcs.mx\/?p=158368","title":{"rendered":"Encabeza V\u00edctor Castro festejo por el 105\u00b0 aniversario de la Casa del Estudiante Sudcaliforniano"},"content":{"rendered":"<p style=\"font-weight: 400; text-align: justify;\"><img loading=\"lazy\" decoding=\"async\" class=\" wp-image-158369 alignleft\" src=\"https:\/\/nbcs.mx\/wp-content\/uploads\/2025\/11\/FOTO3-BOLETIN-03123-VMCC-ENCABEZA-656x492.jpeg\" alt=\"\" width=\"319\" height=\"239\" srcset=\"https:\/\/nbcs.mx\/wp-content\/uploads\/2025\/11\/FOTO3-BOLETIN-03123-VMCC-ENCABEZA-656x492.jpeg 656w, https:\/\/nbcs.mx\/wp-content\/uploads\/2025\/11\/FOTO3-BOLETIN-03123-VMCC-ENCABEZA-150x113.jpeg 150w, https:\/\/nbcs.mx\/wp-content\/uploads\/2025\/11\/FOTO3-BOLETIN-03123-VMCC-ENCABEZA.jpeg 768w\" sizes=\"auto, (max-width: 319px) 100vw, 319px\" \/>El gobernador V\u00edctor Manuel Castro Cos\u00edo encabez\u00f3 el festejo por el 105\u00b0 aniversario de la Casa del Estudiante Sudcaliforniano en la Ciudad de M\u00e9xico, donde destac\u00f3 la relevancia hist\u00f3rica de este espacio que, por m\u00e1s de un siglo, ha brindado apoyo a j\u00f3venes sudcalifornianos que contin\u00faan su formaci\u00f3n acad\u00e9mica fuera del estado.<\/p>\n<p style=\"font-weight: 400; text-align: justify;\">\n<p style=\"font-weight: 400; text-align: justify;\">Durante su visita, el mandatario record\u00f3 que desde hace un a\u00f1o se realizan trabajos de rehabilitaci\u00f3n para mejorar las condiciones del inmueble, y anunci\u00f3 que, antes de concluir su administraci\u00f3n, se emprender\u00e1n nuevas acciones para fortalecer la infraestructura de este hogar estudiantil.<\/p>\n<p style=\"font-weight: 400; text-align: justify;\">\n<p style=\"font-weight: 400; text-align: justify;\">\u201cEl lugar es de ustedes y para ustedes; cu\u00eddenlo. El Gobierno del Estado continuar\u00e1 acompa\u00f1\u00e1ndolos para que este lugar siga cumpliendo su funci\u00f3n y brindando condiciones adecuadas para su desarrollo acad\u00e9mico\u201d, expres\u00f3.<\/p>\n<p style=\"font-weight: 400; text-align: justify;\">\n<p style=\"font-weight: 400; text-align: justify;\">En el marco del evento, Castro Cos\u00edo reconoci\u00f3 el apoyo del dirigente nacional de la Confederaci\u00f3n Revolucionaria de Obreros y Campesinos (CROC), Isa\u00edas Gonz\u00e1lez Cuevas, por sumarse a los esfuerzos para mejorar las instalaciones y colaborar en tareas que beneficien a la comunidad estudiantil.<\/p>\n<p style=\"font-weight: 400; text-align: justify;\">\n<p style=\"font-weight: 400; text-align: justify;\">Al finalizar el recorrido, el Gobernador refrend\u00f3 su reconocimiento al esfuerzo de generaciones de j\u00f3venes que han dado vida a la Casa del Estudiante Sudcaliforniano, y resalt\u00f3 que su historia continuar\u00e1 siendo motivo de orgullo para Baja California Sur.<\/p>\n<p style=\"font-weight: 400; text-align: justify;\">\n<p style=\"font-weight: 400; text-align: justify;\">\n","protected":false},"excerpt":{"rendered":"<p>El gobernador V\u00edctor Manuel Castro Cos\u00edo encabez\u00f3 el festejo por el 105\u00b0 aniversario de la Casa del Estudiante Sudcaliforniano en<\/p>\n","protected":false},"author":1,"featured_media":158369,"comment_status":"open","ping_status":"closed","sticky":false,"template":"","format":"standard","meta":{"colormag_page_container_layout":"default_layout","colormag_page_sidebar_layout":"default_layout","_jetpack_memberships_contains_paid_content":false,"footnotes":"","jetpack_publicize_message":"","jetpack_publicize_feature_enabled":true,"jetpack_social_post_already_shared":true,"jetpack_social_options":{"image_generator_settings":{"template":"highway","default_image_id":0,"font":"","enabled":false},"version":2}},"categories":[1],"tags":[],"class_list":["post-158368","post","type-post","status-publish","format-standard","has-post-thumbnail","hentry","category-noticias"],"yoast_head":"<!-- This site is optimized with the Yoast SEO plugin v27.4 - https:\/\/yoast.com\/product\/yoast-seo-wordpress\/ -->\n<title>Encabeza V\u00edctor Castro festejo por el 105\u00b0 aniversario de la Casa del Estudiante Sudcaliforniano - NBCS Noticias<\/title>\n<meta name=\"robots\" content=\"index, follow, max-snippet:-1, max-image-preview:large, max-video-preview:-1\" \/>\n<link rel=\"canonical\" href=\"https:\/\/nbcs.mx\/?p=158368\" \/>\n<meta property=\"og:locale\" content=\"es_ES\" \/>\n<meta property=\"og:type\" content=\"article\" \/>\n<meta property=\"og:title\" content=\"Encabeza V\u00edctor Castro festejo por el 105\u00b0 aniversario de la Casa del Estudiante Sudcaliforniano - NBCS Noticias\" \/>\n<meta property=\"og:description\" content=\"El gobernador V\u00edctor Manuel Castro Cos\u00edo encabez\u00f3 el festejo por el 105\u00b0 aniversario de la Casa del Estudiante Sudcaliforniano en\" \/>\n<meta property=\"og:url\" content=\"https:\/\/nbcs.mx\/?p=158368\" \/>\n<meta property=\"og:site_name\" content=\"NBCS Noticias\" \/>\n<meta property=\"article:publisher\" content=\"https:\/\/www.facebook.com\/NBCSnoticias\" \/>\n<meta property=\"article:author\" content=\"https:\/\/www.facebook.com\/NBCSnoticias\" \/>\n<meta property=\"article:published_time\" content=\"2025-11-23T16:24:28+00:00\" \/>\n<meta property=\"og:image\" content=\"https:\/\/nbcs.mx\/wp-content\/uploads\/2025\/11\/FOTO3-BOLETIN-03123-VMCC-ENCABEZA.jpeg\" \/>\n\t<meta property=\"og:image:width\" content=\"768\" \/>\n\t<meta property=\"og:image:height\" content=\"576\" \/>\n\t<meta property=\"og:image:type\" content=\"image\/jpeg\" \/>\n<meta name=\"author\" content=\"NBCS Noticias\" \/>\n<meta name=\"twitter:card\" content=\"summary_large_image\" \/>\n<meta name=\"twitter:creator\" content=\"@https:\/\/twitter.com\/NBCSnoticias\" \/>\n<meta name=\"twitter:site\" content=\"@NBCSnoticias\" \/>\n<meta name=\"twitter:label1\" content=\"Escrito por\" \/>\n\t<meta name=\"twitter:data1\" content=\"NBCS Noticias\" \/>\n\t<meta name=\"twitter:label2\" content=\"Tiempo de lectura\" \/>\n\t<meta name=\"twitter:data2\" content=\"2 minutos\" \/>\n<script type=\"application\/ld+json\" class=\"yoast-schema-graph\">{\"@context\":\"https:\\\/\\\/schema.org\",\"@graph\":[{\"@type\":\"Article\",\"@id\":\"https:\\\/\\\/nbcs.mx\\\/?p=158368#article\",\"isPartOf\":{\"@id\":\"https:\\\/\\\/nbcs.mx\\\/?p=158368\"},\"author\":{\"name\":\"NBCS Noticias\",\"@id\":\"https:\\\/\\\/nbcs.mx\\\/#\\\/schema\\\/person\\\/ece58bab9a7c1e87a4d28ec9ecd79ff4\"},\"headline\":\"Encabeza V\u00edctor Castro festejo por el 105\u00b0 aniversario de la Casa del Estudiante Sudcaliforniano\",\"datePublished\":\"2025-11-23T16:24:28+00:00\",\"mainEntityOfPage\":{\"@id\":\"https:\\\/\\\/nbcs.mx\\\/?p=158368\"},\"wordCount\":244,\"commentCount\":0,\"publisher\":{\"@id\":\"https:\\\/\\\/nbcs.mx\\\/#organization\"},\"image\":{\"@id\":\"https:\\\/\\\/nbcs.mx\\\/?p=158368#primaryimage\"},\"thumbnailUrl\":\"https:\\\/\\\/nbcs.mx\\\/wp-content\\\/uploads\\\/2025\\\/11\\\/FOTO3-BOLETIN-03123-VMCC-ENCABEZA.jpeg\",\"articleSection\":[\"Noticias\"],\"inLanguage\":\"es\",\"potentialAction\":[{\"@type\":\"CommentAction\",\"name\":\"Comment\",\"target\":[\"https:\\\/\\\/nbcs.mx\\\/?p=158368#respond\"]}]},{\"@type\":\"WebPage\",\"@id\":\"https:\\\/\\\/nbcs.mx\\\/?p=158368\",\"url\":\"https:\\\/\\\/nbcs.mx\\\/?p=158368\",\"name\":\"Encabeza V\u00edctor Castro festejo por el 105\u00b0 aniversario de la Casa del Estudiante Sudcaliforniano - NBCS Noticias\",\"isPartOf\":{\"@id\":\"https:\\\/\\\/nbcs.mx\\\/#website\"},\"primaryImageOfPage\":{\"@id\":\"https:\\\/\\\/nbcs.mx\\\/?p=158368#primaryimage\"},\"image\":{\"@id\":\"https:\\\/\\\/nbcs.mx\\\/?p=158368#primaryimage\"},\"thumbnailUrl\":\"https:\\\/\\\/nbcs.mx\\\/wp-content\\\/uploads\\\/2025\\\/11\\\/FOTO3-BOLETIN-03123-VMCC-ENCABEZA.jpeg\",\"datePublished\":\"2025-11-23T16:24:28+00:00\",\"breadcrumb\":{\"@id\":\"https:\\\/\\\/nbcs.mx\\\/?p=158368#breadcrumb\"},\"inLanguage\":\"es\",\"potentialAction\":[{\"@type\":\"ReadAction\",\"target\":[\"https:\\\/\\\/nbcs.mx\\\/?p=158368\"]}]},{\"@type\":\"ImageObject\",\"inLanguage\":\"es\",\"@id\":\"https:\\\/\\\/nbcs.mx\\\/?p=158368#primaryimage\",\"url\":\"https:\\\/\\\/nbcs.mx\\\/wp-content\\\/uploads\\\/2025\\\/11\\\/FOTO3-BOLETIN-03123-VMCC-ENCABEZA.jpeg\",\"contentUrl\":\"https:\\\/\\\/nbcs.mx\\\/wp-content\\\/uploads\\\/2025\\\/11\\\/FOTO3-BOLETIN-03123-VMCC-ENCABEZA.jpeg\",\"width\":768,\"height\":576},{\"@type\":\"BreadcrumbList\",\"@id\":\"https:\\\/\\\/nbcs.mx\\\/?p=158368#breadcrumb\",\"itemListElement\":[{\"@type\":\"ListItem\",\"position\":1,\"name\":\"Portada\",\"item\":\"https:\\\/\\\/nbcs.mx\\\/\"},{\"@type\":\"ListItem\",\"position\":2,\"name\":\"Encabeza V\u00edctor Castro festejo por el 105\u00b0 aniversario de la Casa del Estudiante Sudcaliforniano\"}]},{\"@type\":\"WebSite\",\"@id\":\"https:\\\/\\\/nbcs.mx\\\/#website\",\"url\":\"https:\\\/\\\/nbcs.mx\\\/\",\"name\":\"NBCS Noticias\",\"description\":\"Sitio web de noticias en Baja California Sur\",\"publisher\":{\"@id\":\"https:\\\/\\\/nbcs.mx\\\/#organization\"},\"potentialAction\":[{\"@type\":\"SearchAction\",\"target\":{\"@type\":\"EntryPoint\",\"urlTemplate\":\"https:\\\/\\\/nbcs.mx\\\/?s={search_term_string}\"},\"query-input\":{\"@type\":\"PropertyValueSpecification\",\"valueRequired\":true,\"valueName\":\"search_term_string\"}}],\"inLanguage\":\"es\"},{\"@type\":\"Organization\",\"@id\":\"https:\\\/\\\/nbcs.mx\\\/#organization\",\"name\":\"NBCS Noticias\",\"url\":\"https:\\\/\\\/nbcs.mx\\\/\",\"logo\":{\"@type\":\"ImageObject\",\"inLanguage\":\"es\",\"@id\":\"https:\\\/\\\/nbcs.mx\\\/#\\\/schema\\\/logo\\\/image\\\/\",\"url\":\"https:\\\/\\\/nbcs.mx\\\/wp-content\\\/uploads\\\/2018\\\/09\\\/057b69485e93575a5c2b1c1dde2dd297.jpeg\",\"contentUrl\":\"https:\\\/\\\/nbcs.mx\\\/wp-content\\\/uploads\\\/2018\\\/09\\\/057b69485e93575a5c2b1c1dde2dd297.jpeg\",\"width\":64,\"height\":64,\"caption\":\"NBCS Noticias\"},\"image\":{\"@id\":\"https:\\\/\\\/nbcs.mx\\\/#\\\/schema\\\/logo\\\/image\\\/\"},\"sameAs\":[\"https:\\\/\\\/www.facebook.com\\\/NBCSnoticias\",\"https:\\\/\\\/x.com\\\/NBCSnoticias\"]},{\"@type\":\"Person\",\"@id\":\"https:\\\/\\\/nbcs.mx\\\/#\\\/schema\\\/person\\\/ece58bab9a7c1e87a4d28ec9ecd79ff4\",\"name\":\"NBCS Noticias\",\"image\":{\"@type\":\"ImageObject\",\"inLanguage\":\"es\",\"@id\":\"https:\\\/\\\/secure.gravatar.com\\\/avatar\\\/4e52110cad1c4054b43271a0d14bbe9e2ea76aecd0e1097edfc670798d9ca1d4?s=96&d=blank&r=g\",\"url\":\"https:\\\/\\\/secure.gravatar.com\\\/avatar\\\/4e52110cad1c4054b43271a0d14bbe9e2ea76aecd0e1097edfc670798d9ca1d4?s=96&d=blank&r=g\",\"contentUrl\":\"https:\\\/\\\/secure.gravatar.com\\\/avatar\\\/4e52110cad1c4054b43271a0d14bbe9e2ea76aecd0e1097edfc670798d9ca1d4?s=96&d=blank&r=g\",\"caption\":\"NBCS Noticias\"},\"description\":\"\u00bfTienes fotos o video de alg\u00fan acto de posible negligencia, corrupci\u00f3n y abuso de autoridad? M\u00e1ndalo al WhatsApp de NBCS Noticias: 612 141 98 08\",\"sameAs\":[\"https:\\\/\\\/www.nbcs.mx\",\"https:\\\/\\\/www.facebook.com\\\/NBCSnoticias\",\"https:\\\/\\\/www.instagram.com\\\/nbcsnoticias\\\/\",\"https:\\\/\\\/x.com\\\/https:\\\/\\\/twitter.com\\\/NBCSnoticias\"]}]}<\/script>\n<!-- \/ Yoast SEO plugin. -->","yoast_head_json":{"title":"Encabeza V\u00edctor Castro festejo por el 105\u00b0 aniversario de la Casa del Estudiante Sudcaliforniano - NBCS Noticias","robots":{"index":"index","follow":"follow","max-snippet":"max-snippet:-1","max-image-preview":"max-image-preview:large","max-video-preview":"max-video-preview:-1"},"canonical":"https:\/\/nbcs.mx\/?p=158368","og_locale":"es_ES","og_type":"article","og_title":"Encabeza V\u00edctor Castro festejo por el 105\u00b0 aniversario de la Casa del Estudiante Sudcaliforniano - NBCS Noticias","og_description":"El gobernador V\u00edctor Manuel Castro Cos\u00edo encabez\u00f3 el festejo por el 105\u00b0 aniversario de la Casa del Estudiante Sudcaliforniano en","og_url":"https:\/\/nbcs.mx\/?p=158368","og_site_name":"NBCS Noticias","article_publisher":"https:\/\/www.facebook.com\/NBCSnoticias","article_author":"https:\/\/www.facebook.com\/NBCSnoticias","article_published_time":"2025-11-23T16:24:28+00:00","og_image":[{"width":768,"height":576,"url":"https:\/\/nbcs.mx\/wp-content\/uploads\/2025\/11\/FOTO3-BOLETIN-03123-VMCC-ENCABEZA.jpeg","type":"image\/jpeg"}],"author":"NBCS Noticias","twitter_card":"summary_large_image","twitter_creator":"@https:\/\/twitter.com\/NBCSnoticias","twitter_site":"@NBCSnoticias","twitter_misc":{"Escrito por":"NBCS Noticias","Tiempo de lectura":"2 minutos"},"schema":{"@context":"https:\/\/schema.org","@graph":[{"@type":"Article","@id":"https:\/\/nbcs.mx\/?p=158368#article","isPartOf":{"@id":"https:\/\/nbcs.mx\/?p=158368"},"author":{"name":"NBCS Noticias","@id":"https:\/\/nbcs.mx\/#\/schema\/person\/ece58bab9a7c1e87a4d28ec9ecd79ff4"},"headline":"Encabeza V\u00edctor Castro festejo por el 105\u00b0 aniversario de la Casa del Estudiante Sudcaliforniano","datePublished":"2025-11-23T16:24:28+00:00","mainEntityOfPage":{"@id":"https:\/\/nbcs.mx\/?p=158368"},"wordCount":244,"commentCount":0,"publisher":{"@id":"https:\/\/nbcs.mx\/#organization"},"image":{"@id":"https:\/\/nbcs.mx\/?p=158368#primaryimage"},"thumbnailUrl":"https:\/\/nbcs.mx\/wp-content\/uploads\/2025\/11\/FOTO3-BOLETIN-03123-VMCC-ENCABEZA.jpeg","articleSection":["Noticias"],"inLanguage":"es","potentialAction":[{"@type":"CommentAction","name":"Comment","target":["https:\/\/nbcs.mx\/?p=158368#respond"]}]},{"@type":"WebPage","@id":"https:\/\/nbcs.mx\/?p=158368","url":"https:\/\/nbcs.mx\/?p=158368","name":"Encabeza V\u00edctor Castro festejo por el 105\u00b0 aniversario de la Casa del Estudiante Sudcaliforniano - NBCS Noticias","isPartOf":{"@id":"https:\/\/nbcs.mx\/#website"},"primaryImageOfPage":{"@id":"https:\/\/nbcs.mx\/?p=158368#primaryimage"},"image":{"@id":"https:\/\/nbcs.mx\/?p=158368#primaryimage"},"thumbnailUrl":"https:\/\/nbcs.mx\/wp-content\/uploads\/2025\/11\/FOTO3-BOLETIN-03123-VMCC-ENCABEZA.jpeg","datePublished":"2025-11-23T16:24:28+00:00","breadcrumb":{"@id":"https:\/\/nbcs.mx\/?p=158368#breadcrumb"},"inLanguage":"es","potentialAction":[{"@type":"ReadAction","target":["https:\/\/nbcs.mx\/?p=158368"]}]},{"@type":"ImageObject","inLanguage":"es","@id":"https:\/\/nbcs.mx\/?p=158368#primaryimage","url":"https:\/\/nbcs.mx\/wp-content\/uploads\/2025\/11\/FOTO3-BOLETIN-03123-VMCC-ENCABEZA.jpeg","contentUrl":"https:\/\/nbcs.mx\/wp-content\/uploads\/2025\/11\/FOTO3-BOLETIN-03123-VMCC-ENCABEZA.jpeg","width":768,"height":576},{"@type":"BreadcrumbList","@id":"https:\/\/nbcs.mx\/?p=158368#breadcrumb","itemListElement":[{"@type":"ListItem","position":1,"name":"Portada","item":"https:\/\/nbcs.mx\/"},{"@type":"ListItem","position":2,"name":"Encabeza V\u00edctor Castro festejo por el 105\u00b0 aniversario de la Casa del Estudiante Sudcaliforniano"}]},{"@type":"WebSite","@id":"https:\/\/nbcs.mx\/#website","url":"https:\/\/nbcs.mx\/","name":"NBCS Noticias","description":"Sitio web de noticias en Baja California Sur","publisher":{"@id":"https:\/\/nbcs.mx\/#organization"},"potentialAction":[{"@type":"SearchAction","target":{"@type":"EntryPoint","urlTemplate":"https:\/\/nbcs.mx\/?s={search_term_string}"},"query-input":{"@type":"PropertyValueSpecification","valueRequired":true,"valueName":"search_term_string"}}],"inLanguage":"es"},{"@type":"Organization","@id":"https:\/\/nbcs.mx\/#organization","name":"NBCS Noticias","url":"https:\/\/nbcs.mx\/","logo":{"@type":"ImageObject","inLanguage":"es","@id":"https:\/\/nbcs.mx\/#\/schema\/logo\/image\/","url":"https:\/\/nbcs.mx\/wp-content\/uploads\/2018\/09\/057b69485e93575a5c2b1c1dde2dd297.jpeg","contentUrl":"https:\/\/nbcs.mx\/wp-content\/uploads\/2018\/09\/057b69485e93575a5c2b1c1dde2dd297.jpeg","width":64,"height":64,"caption":"NBCS Noticias"},"image":{"@id":"https:\/\/nbcs.mx\/#\/schema\/logo\/image\/"},"sameAs":["https:\/\/www.facebook.com\/NBCSnoticias","https:\/\/x.com\/NBCSnoticias"]},{"@type":"Person","@id":"https:\/\/nbcs.mx\/#\/schema\/person\/ece58bab9a7c1e87a4d28ec9ecd79ff4","name":"NBCS Noticias","image":{"@type":"ImageObject","inLanguage":"es","@id":"https:\/\/secure.gravatar.com\/avatar\/4e52110cad1c4054b43271a0d14bbe9e2ea76aecd0e1097edfc670798d9ca1d4?s=96&d=blank&r=g","url":"https:\/\/secure.gravatar.com\/avatar\/4e52110cad1c4054b43271a0d14bbe9e2ea76aecd0e1097edfc670798d9ca1d4?s=96&d=blank&r=g","contentUrl":"https:\/\/secure.gravatar.com\/avatar\/4e52110cad1c4054b43271a0d14bbe9e2ea76aecd0e1097edfc670798d9ca1d4?s=96&d=blank&r=g","caption":"NBCS Noticias"},"description":"\u00bfTienes fotos o video de alg\u00fan acto de posible negligencia, corrupci\u00f3n y abuso de autoridad? M\u00e1ndalo al WhatsApp de NBCS Noticias: 612 141 98 08","sameAs":["https:\/\/www.nbcs.mx","https:\/\/www.facebook.com\/NBCSnoticias","https:\/\/www.instagram.com\/nbcsnoticias\/","https:\/\/x.com\/https:\/\/twitter.com\/NBCSnoticias"]}]}},"jetpack_publicize_connections":[],"jetpack_featured_media_url":"https:\/\/nbcs.mx\/wp-content\/uploads\/2025\/11\/FOTO3-BOLETIN-03123-VMCC-ENCABEZA.jpeg","jetpack_sharing_enabled":true,"_links":{"self":[{"href":"https:\/\/nbcs.mx\/index.php?rest_route=\/wp\/v2\/posts\/158368","targetHints":{"allow":["GET"]}}],"collection":[{"href":"https:\/\/nbcs.mx\/index.php?rest_route=\/wp\/v2\/posts"}],"about":[{"href":"https:\/\/nbcs.mx\/index.php?rest_route=\/wp\/v2\/types\/post"}],"author":[{"embeddable":true,"href":"https:\/\/nbcs.mx\/index.php?rest_route=\/wp\/v2\/users\/1"}],"replies":[{"embeddable":true,"href":"https:\/\/nbcs.mx\/index.php?rest_route=%2Fwp%2Fv2%2Fcomments&post=158368"}],"version-history":[{"count":1,"href":"https:\/\/nbcs.mx\/index.php?rest_route=\/wp\/v2\/posts\/158368\/revisions"}],"predecessor-version":[{"id":158370,"href":"https:\/\/nbcs.mx\/index.php?rest_route=\/wp\/v2\/posts\/158368\/revisions\/158370"}],"wp:featuredmedia":[{"embeddable":true,"href":"https:\/\/nbcs.mx\/index.php?rest_route=\/wp\/v2\/media\/158369"}],"wp:attachment":[{"href":"https:\/\/nbcs.mx\/index.php?rest_route=%2Fwp%2Fv2%2Fmedia&parent=158368"}],"wp:term":[{"taxonomy":"category","embeddable":true,"href":"https:\/\/nbcs.mx\/index.php?rest_route=%2Fwp%2Fv2%2Fcategories&post=158368"},{"taxonomy":"post_tag","embeddable":true,"href":"https:\/\/nbcs.mx\/index.php?rest_route=%2Fwp%2Fv2%2Ftags&post=158368"}],"curies":[{"name":"wp","href":"https:\/\/api.w.org\/{rel}","templated":true}]}}