{"id":158372,"date":"2025-11-23T22:01:46","date_gmt":"2025-11-24T05:01:46","guid":{"rendered":"https:\/\/nbcs.mx\/?p=158372"},"modified":"2025-11-23T22:01:46","modified_gmt":"2025-11-24T05:01:46","slug":"preside-saul-gonzalez-acto-conmemorativo-por-los-200-anos-de-la-independencia-en-el-mar","status":"publish","type":"post","link":"https:\/\/nbcs.mx\/?p=158372","title":{"rendered":"Preside Sa\u00fal Gonz\u00e1lez acto conmemorativo por los 200 a\u00f1os de la Independencia en el Mar"},"content":{"rendered":"<p style=\"font-weight: 400; text-align: justify;\"><img loading=\"lazy\" decoding=\"async\" class=\" wp-image-158373 alignleft\" src=\"https:\/\/nbcs.mx\/wp-content\/uploads\/2025\/11\/FOTO2-BOLETIN-SGG-PRESIDE-738x492.jpeg\" alt=\"\" width=\"353\" height=\"235\" srcset=\"https:\/\/nbcs.mx\/wp-content\/uploads\/2025\/11\/FOTO2-BOLETIN-SGG-PRESIDE-738x492.jpeg 738w, https:\/\/nbcs.mx\/wp-content\/uploads\/2025\/11\/FOTO2-BOLETIN-SGG-PRESIDE-1024x682.jpeg 1024w, https:\/\/nbcs.mx\/wp-content\/uploads\/2025\/11\/FOTO2-BOLETIN-SGG-PRESIDE-150x100.jpeg 150w, https:\/\/nbcs.mx\/wp-content\/uploads\/2025\/11\/FOTO2-BOLETIN-SGG-PRESIDE-768x512.jpeg 768w, https:\/\/nbcs.mx\/wp-content\/uploads\/2025\/11\/FOTO2-BOLETIN-SGG-PRESIDE.jpeg 1280w\" sizes=\"auto, (max-width: 353px) 100vw, 353px\" \/>El secretario General de Gobierno, Jos\u00e9 Sa\u00fal Gonz\u00e1lez N\u00fa\u00f1ez, acudi\u00f3 en representaci\u00f3n del gobernador V\u00edctor Manuel Castro Cos\u00edo al acto conmemorativo por los 200 a\u00f1os de la Consolidaci\u00f3n de la Independencia en el Mar, realizado junto al comandante de la Cuarta Zona Naval, Vicealmirante Jos\u00e9 Chapa T\u00e9llez, as\u00ed como autoridades civiles y militares.<\/p>\n<p style=\"font-weight: 400; text-align: justify;\">\n<p style=\"font-weight: 400; text-align: justify;\">Durante su mensaje, Gonz\u00e1lez N\u00fa\u00f1ez destac\u00f3 la importancia de mantener viva la historia nacional y honrar a quienes, con entrega y valent\u00eda, contribuyeron a la transformaci\u00f3n del pa\u00eds y al fortalecimiento de las libertades del pueblo, consolidando una naci\u00f3n justa, democr\u00e1tica e independiente.<\/p>\n<p style=\"font-weight: 400; text-align: justify;\">\n<p style=\"font-weight: 400; text-align: justify;\">Asimismo, reconoci\u00f3 el papel esencial de la Armada de M\u00e9xico, instituci\u00f3n que \u2014subray\u00f3\u2014 ha defendido con honor y patriotismo la soberan\u00eda nacional, al resguardar las aguas del pa\u00eds, el espacio a\u00e9reo mar\u00edtimo y al brindar apoyo permanente en beneficio de las y los mexicanos.<\/p>\n<p style=\"font-weight: 400; text-align: justify;\">\n<p style=\"font-weight: 400; text-align: justify;\">En la ceremonia se record\u00f3 que el 23 de noviembre de 1825, a partir de la acci\u00f3n naval emprendida, se logr\u00f3 retirar a las \u00faltimas fuerzas espa\u00f1olas que permanec\u00edan en San Juan de Ul\u00faa, Veracruz, hecho que marc\u00f3 la consolidaci\u00f3n de la Independencia Nacional.<\/p>\n<p style=\"font-weight: 400; text-align: justify;\">\n","protected":false},"excerpt":{"rendered":"<p>El secretario General de Gobierno, Jos\u00e9 Sa\u00fal Gonz\u00e1lez N\u00fa\u00f1ez, acudi\u00f3 en representaci\u00f3n del gobernador V\u00edctor Manuel Castro Cos\u00edo al acto<\/p>\n","protected":false},"author":1,"featured_media":158373,"comment_status":"open","ping_status":"closed","sticky":false,"template":"","format":"standard","meta":{"colormag_page_container_layout":"default_layout","colormag_page_sidebar_layout":"default_layout","_jetpack_memberships_contains_paid_content":false,"footnotes":"","jetpack_publicize_message":"","jetpack_publicize_feature_enabled":true,"jetpack_social_post_already_shared":true,"jetpack_social_options":{"image_generator_settings":{"template":"highway","default_image_id":0,"font":"","enabled":false},"version":2}},"categories":[1],"tags":[],"class_list":["post-158372","post","type-post","status-publish","format-standard","has-post-thumbnail","hentry","category-noticias"],"yoast_head":"<!-- This site is optimized with the Yoast SEO plugin v27.4 - https:\/\/yoast.com\/product\/yoast-seo-wordpress\/ -->\n<title>Preside Sa\u00fal Gonz\u00e1lez acto conmemorativo por los 200 a\u00f1os de la Independencia en el Mar - NBCS Noticias<\/title>\n<meta name=\"robots\" content=\"index, follow, max-snippet:-1, max-image-preview:large, max-video-preview:-1\" \/>\n<link rel=\"canonical\" href=\"https:\/\/nbcs.mx\/?p=158372\" \/>\n<meta property=\"og:locale\" content=\"es_ES\" \/>\n<meta property=\"og:type\" content=\"article\" \/>\n<meta property=\"og:title\" content=\"Preside Sa\u00fal Gonz\u00e1lez acto conmemorativo por los 200 a\u00f1os de la Independencia en el Mar - NBCS Noticias\" \/>\n<meta property=\"og:description\" content=\"El secretario General de Gobierno, Jos\u00e9 Sa\u00fal Gonz\u00e1lez N\u00fa\u00f1ez, acudi\u00f3 en representaci\u00f3n del gobernador V\u00edctor Manuel Castro Cos\u00edo al acto\" \/>\n<meta property=\"og:url\" content=\"https:\/\/nbcs.mx\/?p=158372\" \/>\n<meta property=\"og:site_name\" content=\"NBCS Noticias\" \/>\n<meta property=\"article:publisher\" content=\"https:\/\/www.facebook.com\/NBCSnoticias\" \/>\n<meta property=\"article:author\" content=\"https:\/\/www.facebook.com\/NBCSnoticias\" \/>\n<meta property=\"article:published_time\" content=\"2025-11-24T05:01:46+00:00\" \/>\n<meta property=\"og:image\" content=\"https:\/\/nbcs.mx\/wp-content\/uploads\/2025\/11\/FOTO2-BOLETIN-SGG-PRESIDE.jpeg\" \/>\n\t<meta property=\"og:image:width\" content=\"1280\" \/>\n\t<meta property=\"og:image:height\" content=\"853\" \/>\n\t<meta property=\"og:image:type\" content=\"image\/jpeg\" \/>\n<meta name=\"author\" content=\"NBCS Noticias\" \/>\n<meta name=\"twitter:card\" content=\"summary_large_image\" \/>\n<meta name=\"twitter:creator\" content=\"@https:\/\/twitter.com\/NBCSnoticias\" \/>\n<meta name=\"twitter:site\" content=\"@NBCSnoticias\" \/>\n<meta name=\"twitter:label1\" content=\"Escrito por\" \/>\n\t<meta name=\"twitter:data1\" content=\"NBCS Noticias\" \/>\n\t<meta name=\"twitter:label2\" content=\"Tiempo de lectura\" \/>\n\t<meta name=\"twitter:data2\" content=\"2 minutos\" \/>\n<script type=\"application\/ld+json\" class=\"yoast-schema-graph\">{\"@context\":\"https:\\\/\\\/schema.org\",\"@graph\":[{\"@type\":\"Article\",\"@id\":\"https:\\\/\\\/nbcs.mx\\\/?p=158372#article\",\"isPartOf\":{\"@id\":\"https:\\\/\\\/nbcs.mx\\\/?p=158372\"},\"author\":{\"name\":\"NBCS Noticias\",\"@id\":\"https:\\\/\\\/nbcs.mx\\\/#\\\/schema\\\/person\\\/ece58bab9a7c1e87a4d28ec9ecd79ff4\"},\"headline\":\"Preside Sa\u00fal Gonz\u00e1lez acto conmemorativo por los 200 a\u00f1os de la Independencia en el Mar\",\"datePublished\":\"2025-11-24T05:01:46+00:00\",\"mainEntityOfPage\":{\"@id\":\"https:\\\/\\\/nbcs.mx\\\/?p=158372\"},\"wordCount\":225,\"commentCount\":0,\"publisher\":{\"@id\":\"https:\\\/\\\/nbcs.mx\\\/#organization\"},\"image\":{\"@id\":\"https:\\\/\\\/nbcs.mx\\\/?p=158372#primaryimage\"},\"thumbnailUrl\":\"https:\\\/\\\/nbcs.mx\\\/wp-content\\\/uploads\\\/2025\\\/11\\\/FOTO2-BOLETIN-SGG-PRESIDE.jpeg\",\"articleSection\":[\"Noticias\"],\"inLanguage\":\"es\",\"potentialAction\":[{\"@type\":\"CommentAction\",\"name\":\"Comment\",\"target\":[\"https:\\\/\\\/nbcs.mx\\\/?p=158372#respond\"]}]},{\"@type\":\"WebPage\",\"@id\":\"https:\\\/\\\/nbcs.mx\\\/?p=158372\",\"url\":\"https:\\\/\\\/nbcs.mx\\\/?p=158372\",\"name\":\"Preside Sa\u00fal Gonz\u00e1lez acto conmemorativo por los 200 a\u00f1os de la Independencia en el Mar - NBCS Noticias\",\"isPartOf\":{\"@id\":\"https:\\\/\\\/nbcs.mx\\\/#website\"},\"primaryImageOfPage\":{\"@id\":\"https:\\\/\\\/nbcs.mx\\\/?p=158372#primaryimage\"},\"image\":{\"@id\":\"https:\\\/\\\/nbcs.mx\\\/?p=158372#primaryimage\"},\"thumbnailUrl\":\"https:\\\/\\\/nbcs.mx\\\/wp-content\\\/uploads\\\/2025\\\/11\\\/FOTO2-BOLETIN-SGG-PRESIDE.jpeg\",\"datePublished\":\"2025-11-24T05:01:46+00:00\",\"breadcrumb\":{\"@id\":\"https:\\\/\\\/nbcs.mx\\\/?p=158372#breadcrumb\"},\"inLanguage\":\"es\",\"potentialAction\":[{\"@type\":\"ReadAction\",\"target\":[\"https:\\\/\\\/nbcs.mx\\\/?p=158372\"]}]},{\"@type\":\"ImageObject\",\"inLanguage\":\"es\",\"@id\":\"https:\\\/\\\/nbcs.mx\\\/?p=158372#primaryimage\",\"url\":\"https:\\\/\\\/nbcs.mx\\\/wp-content\\\/uploads\\\/2025\\\/11\\\/FOTO2-BOLETIN-SGG-PRESIDE.jpeg\",\"contentUrl\":\"https:\\\/\\\/nbcs.mx\\\/wp-content\\\/uploads\\\/2025\\\/11\\\/FOTO2-BOLETIN-SGG-PRESIDE.jpeg\",\"width\":1280,\"height\":853},{\"@type\":\"BreadcrumbList\",\"@id\":\"https:\\\/\\\/nbcs.mx\\\/?p=158372#breadcrumb\",\"itemListElement\":[{\"@type\":\"ListItem\",\"position\":1,\"name\":\"Portada\",\"item\":\"https:\\\/\\\/nbcs.mx\\\/\"},{\"@type\":\"ListItem\",\"position\":2,\"name\":\"Preside Sa\u00fal Gonz\u00e1lez acto conmemorativo por los 200 a\u00f1os de la Independencia en el Mar\"}]},{\"@type\":\"WebSite\",\"@id\":\"https:\\\/\\\/nbcs.mx\\\/#website\",\"url\":\"https:\\\/\\\/nbcs.mx\\\/\",\"name\":\"NBCS Noticias\",\"description\":\"Sitio web de noticias en Baja California Sur\",\"publisher\":{\"@id\":\"https:\\\/\\\/nbcs.mx\\\/#organization\"},\"potentialAction\":[{\"@type\":\"SearchAction\",\"target\":{\"@type\":\"EntryPoint\",\"urlTemplate\":\"https:\\\/\\\/nbcs.mx\\\/?s={search_term_string}\"},\"query-input\":{\"@type\":\"PropertyValueSpecification\",\"valueRequired\":true,\"valueName\":\"search_term_string\"}}],\"inLanguage\":\"es\"},{\"@type\":\"Organization\",\"@id\":\"https:\\\/\\\/nbcs.mx\\\/#organization\",\"name\":\"NBCS Noticias\",\"url\":\"https:\\\/\\\/nbcs.mx\\\/\",\"logo\":{\"@type\":\"ImageObject\",\"inLanguage\":\"es\",\"@id\":\"https:\\\/\\\/nbcs.mx\\\/#\\\/schema\\\/logo\\\/image\\\/\",\"url\":\"https:\\\/\\\/nbcs.mx\\\/wp-content\\\/uploads\\\/2018\\\/09\\\/057b69485e93575a5c2b1c1dde2dd297.jpeg\",\"contentUrl\":\"https:\\\/\\\/nbcs.mx\\\/wp-content\\\/uploads\\\/2018\\\/09\\\/057b69485e93575a5c2b1c1dde2dd297.jpeg\",\"width\":64,\"height\":64,\"caption\":\"NBCS Noticias\"},\"image\":{\"@id\":\"https:\\\/\\\/nbcs.mx\\\/#\\\/schema\\\/logo\\\/image\\\/\"},\"sameAs\":[\"https:\\\/\\\/www.facebook.com\\\/NBCSnoticias\",\"https:\\\/\\\/x.com\\\/NBCSnoticias\"]},{\"@type\":\"Person\",\"@id\":\"https:\\\/\\\/nbcs.mx\\\/#\\\/schema\\\/person\\\/ece58bab9a7c1e87a4d28ec9ecd79ff4\",\"name\":\"NBCS Noticias\",\"image\":{\"@type\":\"ImageObject\",\"inLanguage\":\"es\",\"@id\":\"https:\\\/\\\/secure.gravatar.com\\\/avatar\\\/4e52110cad1c4054b43271a0d14bbe9e2ea76aecd0e1097edfc670798d9ca1d4?s=96&d=blank&r=g\",\"url\":\"https:\\\/\\\/secure.gravatar.com\\\/avatar\\\/4e52110cad1c4054b43271a0d14bbe9e2ea76aecd0e1097edfc670798d9ca1d4?s=96&d=blank&r=g\",\"contentUrl\":\"https:\\\/\\\/secure.gravatar.com\\\/avatar\\\/4e52110cad1c4054b43271a0d14bbe9e2ea76aecd0e1097edfc670798d9ca1d4?s=96&d=blank&r=g\",\"caption\":\"NBCS Noticias\"},\"description\":\"\u00bfTienes fotos o video de alg\u00fan acto de posible negligencia, corrupci\u00f3n y abuso de autoridad? M\u00e1ndalo al WhatsApp de NBCS Noticias: 612 141 98 08\",\"sameAs\":[\"https:\\\/\\\/www.nbcs.mx\",\"https:\\\/\\\/www.facebook.com\\\/NBCSnoticias\",\"https:\\\/\\\/www.instagram.com\\\/nbcsnoticias\\\/\",\"https:\\\/\\\/x.com\\\/https:\\\/\\\/twitter.com\\\/NBCSnoticias\"]}]}<\/script>\n<!-- \/ Yoast SEO plugin. -->","yoast_head_json":{"title":"Preside Sa\u00fal Gonz\u00e1lez acto conmemorativo por los 200 a\u00f1os de la Independencia en el Mar - NBCS Noticias","robots":{"index":"index","follow":"follow","max-snippet":"max-snippet:-1","max-image-preview":"max-image-preview:large","max-video-preview":"max-video-preview:-1"},"canonical":"https:\/\/nbcs.mx\/?p=158372","og_locale":"es_ES","og_type":"article","og_title":"Preside Sa\u00fal Gonz\u00e1lez acto conmemorativo por los 200 a\u00f1os de la Independencia en el Mar - NBCS Noticias","og_description":"El secretario General de Gobierno, Jos\u00e9 Sa\u00fal Gonz\u00e1lez N\u00fa\u00f1ez, acudi\u00f3 en representaci\u00f3n del gobernador V\u00edctor Manuel Castro Cos\u00edo al acto","og_url":"https:\/\/nbcs.mx\/?p=158372","og_site_name":"NBCS Noticias","article_publisher":"https:\/\/www.facebook.com\/NBCSnoticias","article_author":"https:\/\/www.facebook.com\/NBCSnoticias","article_published_time":"2025-11-24T05:01:46+00:00","og_image":[{"width":1280,"height":853,"url":"https:\/\/nbcs.mx\/wp-content\/uploads\/2025\/11\/FOTO2-BOLETIN-SGG-PRESIDE.jpeg","type":"image\/jpeg"}],"author":"NBCS Noticias","twitter_card":"summary_large_image","twitter_creator":"@https:\/\/twitter.com\/NBCSnoticias","twitter_site":"@NBCSnoticias","twitter_misc":{"Escrito por":"NBCS Noticias","Tiempo de lectura":"2 minutos"},"schema":{"@context":"https:\/\/schema.org","@graph":[{"@type":"Article","@id":"https:\/\/nbcs.mx\/?p=158372#article","isPartOf":{"@id":"https:\/\/nbcs.mx\/?p=158372"},"author":{"name":"NBCS Noticias","@id":"https:\/\/nbcs.mx\/#\/schema\/person\/ece58bab9a7c1e87a4d28ec9ecd79ff4"},"headline":"Preside Sa\u00fal Gonz\u00e1lez acto conmemorativo por los 200 a\u00f1os de la Independencia en el Mar","datePublished":"2025-11-24T05:01:46+00:00","mainEntityOfPage":{"@id":"https:\/\/nbcs.mx\/?p=158372"},"wordCount":225,"commentCount":0,"publisher":{"@id":"https:\/\/nbcs.mx\/#organization"},"image":{"@id":"https:\/\/nbcs.mx\/?p=158372#primaryimage"},"thumbnailUrl":"https:\/\/nbcs.mx\/wp-content\/uploads\/2025\/11\/FOTO2-BOLETIN-SGG-PRESIDE.jpeg","articleSection":["Noticias"],"inLanguage":"es","potentialAction":[{"@type":"CommentAction","name":"Comment","target":["https:\/\/nbcs.mx\/?p=158372#respond"]}]},{"@type":"WebPage","@id":"https:\/\/nbcs.mx\/?p=158372","url":"https:\/\/nbcs.mx\/?p=158372","name":"Preside Sa\u00fal Gonz\u00e1lez acto conmemorativo por los 200 a\u00f1os de la Independencia en el Mar - NBCS Noticias","isPartOf":{"@id":"https:\/\/nbcs.mx\/#website"},"primaryImageOfPage":{"@id":"https:\/\/nbcs.mx\/?p=158372#primaryimage"},"image":{"@id":"https:\/\/nbcs.mx\/?p=158372#primaryimage"},"thumbnailUrl":"https:\/\/nbcs.mx\/wp-content\/uploads\/2025\/11\/FOTO2-BOLETIN-SGG-PRESIDE.jpeg","datePublished":"2025-11-24T05:01:46+00:00","breadcrumb":{"@id":"https:\/\/nbcs.mx\/?p=158372#breadcrumb"},"inLanguage":"es","potentialAction":[{"@type":"ReadAction","target":["https:\/\/nbcs.mx\/?p=158372"]}]},{"@type":"ImageObject","inLanguage":"es","@id":"https:\/\/nbcs.mx\/?p=158372#primaryimage","url":"https:\/\/nbcs.mx\/wp-content\/uploads\/2025\/11\/FOTO2-BOLETIN-SGG-PRESIDE.jpeg","contentUrl":"https:\/\/nbcs.mx\/wp-content\/uploads\/2025\/11\/FOTO2-BOLETIN-SGG-PRESIDE.jpeg","width":1280,"height":853},{"@type":"BreadcrumbList","@id":"https:\/\/nbcs.mx\/?p=158372#breadcrumb","itemListElement":[{"@type":"ListItem","position":1,"name":"Portada","item":"https:\/\/nbcs.mx\/"},{"@type":"ListItem","position":2,"name":"Preside Sa\u00fal Gonz\u00e1lez acto conmemorativo por los 200 a\u00f1os de la Independencia en el Mar"}]},{"@type":"WebSite","@id":"https:\/\/nbcs.mx\/#website","url":"https:\/\/nbcs.mx\/","name":"NBCS Noticias","description":"Sitio web de noticias en Baja California Sur","publisher":{"@id":"https:\/\/nbcs.mx\/#organization"},"potentialAction":[{"@type":"SearchAction","target":{"@type":"EntryPoint","urlTemplate":"https:\/\/nbcs.mx\/?s={search_term_string}"},"query-input":{"@type":"PropertyValueSpecification","valueRequired":true,"valueName":"search_term_string"}}],"inLanguage":"es"},{"@type":"Organization","@id":"https:\/\/nbcs.mx\/#organization","name":"NBCS Noticias","url":"https:\/\/nbcs.mx\/","logo":{"@type":"ImageObject","inLanguage":"es","@id":"https:\/\/nbcs.mx\/#\/schema\/logo\/image\/","url":"https:\/\/nbcs.mx\/wp-content\/uploads\/2018\/09\/057b69485e93575a5c2b1c1dde2dd297.jpeg","contentUrl":"https:\/\/nbcs.mx\/wp-content\/uploads\/2018\/09\/057b69485e93575a5c2b1c1dde2dd297.jpeg","width":64,"height":64,"caption":"NBCS Noticias"},"image":{"@id":"https:\/\/nbcs.mx\/#\/schema\/logo\/image\/"},"sameAs":["https:\/\/www.facebook.com\/NBCSnoticias","https:\/\/x.com\/NBCSnoticias"]},{"@type":"Person","@id":"https:\/\/nbcs.mx\/#\/schema\/person\/ece58bab9a7c1e87a4d28ec9ecd79ff4","name":"NBCS Noticias","image":{"@type":"ImageObject","inLanguage":"es","@id":"https:\/\/secure.gravatar.com\/avatar\/4e52110cad1c4054b43271a0d14bbe9e2ea76aecd0e1097edfc670798d9ca1d4?s=96&d=blank&r=g","url":"https:\/\/secure.gravatar.com\/avatar\/4e52110cad1c4054b43271a0d14bbe9e2ea76aecd0e1097edfc670798d9ca1d4?s=96&d=blank&r=g","contentUrl":"https:\/\/secure.gravatar.com\/avatar\/4e52110cad1c4054b43271a0d14bbe9e2ea76aecd0e1097edfc670798d9ca1d4?s=96&d=blank&r=g","caption":"NBCS Noticias"},"description":"\u00bfTienes fotos o video de alg\u00fan acto de posible negligencia, corrupci\u00f3n y abuso de autoridad? M\u00e1ndalo al WhatsApp de NBCS Noticias: 612 141 98 08","sameAs":["https:\/\/www.nbcs.mx","https:\/\/www.facebook.com\/NBCSnoticias","https:\/\/www.instagram.com\/nbcsnoticias\/","https:\/\/x.com\/https:\/\/twitter.com\/NBCSnoticias"]}]}},"jetpack_publicize_connections":[],"jetpack_featured_media_url":"https:\/\/nbcs.mx\/wp-content\/uploads\/2025\/11\/FOTO2-BOLETIN-SGG-PRESIDE.jpeg","jetpack_sharing_enabled":true,"_links":{"self":[{"href":"https:\/\/nbcs.mx\/index.php?rest_route=\/wp\/v2\/posts\/158372","targetHints":{"allow":["GET"]}}],"collection":[{"href":"https:\/\/nbcs.mx\/index.php?rest_route=\/wp\/v2\/posts"}],"about":[{"href":"https:\/\/nbcs.mx\/index.php?rest_route=\/wp\/v2\/types\/post"}],"author":[{"embeddable":true,"href":"https:\/\/nbcs.mx\/index.php?rest_route=\/wp\/v2\/users\/1"}],"replies":[{"embeddable":true,"href":"https:\/\/nbcs.mx\/index.php?rest_route=%2Fwp%2Fv2%2Fcomments&post=158372"}],"version-history":[{"count":1,"href":"https:\/\/nbcs.mx\/index.php?rest_route=\/wp\/v2\/posts\/158372\/revisions"}],"predecessor-version":[{"id":158374,"href":"https:\/\/nbcs.mx\/index.php?rest_route=\/wp\/v2\/posts\/158372\/revisions\/158374"}],"wp:featuredmedia":[{"embeddable":true,"href":"https:\/\/nbcs.mx\/index.php?rest_route=\/wp\/v2\/media\/158373"}],"wp:attachment":[{"href":"https:\/\/nbcs.mx\/index.php?rest_route=%2Fwp%2Fv2%2Fmedia&parent=158372"}],"wp:term":[{"taxonomy":"category","embeddable":true,"href":"https:\/\/nbcs.mx\/index.php?rest_route=%2Fwp%2Fv2%2Fcategories&post=158372"},{"taxonomy":"post_tag","embeddable":true,"href":"https:\/\/nbcs.mx\/index.php?rest_route=%2Fwp%2Fv2%2Ftags&post=158372"}],"curies":[{"name":"wp","href":"https:\/\/api.w.org\/{rel}","templated":true}]}}