{"id":158571,"date":"2025-11-28T11:06:20","date_gmt":"2025-11-28T18:06:20","guid":{"rendered":"https:\/\/nbcs.mx\/?p=158571"},"modified":"2025-11-28T11:06:20","modified_gmt":"2025-11-28T18:06:20","slug":"participa-sedif-bcs-en-encuentro-nacional-de-alimentacion-y-desarrollo-comunitario","status":"publish","type":"post","link":"https:\/\/nbcs.mx\/?p=158571","title":{"rendered":"Participa SEDIF BCS en Encuentro Nacional de Alimentaci\u00f3n y Desarrollo Comunitario"},"content":{"rendered":"<div>\n<p style=\"text-align: justify;\"><img loading=\"lazy\" decoding=\"async\" class=\" wp-image-158572 alignleft\" src=\"https:\/\/nbcs.mx\/wp-content\/uploads\/2025\/11\/FOTO-BOLETIN-SEDIF-PARTICIPA-755x419.jpg\" alt=\"\" width=\"326\" height=\"181\" srcset=\"https:\/\/nbcs.mx\/wp-content\/uploads\/2025\/11\/FOTO-BOLETIN-SEDIF-PARTICIPA-755x419.jpg 755w, https:\/\/nbcs.mx\/wp-content\/uploads\/2025\/11\/FOTO-BOLETIN-SEDIF-PARTICIPA-1024x569.jpg 1024w, https:\/\/nbcs.mx\/wp-content\/uploads\/2025\/11\/FOTO-BOLETIN-SEDIF-PARTICIPA-150x83.jpg 150w, https:\/\/nbcs.mx\/wp-content\/uploads\/2025\/11\/FOTO-BOLETIN-SEDIF-PARTICIPA-768x427.jpg 768w, https:\/\/nbcs.mx\/wp-content\/uploads\/2025\/11\/FOTO-BOLETIN-SEDIF-PARTICIPA-1536x853.jpg 1536w, https:\/\/nbcs.mx\/wp-content\/uploads\/2025\/11\/FOTO-BOLETIN-SEDIF-PARTICIPA-2048x1138.jpg 2048w, https:\/\/nbcs.mx\/wp-content\/uploads\/2025\/11\/FOTO-BOLETIN-SEDIF-PARTICIPA-800x445.jpg 800w\" sizes=\"auto, (max-width: 326px) 100vw, 326px\" \/>El Sistema Nacional para el Desarrollo Integral de la Familia (SNDIF), a trav\u00e9s de la Direcci\u00f3n General de Alimentaci\u00f3n y Desarrollo Comunitario, realiza el XXV Encuentro Nacional de Alimentaci\u00f3n y Desarrollo Comunitario (ENADC) los d\u00edas 26, 27 y 28 de noviembre en el estado de Yucat\u00e1n.<\/p>\n<\/div>\n<div style=\"text-align: justify;\">\n<p>En representaci\u00f3n de Baja California Sur, acudi\u00f3 la presidenta del Sistema Estatal DIF (SEDIF), Patricia L\u00f3pez Navarro, acompa\u00f1ada por el director de Atenci\u00f3n a Poblaci\u00f3n Prioritaria, Heriberto Mart\u00edn Lemus Berber.<\/p>\n<\/div>\n<div style=\"text-align: justify;\">\n<p>Este encuentro tiene como prop\u00f3sito fortalecer los espacios de coordinaci\u00f3n entre el Sistema Nacional DIF y los 32 Sistemas Estatales DIF, mediante el intercambio de experiencias, conocimientos te\u00f3ricos y pr\u00e1cticas exitosas que permitan mejorar la planeaci\u00f3n, operaci\u00f3n y ejecuci\u00f3n de los programas que integran la Estrategia Integral de Asistencia Social, Alimentaci\u00f3n y Desarrollo Comunitario (EIASADC).<\/p>\n<\/div>\n<div style=\"text-align: justify;\">\n<p>Durante la inauguraci\u00f3n, se destac\u00f3 que este espacio permitir\u00e1 fortalecer pol\u00edticas p\u00fablicas con enfoque de derechos, especialmente aquellas dirigidas a comunidades en situaci\u00f3n de vulnerabilidad. Asimismo, se reconoci\u00f3 la importancia del intercambio de experiencias entre las entidades para mejorar la asistencia alimentaria y el desarrollo comunitario.<\/p>\n<\/div>\n<div style=\"text-align: justify;\">\n<p>El XXV ENADC re\u00fane a delegaciones de los 32 estados del pa\u00eds, quienes compartir\u00e1n proyectos, diagn\u00f3sticos, talleres y experiencias en torno a los retos actuales y futuros en materia de asistencia alimentaria y desarrollo social.<\/p>\n<\/div>\n<div>\n<p style=\"text-align: justify;\">\n<\/div>\n","protected":false},"excerpt":{"rendered":"<p>El Sistema Nacional para el Desarrollo Integral de la Familia (SNDIF), a trav\u00e9s de la Direcci\u00f3n General de Alimentaci\u00f3n y<\/p>\n","protected":false},"author":1,"featured_media":158572,"comment_status":"open","ping_status":"closed","sticky":false,"template":"","format":"standard","meta":{"colormag_page_container_layout":"default_layout","colormag_page_sidebar_layout":"default_layout","_jetpack_memberships_contains_paid_content":false,"footnotes":"","jetpack_publicize_message":"","jetpack_publicize_feature_enabled":true,"jetpack_social_post_already_shared":true,"jetpack_social_options":{"image_generator_settings":{"template":"highway","default_image_id":0,"font":"","enabled":false},"version":2}},"categories":[1],"tags":[],"class_list":["post-158571","post","type-post","status-publish","format-standard","has-post-thumbnail","hentry","category-noticias"],"yoast_head":"<!-- This site is optimized with the Yoast SEO plugin v27.4 - https:\/\/yoast.com\/product\/yoast-seo-wordpress\/ -->\n<title>Participa SEDIF BCS en Encuentro Nacional de Alimentaci\u00f3n y Desarrollo Comunitario - NBCS Noticias<\/title>\n<meta name=\"robots\" content=\"index, follow, max-snippet:-1, max-image-preview:large, max-video-preview:-1\" \/>\n<link rel=\"canonical\" href=\"https:\/\/nbcs.mx\/?p=158571\" \/>\n<meta property=\"og:locale\" content=\"es_ES\" \/>\n<meta property=\"og:type\" content=\"article\" \/>\n<meta property=\"og:title\" content=\"Participa SEDIF BCS en Encuentro Nacional de Alimentaci\u00f3n y Desarrollo Comunitario - NBCS Noticias\" \/>\n<meta property=\"og:description\" content=\"El Sistema Nacional para el Desarrollo Integral de la Familia (SNDIF), a trav\u00e9s de la Direcci\u00f3n General de Alimentaci\u00f3n y\" \/>\n<meta property=\"og:url\" content=\"https:\/\/nbcs.mx\/?p=158571\" \/>\n<meta property=\"og:site_name\" content=\"NBCS Noticias\" \/>\n<meta property=\"article:publisher\" content=\"https:\/\/www.facebook.com\/NBCSnoticias\" \/>\n<meta property=\"article:author\" content=\"https:\/\/www.facebook.com\/NBCSnoticias\" \/>\n<meta property=\"article:published_time\" content=\"2025-11-28T18:06:20+00:00\" \/>\n<meta property=\"og:image\" content=\"https:\/\/nbcs.mx\/wp-content\/uploads\/2025\/11\/FOTO-BOLETIN-SEDIF-PARTICIPA-scaled.jpg\" \/>\n\t<meta property=\"og:image:width\" content=\"2560\" \/>\n\t<meta property=\"og:image:height\" content=\"1422\" \/>\n\t<meta property=\"og:image:type\" content=\"image\/jpeg\" \/>\n<meta name=\"author\" content=\"NBCS Noticias\" \/>\n<meta name=\"twitter:card\" content=\"summary_large_image\" \/>\n<meta name=\"twitter:creator\" content=\"@https:\/\/twitter.com\/NBCSnoticias\" \/>\n<meta name=\"twitter:site\" content=\"@NBCSnoticias\" \/>\n<meta name=\"twitter:label1\" content=\"Escrito por\" \/>\n\t<meta name=\"twitter:data1\" content=\"NBCS Noticias\" \/>\n\t<meta name=\"twitter:label2\" content=\"Tiempo de lectura\" \/>\n\t<meta name=\"twitter:data2\" content=\"2 minutos\" \/>\n<script type=\"application\/ld+json\" class=\"yoast-schema-graph\">{\"@context\":\"https:\\\/\\\/schema.org\",\"@graph\":[{\"@type\":\"Article\",\"@id\":\"https:\\\/\\\/nbcs.mx\\\/?p=158571#article\",\"isPartOf\":{\"@id\":\"https:\\\/\\\/nbcs.mx\\\/?p=158571\"},\"author\":{\"name\":\"NBCS Noticias\",\"@id\":\"https:\\\/\\\/nbcs.mx\\\/#\\\/schema\\\/person\\\/ece58bab9a7c1e87a4d28ec9ecd79ff4\"},\"headline\":\"Participa SEDIF BCS en Encuentro Nacional de Alimentaci\u00f3n y Desarrollo Comunitario\",\"datePublished\":\"2025-11-28T18:06:20+00:00\",\"mainEntityOfPage\":{\"@id\":\"https:\\\/\\\/nbcs.mx\\\/?p=158571\"},\"wordCount\":247,\"commentCount\":0,\"publisher\":{\"@id\":\"https:\\\/\\\/nbcs.mx\\\/#organization\"},\"image\":{\"@id\":\"https:\\\/\\\/nbcs.mx\\\/?p=158571#primaryimage\"},\"thumbnailUrl\":\"https:\\\/\\\/nbcs.mx\\\/wp-content\\\/uploads\\\/2025\\\/11\\\/FOTO-BOLETIN-SEDIF-PARTICIPA-scaled.jpg\",\"articleSection\":[\"Noticias\"],\"inLanguage\":\"es\",\"potentialAction\":[{\"@type\":\"CommentAction\",\"name\":\"Comment\",\"target\":[\"https:\\\/\\\/nbcs.mx\\\/?p=158571#respond\"]}]},{\"@type\":\"WebPage\",\"@id\":\"https:\\\/\\\/nbcs.mx\\\/?p=158571\",\"url\":\"https:\\\/\\\/nbcs.mx\\\/?p=158571\",\"name\":\"Participa SEDIF BCS en Encuentro Nacional de Alimentaci\u00f3n y Desarrollo Comunitario - NBCS Noticias\",\"isPartOf\":{\"@id\":\"https:\\\/\\\/nbcs.mx\\\/#website\"},\"primaryImageOfPage\":{\"@id\":\"https:\\\/\\\/nbcs.mx\\\/?p=158571#primaryimage\"},\"image\":{\"@id\":\"https:\\\/\\\/nbcs.mx\\\/?p=158571#primaryimage\"},\"thumbnailUrl\":\"https:\\\/\\\/nbcs.mx\\\/wp-content\\\/uploads\\\/2025\\\/11\\\/FOTO-BOLETIN-SEDIF-PARTICIPA-scaled.jpg\",\"datePublished\":\"2025-11-28T18:06:20+00:00\",\"breadcrumb\":{\"@id\":\"https:\\\/\\\/nbcs.mx\\\/?p=158571#breadcrumb\"},\"inLanguage\":\"es\",\"potentialAction\":[{\"@type\":\"ReadAction\",\"target\":[\"https:\\\/\\\/nbcs.mx\\\/?p=158571\"]}]},{\"@type\":\"ImageObject\",\"inLanguage\":\"es\",\"@id\":\"https:\\\/\\\/nbcs.mx\\\/?p=158571#primaryimage\",\"url\":\"https:\\\/\\\/nbcs.mx\\\/wp-content\\\/uploads\\\/2025\\\/11\\\/FOTO-BOLETIN-SEDIF-PARTICIPA-scaled.jpg\",\"contentUrl\":\"https:\\\/\\\/nbcs.mx\\\/wp-content\\\/uploads\\\/2025\\\/11\\\/FOTO-BOLETIN-SEDIF-PARTICIPA-scaled.jpg\",\"width\":2560,\"height\":1422},{\"@type\":\"BreadcrumbList\",\"@id\":\"https:\\\/\\\/nbcs.mx\\\/?p=158571#breadcrumb\",\"itemListElement\":[{\"@type\":\"ListItem\",\"position\":1,\"name\":\"Portada\",\"item\":\"https:\\\/\\\/nbcs.mx\\\/\"},{\"@type\":\"ListItem\",\"position\":2,\"name\":\"Participa SEDIF BCS en Encuentro Nacional de Alimentaci\u00f3n y Desarrollo Comunitario\"}]},{\"@type\":\"WebSite\",\"@id\":\"https:\\\/\\\/nbcs.mx\\\/#website\",\"url\":\"https:\\\/\\\/nbcs.mx\\\/\",\"name\":\"NBCS Noticias\",\"description\":\"Sitio web de noticias en Baja California Sur\",\"publisher\":{\"@id\":\"https:\\\/\\\/nbcs.mx\\\/#organization\"},\"potentialAction\":[{\"@type\":\"SearchAction\",\"target\":{\"@type\":\"EntryPoint\",\"urlTemplate\":\"https:\\\/\\\/nbcs.mx\\\/?s={search_term_string}\"},\"query-input\":{\"@type\":\"PropertyValueSpecification\",\"valueRequired\":true,\"valueName\":\"search_term_string\"}}],\"inLanguage\":\"es\"},{\"@type\":\"Organization\",\"@id\":\"https:\\\/\\\/nbcs.mx\\\/#organization\",\"name\":\"NBCS Noticias\",\"url\":\"https:\\\/\\\/nbcs.mx\\\/\",\"logo\":{\"@type\":\"ImageObject\",\"inLanguage\":\"es\",\"@id\":\"https:\\\/\\\/nbcs.mx\\\/#\\\/schema\\\/logo\\\/image\\\/\",\"url\":\"https:\\\/\\\/nbcs.mx\\\/wp-content\\\/uploads\\\/2018\\\/09\\\/057b69485e93575a5c2b1c1dde2dd297.jpeg\",\"contentUrl\":\"https:\\\/\\\/nbcs.mx\\\/wp-content\\\/uploads\\\/2018\\\/09\\\/057b69485e93575a5c2b1c1dde2dd297.jpeg\",\"width\":64,\"height\":64,\"caption\":\"NBCS Noticias\"},\"image\":{\"@id\":\"https:\\\/\\\/nbcs.mx\\\/#\\\/schema\\\/logo\\\/image\\\/\"},\"sameAs\":[\"https:\\\/\\\/www.facebook.com\\\/NBCSnoticias\",\"https:\\\/\\\/x.com\\\/NBCSnoticias\"]},{\"@type\":\"Person\",\"@id\":\"https:\\\/\\\/nbcs.mx\\\/#\\\/schema\\\/person\\\/ece58bab9a7c1e87a4d28ec9ecd79ff4\",\"name\":\"NBCS Noticias\",\"image\":{\"@type\":\"ImageObject\",\"inLanguage\":\"es\",\"@id\":\"https:\\\/\\\/secure.gravatar.com\\\/avatar\\\/4e52110cad1c4054b43271a0d14bbe9e2ea76aecd0e1097edfc670798d9ca1d4?s=96&d=blank&r=g\",\"url\":\"https:\\\/\\\/secure.gravatar.com\\\/avatar\\\/4e52110cad1c4054b43271a0d14bbe9e2ea76aecd0e1097edfc670798d9ca1d4?s=96&d=blank&r=g\",\"contentUrl\":\"https:\\\/\\\/secure.gravatar.com\\\/avatar\\\/4e52110cad1c4054b43271a0d14bbe9e2ea76aecd0e1097edfc670798d9ca1d4?s=96&d=blank&r=g\",\"caption\":\"NBCS Noticias\"},\"description\":\"\u00bfTienes fotos o video de alg\u00fan acto de posible negligencia, corrupci\u00f3n y abuso de autoridad? M\u00e1ndalo al WhatsApp de NBCS Noticias: 612 141 98 08\",\"sameAs\":[\"https:\\\/\\\/www.nbcs.mx\",\"https:\\\/\\\/www.facebook.com\\\/NBCSnoticias\",\"https:\\\/\\\/www.instagram.com\\\/nbcsnoticias\\\/\",\"https:\\\/\\\/x.com\\\/https:\\\/\\\/twitter.com\\\/NBCSnoticias\"]}]}<\/script>\n<!-- \/ Yoast SEO plugin. -->","yoast_head_json":{"title":"Participa SEDIF BCS en Encuentro Nacional de Alimentaci\u00f3n y Desarrollo Comunitario - NBCS Noticias","robots":{"index":"index","follow":"follow","max-snippet":"max-snippet:-1","max-image-preview":"max-image-preview:large","max-video-preview":"max-video-preview:-1"},"canonical":"https:\/\/nbcs.mx\/?p=158571","og_locale":"es_ES","og_type":"article","og_title":"Participa SEDIF BCS en Encuentro Nacional de Alimentaci\u00f3n y Desarrollo Comunitario - NBCS Noticias","og_description":"El Sistema Nacional para el Desarrollo Integral de la Familia (SNDIF), a trav\u00e9s de la Direcci\u00f3n General de Alimentaci\u00f3n y","og_url":"https:\/\/nbcs.mx\/?p=158571","og_site_name":"NBCS Noticias","article_publisher":"https:\/\/www.facebook.com\/NBCSnoticias","article_author":"https:\/\/www.facebook.com\/NBCSnoticias","article_published_time":"2025-11-28T18:06:20+00:00","og_image":[{"width":2560,"height":1422,"url":"https:\/\/nbcs.mx\/wp-content\/uploads\/2025\/11\/FOTO-BOLETIN-SEDIF-PARTICIPA-scaled.jpg","type":"image\/jpeg"}],"author":"NBCS Noticias","twitter_card":"summary_large_image","twitter_creator":"@https:\/\/twitter.com\/NBCSnoticias","twitter_site":"@NBCSnoticias","twitter_misc":{"Escrito por":"NBCS Noticias","Tiempo de lectura":"2 minutos"},"schema":{"@context":"https:\/\/schema.org","@graph":[{"@type":"Article","@id":"https:\/\/nbcs.mx\/?p=158571#article","isPartOf":{"@id":"https:\/\/nbcs.mx\/?p=158571"},"author":{"name":"NBCS Noticias","@id":"https:\/\/nbcs.mx\/#\/schema\/person\/ece58bab9a7c1e87a4d28ec9ecd79ff4"},"headline":"Participa SEDIF BCS en Encuentro Nacional de Alimentaci\u00f3n y Desarrollo Comunitario","datePublished":"2025-11-28T18:06:20+00:00","mainEntityOfPage":{"@id":"https:\/\/nbcs.mx\/?p=158571"},"wordCount":247,"commentCount":0,"publisher":{"@id":"https:\/\/nbcs.mx\/#organization"},"image":{"@id":"https:\/\/nbcs.mx\/?p=158571#primaryimage"},"thumbnailUrl":"https:\/\/nbcs.mx\/wp-content\/uploads\/2025\/11\/FOTO-BOLETIN-SEDIF-PARTICIPA-scaled.jpg","articleSection":["Noticias"],"inLanguage":"es","potentialAction":[{"@type":"CommentAction","name":"Comment","target":["https:\/\/nbcs.mx\/?p=158571#respond"]}]},{"@type":"WebPage","@id":"https:\/\/nbcs.mx\/?p=158571","url":"https:\/\/nbcs.mx\/?p=158571","name":"Participa SEDIF BCS en Encuentro Nacional de Alimentaci\u00f3n y Desarrollo Comunitario - NBCS Noticias","isPartOf":{"@id":"https:\/\/nbcs.mx\/#website"},"primaryImageOfPage":{"@id":"https:\/\/nbcs.mx\/?p=158571#primaryimage"},"image":{"@id":"https:\/\/nbcs.mx\/?p=158571#primaryimage"},"thumbnailUrl":"https:\/\/nbcs.mx\/wp-content\/uploads\/2025\/11\/FOTO-BOLETIN-SEDIF-PARTICIPA-scaled.jpg","datePublished":"2025-11-28T18:06:20+00:00","breadcrumb":{"@id":"https:\/\/nbcs.mx\/?p=158571#breadcrumb"},"inLanguage":"es","potentialAction":[{"@type":"ReadAction","target":["https:\/\/nbcs.mx\/?p=158571"]}]},{"@type":"ImageObject","inLanguage":"es","@id":"https:\/\/nbcs.mx\/?p=158571#primaryimage","url":"https:\/\/nbcs.mx\/wp-content\/uploads\/2025\/11\/FOTO-BOLETIN-SEDIF-PARTICIPA-scaled.jpg","contentUrl":"https:\/\/nbcs.mx\/wp-content\/uploads\/2025\/11\/FOTO-BOLETIN-SEDIF-PARTICIPA-scaled.jpg","width":2560,"height":1422},{"@type":"BreadcrumbList","@id":"https:\/\/nbcs.mx\/?p=158571#breadcrumb","itemListElement":[{"@type":"ListItem","position":1,"name":"Portada","item":"https:\/\/nbcs.mx\/"},{"@type":"ListItem","position":2,"name":"Participa SEDIF BCS en Encuentro Nacional de Alimentaci\u00f3n y Desarrollo Comunitario"}]},{"@type":"WebSite","@id":"https:\/\/nbcs.mx\/#website","url":"https:\/\/nbcs.mx\/","name":"NBCS Noticias","description":"Sitio web de noticias en Baja California Sur","publisher":{"@id":"https:\/\/nbcs.mx\/#organization"},"potentialAction":[{"@type":"SearchAction","target":{"@type":"EntryPoint","urlTemplate":"https:\/\/nbcs.mx\/?s={search_term_string}"},"query-input":{"@type":"PropertyValueSpecification","valueRequired":true,"valueName":"search_term_string"}}],"inLanguage":"es"},{"@type":"Organization","@id":"https:\/\/nbcs.mx\/#organization","name":"NBCS Noticias","url":"https:\/\/nbcs.mx\/","logo":{"@type":"ImageObject","inLanguage":"es","@id":"https:\/\/nbcs.mx\/#\/schema\/logo\/image\/","url":"https:\/\/nbcs.mx\/wp-content\/uploads\/2018\/09\/057b69485e93575a5c2b1c1dde2dd297.jpeg","contentUrl":"https:\/\/nbcs.mx\/wp-content\/uploads\/2018\/09\/057b69485e93575a5c2b1c1dde2dd297.jpeg","width":64,"height":64,"caption":"NBCS Noticias"},"image":{"@id":"https:\/\/nbcs.mx\/#\/schema\/logo\/image\/"},"sameAs":["https:\/\/www.facebook.com\/NBCSnoticias","https:\/\/x.com\/NBCSnoticias"]},{"@type":"Person","@id":"https:\/\/nbcs.mx\/#\/schema\/person\/ece58bab9a7c1e87a4d28ec9ecd79ff4","name":"NBCS Noticias","image":{"@type":"ImageObject","inLanguage":"es","@id":"https:\/\/secure.gravatar.com\/avatar\/4e52110cad1c4054b43271a0d14bbe9e2ea76aecd0e1097edfc670798d9ca1d4?s=96&d=blank&r=g","url":"https:\/\/secure.gravatar.com\/avatar\/4e52110cad1c4054b43271a0d14bbe9e2ea76aecd0e1097edfc670798d9ca1d4?s=96&d=blank&r=g","contentUrl":"https:\/\/secure.gravatar.com\/avatar\/4e52110cad1c4054b43271a0d14bbe9e2ea76aecd0e1097edfc670798d9ca1d4?s=96&d=blank&r=g","caption":"NBCS Noticias"},"description":"\u00bfTienes fotos o video de alg\u00fan acto de posible negligencia, corrupci\u00f3n y abuso de autoridad? M\u00e1ndalo al WhatsApp de NBCS Noticias: 612 141 98 08","sameAs":["https:\/\/www.nbcs.mx","https:\/\/www.facebook.com\/NBCSnoticias","https:\/\/www.instagram.com\/nbcsnoticias\/","https:\/\/x.com\/https:\/\/twitter.com\/NBCSnoticias"]}]}},"jetpack_publicize_connections":[],"jetpack_featured_media_url":"https:\/\/nbcs.mx\/wp-content\/uploads\/2025\/11\/FOTO-BOLETIN-SEDIF-PARTICIPA-scaled.jpg","jetpack_sharing_enabled":true,"_links":{"self":[{"href":"https:\/\/nbcs.mx\/index.php?rest_route=\/wp\/v2\/posts\/158571","targetHints":{"allow":["GET"]}}],"collection":[{"href":"https:\/\/nbcs.mx\/index.php?rest_route=\/wp\/v2\/posts"}],"about":[{"href":"https:\/\/nbcs.mx\/index.php?rest_route=\/wp\/v2\/types\/post"}],"author":[{"embeddable":true,"href":"https:\/\/nbcs.mx\/index.php?rest_route=\/wp\/v2\/users\/1"}],"replies":[{"embeddable":true,"href":"https:\/\/nbcs.mx\/index.php?rest_route=%2Fwp%2Fv2%2Fcomments&post=158571"}],"version-history":[{"count":1,"href":"https:\/\/nbcs.mx\/index.php?rest_route=\/wp\/v2\/posts\/158571\/revisions"}],"predecessor-version":[{"id":158573,"href":"https:\/\/nbcs.mx\/index.php?rest_route=\/wp\/v2\/posts\/158571\/revisions\/158573"}],"wp:featuredmedia":[{"embeddable":true,"href":"https:\/\/nbcs.mx\/index.php?rest_route=\/wp\/v2\/media\/158572"}],"wp:attachment":[{"href":"https:\/\/nbcs.mx\/index.php?rest_route=%2Fwp%2Fv2%2Fmedia&parent=158571"}],"wp:term":[{"taxonomy":"category","embeddable":true,"href":"https:\/\/nbcs.mx\/index.php?rest_route=%2Fwp%2Fv2%2Fcategories&post=158571"},{"taxonomy":"post_tag","embeddable":true,"href":"https:\/\/nbcs.mx\/index.php?rest_route=%2Fwp%2Fv2%2Ftags&post=158571"}],"curies":[{"name":"wp","href":"https:\/\/api.w.org\/{rel}","templated":true}]}}