{"id":158660,"date":"2025-11-30T21:50:06","date_gmt":"2025-12-01T04:50:06","guid":{"rendered":"https:\/\/nbcs.mx\/?p=158660"},"modified":"2025-11-30T21:50:06","modified_gmt":"2025-12-01T04:50:06","slug":"cumple-gobernador-castro-cosio-compromisos-con-familias-de-la-comunidad-de-agua-verde-en-loreto","status":"publish","type":"post","link":"https:\/\/nbcs.mx\/?p=158660","title":{"rendered":"Cumple gobernador Castro Cos\u00edo compromisos con familias de la comunidad de Agua Verde, en Loreto"},"content":{"rendered":"<p style=\"font-weight: 400; text-align: justify;\"><img loading=\"lazy\" decoding=\"async\" class=\" wp-image-158661 alignleft\" src=\"https:\/\/nbcs.mx\/wp-content\/uploads\/2025\/11\/FOTO2-BOLETIN-03133-VMCC-COMPROMISOS-738x492.jpeg\" alt=\"\" width=\"359\" height=\"239\" srcset=\"https:\/\/nbcs.mx\/wp-content\/uploads\/2025\/11\/FOTO2-BOLETIN-03133-VMCC-COMPROMISOS-738x492.jpeg 738w, https:\/\/nbcs.mx\/wp-content\/uploads\/2025\/11\/FOTO2-BOLETIN-03133-VMCC-COMPROMISOS-1024x682.jpeg 1024w, https:\/\/nbcs.mx\/wp-content\/uploads\/2025\/11\/FOTO2-BOLETIN-03133-VMCC-COMPROMISOS-150x100.jpeg 150w, https:\/\/nbcs.mx\/wp-content\/uploads\/2025\/11\/FOTO2-BOLETIN-03133-VMCC-COMPROMISOS-768x512.jpeg 768w, https:\/\/nbcs.mx\/wp-content\/uploads\/2025\/11\/FOTO2-BOLETIN-03133-VMCC-COMPROMISOS-1536x1023.jpeg 1536w, https:\/\/nbcs.mx\/wp-content\/uploads\/2025\/11\/FOTO2-BOLETIN-03133-VMCC-COMPROMISOS.jpeg 1600w\" sizes=\"auto, (max-width: 359px) 100vw, 359px\" \/>El gobernador del estado, V\u00edctor Manuel Castro Cos\u00edo, encabez\u00f3 un encuentro con las familias de la comunidad de Agua Verde, en el municipio de Loreto, acompa\u00f1ado por la presidenta municipal, Paz del Alma Ochoa Amador, con el prop\u00f3sito de dar seguimiento a los compromisos asumidos durante su anterior visita y avanzar en acciones que fortalezcan el bienestar de sus habitantes.<\/p>\n<p style=\"font-weight: 400; text-align: justify;\">\n<p style=\"font-weight: 400; text-align: justify;\">Durante la reuni\u00f3n, el mandatario estatal reiter\u00f3 que su gobierno mantiene un trabajo permanente en cada localidad del estado, atendiendo directamente las necesidades de la poblaci\u00f3n y promoviendo soluciones que impacten de manera real en su calidad de vida.<\/p>\n<p style=\"font-weight: 400; text-align: justify;\">\n<p style=\"font-weight: 400; text-align: justify;\">Como parte de esta gira, se entregaron 9 motores fuera de borda a trav\u00e9s de FONMAR, con el objetivo de fortalecer la actividad pesquera, principal sustento econ\u00f3mico de la comunidad.<\/p>\n<p style=\"font-weight: 400; text-align: justify;\">\n<p style=\"font-weight: 400; text-align: justify;\">Asimismo, se otorgaron 29 sistemas fotovoltaicos gestionados mediante SEPADA, que permitir\u00e1n a las personas beneficiadas contar con energ\u00eda sustentable y mayor eficiencia en su consumo diario.<\/p>\n<p style=\"font-weight: 400; text-align: justify;\">\n<p style=\"font-weight: 400; text-align: justify;\">Por su parte, la alcaldesa Paz del Alma Ochoa Amador destac\u00f3 que estos apoyos representan un impulso importante para Agua Verde y subray\u00f3 la importancia de la coordinaci\u00f3n entre el gobierno municipal y estatal para atender las prioridades de sus habitantes.<\/p>\n<p style=\"font-weight: 400; text-align: justify;\">\n<p style=\"font-weight: 400; text-align: justify;\">Finalmente, el gobernador V\u00edctor Castro Cos\u00edo reafirm\u00f3 que su administraci\u00f3n continuar\u00e1 impulsando programas y acciones que fortalezcan a las comunidades de Loreto, reiterando que el bienestar de las familias es y seguir\u00e1 siendo la prioridad del Gobierno del Estado.<\/p>\n<p style=\"font-weight: 400; text-align: justify;\">El gobernador del estado, V\u00edctor Manuel Castro Cos\u00edo, encabez\u00f3 un encuentro con las familias de la comunidad de Agua Verde, en el municipio de Loreto, acompa\u00f1ado por la presidenta municipal, Paz del Alma Ochoa Amador, con el prop\u00f3sito de dar seguimiento a los compromisos asumidos durante su anterior visita y avanzar en acciones que fortalezcan el bienestar de sus habitantes.<\/p>\n<p style=\"font-weight: 400; text-align: justify;\">\n<p style=\"font-weight: 400; text-align: justify;\">Durante la reuni\u00f3n, el mandatario estatal reiter\u00f3 que su gobierno mantiene un trabajo permanente en cada localidad del estado, atendiendo directamente las necesidades de la poblaci\u00f3n y promoviendo soluciones que impacten de manera real en su calidad de vida.<\/p>\n<p style=\"font-weight: 400; text-align: justify;\">\n<p style=\"font-weight: 400; text-align: justify;\">Como parte de esta gira, se entregaron 9 motores fuera de borda a trav\u00e9s de FONMAR, con el objetivo de fortalecer la actividad pesquera, principal sustento econ\u00f3mico de la comunidad.<\/p>\n<p style=\"font-weight: 400; text-align: justify;\">\n<p style=\"font-weight: 400; text-align: justify;\">Asimismo, se otorgaron 29 sistemas fotovoltaicos gestionados mediante SEPADA, que permitir\u00e1n a las personas beneficiadas contar con energ\u00eda sustentable y mayor eficiencia en su consumo diario.<\/p>\n<p style=\"font-weight: 400; text-align: justify;\">\n<p style=\"font-weight: 400; text-align: justify;\">Por su parte, la alcaldesa Paz del Alma Ochoa Amador destac\u00f3 que estos apoyos representan un impulso importante para Agua Verde y subray\u00f3 la importancia de la coordinaci\u00f3n entre el gobierno municipal y estatal para atender las prioridades de sus habitantes.<\/p>\n<p style=\"font-weight: 400; text-align: justify;\">\n<p style=\"font-weight: 400; text-align: justify;\">Finalmente, el gobernador V\u00edctor Castro Cos\u00edo reafirm\u00f3 que su administraci\u00f3n continuar\u00e1 impulsando programas y acciones que fortalezcan a las comunidades de Loreto, reiterando que el bienestar de las familias es y seguir\u00e1 siendo la prioridad del Gobierno del Estado.<\/p>\n<p style=\"font-weight: 400; text-align: justify;\">\n","protected":false},"excerpt":{"rendered":"<p>El gobernador del estado, V\u00edctor Manuel Castro Cos\u00edo, encabez\u00f3 un encuentro con las familias de la comunidad de Agua Verde,<\/p>\n","protected":false},"author":1,"featured_media":158661,"comment_status":"open","ping_status":"closed","sticky":false,"template":"","format":"standard","meta":{"colormag_page_container_layout":"default_layout","colormag_page_sidebar_layout":"default_layout","_jetpack_memberships_contains_paid_content":false,"footnotes":"","jetpack_publicize_message":"","jetpack_publicize_feature_enabled":true,"jetpack_social_post_already_shared":true,"jetpack_social_options":{"image_generator_settings":{"template":"highway","default_image_id":0,"font":"","enabled":false},"version":2}},"categories":[1],"tags":[],"class_list":["post-158660","post","type-post","status-publish","format-standard","has-post-thumbnail","hentry","category-noticias"],"yoast_head":"<!-- This site is optimized with the Yoast SEO plugin v27.4 - https:\/\/yoast.com\/product\/yoast-seo-wordpress\/ -->\n<title>Cumple gobernador Castro Cos\u00edo compromisos con familias de la comunidad de Agua Verde, en Loreto - NBCS Noticias<\/title>\n<meta name=\"robots\" content=\"index, follow, max-snippet:-1, max-image-preview:large, max-video-preview:-1\" \/>\n<link rel=\"canonical\" href=\"https:\/\/nbcs.mx\/?p=158660\" \/>\n<meta property=\"og:locale\" content=\"es_ES\" \/>\n<meta property=\"og:type\" content=\"article\" \/>\n<meta property=\"og:title\" content=\"Cumple gobernador Castro Cos\u00edo compromisos con familias de la comunidad de Agua Verde, en Loreto - NBCS Noticias\" \/>\n<meta property=\"og:description\" content=\"El gobernador del estado, V\u00edctor Manuel Castro Cos\u00edo, encabez\u00f3 un encuentro con las familias de la comunidad de Agua Verde,\" \/>\n<meta property=\"og:url\" content=\"https:\/\/nbcs.mx\/?p=158660\" \/>\n<meta property=\"og:site_name\" content=\"NBCS Noticias\" \/>\n<meta property=\"article:publisher\" content=\"https:\/\/www.facebook.com\/NBCSnoticias\" \/>\n<meta property=\"article:author\" content=\"https:\/\/www.facebook.com\/NBCSnoticias\" \/>\n<meta property=\"article:published_time\" content=\"2025-12-01T04:50:06+00:00\" \/>\n<meta property=\"og:image\" content=\"https:\/\/nbcs.mx\/wp-content\/uploads\/2025\/11\/FOTO2-BOLETIN-03133-VMCC-COMPROMISOS.jpeg\" \/>\n\t<meta property=\"og:image:width\" content=\"1600\" \/>\n\t<meta property=\"og:image:height\" content=\"1066\" \/>\n\t<meta property=\"og:image:type\" content=\"image\/jpeg\" \/>\n<meta name=\"author\" content=\"NBCS Noticias\" \/>\n<meta name=\"twitter:card\" content=\"summary_large_image\" \/>\n<meta name=\"twitter:creator\" content=\"@https:\/\/twitter.com\/NBCSnoticias\" \/>\n<meta name=\"twitter:site\" content=\"@NBCSnoticias\" \/>\n<meta name=\"twitter:label1\" content=\"Escrito por\" \/>\n\t<meta name=\"twitter:data1\" content=\"NBCS Noticias\" \/>\n\t<meta name=\"twitter:label2\" content=\"Tiempo de lectura\" \/>\n\t<meta name=\"twitter:data2\" content=\"3 minutos\" \/>\n<script type=\"application\/ld+json\" class=\"yoast-schema-graph\">{\"@context\":\"https:\\\/\\\/schema.org\",\"@graph\":[{\"@type\":\"Article\",\"@id\":\"https:\\\/\\\/nbcs.mx\\\/?p=158660#article\",\"isPartOf\":{\"@id\":\"https:\\\/\\\/nbcs.mx\\\/?p=158660\"},\"author\":{\"name\":\"NBCS Noticias\",\"@id\":\"https:\\\/\\\/nbcs.mx\\\/#\\\/schema\\\/person\\\/ece58bab9a7c1e87a4d28ec9ecd79ff4\"},\"headline\":\"Cumple gobernador Castro Cos\u00edo compromisos con familias de la comunidad de Agua Verde, en Loreto\",\"datePublished\":\"2025-12-01T04:50:06+00:00\",\"mainEntityOfPage\":{\"@id\":\"https:\\\/\\\/nbcs.mx\\\/?p=158660\"},\"wordCount\":510,\"commentCount\":0,\"publisher\":{\"@id\":\"https:\\\/\\\/nbcs.mx\\\/#organization\"},\"image\":{\"@id\":\"https:\\\/\\\/nbcs.mx\\\/?p=158660#primaryimage\"},\"thumbnailUrl\":\"https:\\\/\\\/nbcs.mx\\\/wp-content\\\/uploads\\\/2025\\\/11\\\/FOTO2-BOLETIN-03133-VMCC-COMPROMISOS.jpeg\",\"articleSection\":[\"Noticias\"],\"inLanguage\":\"es\",\"potentialAction\":[{\"@type\":\"CommentAction\",\"name\":\"Comment\",\"target\":[\"https:\\\/\\\/nbcs.mx\\\/?p=158660#respond\"]}]},{\"@type\":\"WebPage\",\"@id\":\"https:\\\/\\\/nbcs.mx\\\/?p=158660\",\"url\":\"https:\\\/\\\/nbcs.mx\\\/?p=158660\",\"name\":\"Cumple gobernador Castro Cos\u00edo compromisos con familias de la comunidad de Agua Verde, en Loreto - NBCS Noticias\",\"isPartOf\":{\"@id\":\"https:\\\/\\\/nbcs.mx\\\/#website\"},\"primaryImageOfPage\":{\"@id\":\"https:\\\/\\\/nbcs.mx\\\/?p=158660#primaryimage\"},\"image\":{\"@id\":\"https:\\\/\\\/nbcs.mx\\\/?p=158660#primaryimage\"},\"thumbnailUrl\":\"https:\\\/\\\/nbcs.mx\\\/wp-content\\\/uploads\\\/2025\\\/11\\\/FOTO2-BOLETIN-03133-VMCC-COMPROMISOS.jpeg\",\"datePublished\":\"2025-12-01T04:50:06+00:00\",\"breadcrumb\":{\"@id\":\"https:\\\/\\\/nbcs.mx\\\/?p=158660#breadcrumb\"},\"inLanguage\":\"es\",\"potentialAction\":[{\"@type\":\"ReadAction\",\"target\":[\"https:\\\/\\\/nbcs.mx\\\/?p=158660\"]}]},{\"@type\":\"ImageObject\",\"inLanguage\":\"es\",\"@id\":\"https:\\\/\\\/nbcs.mx\\\/?p=158660#primaryimage\",\"url\":\"https:\\\/\\\/nbcs.mx\\\/wp-content\\\/uploads\\\/2025\\\/11\\\/FOTO2-BOLETIN-03133-VMCC-COMPROMISOS.jpeg\",\"contentUrl\":\"https:\\\/\\\/nbcs.mx\\\/wp-content\\\/uploads\\\/2025\\\/11\\\/FOTO2-BOLETIN-03133-VMCC-COMPROMISOS.jpeg\",\"width\":1600,\"height\":1066},{\"@type\":\"BreadcrumbList\",\"@id\":\"https:\\\/\\\/nbcs.mx\\\/?p=158660#breadcrumb\",\"itemListElement\":[{\"@type\":\"ListItem\",\"position\":1,\"name\":\"Portada\",\"item\":\"https:\\\/\\\/nbcs.mx\\\/\"},{\"@type\":\"ListItem\",\"position\":2,\"name\":\"Cumple gobernador Castro Cos\u00edo compromisos con familias de la comunidad de Agua Verde, en Loreto\"}]},{\"@type\":\"WebSite\",\"@id\":\"https:\\\/\\\/nbcs.mx\\\/#website\",\"url\":\"https:\\\/\\\/nbcs.mx\\\/\",\"name\":\"NBCS Noticias\",\"description\":\"Sitio web de noticias en Baja California Sur\",\"publisher\":{\"@id\":\"https:\\\/\\\/nbcs.mx\\\/#organization\"},\"potentialAction\":[{\"@type\":\"SearchAction\",\"target\":{\"@type\":\"EntryPoint\",\"urlTemplate\":\"https:\\\/\\\/nbcs.mx\\\/?s={search_term_string}\"},\"query-input\":{\"@type\":\"PropertyValueSpecification\",\"valueRequired\":true,\"valueName\":\"search_term_string\"}}],\"inLanguage\":\"es\"},{\"@type\":\"Organization\",\"@id\":\"https:\\\/\\\/nbcs.mx\\\/#organization\",\"name\":\"NBCS Noticias\",\"url\":\"https:\\\/\\\/nbcs.mx\\\/\",\"logo\":{\"@type\":\"ImageObject\",\"inLanguage\":\"es\",\"@id\":\"https:\\\/\\\/nbcs.mx\\\/#\\\/schema\\\/logo\\\/image\\\/\",\"url\":\"https:\\\/\\\/nbcs.mx\\\/wp-content\\\/uploads\\\/2018\\\/09\\\/057b69485e93575a5c2b1c1dde2dd297.jpeg\",\"contentUrl\":\"https:\\\/\\\/nbcs.mx\\\/wp-content\\\/uploads\\\/2018\\\/09\\\/057b69485e93575a5c2b1c1dde2dd297.jpeg\",\"width\":64,\"height\":64,\"caption\":\"NBCS Noticias\"},\"image\":{\"@id\":\"https:\\\/\\\/nbcs.mx\\\/#\\\/schema\\\/logo\\\/image\\\/\"},\"sameAs\":[\"https:\\\/\\\/www.facebook.com\\\/NBCSnoticias\",\"https:\\\/\\\/x.com\\\/NBCSnoticias\"]},{\"@type\":\"Person\",\"@id\":\"https:\\\/\\\/nbcs.mx\\\/#\\\/schema\\\/person\\\/ece58bab9a7c1e87a4d28ec9ecd79ff4\",\"name\":\"NBCS Noticias\",\"image\":{\"@type\":\"ImageObject\",\"inLanguage\":\"es\",\"@id\":\"https:\\\/\\\/secure.gravatar.com\\\/avatar\\\/4e52110cad1c4054b43271a0d14bbe9e2ea76aecd0e1097edfc670798d9ca1d4?s=96&d=blank&r=g\",\"url\":\"https:\\\/\\\/secure.gravatar.com\\\/avatar\\\/4e52110cad1c4054b43271a0d14bbe9e2ea76aecd0e1097edfc670798d9ca1d4?s=96&d=blank&r=g\",\"contentUrl\":\"https:\\\/\\\/secure.gravatar.com\\\/avatar\\\/4e52110cad1c4054b43271a0d14bbe9e2ea76aecd0e1097edfc670798d9ca1d4?s=96&d=blank&r=g\",\"caption\":\"NBCS Noticias\"},\"description\":\"\u00bfTienes fotos o video de alg\u00fan acto de posible negligencia, corrupci\u00f3n y abuso de autoridad? M\u00e1ndalo al WhatsApp de NBCS Noticias: 612 141 98 08\",\"sameAs\":[\"https:\\\/\\\/www.nbcs.mx\",\"https:\\\/\\\/www.facebook.com\\\/NBCSnoticias\",\"https:\\\/\\\/www.instagram.com\\\/nbcsnoticias\\\/\",\"https:\\\/\\\/x.com\\\/https:\\\/\\\/twitter.com\\\/NBCSnoticias\"]}]}<\/script>\n<!-- \/ Yoast SEO plugin. -->","yoast_head_json":{"title":"Cumple gobernador Castro Cos\u00edo compromisos con familias de la comunidad de Agua Verde, en Loreto - NBCS Noticias","robots":{"index":"index","follow":"follow","max-snippet":"max-snippet:-1","max-image-preview":"max-image-preview:large","max-video-preview":"max-video-preview:-1"},"canonical":"https:\/\/nbcs.mx\/?p=158660","og_locale":"es_ES","og_type":"article","og_title":"Cumple gobernador Castro Cos\u00edo compromisos con familias de la comunidad de Agua Verde, en Loreto - NBCS Noticias","og_description":"El gobernador del estado, V\u00edctor Manuel Castro Cos\u00edo, encabez\u00f3 un encuentro con las familias de la comunidad de Agua Verde,","og_url":"https:\/\/nbcs.mx\/?p=158660","og_site_name":"NBCS Noticias","article_publisher":"https:\/\/www.facebook.com\/NBCSnoticias","article_author":"https:\/\/www.facebook.com\/NBCSnoticias","article_published_time":"2025-12-01T04:50:06+00:00","og_image":[{"width":1600,"height":1066,"url":"https:\/\/nbcs.mx\/wp-content\/uploads\/2025\/11\/FOTO2-BOLETIN-03133-VMCC-COMPROMISOS.jpeg","type":"image\/jpeg"}],"author":"NBCS Noticias","twitter_card":"summary_large_image","twitter_creator":"@https:\/\/twitter.com\/NBCSnoticias","twitter_site":"@NBCSnoticias","twitter_misc":{"Escrito por":"NBCS Noticias","Tiempo de lectura":"3 minutos"},"schema":{"@context":"https:\/\/schema.org","@graph":[{"@type":"Article","@id":"https:\/\/nbcs.mx\/?p=158660#article","isPartOf":{"@id":"https:\/\/nbcs.mx\/?p=158660"},"author":{"name":"NBCS Noticias","@id":"https:\/\/nbcs.mx\/#\/schema\/person\/ece58bab9a7c1e87a4d28ec9ecd79ff4"},"headline":"Cumple gobernador Castro Cos\u00edo compromisos con familias de la comunidad de Agua Verde, en Loreto","datePublished":"2025-12-01T04:50:06+00:00","mainEntityOfPage":{"@id":"https:\/\/nbcs.mx\/?p=158660"},"wordCount":510,"commentCount":0,"publisher":{"@id":"https:\/\/nbcs.mx\/#organization"},"image":{"@id":"https:\/\/nbcs.mx\/?p=158660#primaryimage"},"thumbnailUrl":"https:\/\/nbcs.mx\/wp-content\/uploads\/2025\/11\/FOTO2-BOLETIN-03133-VMCC-COMPROMISOS.jpeg","articleSection":["Noticias"],"inLanguage":"es","potentialAction":[{"@type":"CommentAction","name":"Comment","target":["https:\/\/nbcs.mx\/?p=158660#respond"]}]},{"@type":"WebPage","@id":"https:\/\/nbcs.mx\/?p=158660","url":"https:\/\/nbcs.mx\/?p=158660","name":"Cumple gobernador Castro Cos\u00edo compromisos con familias de la comunidad de Agua Verde, en Loreto - NBCS Noticias","isPartOf":{"@id":"https:\/\/nbcs.mx\/#website"},"primaryImageOfPage":{"@id":"https:\/\/nbcs.mx\/?p=158660#primaryimage"},"image":{"@id":"https:\/\/nbcs.mx\/?p=158660#primaryimage"},"thumbnailUrl":"https:\/\/nbcs.mx\/wp-content\/uploads\/2025\/11\/FOTO2-BOLETIN-03133-VMCC-COMPROMISOS.jpeg","datePublished":"2025-12-01T04:50:06+00:00","breadcrumb":{"@id":"https:\/\/nbcs.mx\/?p=158660#breadcrumb"},"inLanguage":"es","potentialAction":[{"@type":"ReadAction","target":["https:\/\/nbcs.mx\/?p=158660"]}]},{"@type":"ImageObject","inLanguage":"es","@id":"https:\/\/nbcs.mx\/?p=158660#primaryimage","url":"https:\/\/nbcs.mx\/wp-content\/uploads\/2025\/11\/FOTO2-BOLETIN-03133-VMCC-COMPROMISOS.jpeg","contentUrl":"https:\/\/nbcs.mx\/wp-content\/uploads\/2025\/11\/FOTO2-BOLETIN-03133-VMCC-COMPROMISOS.jpeg","width":1600,"height":1066},{"@type":"BreadcrumbList","@id":"https:\/\/nbcs.mx\/?p=158660#breadcrumb","itemListElement":[{"@type":"ListItem","position":1,"name":"Portada","item":"https:\/\/nbcs.mx\/"},{"@type":"ListItem","position":2,"name":"Cumple gobernador Castro Cos\u00edo compromisos con familias de la comunidad de Agua Verde, en Loreto"}]},{"@type":"WebSite","@id":"https:\/\/nbcs.mx\/#website","url":"https:\/\/nbcs.mx\/","name":"NBCS Noticias","description":"Sitio web de noticias en Baja California Sur","publisher":{"@id":"https:\/\/nbcs.mx\/#organization"},"potentialAction":[{"@type":"SearchAction","target":{"@type":"EntryPoint","urlTemplate":"https:\/\/nbcs.mx\/?s={search_term_string}"},"query-input":{"@type":"PropertyValueSpecification","valueRequired":true,"valueName":"search_term_string"}}],"inLanguage":"es"},{"@type":"Organization","@id":"https:\/\/nbcs.mx\/#organization","name":"NBCS Noticias","url":"https:\/\/nbcs.mx\/","logo":{"@type":"ImageObject","inLanguage":"es","@id":"https:\/\/nbcs.mx\/#\/schema\/logo\/image\/","url":"https:\/\/nbcs.mx\/wp-content\/uploads\/2018\/09\/057b69485e93575a5c2b1c1dde2dd297.jpeg","contentUrl":"https:\/\/nbcs.mx\/wp-content\/uploads\/2018\/09\/057b69485e93575a5c2b1c1dde2dd297.jpeg","width":64,"height":64,"caption":"NBCS Noticias"},"image":{"@id":"https:\/\/nbcs.mx\/#\/schema\/logo\/image\/"},"sameAs":["https:\/\/www.facebook.com\/NBCSnoticias","https:\/\/x.com\/NBCSnoticias"]},{"@type":"Person","@id":"https:\/\/nbcs.mx\/#\/schema\/person\/ece58bab9a7c1e87a4d28ec9ecd79ff4","name":"NBCS Noticias","image":{"@type":"ImageObject","inLanguage":"es","@id":"https:\/\/secure.gravatar.com\/avatar\/4e52110cad1c4054b43271a0d14bbe9e2ea76aecd0e1097edfc670798d9ca1d4?s=96&d=blank&r=g","url":"https:\/\/secure.gravatar.com\/avatar\/4e52110cad1c4054b43271a0d14bbe9e2ea76aecd0e1097edfc670798d9ca1d4?s=96&d=blank&r=g","contentUrl":"https:\/\/secure.gravatar.com\/avatar\/4e52110cad1c4054b43271a0d14bbe9e2ea76aecd0e1097edfc670798d9ca1d4?s=96&d=blank&r=g","caption":"NBCS Noticias"},"description":"\u00bfTienes fotos o video de alg\u00fan acto de posible negligencia, corrupci\u00f3n y abuso de autoridad? M\u00e1ndalo al WhatsApp de NBCS Noticias: 612 141 98 08","sameAs":["https:\/\/www.nbcs.mx","https:\/\/www.facebook.com\/NBCSnoticias","https:\/\/www.instagram.com\/nbcsnoticias\/","https:\/\/x.com\/https:\/\/twitter.com\/NBCSnoticias"]}]}},"jetpack_publicize_connections":[],"jetpack_featured_media_url":"https:\/\/nbcs.mx\/wp-content\/uploads\/2025\/11\/FOTO2-BOLETIN-03133-VMCC-COMPROMISOS.jpeg","jetpack_sharing_enabled":true,"_links":{"self":[{"href":"https:\/\/nbcs.mx\/index.php?rest_route=\/wp\/v2\/posts\/158660","targetHints":{"allow":["GET"]}}],"collection":[{"href":"https:\/\/nbcs.mx\/index.php?rest_route=\/wp\/v2\/posts"}],"about":[{"href":"https:\/\/nbcs.mx\/index.php?rest_route=\/wp\/v2\/types\/post"}],"author":[{"embeddable":true,"href":"https:\/\/nbcs.mx\/index.php?rest_route=\/wp\/v2\/users\/1"}],"replies":[{"embeddable":true,"href":"https:\/\/nbcs.mx\/index.php?rest_route=%2Fwp%2Fv2%2Fcomments&post=158660"}],"version-history":[{"count":1,"href":"https:\/\/nbcs.mx\/index.php?rest_route=\/wp\/v2\/posts\/158660\/revisions"}],"predecessor-version":[{"id":158662,"href":"https:\/\/nbcs.mx\/index.php?rest_route=\/wp\/v2\/posts\/158660\/revisions\/158662"}],"wp:featuredmedia":[{"embeddable":true,"href":"https:\/\/nbcs.mx\/index.php?rest_route=\/wp\/v2\/media\/158661"}],"wp:attachment":[{"href":"https:\/\/nbcs.mx\/index.php?rest_route=%2Fwp%2Fv2%2Fmedia&parent=158660"}],"wp:term":[{"taxonomy":"category","embeddable":true,"href":"https:\/\/nbcs.mx\/index.php?rest_route=%2Fwp%2Fv2%2Fcategories&post=158660"},{"taxonomy":"post_tag","embeddable":true,"href":"https:\/\/nbcs.mx\/index.php?rest_route=%2Fwp%2Fv2%2Ftags&post=158660"}],"curies":[{"name":"wp","href":"https:\/\/api.w.org\/{rel}","templated":true}]}}