{"id":158687,"date":"2025-12-01T15:15:41","date_gmt":"2025-12-01T22:15:41","guid":{"rendered":"https:\/\/nbcs.mx\/?p=158687"},"modified":"2025-12-01T15:15:41","modified_gmt":"2025-12-01T22:15:41","slug":"estudiantes-de-enfermeria-de-la-uabcs-participan-en-jornada-nacional-de-vacunacion-en-la-paz","status":"publish","type":"post","link":"https:\/\/nbcs.mx\/?p=158687","title":{"rendered":"Estudiantes de Enfermer\u00eda de la UABCS participan en Jornada Nacional de Vacunaci\u00f3n en La Paz"},"content":{"rendered":"<p style=\"text-align: justify;\"><img loading=\"lazy\" decoding=\"async\" class=\" wp-image-158688 alignleft\" src=\"https:\/\/nbcs.mx\/wp-content\/uploads\/2025\/12\/01-12-25-Jornada-de-vacunacion-5-656x492.jpeg\" alt=\"\" width=\"364\" height=\"273\" srcset=\"https:\/\/nbcs.mx\/wp-content\/uploads\/2025\/12\/01-12-25-Jornada-de-vacunacion-5-656x492.jpeg 656w, https:\/\/nbcs.mx\/wp-content\/uploads\/2025\/12\/01-12-25-Jornada-de-vacunacion-5-1024x768.jpeg 1024w, https:\/\/nbcs.mx\/wp-content\/uploads\/2025\/12\/01-12-25-Jornada-de-vacunacion-5-150x113.jpeg 150w, https:\/\/nbcs.mx\/wp-content\/uploads\/2025\/12\/01-12-25-Jornada-de-vacunacion-5-768x576.jpeg 768w, https:\/\/nbcs.mx\/wp-content\/uploads\/2025\/12\/01-12-25-Jornada-de-vacunacion-5.jpeg 1280w\" sizes=\"auto, (max-width: 364px) 100vw, 364px\" \/>Estudiantes de la Licenciatura en Enfermer\u00eda de la Universidad Aut\u00f3noma de Baja California Sur (UABCS) participaron como apoyo en la Jornada Nacional de Vacunaci\u00f3n realizada en el municipio de La Paz, en coordinaci\u00f3n con la Secretar\u00eda de Salud.<\/p>\n<p style=\"text-align: justify;\">Las y los j\u00f3venes fueron distribuidos en diversos centros y puntos estrat\u00e9gicos de la ciudad, entre ellos las colonias Miramar, La Pasi\u00f3n, Villas del Encanto, Para\u00edso del Sol, Valle del Mezquite, Camino Real, Las Garzas y Plaza Paseo La Paz, donde colaboraron en actividades de aplicaci\u00f3n de vacunas, orientaci\u00f3n a la ciudadan\u00eda, registro y apoyo log\u00edstico.<\/p>\n<p style=\"text-align: justify;\">La participaci\u00f3n forma parte del compromiso institucional de la UABCS por fortalecer la formaci\u00f3n profesional del estudiantado, brind\u00e1ndoles escenarios reales que les permiten poner en pr\u00e1ctica sus conocimientos, habilidades cl\u00ednicas y competencias humanas, a la vez que contribuyen de forma directa al bienestar de la comunidad.<\/p>\n<p style=\"text-align: justify;\">En entrevista, la Dra. Marta Pi\u00f1a Zentella, jefa del Departamento Acad\u00e9mico de Humanidades, inform\u00f3 que fueron un total de 44 j\u00f3venes de Enfermer\u00eda los que estuvieron apoyando durante la jornada celebrada el pasado fin de semana.<\/p>\n<p style=\"text-align: justify;\">Destac\u00f3 que este tipo de experiencias son fundamentales en la preparaci\u00f3n de futuros profesionales de la salud, pues adem\u00e1s de que se involucran en entornos reales donde aplican los conocimientos que adquieren en el aula, se involucran directamente con la ciudadan\u00eda.<\/p>\n<p style=\"text-align: justify;\">\u201cPara nuestro alumnado, involucrarse en campa\u00f1as de vacunaci\u00f3n de gran escala representa un espacio de aprendizaje invaluable. No s\u00f3lo perfeccionan t\u00e9cnicas y procesos propios del quehacer enfermero, sino que desarrollan responsabilidad social, sensibilidad y compromiso con la poblaci\u00f3n a la que servir\u00e1n una vez egresados\u201d, expres\u00f3.<\/p>\n<p style=\"text-align: justify;\">En este marco, agradeci\u00f3 a la Secretar\u00eda de Salud y a las instituciones organizadoras por la confianza depositada en la UABCS y reconoci\u00f3 la disposici\u00f3n del estudiantado y del cuerpo docente que los acompa\u00f1a.<\/p>\n<p style=\"text-align: justify;\">\u201cLa actitud con la que nuestras y nuestros j\u00f3venes asumieron esta jornada habla de su vocaci\u00f3n de servicio. Desde la Universidad reiteramos nuestra disposici\u00f3n para seguir colaborando en acciones que contribuyan al cuidado de la salud p\u00fablica y al fortalecimiento de las capacidades profesionales de nuestra comunidad estudiantil\u201d, afirm\u00f3 la Dra. Pi\u00f1a Zentella.<\/p>\n","protected":false},"excerpt":{"rendered":"<p>Estudiantes de la Licenciatura en Enfermer\u00eda de la Universidad Aut\u00f3noma de Baja California Sur (UABCS) participaron como apoyo en la<\/p>\n","protected":false},"author":1,"featured_media":158688,"comment_status":"open","ping_status":"closed","sticky":false,"template":"","format":"standard","meta":{"colormag_page_container_layout":"default_layout","colormag_page_sidebar_layout":"default_layout","_jetpack_memberships_contains_paid_content":false,"footnotes":"","jetpack_publicize_message":"","jetpack_publicize_feature_enabled":true,"jetpack_social_post_already_shared":true,"jetpack_social_options":{"image_generator_settings":{"template":"highway","default_image_id":0,"font":"","enabled":false},"version":2}},"categories":[1],"tags":[],"class_list":["post-158687","post","type-post","status-publish","format-standard","has-post-thumbnail","hentry","category-noticias"],"yoast_head":"<!-- This site is optimized with the Yoast SEO plugin v27.4 - https:\/\/yoast.com\/product\/yoast-seo-wordpress\/ -->\n<title>Estudiantes de Enfermer\u00eda de la UABCS participan en Jornada Nacional de Vacunaci\u00f3n en La Paz - NBCS Noticias<\/title>\n<meta name=\"robots\" content=\"index, follow, max-snippet:-1, max-image-preview:large, max-video-preview:-1\" \/>\n<link rel=\"canonical\" href=\"https:\/\/nbcs.mx\/?p=158687\" \/>\n<meta property=\"og:locale\" content=\"es_ES\" \/>\n<meta property=\"og:type\" content=\"article\" \/>\n<meta property=\"og:title\" content=\"Estudiantes de Enfermer\u00eda de la UABCS participan en Jornada Nacional de Vacunaci\u00f3n en La Paz - NBCS Noticias\" \/>\n<meta property=\"og:description\" content=\"Estudiantes de la Licenciatura en Enfermer\u00eda de la Universidad Aut\u00f3noma de Baja California Sur (UABCS) participaron como apoyo en la\" \/>\n<meta property=\"og:url\" content=\"https:\/\/nbcs.mx\/?p=158687\" \/>\n<meta property=\"og:site_name\" content=\"NBCS Noticias\" \/>\n<meta property=\"article:publisher\" content=\"https:\/\/www.facebook.com\/NBCSnoticias\" \/>\n<meta property=\"article:author\" content=\"https:\/\/www.facebook.com\/NBCSnoticias\" \/>\n<meta property=\"article:published_time\" content=\"2025-12-01T22:15:41+00:00\" \/>\n<meta property=\"og:image\" content=\"https:\/\/nbcs.mx\/wp-content\/uploads\/2025\/12\/01-12-25-Jornada-de-vacunacion-5.jpeg\" \/>\n\t<meta property=\"og:image:width\" content=\"1280\" \/>\n\t<meta property=\"og:image:height\" content=\"960\" \/>\n\t<meta property=\"og:image:type\" content=\"image\/jpeg\" \/>\n<meta name=\"author\" content=\"NBCS Noticias\" \/>\n<meta name=\"twitter:card\" content=\"summary_large_image\" \/>\n<meta name=\"twitter:creator\" content=\"@https:\/\/twitter.com\/NBCSnoticias\" \/>\n<meta name=\"twitter:site\" content=\"@NBCSnoticias\" \/>\n<meta name=\"twitter:label1\" content=\"Escrito por\" \/>\n\t<meta name=\"twitter:data1\" content=\"NBCS Noticias\" \/>\n\t<meta name=\"twitter:label2\" content=\"Tiempo de lectura\" \/>\n\t<meta name=\"twitter:data2\" content=\"3 minutos\" \/>\n<script type=\"application\/ld+json\" class=\"yoast-schema-graph\">{\"@context\":\"https:\\\/\\\/schema.org\",\"@graph\":[{\"@type\":\"Article\",\"@id\":\"https:\\\/\\\/nbcs.mx\\\/?p=158687#article\",\"isPartOf\":{\"@id\":\"https:\\\/\\\/nbcs.mx\\\/?p=158687\"},\"author\":{\"name\":\"NBCS Noticias\",\"@id\":\"https:\\\/\\\/nbcs.mx\\\/#\\\/schema\\\/person\\\/ece58bab9a7c1e87a4d28ec9ecd79ff4\"},\"headline\":\"Estudiantes de Enfermer\u00eda de la UABCS participan en Jornada Nacional de Vacunaci\u00f3n en La Paz\",\"datePublished\":\"2025-12-01T22:15:41+00:00\",\"mainEntityOfPage\":{\"@id\":\"https:\\\/\\\/nbcs.mx\\\/?p=158687\"},\"wordCount\":405,\"commentCount\":0,\"publisher\":{\"@id\":\"https:\\\/\\\/nbcs.mx\\\/#organization\"},\"image\":{\"@id\":\"https:\\\/\\\/nbcs.mx\\\/?p=158687#primaryimage\"},\"thumbnailUrl\":\"https:\\\/\\\/nbcs.mx\\\/wp-content\\\/uploads\\\/2025\\\/12\\\/01-12-25-Jornada-de-vacunacion-5.jpeg\",\"articleSection\":[\"Noticias\"],\"inLanguage\":\"es\",\"potentialAction\":[{\"@type\":\"CommentAction\",\"name\":\"Comment\",\"target\":[\"https:\\\/\\\/nbcs.mx\\\/?p=158687#respond\"]}]},{\"@type\":\"WebPage\",\"@id\":\"https:\\\/\\\/nbcs.mx\\\/?p=158687\",\"url\":\"https:\\\/\\\/nbcs.mx\\\/?p=158687\",\"name\":\"Estudiantes de Enfermer\u00eda de la UABCS participan en Jornada Nacional de Vacunaci\u00f3n en La Paz - NBCS Noticias\",\"isPartOf\":{\"@id\":\"https:\\\/\\\/nbcs.mx\\\/#website\"},\"primaryImageOfPage\":{\"@id\":\"https:\\\/\\\/nbcs.mx\\\/?p=158687#primaryimage\"},\"image\":{\"@id\":\"https:\\\/\\\/nbcs.mx\\\/?p=158687#primaryimage\"},\"thumbnailUrl\":\"https:\\\/\\\/nbcs.mx\\\/wp-content\\\/uploads\\\/2025\\\/12\\\/01-12-25-Jornada-de-vacunacion-5.jpeg\",\"datePublished\":\"2025-12-01T22:15:41+00:00\",\"breadcrumb\":{\"@id\":\"https:\\\/\\\/nbcs.mx\\\/?p=158687#breadcrumb\"},\"inLanguage\":\"es\",\"potentialAction\":[{\"@type\":\"ReadAction\",\"target\":[\"https:\\\/\\\/nbcs.mx\\\/?p=158687\"]}]},{\"@type\":\"ImageObject\",\"inLanguage\":\"es\",\"@id\":\"https:\\\/\\\/nbcs.mx\\\/?p=158687#primaryimage\",\"url\":\"https:\\\/\\\/nbcs.mx\\\/wp-content\\\/uploads\\\/2025\\\/12\\\/01-12-25-Jornada-de-vacunacion-5.jpeg\",\"contentUrl\":\"https:\\\/\\\/nbcs.mx\\\/wp-content\\\/uploads\\\/2025\\\/12\\\/01-12-25-Jornada-de-vacunacion-5.jpeg\",\"width\":1280,\"height\":960},{\"@type\":\"BreadcrumbList\",\"@id\":\"https:\\\/\\\/nbcs.mx\\\/?p=158687#breadcrumb\",\"itemListElement\":[{\"@type\":\"ListItem\",\"position\":1,\"name\":\"Portada\",\"item\":\"https:\\\/\\\/nbcs.mx\\\/\"},{\"@type\":\"ListItem\",\"position\":2,\"name\":\"Estudiantes de Enfermer\u00eda de la UABCS participan en Jornada Nacional de Vacunaci\u00f3n en La Paz\"}]},{\"@type\":\"WebSite\",\"@id\":\"https:\\\/\\\/nbcs.mx\\\/#website\",\"url\":\"https:\\\/\\\/nbcs.mx\\\/\",\"name\":\"NBCS Noticias\",\"description\":\"Sitio web de noticias en Baja California Sur\",\"publisher\":{\"@id\":\"https:\\\/\\\/nbcs.mx\\\/#organization\"},\"potentialAction\":[{\"@type\":\"SearchAction\",\"target\":{\"@type\":\"EntryPoint\",\"urlTemplate\":\"https:\\\/\\\/nbcs.mx\\\/?s={search_term_string}\"},\"query-input\":{\"@type\":\"PropertyValueSpecification\",\"valueRequired\":true,\"valueName\":\"search_term_string\"}}],\"inLanguage\":\"es\"},{\"@type\":\"Organization\",\"@id\":\"https:\\\/\\\/nbcs.mx\\\/#organization\",\"name\":\"NBCS Noticias\",\"url\":\"https:\\\/\\\/nbcs.mx\\\/\",\"logo\":{\"@type\":\"ImageObject\",\"inLanguage\":\"es\",\"@id\":\"https:\\\/\\\/nbcs.mx\\\/#\\\/schema\\\/logo\\\/image\\\/\",\"url\":\"https:\\\/\\\/nbcs.mx\\\/wp-content\\\/uploads\\\/2018\\\/09\\\/057b69485e93575a5c2b1c1dde2dd297.jpeg\",\"contentUrl\":\"https:\\\/\\\/nbcs.mx\\\/wp-content\\\/uploads\\\/2018\\\/09\\\/057b69485e93575a5c2b1c1dde2dd297.jpeg\",\"width\":64,\"height\":64,\"caption\":\"NBCS Noticias\"},\"image\":{\"@id\":\"https:\\\/\\\/nbcs.mx\\\/#\\\/schema\\\/logo\\\/image\\\/\"},\"sameAs\":[\"https:\\\/\\\/www.facebook.com\\\/NBCSnoticias\",\"https:\\\/\\\/x.com\\\/NBCSnoticias\"]},{\"@type\":\"Person\",\"@id\":\"https:\\\/\\\/nbcs.mx\\\/#\\\/schema\\\/person\\\/ece58bab9a7c1e87a4d28ec9ecd79ff4\",\"name\":\"NBCS Noticias\",\"image\":{\"@type\":\"ImageObject\",\"inLanguage\":\"es\",\"@id\":\"https:\\\/\\\/secure.gravatar.com\\\/avatar\\\/4e52110cad1c4054b43271a0d14bbe9e2ea76aecd0e1097edfc670798d9ca1d4?s=96&d=blank&r=g\",\"url\":\"https:\\\/\\\/secure.gravatar.com\\\/avatar\\\/4e52110cad1c4054b43271a0d14bbe9e2ea76aecd0e1097edfc670798d9ca1d4?s=96&d=blank&r=g\",\"contentUrl\":\"https:\\\/\\\/secure.gravatar.com\\\/avatar\\\/4e52110cad1c4054b43271a0d14bbe9e2ea76aecd0e1097edfc670798d9ca1d4?s=96&d=blank&r=g\",\"caption\":\"NBCS Noticias\"},\"description\":\"\u00bfTienes fotos o video de alg\u00fan acto de posible negligencia, corrupci\u00f3n y abuso de autoridad? M\u00e1ndalo al WhatsApp de NBCS Noticias: 612 141 98 08\",\"sameAs\":[\"https:\\\/\\\/www.nbcs.mx\",\"https:\\\/\\\/www.facebook.com\\\/NBCSnoticias\",\"https:\\\/\\\/www.instagram.com\\\/nbcsnoticias\\\/\",\"https:\\\/\\\/x.com\\\/https:\\\/\\\/twitter.com\\\/NBCSnoticias\"]}]}<\/script>\n<!-- \/ Yoast SEO plugin. -->","yoast_head_json":{"title":"Estudiantes de Enfermer\u00eda de la UABCS participan en Jornada Nacional de Vacunaci\u00f3n en La Paz - NBCS Noticias","robots":{"index":"index","follow":"follow","max-snippet":"max-snippet:-1","max-image-preview":"max-image-preview:large","max-video-preview":"max-video-preview:-1"},"canonical":"https:\/\/nbcs.mx\/?p=158687","og_locale":"es_ES","og_type":"article","og_title":"Estudiantes de Enfermer\u00eda de la UABCS participan en Jornada Nacional de Vacunaci\u00f3n en La Paz - NBCS Noticias","og_description":"Estudiantes de la Licenciatura en Enfermer\u00eda de la Universidad Aut\u00f3noma de Baja California Sur (UABCS) participaron como apoyo en la","og_url":"https:\/\/nbcs.mx\/?p=158687","og_site_name":"NBCS Noticias","article_publisher":"https:\/\/www.facebook.com\/NBCSnoticias","article_author":"https:\/\/www.facebook.com\/NBCSnoticias","article_published_time":"2025-12-01T22:15:41+00:00","og_image":[{"width":1280,"height":960,"url":"https:\/\/nbcs.mx\/wp-content\/uploads\/2025\/12\/01-12-25-Jornada-de-vacunacion-5.jpeg","type":"image\/jpeg"}],"author":"NBCS Noticias","twitter_card":"summary_large_image","twitter_creator":"@https:\/\/twitter.com\/NBCSnoticias","twitter_site":"@NBCSnoticias","twitter_misc":{"Escrito por":"NBCS Noticias","Tiempo de lectura":"3 minutos"},"schema":{"@context":"https:\/\/schema.org","@graph":[{"@type":"Article","@id":"https:\/\/nbcs.mx\/?p=158687#article","isPartOf":{"@id":"https:\/\/nbcs.mx\/?p=158687"},"author":{"name":"NBCS Noticias","@id":"https:\/\/nbcs.mx\/#\/schema\/person\/ece58bab9a7c1e87a4d28ec9ecd79ff4"},"headline":"Estudiantes de Enfermer\u00eda de la UABCS participan en Jornada Nacional de Vacunaci\u00f3n en La Paz","datePublished":"2025-12-01T22:15:41+00:00","mainEntityOfPage":{"@id":"https:\/\/nbcs.mx\/?p=158687"},"wordCount":405,"commentCount":0,"publisher":{"@id":"https:\/\/nbcs.mx\/#organization"},"image":{"@id":"https:\/\/nbcs.mx\/?p=158687#primaryimage"},"thumbnailUrl":"https:\/\/nbcs.mx\/wp-content\/uploads\/2025\/12\/01-12-25-Jornada-de-vacunacion-5.jpeg","articleSection":["Noticias"],"inLanguage":"es","potentialAction":[{"@type":"CommentAction","name":"Comment","target":["https:\/\/nbcs.mx\/?p=158687#respond"]}]},{"@type":"WebPage","@id":"https:\/\/nbcs.mx\/?p=158687","url":"https:\/\/nbcs.mx\/?p=158687","name":"Estudiantes de Enfermer\u00eda de la UABCS participan en Jornada Nacional de Vacunaci\u00f3n en La Paz - NBCS Noticias","isPartOf":{"@id":"https:\/\/nbcs.mx\/#website"},"primaryImageOfPage":{"@id":"https:\/\/nbcs.mx\/?p=158687#primaryimage"},"image":{"@id":"https:\/\/nbcs.mx\/?p=158687#primaryimage"},"thumbnailUrl":"https:\/\/nbcs.mx\/wp-content\/uploads\/2025\/12\/01-12-25-Jornada-de-vacunacion-5.jpeg","datePublished":"2025-12-01T22:15:41+00:00","breadcrumb":{"@id":"https:\/\/nbcs.mx\/?p=158687#breadcrumb"},"inLanguage":"es","potentialAction":[{"@type":"ReadAction","target":["https:\/\/nbcs.mx\/?p=158687"]}]},{"@type":"ImageObject","inLanguage":"es","@id":"https:\/\/nbcs.mx\/?p=158687#primaryimage","url":"https:\/\/nbcs.mx\/wp-content\/uploads\/2025\/12\/01-12-25-Jornada-de-vacunacion-5.jpeg","contentUrl":"https:\/\/nbcs.mx\/wp-content\/uploads\/2025\/12\/01-12-25-Jornada-de-vacunacion-5.jpeg","width":1280,"height":960},{"@type":"BreadcrumbList","@id":"https:\/\/nbcs.mx\/?p=158687#breadcrumb","itemListElement":[{"@type":"ListItem","position":1,"name":"Portada","item":"https:\/\/nbcs.mx\/"},{"@type":"ListItem","position":2,"name":"Estudiantes de Enfermer\u00eda de la UABCS participan en Jornada Nacional de Vacunaci\u00f3n en La Paz"}]},{"@type":"WebSite","@id":"https:\/\/nbcs.mx\/#website","url":"https:\/\/nbcs.mx\/","name":"NBCS Noticias","description":"Sitio web de noticias en Baja California Sur","publisher":{"@id":"https:\/\/nbcs.mx\/#organization"},"potentialAction":[{"@type":"SearchAction","target":{"@type":"EntryPoint","urlTemplate":"https:\/\/nbcs.mx\/?s={search_term_string}"},"query-input":{"@type":"PropertyValueSpecification","valueRequired":true,"valueName":"search_term_string"}}],"inLanguage":"es"},{"@type":"Organization","@id":"https:\/\/nbcs.mx\/#organization","name":"NBCS Noticias","url":"https:\/\/nbcs.mx\/","logo":{"@type":"ImageObject","inLanguage":"es","@id":"https:\/\/nbcs.mx\/#\/schema\/logo\/image\/","url":"https:\/\/nbcs.mx\/wp-content\/uploads\/2018\/09\/057b69485e93575a5c2b1c1dde2dd297.jpeg","contentUrl":"https:\/\/nbcs.mx\/wp-content\/uploads\/2018\/09\/057b69485e93575a5c2b1c1dde2dd297.jpeg","width":64,"height":64,"caption":"NBCS Noticias"},"image":{"@id":"https:\/\/nbcs.mx\/#\/schema\/logo\/image\/"},"sameAs":["https:\/\/www.facebook.com\/NBCSnoticias","https:\/\/x.com\/NBCSnoticias"]},{"@type":"Person","@id":"https:\/\/nbcs.mx\/#\/schema\/person\/ece58bab9a7c1e87a4d28ec9ecd79ff4","name":"NBCS Noticias","image":{"@type":"ImageObject","inLanguage":"es","@id":"https:\/\/secure.gravatar.com\/avatar\/4e52110cad1c4054b43271a0d14bbe9e2ea76aecd0e1097edfc670798d9ca1d4?s=96&d=blank&r=g","url":"https:\/\/secure.gravatar.com\/avatar\/4e52110cad1c4054b43271a0d14bbe9e2ea76aecd0e1097edfc670798d9ca1d4?s=96&d=blank&r=g","contentUrl":"https:\/\/secure.gravatar.com\/avatar\/4e52110cad1c4054b43271a0d14bbe9e2ea76aecd0e1097edfc670798d9ca1d4?s=96&d=blank&r=g","caption":"NBCS Noticias"},"description":"\u00bfTienes fotos o video de alg\u00fan acto de posible negligencia, corrupci\u00f3n y abuso de autoridad? M\u00e1ndalo al WhatsApp de NBCS Noticias: 612 141 98 08","sameAs":["https:\/\/www.nbcs.mx","https:\/\/www.facebook.com\/NBCSnoticias","https:\/\/www.instagram.com\/nbcsnoticias\/","https:\/\/x.com\/https:\/\/twitter.com\/NBCSnoticias"]}]}},"jetpack_publicize_connections":[],"jetpack_featured_media_url":"https:\/\/nbcs.mx\/wp-content\/uploads\/2025\/12\/01-12-25-Jornada-de-vacunacion-5.jpeg","jetpack_sharing_enabled":true,"_links":{"self":[{"href":"https:\/\/nbcs.mx\/index.php?rest_route=\/wp\/v2\/posts\/158687","targetHints":{"allow":["GET"]}}],"collection":[{"href":"https:\/\/nbcs.mx\/index.php?rest_route=\/wp\/v2\/posts"}],"about":[{"href":"https:\/\/nbcs.mx\/index.php?rest_route=\/wp\/v2\/types\/post"}],"author":[{"embeddable":true,"href":"https:\/\/nbcs.mx\/index.php?rest_route=\/wp\/v2\/users\/1"}],"replies":[{"embeddable":true,"href":"https:\/\/nbcs.mx\/index.php?rest_route=%2Fwp%2Fv2%2Fcomments&post=158687"}],"version-history":[{"count":1,"href":"https:\/\/nbcs.mx\/index.php?rest_route=\/wp\/v2\/posts\/158687\/revisions"}],"predecessor-version":[{"id":158689,"href":"https:\/\/nbcs.mx\/index.php?rest_route=\/wp\/v2\/posts\/158687\/revisions\/158689"}],"wp:featuredmedia":[{"embeddable":true,"href":"https:\/\/nbcs.mx\/index.php?rest_route=\/wp\/v2\/media\/158688"}],"wp:attachment":[{"href":"https:\/\/nbcs.mx\/index.php?rest_route=%2Fwp%2Fv2%2Fmedia&parent=158687"}],"wp:term":[{"taxonomy":"category","embeddable":true,"href":"https:\/\/nbcs.mx\/index.php?rest_route=%2Fwp%2Fv2%2Fcategories&post=158687"},{"taxonomy":"post_tag","embeddable":true,"href":"https:\/\/nbcs.mx\/index.php?rest_route=%2Fwp%2Fv2%2Ftags&post=158687"}],"curies":[{"name":"wp","href":"https:\/\/api.w.org\/{rel}","templated":true}]}}