{"id":158725,"date":"2025-12-02T05:20:41","date_gmt":"2025-12-02T12:20:41","guid":{"rendered":"https:\/\/nbcs.mx\/?p=158725"},"modified":"2025-12-02T06:22:32","modified_gmt":"2025-12-02T13:22:32","slug":"delimitara-ayuntamiento-carril-peatonal-y-para-movilidad-no-motorizada-en-el-malecon-de-la-paz","status":"publish","type":"post","link":"https:\/\/nbcs.mx\/?p=158725","title":{"rendered":"Delimitar\u00e1 Ayuntamiento carril peatonal y para movilidad no motorizada en el Malec\u00f3n de La Paz"},"content":{"rendered":"<p style=\"font-weight: 400; text-align: justify;\"><img loading=\"lazy\" decoding=\"async\" class=\" wp-image-158726 alignleft\" src=\"https:\/\/nbcs.mx\/wp-content\/uploads\/2025\/12\/Foto-Boletin-1401-2-738x492.jpg\" alt=\"\" width=\"369\" height=\"246\" srcset=\"https:\/\/nbcs.mx\/wp-content\/uploads\/2025\/12\/Foto-Boletin-1401-2-738x492.jpg 738w, https:\/\/nbcs.mx\/wp-content\/uploads\/2025\/12\/Foto-Boletin-1401-2-1024x683.jpg 1024w, https:\/\/nbcs.mx\/wp-content\/uploads\/2025\/12\/Foto-Boletin-1401-2-150x100.jpg 150w, https:\/\/nbcs.mx\/wp-content\/uploads\/2025\/12\/Foto-Boletin-1401-2-768x512.jpg 768w, https:\/\/nbcs.mx\/wp-content\/uploads\/2025\/12\/Foto-Boletin-1401-2-1536x1025.jpg 1536w, https:\/\/nbcs.mx\/wp-content\/uploads\/2025\/12\/Foto-Boletin-1401-2.jpg 2048w\" sizes=\"auto, (max-width: 369px) 100vw, 369px\" \/>El Ayuntamiento de La Paz anunci\u00f3 una serie de medidas temporales para reforzar la movilidad y garantizar la seguridad de habitantes y turistas durante la pr\u00f3xima temporada vacacional, ante el incremento de afluencia en el Malec\u00f3n costero.<\/p>\n<p style=\"font-weight: 400; text-align: justify;\">\n<p style=\"font-weight: 400; text-align: justify;\">La alcaldesa Milena Quiroga Romero inform\u00f3 que, a partir de este fin de semana y durante el periodo vacacional, se cerrar\u00e1 un carril a la circulaci\u00f3n vehicular de viernes a domingo, de 17:00 a 03:00 horas, con el fin de habilitar un espacio seguro para peatones y personas que utilizan medios de movilidad no motorizada, como bicicletas y scooters.<\/p>\n<p style=\"font-weight: 400; text-align: justify;\">\n<p style=\"font-weight: 400; text-align: justify;\">La presidenta municipal explic\u00f3 que esta decisi\u00f3n responde al crecimiento constante de visitantes en el Malec\u00f3n, incluso fuera de los periodos de asueto, lo que anticipa un flujo mayor en las pr\u00f3ximas semanas.<\/p>\n<p style=\"font-weight: 400; text-align: justify;\">\n<p style=\"font-weight: 400; text-align: justify;\">Se\u00f1al\u00f3 que la ciclov\u00eda existente resulta insuficiente en momentos de alta afluencia y que muchos ciclistas terminan transitando por la banqueta, generando riesgos tanto para peatones como para quienes utilizan estos medios de transporte.<\/p>\n<p style=\"font-weight: 400; text-align: justify;\">\n<p style=\"font-weight: 400; text-align: justify;\">\u201cSe trata de una medida temporal orientada a la seguridad. Este carril habilitado permitir\u00e1 caminar y circular en bicicleta con mayor seguridad\u201d, afirm\u00f3.<\/p>\n<p style=\"font-weight: 400; text-align: justify;\">\n<p style=\"font-weight: 400; text-align: justify;\">A\u00f1adi\u00f3 que la medida se implementa en di\u00e1logo con comerciantes establecidos en el Malec\u00f3n, con el prop\u00f3sito de construir acuerdos que permitan aplicar acciones sin afectar la actividad econ\u00f3mica de la zona.<\/p>\n<p style=\"font-weight: 400; text-align: justify;\">\n<p style=\"font-weight: 400; text-align: justify;\">Explic\u00f3 que el Ayuntamiento evaluar\u00e1 su funcionamiento para determinar si la medida se mantiene durante todo el periodo vacacional o si podr\u00eda adoptarse, posteriormente, una frecuencia mensual.<\/p>\n","protected":false},"excerpt":{"rendered":"<p>El Ayuntamiento de La Paz anunci\u00f3 una serie de medidas temporales para reforzar la movilidad y garantizar la seguridad de<\/p>\n","protected":false},"author":1,"featured_media":158726,"comment_status":"open","ping_status":"closed","sticky":false,"template":"","format":"standard","meta":{"colormag_page_container_layout":"default_layout","colormag_page_sidebar_layout":"default_layout","_jetpack_memberships_contains_paid_content":false,"footnotes":"","jetpack_publicize_message":"","jetpack_publicize_feature_enabled":true,"jetpack_social_post_already_shared":true,"jetpack_social_options":{"image_generator_settings":{"template":"highway","default_image_id":0,"font":"","enabled":false},"version":2}},"categories":[40],"tags":[],"class_list":["post-158725","post","type-post","status-publish","format-standard","has-post-thumbnail","hentry","category-municipios"],"yoast_head":"<!-- This site is optimized with the Yoast SEO plugin v27.4 - https:\/\/yoast.com\/product\/yoast-seo-wordpress\/ -->\n<title>Delimitar\u00e1 Ayuntamiento carril peatonal y para movilidad no motorizada en el Malec\u00f3n de La Paz - NBCS Noticias<\/title>\n<meta name=\"robots\" content=\"index, follow, max-snippet:-1, max-image-preview:large, max-video-preview:-1\" \/>\n<link rel=\"canonical\" href=\"https:\/\/nbcs.mx\/?p=158725\" \/>\n<meta property=\"og:locale\" content=\"es_ES\" \/>\n<meta property=\"og:type\" content=\"article\" \/>\n<meta property=\"og:title\" content=\"Delimitar\u00e1 Ayuntamiento carril peatonal y para movilidad no motorizada en el Malec\u00f3n de La Paz - NBCS Noticias\" \/>\n<meta property=\"og:description\" content=\"El Ayuntamiento de La Paz anunci\u00f3 una serie de medidas temporales para reforzar la movilidad y garantizar la seguridad de\" \/>\n<meta property=\"og:url\" content=\"https:\/\/nbcs.mx\/?p=158725\" \/>\n<meta property=\"og:site_name\" content=\"NBCS Noticias\" \/>\n<meta property=\"article:publisher\" content=\"https:\/\/www.facebook.com\/NBCSnoticias\" \/>\n<meta property=\"article:author\" content=\"https:\/\/www.facebook.com\/NBCSnoticias\" \/>\n<meta property=\"article:published_time\" content=\"2025-12-02T12:20:41+00:00\" \/>\n<meta property=\"article:modified_time\" content=\"2025-12-02T13:22:32+00:00\" \/>\n<meta property=\"og:image\" content=\"https:\/\/nbcs.mx\/wp-content\/uploads\/2025\/12\/Foto-Boletin-1401-2.jpg\" \/>\n\t<meta property=\"og:image:width\" content=\"2048\" \/>\n\t<meta property=\"og:image:height\" content=\"1366\" \/>\n\t<meta property=\"og:image:type\" content=\"image\/jpeg\" \/>\n<meta name=\"author\" content=\"NBCS Noticias\" \/>\n<meta name=\"twitter:card\" content=\"summary_large_image\" \/>\n<meta name=\"twitter:creator\" content=\"@https:\/\/twitter.com\/NBCSnoticias\" \/>\n<meta name=\"twitter:site\" content=\"@NBCSnoticias\" \/>\n<meta name=\"twitter:label1\" content=\"Escrito por\" \/>\n\t<meta name=\"twitter:data1\" content=\"NBCS Noticias\" \/>\n\t<meta name=\"twitter:label2\" content=\"Tiempo de lectura\" \/>\n\t<meta name=\"twitter:data2\" content=\"2 minutos\" \/>\n<script type=\"application\/ld+json\" class=\"yoast-schema-graph\">{\"@context\":\"https:\\\/\\\/schema.org\",\"@graph\":[{\"@type\":\"Article\",\"@id\":\"https:\\\/\\\/nbcs.mx\\\/?p=158725#article\",\"isPartOf\":{\"@id\":\"https:\\\/\\\/nbcs.mx\\\/?p=158725\"},\"author\":{\"name\":\"NBCS Noticias\",\"@id\":\"https:\\\/\\\/nbcs.mx\\\/#\\\/schema\\\/person\\\/ece58bab9a7c1e87a4d28ec9ecd79ff4\"},\"headline\":\"Delimitar\u00e1 Ayuntamiento carril peatonal y para movilidad no motorizada en el Malec\u00f3n de La Paz\",\"datePublished\":\"2025-12-02T12:20:41+00:00\",\"dateModified\":\"2025-12-02T13:22:32+00:00\",\"mainEntityOfPage\":{\"@id\":\"https:\\\/\\\/nbcs.mx\\\/?p=158725\"},\"wordCount\":273,\"commentCount\":0,\"publisher\":{\"@id\":\"https:\\\/\\\/nbcs.mx\\\/#organization\"},\"image\":{\"@id\":\"https:\\\/\\\/nbcs.mx\\\/?p=158725#primaryimage\"},\"thumbnailUrl\":\"https:\\\/\\\/nbcs.mx\\\/wp-content\\\/uploads\\\/2025\\\/12\\\/Foto-Boletin-1401-2.jpg\",\"articleSection\":[\"Municipios\"],\"inLanguage\":\"es\",\"potentialAction\":[{\"@type\":\"CommentAction\",\"name\":\"Comment\",\"target\":[\"https:\\\/\\\/nbcs.mx\\\/?p=158725#respond\"]}]},{\"@type\":\"WebPage\",\"@id\":\"https:\\\/\\\/nbcs.mx\\\/?p=158725\",\"url\":\"https:\\\/\\\/nbcs.mx\\\/?p=158725\",\"name\":\"Delimitar\u00e1 Ayuntamiento carril peatonal y para movilidad no motorizada en el Malec\u00f3n de La Paz - NBCS Noticias\",\"isPartOf\":{\"@id\":\"https:\\\/\\\/nbcs.mx\\\/#website\"},\"primaryImageOfPage\":{\"@id\":\"https:\\\/\\\/nbcs.mx\\\/?p=158725#primaryimage\"},\"image\":{\"@id\":\"https:\\\/\\\/nbcs.mx\\\/?p=158725#primaryimage\"},\"thumbnailUrl\":\"https:\\\/\\\/nbcs.mx\\\/wp-content\\\/uploads\\\/2025\\\/12\\\/Foto-Boletin-1401-2.jpg\",\"datePublished\":\"2025-12-02T12:20:41+00:00\",\"dateModified\":\"2025-12-02T13:22:32+00:00\",\"breadcrumb\":{\"@id\":\"https:\\\/\\\/nbcs.mx\\\/?p=158725#breadcrumb\"},\"inLanguage\":\"es\",\"potentialAction\":[{\"@type\":\"ReadAction\",\"target\":[\"https:\\\/\\\/nbcs.mx\\\/?p=158725\"]}]},{\"@type\":\"ImageObject\",\"inLanguage\":\"es\",\"@id\":\"https:\\\/\\\/nbcs.mx\\\/?p=158725#primaryimage\",\"url\":\"https:\\\/\\\/nbcs.mx\\\/wp-content\\\/uploads\\\/2025\\\/12\\\/Foto-Boletin-1401-2.jpg\",\"contentUrl\":\"https:\\\/\\\/nbcs.mx\\\/wp-content\\\/uploads\\\/2025\\\/12\\\/Foto-Boletin-1401-2.jpg\",\"width\":2048,\"height\":1366},{\"@type\":\"BreadcrumbList\",\"@id\":\"https:\\\/\\\/nbcs.mx\\\/?p=158725#breadcrumb\",\"itemListElement\":[{\"@type\":\"ListItem\",\"position\":1,\"name\":\"Portada\",\"item\":\"https:\\\/\\\/nbcs.mx\\\/\"},{\"@type\":\"ListItem\",\"position\":2,\"name\":\"Delimitar\u00e1 Ayuntamiento carril peatonal y para movilidad no motorizada en el Malec\u00f3n de La Paz\"}]},{\"@type\":\"WebSite\",\"@id\":\"https:\\\/\\\/nbcs.mx\\\/#website\",\"url\":\"https:\\\/\\\/nbcs.mx\\\/\",\"name\":\"NBCS Noticias\",\"description\":\"Sitio web de noticias en Baja California Sur\",\"publisher\":{\"@id\":\"https:\\\/\\\/nbcs.mx\\\/#organization\"},\"potentialAction\":[{\"@type\":\"SearchAction\",\"target\":{\"@type\":\"EntryPoint\",\"urlTemplate\":\"https:\\\/\\\/nbcs.mx\\\/?s={search_term_string}\"},\"query-input\":{\"@type\":\"PropertyValueSpecification\",\"valueRequired\":true,\"valueName\":\"search_term_string\"}}],\"inLanguage\":\"es\"},{\"@type\":\"Organization\",\"@id\":\"https:\\\/\\\/nbcs.mx\\\/#organization\",\"name\":\"NBCS Noticias\",\"url\":\"https:\\\/\\\/nbcs.mx\\\/\",\"logo\":{\"@type\":\"ImageObject\",\"inLanguage\":\"es\",\"@id\":\"https:\\\/\\\/nbcs.mx\\\/#\\\/schema\\\/logo\\\/image\\\/\",\"url\":\"https:\\\/\\\/nbcs.mx\\\/wp-content\\\/uploads\\\/2018\\\/09\\\/057b69485e93575a5c2b1c1dde2dd297.jpeg\",\"contentUrl\":\"https:\\\/\\\/nbcs.mx\\\/wp-content\\\/uploads\\\/2018\\\/09\\\/057b69485e93575a5c2b1c1dde2dd297.jpeg\",\"width\":64,\"height\":64,\"caption\":\"NBCS Noticias\"},\"image\":{\"@id\":\"https:\\\/\\\/nbcs.mx\\\/#\\\/schema\\\/logo\\\/image\\\/\"},\"sameAs\":[\"https:\\\/\\\/www.facebook.com\\\/NBCSnoticias\",\"https:\\\/\\\/x.com\\\/NBCSnoticias\"]},{\"@type\":\"Person\",\"@id\":\"https:\\\/\\\/nbcs.mx\\\/#\\\/schema\\\/person\\\/ece58bab9a7c1e87a4d28ec9ecd79ff4\",\"name\":\"NBCS Noticias\",\"image\":{\"@type\":\"ImageObject\",\"inLanguage\":\"es\",\"@id\":\"https:\\\/\\\/secure.gravatar.com\\\/avatar\\\/4e52110cad1c4054b43271a0d14bbe9e2ea76aecd0e1097edfc670798d9ca1d4?s=96&d=blank&r=g\",\"url\":\"https:\\\/\\\/secure.gravatar.com\\\/avatar\\\/4e52110cad1c4054b43271a0d14bbe9e2ea76aecd0e1097edfc670798d9ca1d4?s=96&d=blank&r=g\",\"contentUrl\":\"https:\\\/\\\/secure.gravatar.com\\\/avatar\\\/4e52110cad1c4054b43271a0d14bbe9e2ea76aecd0e1097edfc670798d9ca1d4?s=96&d=blank&r=g\",\"caption\":\"NBCS Noticias\"},\"description\":\"\u00bfTienes fotos o video de alg\u00fan acto de posible negligencia, corrupci\u00f3n y abuso de autoridad? M\u00e1ndalo al WhatsApp de NBCS Noticias: 612 141 98 08\",\"sameAs\":[\"https:\\\/\\\/www.nbcs.mx\",\"https:\\\/\\\/www.facebook.com\\\/NBCSnoticias\",\"https:\\\/\\\/www.instagram.com\\\/nbcsnoticias\\\/\",\"https:\\\/\\\/x.com\\\/https:\\\/\\\/twitter.com\\\/NBCSnoticias\"]}]}<\/script>\n<!-- \/ Yoast SEO plugin. -->","yoast_head_json":{"title":"Delimitar\u00e1 Ayuntamiento carril peatonal y para movilidad no motorizada en el Malec\u00f3n de La Paz - NBCS Noticias","robots":{"index":"index","follow":"follow","max-snippet":"max-snippet:-1","max-image-preview":"max-image-preview:large","max-video-preview":"max-video-preview:-1"},"canonical":"https:\/\/nbcs.mx\/?p=158725","og_locale":"es_ES","og_type":"article","og_title":"Delimitar\u00e1 Ayuntamiento carril peatonal y para movilidad no motorizada en el Malec\u00f3n de La Paz - NBCS Noticias","og_description":"El Ayuntamiento de La Paz anunci\u00f3 una serie de medidas temporales para reforzar la movilidad y garantizar la seguridad de","og_url":"https:\/\/nbcs.mx\/?p=158725","og_site_name":"NBCS Noticias","article_publisher":"https:\/\/www.facebook.com\/NBCSnoticias","article_author":"https:\/\/www.facebook.com\/NBCSnoticias","article_published_time":"2025-12-02T12:20:41+00:00","article_modified_time":"2025-12-02T13:22:32+00:00","og_image":[{"width":2048,"height":1366,"url":"https:\/\/nbcs.mx\/wp-content\/uploads\/2025\/12\/Foto-Boletin-1401-2.jpg","type":"image\/jpeg"}],"author":"NBCS Noticias","twitter_card":"summary_large_image","twitter_creator":"@https:\/\/twitter.com\/NBCSnoticias","twitter_site":"@NBCSnoticias","twitter_misc":{"Escrito por":"NBCS Noticias","Tiempo de lectura":"2 minutos"},"schema":{"@context":"https:\/\/schema.org","@graph":[{"@type":"Article","@id":"https:\/\/nbcs.mx\/?p=158725#article","isPartOf":{"@id":"https:\/\/nbcs.mx\/?p=158725"},"author":{"name":"NBCS Noticias","@id":"https:\/\/nbcs.mx\/#\/schema\/person\/ece58bab9a7c1e87a4d28ec9ecd79ff4"},"headline":"Delimitar\u00e1 Ayuntamiento carril peatonal y para movilidad no motorizada en el Malec\u00f3n de La Paz","datePublished":"2025-12-02T12:20:41+00:00","dateModified":"2025-12-02T13:22:32+00:00","mainEntityOfPage":{"@id":"https:\/\/nbcs.mx\/?p=158725"},"wordCount":273,"commentCount":0,"publisher":{"@id":"https:\/\/nbcs.mx\/#organization"},"image":{"@id":"https:\/\/nbcs.mx\/?p=158725#primaryimage"},"thumbnailUrl":"https:\/\/nbcs.mx\/wp-content\/uploads\/2025\/12\/Foto-Boletin-1401-2.jpg","articleSection":["Municipios"],"inLanguage":"es","potentialAction":[{"@type":"CommentAction","name":"Comment","target":["https:\/\/nbcs.mx\/?p=158725#respond"]}]},{"@type":"WebPage","@id":"https:\/\/nbcs.mx\/?p=158725","url":"https:\/\/nbcs.mx\/?p=158725","name":"Delimitar\u00e1 Ayuntamiento carril peatonal y para movilidad no motorizada en el Malec\u00f3n de La Paz - NBCS Noticias","isPartOf":{"@id":"https:\/\/nbcs.mx\/#website"},"primaryImageOfPage":{"@id":"https:\/\/nbcs.mx\/?p=158725#primaryimage"},"image":{"@id":"https:\/\/nbcs.mx\/?p=158725#primaryimage"},"thumbnailUrl":"https:\/\/nbcs.mx\/wp-content\/uploads\/2025\/12\/Foto-Boletin-1401-2.jpg","datePublished":"2025-12-02T12:20:41+00:00","dateModified":"2025-12-02T13:22:32+00:00","breadcrumb":{"@id":"https:\/\/nbcs.mx\/?p=158725#breadcrumb"},"inLanguage":"es","potentialAction":[{"@type":"ReadAction","target":["https:\/\/nbcs.mx\/?p=158725"]}]},{"@type":"ImageObject","inLanguage":"es","@id":"https:\/\/nbcs.mx\/?p=158725#primaryimage","url":"https:\/\/nbcs.mx\/wp-content\/uploads\/2025\/12\/Foto-Boletin-1401-2.jpg","contentUrl":"https:\/\/nbcs.mx\/wp-content\/uploads\/2025\/12\/Foto-Boletin-1401-2.jpg","width":2048,"height":1366},{"@type":"BreadcrumbList","@id":"https:\/\/nbcs.mx\/?p=158725#breadcrumb","itemListElement":[{"@type":"ListItem","position":1,"name":"Portada","item":"https:\/\/nbcs.mx\/"},{"@type":"ListItem","position":2,"name":"Delimitar\u00e1 Ayuntamiento carril peatonal y para movilidad no motorizada en el Malec\u00f3n de La Paz"}]},{"@type":"WebSite","@id":"https:\/\/nbcs.mx\/#website","url":"https:\/\/nbcs.mx\/","name":"NBCS Noticias","description":"Sitio web de noticias en Baja California Sur","publisher":{"@id":"https:\/\/nbcs.mx\/#organization"},"potentialAction":[{"@type":"SearchAction","target":{"@type":"EntryPoint","urlTemplate":"https:\/\/nbcs.mx\/?s={search_term_string}"},"query-input":{"@type":"PropertyValueSpecification","valueRequired":true,"valueName":"search_term_string"}}],"inLanguage":"es"},{"@type":"Organization","@id":"https:\/\/nbcs.mx\/#organization","name":"NBCS Noticias","url":"https:\/\/nbcs.mx\/","logo":{"@type":"ImageObject","inLanguage":"es","@id":"https:\/\/nbcs.mx\/#\/schema\/logo\/image\/","url":"https:\/\/nbcs.mx\/wp-content\/uploads\/2018\/09\/057b69485e93575a5c2b1c1dde2dd297.jpeg","contentUrl":"https:\/\/nbcs.mx\/wp-content\/uploads\/2018\/09\/057b69485e93575a5c2b1c1dde2dd297.jpeg","width":64,"height":64,"caption":"NBCS Noticias"},"image":{"@id":"https:\/\/nbcs.mx\/#\/schema\/logo\/image\/"},"sameAs":["https:\/\/www.facebook.com\/NBCSnoticias","https:\/\/x.com\/NBCSnoticias"]},{"@type":"Person","@id":"https:\/\/nbcs.mx\/#\/schema\/person\/ece58bab9a7c1e87a4d28ec9ecd79ff4","name":"NBCS Noticias","image":{"@type":"ImageObject","inLanguage":"es","@id":"https:\/\/secure.gravatar.com\/avatar\/4e52110cad1c4054b43271a0d14bbe9e2ea76aecd0e1097edfc670798d9ca1d4?s=96&d=blank&r=g","url":"https:\/\/secure.gravatar.com\/avatar\/4e52110cad1c4054b43271a0d14bbe9e2ea76aecd0e1097edfc670798d9ca1d4?s=96&d=blank&r=g","contentUrl":"https:\/\/secure.gravatar.com\/avatar\/4e52110cad1c4054b43271a0d14bbe9e2ea76aecd0e1097edfc670798d9ca1d4?s=96&d=blank&r=g","caption":"NBCS Noticias"},"description":"\u00bfTienes fotos o video de alg\u00fan acto de posible negligencia, corrupci\u00f3n y abuso de autoridad? M\u00e1ndalo al WhatsApp de NBCS Noticias: 612 141 98 08","sameAs":["https:\/\/www.nbcs.mx","https:\/\/www.facebook.com\/NBCSnoticias","https:\/\/www.instagram.com\/nbcsnoticias\/","https:\/\/x.com\/https:\/\/twitter.com\/NBCSnoticias"]}]}},"jetpack_publicize_connections":[],"jetpack_featured_media_url":"https:\/\/nbcs.mx\/wp-content\/uploads\/2025\/12\/Foto-Boletin-1401-2.jpg","jetpack_sharing_enabled":true,"_links":{"self":[{"href":"https:\/\/nbcs.mx\/index.php?rest_route=\/wp\/v2\/posts\/158725","targetHints":{"allow":["GET"]}}],"collection":[{"href":"https:\/\/nbcs.mx\/index.php?rest_route=\/wp\/v2\/posts"}],"about":[{"href":"https:\/\/nbcs.mx\/index.php?rest_route=\/wp\/v2\/types\/post"}],"author":[{"embeddable":true,"href":"https:\/\/nbcs.mx\/index.php?rest_route=\/wp\/v2\/users\/1"}],"replies":[{"embeddable":true,"href":"https:\/\/nbcs.mx\/index.php?rest_route=%2Fwp%2Fv2%2Fcomments&post=158725"}],"version-history":[{"count":1,"href":"https:\/\/nbcs.mx\/index.php?rest_route=\/wp\/v2\/posts\/158725\/revisions"}],"predecessor-version":[{"id":158727,"href":"https:\/\/nbcs.mx\/index.php?rest_route=\/wp\/v2\/posts\/158725\/revisions\/158727"}],"wp:featuredmedia":[{"embeddable":true,"href":"https:\/\/nbcs.mx\/index.php?rest_route=\/wp\/v2\/media\/158726"}],"wp:attachment":[{"href":"https:\/\/nbcs.mx\/index.php?rest_route=%2Fwp%2Fv2%2Fmedia&parent=158725"}],"wp:term":[{"taxonomy":"category","embeddable":true,"href":"https:\/\/nbcs.mx\/index.php?rest_route=%2Fwp%2Fv2%2Fcategories&post=158725"},{"taxonomy":"post_tag","embeddable":true,"href":"https:\/\/nbcs.mx\/index.php?rest_route=%2Fwp%2Fv2%2Ftags&post=158725"}],"curies":[{"name":"wp","href":"https:\/\/api.w.org\/{rel}","templated":true}]}}