{"id":158750,"date":"2025-12-02T14:59:49","date_gmt":"2025-12-02T21:59:49","guid":{"rendered":"https:\/\/nbcs.mx\/?p=158750"},"modified":"2025-12-02T14:59:49","modified_gmt":"2025-12-02T21:59:49","slug":"inicia-operaciones-la-nueva-ruta-panama-san-jose-del-cabo-setue","status":"publish","type":"post","link":"https:\/\/nbcs.mx\/?p=158750","title":{"rendered":"Inicia operaciones la nueva ruta Panam\u00e1\u2013San Jos\u00e9 del Cabo: SETUE"},"content":{"rendered":"<div>\n<p style=\"text-align: justify;\"><img loading=\"lazy\" decoding=\"async\" class=\" wp-image-29167 alignleft\" src=\"https:\/\/nbcs.mx\/wp-content\/uploads\/2018\/06\/aeropuerto-de-los-cabos-755x370.jpg\" alt=\"\" width=\"380\" height=\"186\" srcset=\"https:\/\/nbcs.mx\/wp-content\/uploads\/2018\/06\/aeropuerto-de-los-cabos-755x370.jpg 755w, https:\/\/nbcs.mx\/wp-content\/uploads\/2018\/06\/aeropuerto-de-los-cabos-150x73.jpg 150w, https:\/\/nbcs.mx\/wp-content\/uploads\/2018\/06\/aeropuerto-de-los-cabos-768x376.jpg 768w, https:\/\/nbcs.mx\/wp-content\/uploads\/2018\/06\/aeropuerto-de-los-cabos-1024x501.jpg 1024w, https:\/\/nbcs.mx\/wp-content\/uploads\/2018\/06\/aeropuerto-de-los-cabos-600x294.jpg 600w, https:\/\/nbcs.mx\/wp-content\/uploads\/2018\/06\/aeropuerto-de-los-cabos.jpg 1379w\" sizes=\"auto, (max-width: 380px) 100vw, 380px\" \/>Este jueves 4 de diciembre iniciar\u00e1 operaciones la nueva ruta a\u00e9rea Panam\u00e1\u2013San Jos\u00e9 del Cabo, operada por Copa Airlines con tres frecuencias semanales \u2014lunes, jueves y s\u00e1bado\u2014, inform\u00f3 la secretaria de Turismo y Econom\u00eda (SETUE), Maribel Collins, quien destac\u00f3 que este vuelo representa un avance significativo en la expansi\u00f3n internacional de la conectividad a\u00e9rea del destino.<\/p>\n<\/div>\n<div style=\"text-align: justify;\">\n<p>Precis\u00f3 que esta nueva conexi\u00f3n es resultado del trabajo coordinado entre la SETUE y el Fideicomiso de Turismo de Los Cabos (FITURCA), con el prop\u00f3sito de fortalecer la presencia de Baja California Sur en los mercados de Centro y Sudam\u00e9rica.<\/p>\n<\/div>\n<div style=\"text-align: justify;\">\n<p>\u201cEsta ruta abre una puerta estrat\u00e9gica para diversificar el turismo, atraer inversi\u00f3n y consolidar relaciones comerciales con una regi\u00f3n de alto potencial\u201d, expres\u00f3.<\/p>\n<\/div>\n<div style=\"text-align: justify;\">\n<p>Collins record\u00f3 que este vuelo se suma al reciente inicio de la segunda temporada de la ruta Fr\u00e1ncfort\u2013Los Cabos, operada por Condor Airlines, la cual comenz\u00f3 el pasado 3 de noviembre con la llegada de 285 pasajeros europeos, concluyendo sus operaciones el 6 de abril.<\/p>\n<\/div>\n<div style=\"text-align: justify;\">\n<p>Agreg\u00f3 que cada nueva ruta a\u00e9rea contribuye a ampliar la oferta tur\u00edstica del estado, al incrementar la llegada de visitantes internacionales y generar oportunidades econ\u00f3micas para las comunidades sudcalifornianas.<\/p>\n<\/div>\n<div style=\"text-align: justify;\">\n<p>\u201cConscientes de que la conectividad es un pilar fundamental para el desarrollo tur\u00edstico, en conjunto con FITURCA seguiremos impulsando alianzas estrat\u00e9gicas que fortalezcan el posicionamiento de la entidad y del municipio de Los Cabos como destinos competitivos, accesibles y globales\u201d, se\u00f1al\u00f3.<\/p>\n<\/div>\n<div>\n<p style=\"text-align: justify;\">\n<\/div>\n","protected":false},"excerpt":{"rendered":"<p>Este jueves 4 de diciembre iniciar\u00e1 operaciones la nueva ruta a\u00e9rea Panam\u00e1\u2013San Jos\u00e9 del Cabo, operada por Copa Airlines con<\/p>\n","protected":false},"author":1,"featured_media":29167,"comment_status":"open","ping_status":"closed","sticky":false,"template":"","format":"standard","meta":{"colormag_page_container_layout":"default_layout","colormag_page_sidebar_layout":"default_layout","_jetpack_memberships_contains_paid_content":false,"footnotes":"","jetpack_publicize_message":"","jetpack_publicize_feature_enabled":true,"jetpack_social_post_already_shared":true,"jetpack_social_options":{"image_generator_settings":{"template":"highway","default_image_id":0,"font":"","enabled":false},"version":2}},"categories":[1],"tags":[],"class_list":["post-158750","post","type-post","status-publish","format-standard","has-post-thumbnail","hentry","category-noticias"],"yoast_head":"<!-- This site is optimized with the Yoast SEO plugin v27.5 - https:\/\/yoast.com\/product\/yoast-seo-wordpress\/ -->\n<title>Inicia operaciones la nueva ruta Panam\u00e1\u2013San Jos\u00e9 del Cabo: SETUE - NBCS Noticias<\/title>\n<meta name=\"robots\" content=\"index, follow, max-snippet:-1, max-image-preview:large, max-video-preview:-1\" \/>\n<link rel=\"canonical\" href=\"https:\/\/nbcs.mx\/?p=158750\" \/>\n<meta property=\"og:locale\" content=\"es_ES\" \/>\n<meta property=\"og:type\" content=\"article\" \/>\n<meta property=\"og:title\" content=\"Inicia operaciones la nueva ruta Panam\u00e1\u2013San Jos\u00e9 del Cabo: SETUE - NBCS Noticias\" \/>\n<meta property=\"og:description\" content=\"Este jueves 4 de diciembre iniciar\u00e1 operaciones la nueva ruta a\u00e9rea Panam\u00e1\u2013San Jos\u00e9 del Cabo, operada por Copa Airlines con\" \/>\n<meta property=\"og:url\" content=\"https:\/\/nbcs.mx\/?p=158750\" \/>\n<meta property=\"og:site_name\" content=\"NBCS Noticias\" \/>\n<meta property=\"article:publisher\" content=\"https:\/\/www.facebook.com\/NBCSnoticias\" \/>\n<meta property=\"article:author\" content=\"https:\/\/www.facebook.com\/NBCSnoticias\" \/>\n<meta property=\"article:published_time\" content=\"2025-12-02T21:59:49+00:00\" \/>\n<meta property=\"og:image\" content=\"https:\/\/nbcs.mx\/wp-content\/uploads\/2018\/06\/aeropuerto-de-los-cabos.jpg\" \/>\n\t<meta property=\"og:image:width\" content=\"1379\" \/>\n\t<meta property=\"og:image:height\" content=\"675\" \/>\n\t<meta property=\"og:image:type\" content=\"image\/jpeg\" \/>\n<meta name=\"author\" content=\"NBCS Noticias\" \/>\n<meta name=\"twitter:card\" content=\"summary_large_image\" \/>\n<meta name=\"twitter:creator\" content=\"@https:\/\/twitter.com\/NBCSnoticias\" \/>\n<meta name=\"twitter:site\" content=\"@NBCSnoticias\" \/>\n<meta name=\"twitter:label1\" content=\"Escrito por\" \/>\n\t<meta name=\"twitter:data1\" content=\"NBCS Noticias\" \/>\n\t<meta name=\"twitter:label2\" content=\"Tiempo de lectura\" \/>\n\t<meta name=\"twitter:data2\" content=\"2 minutos\" \/>\n<script type=\"application\/ld+json\" class=\"yoast-schema-graph\">{\"@context\":\"https:\\\/\\\/schema.org\",\"@graph\":[{\"@type\":\"Article\",\"@id\":\"https:\\\/\\\/nbcs.mx\\\/?p=158750#article\",\"isPartOf\":{\"@id\":\"https:\\\/\\\/nbcs.mx\\\/?p=158750\"},\"author\":{\"name\":\"NBCS Noticias\",\"@id\":\"https:\\\/\\\/nbcs.mx\\\/#\\\/schema\\\/person\\\/ece58bab9a7c1e87a4d28ec9ecd79ff4\"},\"headline\":\"Inicia operaciones la nueva ruta Panam\u00e1\u2013San Jos\u00e9 del Cabo: SETUE\",\"datePublished\":\"2025-12-02T21:59:49+00:00\",\"mainEntityOfPage\":{\"@id\":\"https:\\\/\\\/nbcs.mx\\\/?p=158750\"},\"wordCount\":261,\"commentCount\":0,\"publisher\":{\"@id\":\"https:\\\/\\\/nbcs.mx\\\/#organization\"},\"image\":{\"@id\":\"https:\\\/\\\/nbcs.mx\\\/?p=158750#primaryimage\"},\"thumbnailUrl\":\"https:\\\/\\\/nbcs.mx\\\/wp-content\\\/uploads\\\/2018\\\/06\\\/aeropuerto-de-los-cabos.jpg\",\"articleSection\":[\"Noticias\"],\"inLanguage\":\"es\",\"potentialAction\":[{\"@type\":\"CommentAction\",\"name\":\"Comment\",\"target\":[\"https:\\\/\\\/nbcs.mx\\\/?p=158750#respond\"]}]},{\"@type\":\"WebPage\",\"@id\":\"https:\\\/\\\/nbcs.mx\\\/?p=158750\",\"url\":\"https:\\\/\\\/nbcs.mx\\\/?p=158750\",\"name\":\"Inicia operaciones la nueva ruta Panam\u00e1\u2013San Jos\u00e9 del Cabo: SETUE - NBCS Noticias\",\"isPartOf\":{\"@id\":\"https:\\\/\\\/nbcs.mx\\\/#website\"},\"primaryImageOfPage\":{\"@id\":\"https:\\\/\\\/nbcs.mx\\\/?p=158750#primaryimage\"},\"image\":{\"@id\":\"https:\\\/\\\/nbcs.mx\\\/?p=158750#primaryimage\"},\"thumbnailUrl\":\"https:\\\/\\\/nbcs.mx\\\/wp-content\\\/uploads\\\/2018\\\/06\\\/aeropuerto-de-los-cabos.jpg\",\"datePublished\":\"2025-12-02T21:59:49+00:00\",\"breadcrumb\":{\"@id\":\"https:\\\/\\\/nbcs.mx\\\/?p=158750#breadcrumb\"},\"inLanguage\":\"es\",\"potentialAction\":[{\"@type\":\"ReadAction\",\"target\":[\"https:\\\/\\\/nbcs.mx\\\/?p=158750\"]}]},{\"@type\":\"ImageObject\",\"inLanguage\":\"es\",\"@id\":\"https:\\\/\\\/nbcs.mx\\\/?p=158750#primaryimage\",\"url\":\"https:\\\/\\\/nbcs.mx\\\/wp-content\\\/uploads\\\/2018\\\/06\\\/aeropuerto-de-los-cabos.jpg\",\"contentUrl\":\"https:\\\/\\\/nbcs.mx\\\/wp-content\\\/uploads\\\/2018\\\/06\\\/aeropuerto-de-los-cabos.jpg\",\"width\":1379,\"height\":675},{\"@type\":\"BreadcrumbList\",\"@id\":\"https:\\\/\\\/nbcs.mx\\\/?p=158750#breadcrumb\",\"itemListElement\":[{\"@type\":\"ListItem\",\"position\":1,\"name\":\"Portada\",\"item\":\"https:\\\/\\\/nbcs.mx\\\/\"},{\"@type\":\"ListItem\",\"position\":2,\"name\":\"Inicia operaciones la nueva ruta Panam\u00e1\u2013San Jos\u00e9 del Cabo: SETUE\"}]},{\"@type\":\"WebSite\",\"@id\":\"https:\\\/\\\/nbcs.mx\\\/#website\",\"url\":\"https:\\\/\\\/nbcs.mx\\\/\",\"name\":\"NBCS Noticias\",\"description\":\"Sitio web de noticias en Baja California Sur\",\"publisher\":{\"@id\":\"https:\\\/\\\/nbcs.mx\\\/#organization\"},\"potentialAction\":[{\"@type\":\"SearchAction\",\"target\":{\"@type\":\"EntryPoint\",\"urlTemplate\":\"https:\\\/\\\/nbcs.mx\\\/?s={search_term_string}\"},\"query-input\":{\"@type\":\"PropertyValueSpecification\",\"valueRequired\":true,\"valueName\":\"search_term_string\"}}],\"inLanguage\":\"es\"},{\"@type\":\"Organization\",\"@id\":\"https:\\\/\\\/nbcs.mx\\\/#organization\",\"name\":\"NBCS Noticias\",\"url\":\"https:\\\/\\\/nbcs.mx\\\/\",\"logo\":{\"@type\":\"ImageObject\",\"inLanguage\":\"es\",\"@id\":\"https:\\\/\\\/nbcs.mx\\\/#\\\/schema\\\/logo\\\/image\\\/\",\"url\":\"https:\\\/\\\/nbcs.mx\\\/wp-content\\\/uploads\\\/2018\\\/09\\\/057b69485e93575a5c2b1c1dde2dd297.jpeg\",\"contentUrl\":\"https:\\\/\\\/nbcs.mx\\\/wp-content\\\/uploads\\\/2018\\\/09\\\/057b69485e93575a5c2b1c1dde2dd297.jpeg\",\"width\":64,\"height\":64,\"caption\":\"NBCS Noticias\"},\"image\":{\"@id\":\"https:\\\/\\\/nbcs.mx\\\/#\\\/schema\\\/logo\\\/image\\\/\"},\"sameAs\":[\"https:\\\/\\\/www.facebook.com\\\/NBCSnoticias\",\"https:\\\/\\\/x.com\\\/NBCSnoticias\"]},{\"@type\":\"Person\",\"@id\":\"https:\\\/\\\/nbcs.mx\\\/#\\\/schema\\\/person\\\/ece58bab9a7c1e87a4d28ec9ecd79ff4\",\"name\":\"NBCS Noticias\",\"image\":{\"@type\":\"ImageObject\",\"inLanguage\":\"es\",\"@id\":\"https:\\\/\\\/secure.gravatar.com\\\/avatar\\\/4e52110cad1c4054b43271a0d14bbe9e2ea76aecd0e1097edfc670798d9ca1d4?s=96&d=blank&r=g\",\"url\":\"https:\\\/\\\/secure.gravatar.com\\\/avatar\\\/4e52110cad1c4054b43271a0d14bbe9e2ea76aecd0e1097edfc670798d9ca1d4?s=96&d=blank&r=g\",\"contentUrl\":\"https:\\\/\\\/secure.gravatar.com\\\/avatar\\\/4e52110cad1c4054b43271a0d14bbe9e2ea76aecd0e1097edfc670798d9ca1d4?s=96&d=blank&r=g\",\"caption\":\"NBCS Noticias\"},\"description\":\"\u00bfTienes fotos o video de alg\u00fan acto de posible negligencia, corrupci\u00f3n y abuso de autoridad? M\u00e1ndalo al WhatsApp de NBCS Noticias: 612 141 98 08\",\"sameAs\":[\"https:\\\/\\\/www.nbcs.mx\",\"https:\\\/\\\/www.facebook.com\\\/NBCSnoticias\",\"https:\\\/\\\/www.instagram.com\\\/nbcsnoticias\\\/\",\"https:\\\/\\\/x.com\\\/https:\\\/\\\/twitter.com\\\/NBCSnoticias\"]}]}<\/script>\n<!-- \/ Yoast SEO plugin. -->","yoast_head_json":{"title":"Inicia operaciones la nueva ruta Panam\u00e1\u2013San Jos\u00e9 del Cabo: SETUE - NBCS Noticias","robots":{"index":"index","follow":"follow","max-snippet":"max-snippet:-1","max-image-preview":"max-image-preview:large","max-video-preview":"max-video-preview:-1"},"canonical":"https:\/\/nbcs.mx\/?p=158750","og_locale":"es_ES","og_type":"article","og_title":"Inicia operaciones la nueva ruta Panam\u00e1\u2013San Jos\u00e9 del Cabo: SETUE - NBCS Noticias","og_description":"Este jueves 4 de diciembre iniciar\u00e1 operaciones la nueva ruta a\u00e9rea Panam\u00e1\u2013San Jos\u00e9 del Cabo, operada por Copa Airlines con","og_url":"https:\/\/nbcs.mx\/?p=158750","og_site_name":"NBCS Noticias","article_publisher":"https:\/\/www.facebook.com\/NBCSnoticias","article_author":"https:\/\/www.facebook.com\/NBCSnoticias","article_published_time":"2025-12-02T21:59:49+00:00","og_image":[{"width":1379,"height":675,"url":"https:\/\/nbcs.mx\/wp-content\/uploads\/2018\/06\/aeropuerto-de-los-cabos.jpg","type":"image\/jpeg"}],"author":"NBCS Noticias","twitter_card":"summary_large_image","twitter_creator":"@https:\/\/twitter.com\/NBCSnoticias","twitter_site":"@NBCSnoticias","twitter_misc":{"Escrito por":"NBCS Noticias","Tiempo de lectura":"2 minutos"},"schema":{"@context":"https:\/\/schema.org","@graph":[{"@type":"Article","@id":"https:\/\/nbcs.mx\/?p=158750#article","isPartOf":{"@id":"https:\/\/nbcs.mx\/?p=158750"},"author":{"name":"NBCS Noticias","@id":"https:\/\/nbcs.mx\/#\/schema\/person\/ece58bab9a7c1e87a4d28ec9ecd79ff4"},"headline":"Inicia operaciones la nueva ruta Panam\u00e1\u2013San Jos\u00e9 del Cabo: SETUE","datePublished":"2025-12-02T21:59:49+00:00","mainEntityOfPage":{"@id":"https:\/\/nbcs.mx\/?p=158750"},"wordCount":261,"commentCount":0,"publisher":{"@id":"https:\/\/nbcs.mx\/#organization"},"image":{"@id":"https:\/\/nbcs.mx\/?p=158750#primaryimage"},"thumbnailUrl":"https:\/\/nbcs.mx\/wp-content\/uploads\/2018\/06\/aeropuerto-de-los-cabos.jpg","articleSection":["Noticias"],"inLanguage":"es","potentialAction":[{"@type":"CommentAction","name":"Comment","target":["https:\/\/nbcs.mx\/?p=158750#respond"]}]},{"@type":"WebPage","@id":"https:\/\/nbcs.mx\/?p=158750","url":"https:\/\/nbcs.mx\/?p=158750","name":"Inicia operaciones la nueva ruta Panam\u00e1\u2013San Jos\u00e9 del Cabo: SETUE - NBCS Noticias","isPartOf":{"@id":"https:\/\/nbcs.mx\/#website"},"primaryImageOfPage":{"@id":"https:\/\/nbcs.mx\/?p=158750#primaryimage"},"image":{"@id":"https:\/\/nbcs.mx\/?p=158750#primaryimage"},"thumbnailUrl":"https:\/\/nbcs.mx\/wp-content\/uploads\/2018\/06\/aeropuerto-de-los-cabos.jpg","datePublished":"2025-12-02T21:59:49+00:00","breadcrumb":{"@id":"https:\/\/nbcs.mx\/?p=158750#breadcrumb"},"inLanguage":"es","potentialAction":[{"@type":"ReadAction","target":["https:\/\/nbcs.mx\/?p=158750"]}]},{"@type":"ImageObject","inLanguage":"es","@id":"https:\/\/nbcs.mx\/?p=158750#primaryimage","url":"https:\/\/nbcs.mx\/wp-content\/uploads\/2018\/06\/aeropuerto-de-los-cabos.jpg","contentUrl":"https:\/\/nbcs.mx\/wp-content\/uploads\/2018\/06\/aeropuerto-de-los-cabos.jpg","width":1379,"height":675},{"@type":"BreadcrumbList","@id":"https:\/\/nbcs.mx\/?p=158750#breadcrumb","itemListElement":[{"@type":"ListItem","position":1,"name":"Portada","item":"https:\/\/nbcs.mx\/"},{"@type":"ListItem","position":2,"name":"Inicia operaciones la nueva ruta Panam\u00e1\u2013San Jos\u00e9 del Cabo: SETUE"}]},{"@type":"WebSite","@id":"https:\/\/nbcs.mx\/#website","url":"https:\/\/nbcs.mx\/","name":"NBCS Noticias","description":"Sitio web de noticias en Baja California Sur","publisher":{"@id":"https:\/\/nbcs.mx\/#organization"},"potentialAction":[{"@type":"SearchAction","target":{"@type":"EntryPoint","urlTemplate":"https:\/\/nbcs.mx\/?s={search_term_string}"},"query-input":{"@type":"PropertyValueSpecification","valueRequired":true,"valueName":"search_term_string"}}],"inLanguage":"es"},{"@type":"Organization","@id":"https:\/\/nbcs.mx\/#organization","name":"NBCS Noticias","url":"https:\/\/nbcs.mx\/","logo":{"@type":"ImageObject","inLanguage":"es","@id":"https:\/\/nbcs.mx\/#\/schema\/logo\/image\/","url":"https:\/\/nbcs.mx\/wp-content\/uploads\/2018\/09\/057b69485e93575a5c2b1c1dde2dd297.jpeg","contentUrl":"https:\/\/nbcs.mx\/wp-content\/uploads\/2018\/09\/057b69485e93575a5c2b1c1dde2dd297.jpeg","width":64,"height":64,"caption":"NBCS Noticias"},"image":{"@id":"https:\/\/nbcs.mx\/#\/schema\/logo\/image\/"},"sameAs":["https:\/\/www.facebook.com\/NBCSnoticias","https:\/\/x.com\/NBCSnoticias"]},{"@type":"Person","@id":"https:\/\/nbcs.mx\/#\/schema\/person\/ece58bab9a7c1e87a4d28ec9ecd79ff4","name":"NBCS Noticias","image":{"@type":"ImageObject","inLanguage":"es","@id":"https:\/\/secure.gravatar.com\/avatar\/4e52110cad1c4054b43271a0d14bbe9e2ea76aecd0e1097edfc670798d9ca1d4?s=96&d=blank&r=g","url":"https:\/\/secure.gravatar.com\/avatar\/4e52110cad1c4054b43271a0d14bbe9e2ea76aecd0e1097edfc670798d9ca1d4?s=96&d=blank&r=g","contentUrl":"https:\/\/secure.gravatar.com\/avatar\/4e52110cad1c4054b43271a0d14bbe9e2ea76aecd0e1097edfc670798d9ca1d4?s=96&d=blank&r=g","caption":"NBCS Noticias"},"description":"\u00bfTienes fotos o video de alg\u00fan acto de posible negligencia, corrupci\u00f3n y abuso de autoridad? M\u00e1ndalo al WhatsApp de NBCS Noticias: 612 141 98 08","sameAs":["https:\/\/www.nbcs.mx","https:\/\/www.facebook.com\/NBCSnoticias","https:\/\/www.instagram.com\/nbcsnoticias\/","https:\/\/x.com\/https:\/\/twitter.com\/NBCSnoticias"]}]}},"jetpack_publicize_connections":[],"jetpack_featured_media_url":"https:\/\/nbcs.mx\/wp-content\/uploads\/2018\/06\/aeropuerto-de-los-cabos.jpg","jetpack_sharing_enabled":true,"_links":{"self":[{"href":"https:\/\/nbcs.mx\/index.php?rest_route=\/wp\/v2\/posts\/158750","targetHints":{"allow":["GET"]}}],"collection":[{"href":"https:\/\/nbcs.mx\/index.php?rest_route=\/wp\/v2\/posts"}],"about":[{"href":"https:\/\/nbcs.mx\/index.php?rest_route=\/wp\/v2\/types\/post"}],"author":[{"embeddable":true,"href":"https:\/\/nbcs.mx\/index.php?rest_route=\/wp\/v2\/users\/1"}],"replies":[{"embeddable":true,"href":"https:\/\/nbcs.mx\/index.php?rest_route=%2Fwp%2Fv2%2Fcomments&post=158750"}],"version-history":[{"count":1,"href":"https:\/\/nbcs.mx\/index.php?rest_route=\/wp\/v2\/posts\/158750\/revisions"}],"predecessor-version":[{"id":158751,"href":"https:\/\/nbcs.mx\/index.php?rest_route=\/wp\/v2\/posts\/158750\/revisions\/158751"}],"wp:featuredmedia":[{"embeddable":true,"href":"https:\/\/nbcs.mx\/index.php?rest_route=\/wp\/v2\/media\/29167"}],"wp:attachment":[{"href":"https:\/\/nbcs.mx\/index.php?rest_route=%2Fwp%2Fv2%2Fmedia&parent=158750"}],"wp:term":[{"taxonomy":"category","embeddable":true,"href":"https:\/\/nbcs.mx\/index.php?rest_route=%2Fwp%2Fv2%2Fcategories&post=158750"},{"taxonomy":"post_tag","embeddable":true,"href":"https:\/\/nbcs.mx\/index.php?rest_route=%2Fwp%2Fv2%2Ftags&post=158750"}],"curies":[{"name":"wp","href":"https:\/\/api.w.org\/{rel}","templated":true}]}}