{"id":158754,"date":"2025-12-02T20:57:50","date_gmt":"2025-12-03T03:57:50","guid":{"rendered":"https:\/\/nbcs.mx\/?p=158754"},"modified":"2025-12-02T20:57:50","modified_gmt":"2025-12-03T03:57:50","slug":"encabeza-gobernador-victor-castro-instalacion-de-consejos-de-paz-y-justicia-civica-en-bcs","status":"publish","type":"post","link":"https:\/\/nbcs.mx\/?p=158754","title":{"rendered":"Encabeza Gobernador V\u00edctor Castro instalaci\u00f3n de Consejos de Paz y Justicia C\u00edvica en BCS"},"content":{"rendered":"<p style=\"font-weight: 400; text-align: justify;\"><img loading=\"lazy\" decoding=\"async\" class=\" wp-image-158755 alignleft\" src=\"https:\/\/nbcs.mx\/wp-content\/uploads\/2025\/12\/FOTO3-BOLETIN-03136-VMCC-ENCABEZA-755x423.jpg\" alt=\"\" width=\"377\" height=\"211\" srcset=\"https:\/\/nbcs.mx\/wp-content\/uploads\/2025\/12\/FOTO3-BOLETIN-03136-VMCC-ENCABEZA-755x423.jpg 755w, https:\/\/nbcs.mx\/wp-content\/uploads\/2025\/12\/FOTO3-BOLETIN-03136-VMCC-ENCABEZA-1024x573.jpg 1024w, https:\/\/nbcs.mx\/wp-content\/uploads\/2025\/12\/FOTO3-BOLETIN-03136-VMCC-ENCABEZA-150x84.jpg 150w, https:\/\/nbcs.mx\/wp-content\/uploads\/2025\/12\/FOTO3-BOLETIN-03136-VMCC-ENCABEZA-768x430.jpg 768w, https:\/\/nbcs.mx\/wp-content\/uploads\/2025\/12\/FOTO3-BOLETIN-03136-VMCC-ENCABEZA-1536x860.jpg 1536w, https:\/\/nbcs.mx\/wp-content\/uploads\/2025\/12\/FOTO3-BOLETIN-03136-VMCC-ENCABEZA-2048x1147.jpg 2048w, https:\/\/nbcs.mx\/wp-content\/uploads\/2025\/12\/FOTO3-BOLETIN-03136-VMCC-ENCABEZA-800x445.jpg 800w\" sizes=\"auto, (max-width: 377px) 100vw, 377px\" \/>Durante la instalaci\u00f3n del Consejo Estatal y los Consejos Municipales de Paz y Justicia C\u00edvica, realizada en la ciudad de La Paz, el gobernador V\u00edctor Manuel Castro Cos\u00edo destac\u00f3 el inicio de una nueva etapa de colaboraci\u00f3n, un esfuerzo que tiene como objetivo fortalecer la construcci\u00f3n de una paz duradera y efectiva, y que busca \u2018el bien, la paz y el bienestar de nuestros pueblos\u2019.<\/p>\n<p style=\"font-weight: 400; text-align: justify;\">\n<p style=\"font-weight: 400; text-align: justify;\">En presencia de Clara Luz Flores Carrales, titular de la Unidad de Asuntos Religiosos, Prevenci\u00f3n Social y Reconstrucci\u00f3n del Tejido Social de la Secretar\u00eda de Gobernaci\u00f3n (SEGOB), el mandatario enfatiz\u00f3 que este acuerdo deber\u00e1 sostenerse mediante programas y proyectos que realmente logren acercarse a la comunidad y atender sus necesidades.<\/p>\n<p style=\"font-weight: 400; text-align: justify;\">\n<p style=\"font-weight: 400; text-align: justify;\">Los Consejos estar\u00e1n integrados por asociaciones religiosas, sector empresarial, instituciones educativas y autoridades de los tres \u00f3rdenes de gobierno. Su funci\u00f3n ser\u00e1 elaborar diagn\u00f3sticos que permitan identificar las causas de la violencia y establecer soluciones conjuntas para su atenci\u00f3n.<\/p>\n<p style=\"font-weight: 400; text-align: justify;\">\n<p style=\"font-weight: 400; text-align: justify;\">En la toma de protesta participaron las alcaldesas de Muleg\u00e9, Edith Aguilar Villavicencio; de La Paz, Milena Quiroga Romero; y el alcalde de Los Cabos, Christian Ag\u00fandez G\u00f3mez, junto con representantes de la Mesa de Seguridad, sector empresarial y asociaciones religiosas. Durante el acto se reiter\u00f3 el compromiso de fortalecer acciones que impulsen comunidades m\u00e1s seguras, justas, pac\u00edficas y solidarias.<\/p>\n<p style=\"font-weight: 400; text-align: justify;\">\n<p style=\"font-weight: 400; text-align: justify;\">A su vez, Flores Carrales reconoci\u00f3 la disposici\u00f3n de las y los integrantes del Consejo y destac\u00f3 que estos espacios de di\u00e1logo, an\u00e1lisis y acci\u00f3n ciudadana impulsan la transformaci\u00f3n social desde un enfoque de justicia positiva.<\/p>\n<p style=\"font-weight: 400; text-align: justify;\">\n<p style=\"font-weight: 400; text-align: justify;\">Finalmente, Castro Cos\u00edo reiter\u00f3 que este trabajo se desarrollar\u00e1 con responsabilidad y compromiso, y que el Consejo ser\u00e1 un instrumento real para consolidar la paz en el estado y el pa\u00eds.<\/p>\n","protected":false},"excerpt":{"rendered":"<p>Durante la instalaci\u00f3n del Consejo Estatal y los Consejos Municipales de Paz y Justicia C\u00edvica, realizada en la ciudad de<\/p>\n","protected":false},"author":1,"featured_media":158755,"comment_status":"open","ping_status":"closed","sticky":false,"template":"","format":"standard","meta":{"colormag_page_container_layout":"default_layout","colormag_page_sidebar_layout":"default_layout","_jetpack_memberships_contains_paid_content":false,"footnotes":"","jetpack_publicize_message":"","jetpack_publicize_feature_enabled":true,"jetpack_social_post_already_shared":true,"jetpack_social_options":{"image_generator_settings":{"template":"highway","default_image_id":0,"font":"","enabled":false},"version":2}},"categories":[1],"tags":[],"class_list":["post-158754","post","type-post","status-publish","format-standard","has-post-thumbnail","hentry","category-noticias"],"yoast_head":"<!-- This site is optimized with the Yoast SEO plugin v27.5 - https:\/\/yoast.com\/product\/yoast-seo-wordpress\/ -->\n<title>Encabeza Gobernador V\u00edctor Castro instalaci\u00f3n de Consejos de Paz y Justicia C\u00edvica en BCS - NBCS Noticias<\/title>\n<meta name=\"robots\" content=\"index, follow, max-snippet:-1, max-image-preview:large, max-video-preview:-1\" \/>\n<link rel=\"canonical\" href=\"https:\/\/nbcs.mx\/?p=158754\" \/>\n<meta property=\"og:locale\" content=\"es_ES\" \/>\n<meta property=\"og:type\" content=\"article\" \/>\n<meta property=\"og:title\" content=\"Encabeza Gobernador V\u00edctor Castro instalaci\u00f3n de Consejos de Paz y Justicia C\u00edvica en BCS - NBCS Noticias\" \/>\n<meta property=\"og:description\" content=\"Durante la instalaci\u00f3n del Consejo Estatal y los Consejos Municipales de Paz y Justicia C\u00edvica, realizada en la ciudad de\" \/>\n<meta property=\"og:url\" content=\"https:\/\/nbcs.mx\/?p=158754\" \/>\n<meta property=\"og:site_name\" content=\"NBCS Noticias\" \/>\n<meta property=\"article:publisher\" content=\"https:\/\/www.facebook.com\/NBCSnoticias\" \/>\n<meta property=\"article:author\" content=\"https:\/\/www.facebook.com\/NBCSnoticias\" \/>\n<meta property=\"article:published_time\" content=\"2025-12-03T03:57:50+00:00\" \/>\n<meta property=\"og:image\" content=\"https:\/\/nbcs.mx\/wp-content\/uploads\/2025\/12\/FOTO3-BOLETIN-03136-VMCC-ENCABEZA.jpg\" \/>\n\t<meta property=\"og:image:width\" content=\"2400\" \/>\n\t<meta property=\"og:image:height\" content=\"1344\" \/>\n\t<meta property=\"og:image:type\" content=\"image\/jpeg\" \/>\n<meta name=\"author\" content=\"NBCS Noticias\" \/>\n<meta name=\"twitter:card\" content=\"summary_large_image\" \/>\n<meta name=\"twitter:creator\" content=\"@https:\/\/twitter.com\/NBCSnoticias\" \/>\n<meta name=\"twitter:site\" content=\"@NBCSnoticias\" \/>\n<meta name=\"twitter:label1\" content=\"Escrito por\" \/>\n\t<meta name=\"twitter:data1\" content=\"NBCS Noticias\" \/>\n\t<meta name=\"twitter:label2\" content=\"Tiempo de lectura\" \/>\n\t<meta name=\"twitter:data2\" content=\"2 minutos\" \/>\n<script type=\"application\/ld+json\" class=\"yoast-schema-graph\">{\"@context\":\"https:\\\/\\\/schema.org\",\"@graph\":[{\"@type\":\"Article\",\"@id\":\"https:\\\/\\\/nbcs.mx\\\/?p=158754#article\",\"isPartOf\":{\"@id\":\"https:\\\/\\\/nbcs.mx\\\/?p=158754\"},\"author\":{\"name\":\"NBCS Noticias\",\"@id\":\"https:\\\/\\\/nbcs.mx\\\/#\\\/schema\\\/person\\\/ece58bab9a7c1e87a4d28ec9ecd79ff4\"},\"headline\":\"Encabeza Gobernador V\u00edctor Castro instalaci\u00f3n de Consejos de Paz y Justicia C\u00edvica en BCS\",\"datePublished\":\"2025-12-03T03:57:50+00:00\",\"mainEntityOfPage\":{\"@id\":\"https:\\\/\\\/nbcs.mx\\\/?p=158754\"},\"wordCount\":323,\"commentCount\":0,\"publisher\":{\"@id\":\"https:\\\/\\\/nbcs.mx\\\/#organization\"},\"image\":{\"@id\":\"https:\\\/\\\/nbcs.mx\\\/?p=158754#primaryimage\"},\"thumbnailUrl\":\"https:\\\/\\\/nbcs.mx\\\/wp-content\\\/uploads\\\/2025\\\/12\\\/FOTO3-BOLETIN-03136-VMCC-ENCABEZA.jpg\",\"articleSection\":[\"Noticias\"],\"inLanguage\":\"es\",\"potentialAction\":[{\"@type\":\"CommentAction\",\"name\":\"Comment\",\"target\":[\"https:\\\/\\\/nbcs.mx\\\/?p=158754#respond\"]}]},{\"@type\":\"WebPage\",\"@id\":\"https:\\\/\\\/nbcs.mx\\\/?p=158754\",\"url\":\"https:\\\/\\\/nbcs.mx\\\/?p=158754\",\"name\":\"Encabeza Gobernador V\u00edctor Castro instalaci\u00f3n de Consejos de Paz y Justicia C\u00edvica en BCS - NBCS Noticias\",\"isPartOf\":{\"@id\":\"https:\\\/\\\/nbcs.mx\\\/#website\"},\"primaryImageOfPage\":{\"@id\":\"https:\\\/\\\/nbcs.mx\\\/?p=158754#primaryimage\"},\"image\":{\"@id\":\"https:\\\/\\\/nbcs.mx\\\/?p=158754#primaryimage\"},\"thumbnailUrl\":\"https:\\\/\\\/nbcs.mx\\\/wp-content\\\/uploads\\\/2025\\\/12\\\/FOTO3-BOLETIN-03136-VMCC-ENCABEZA.jpg\",\"datePublished\":\"2025-12-03T03:57:50+00:00\",\"breadcrumb\":{\"@id\":\"https:\\\/\\\/nbcs.mx\\\/?p=158754#breadcrumb\"},\"inLanguage\":\"es\",\"potentialAction\":[{\"@type\":\"ReadAction\",\"target\":[\"https:\\\/\\\/nbcs.mx\\\/?p=158754\"]}]},{\"@type\":\"ImageObject\",\"inLanguage\":\"es\",\"@id\":\"https:\\\/\\\/nbcs.mx\\\/?p=158754#primaryimage\",\"url\":\"https:\\\/\\\/nbcs.mx\\\/wp-content\\\/uploads\\\/2025\\\/12\\\/FOTO3-BOLETIN-03136-VMCC-ENCABEZA.jpg\",\"contentUrl\":\"https:\\\/\\\/nbcs.mx\\\/wp-content\\\/uploads\\\/2025\\\/12\\\/FOTO3-BOLETIN-03136-VMCC-ENCABEZA.jpg\",\"width\":2400,\"height\":1344},{\"@type\":\"BreadcrumbList\",\"@id\":\"https:\\\/\\\/nbcs.mx\\\/?p=158754#breadcrumb\",\"itemListElement\":[{\"@type\":\"ListItem\",\"position\":1,\"name\":\"Portada\",\"item\":\"https:\\\/\\\/nbcs.mx\\\/\"},{\"@type\":\"ListItem\",\"position\":2,\"name\":\"Encabeza Gobernador V\u00edctor Castro instalaci\u00f3n de Consejos de Paz y Justicia C\u00edvica en BCS\"}]},{\"@type\":\"WebSite\",\"@id\":\"https:\\\/\\\/nbcs.mx\\\/#website\",\"url\":\"https:\\\/\\\/nbcs.mx\\\/\",\"name\":\"NBCS Noticias\",\"description\":\"Sitio web de noticias en Baja California Sur\",\"publisher\":{\"@id\":\"https:\\\/\\\/nbcs.mx\\\/#organization\"},\"potentialAction\":[{\"@type\":\"SearchAction\",\"target\":{\"@type\":\"EntryPoint\",\"urlTemplate\":\"https:\\\/\\\/nbcs.mx\\\/?s={search_term_string}\"},\"query-input\":{\"@type\":\"PropertyValueSpecification\",\"valueRequired\":true,\"valueName\":\"search_term_string\"}}],\"inLanguage\":\"es\"},{\"@type\":\"Organization\",\"@id\":\"https:\\\/\\\/nbcs.mx\\\/#organization\",\"name\":\"NBCS Noticias\",\"url\":\"https:\\\/\\\/nbcs.mx\\\/\",\"logo\":{\"@type\":\"ImageObject\",\"inLanguage\":\"es\",\"@id\":\"https:\\\/\\\/nbcs.mx\\\/#\\\/schema\\\/logo\\\/image\\\/\",\"url\":\"https:\\\/\\\/nbcs.mx\\\/wp-content\\\/uploads\\\/2018\\\/09\\\/057b69485e93575a5c2b1c1dde2dd297.jpeg\",\"contentUrl\":\"https:\\\/\\\/nbcs.mx\\\/wp-content\\\/uploads\\\/2018\\\/09\\\/057b69485e93575a5c2b1c1dde2dd297.jpeg\",\"width\":64,\"height\":64,\"caption\":\"NBCS Noticias\"},\"image\":{\"@id\":\"https:\\\/\\\/nbcs.mx\\\/#\\\/schema\\\/logo\\\/image\\\/\"},\"sameAs\":[\"https:\\\/\\\/www.facebook.com\\\/NBCSnoticias\",\"https:\\\/\\\/x.com\\\/NBCSnoticias\"]},{\"@type\":\"Person\",\"@id\":\"https:\\\/\\\/nbcs.mx\\\/#\\\/schema\\\/person\\\/ece58bab9a7c1e87a4d28ec9ecd79ff4\",\"name\":\"NBCS Noticias\",\"image\":{\"@type\":\"ImageObject\",\"inLanguage\":\"es\",\"@id\":\"https:\\\/\\\/secure.gravatar.com\\\/avatar\\\/4e52110cad1c4054b43271a0d14bbe9e2ea76aecd0e1097edfc670798d9ca1d4?s=96&d=blank&r=g\",\"url\":\"https:\\\/\\\/secure.gravatar.com\\\/avatar\\\/4e52110cad1c4054b43271a0d14bbe9e2ea76aecd0e1097edfc670798d9ca1d4?s=96&d=blank&r=g\",\"contentUrl\":\"https:\\\/\\\/secure.gravatar.com\\\/avatar\\\/4e52110cad1c4054b43271a0d14bbe9e2ea76aecd0e1097edfc670798d9ca1d4?s=96&d=blank&r=g\",\"caption\":\"NBCS Noticias\"},\"description\":\"\u00bfTienes fotos o video de alg\u00fan acto de posible negligencia, corrupci\u00f3n y abuso de autoridad? M\u00e1ndalo al WhatsApp de NBCS Noticias: 612 141 98 08\",\"sameAs\":[\"https:\\\/\\\/www.nbcs.mx\",\"https:\\\/\\\/www.facebook.com\\\/NBCSnoticias\",\"https:\\\/\\\/www.instagram.com\\\/nbcsnoticias\\\/\",\"https:\\\/\\\/x.com\\\/https:\\\/\\\/twitter.com\\\/NBCSnoticias\"]}]}<\/script>\n<!-- \/ Yoast SEO plugin. -->","yoast_head_json":{"title":"Encabeza Gobernador V\u00edctor Castro instalaci\u00f3n de Consejos de Paz y Justicia C\u00edvica en BCS - NBCS Noticias","robots":{"index":"index","follow":"follow","max-snippet":"max-snippet:-1","max-image-preview":"max-image-preview:large","max-video-preview":"max-video-preview:-1"},"canonical":"https:\/\/nbcs.mx\/?p=158754","og_locale":"es_ES","og_type":"article","og_title":"Encabeza Gobernador V\u00edctor Castro instalaci\u00f3n de Consejos de Paz y Justicia C\u00edvica en BCS - NBCS Noticias","og_description":"Durante la instalaci\u00f3n del Consejo Estatal y los Consejos Municipales de Paz y Justicia C\u00edvica, realizada en la ciudad de","og_url":"https:\/\/nbcs.mx\/?p=158754","og_site_name":"NBCS Noticias","article_publisher":"https:\/\/www.facebook.com\/NBCSnoticias","article_author":"https:\/\/www.facebook.com\/NBCSnoticias","article_published_time":"2025-12-03T03:57:50+00:00","og_image":[{"width":2400,"height":1344,"url":"https:\/\/nbcs.mx\/wp-content\/uploads\/2025\/12\/FOTO3-BOLETIN-03136-VMCC-ENCABEZA.jpg","type":"image\/jpeg"}],"author":"NBCS Noticias","twitter_card":"summary_large_image","twitter_creator":"@https:\/\/twitter.com\/NBCSnoticias","twitter_site":"@NBCSnoticias","twitter_misc":{"Escrito por":"NBCS Noticias","Tiempo de lectura":"2 minutos"},"schema":{"@context":"https:\/\/schema.org","@graph":[{"@type":"Article","@id":"https:\/\/nbcs.mx\/?p=158754#article","isPartOf":{"@id":"https:\/\/nbcs.mx\/?p=158754"},"author":{"name":"NBCS Noticias","@id":"https:\/\/nbcs.mx\/#\/schema\/person\/ece58bab9a7c1e87a4d28ec9ecd79ff4"},"headline":"Encabeza Gobernador V\u00edctor Castro instalaci\u00f3n de Consejos de Paz y Justicia C\u00edvica en BCS","datePublished":"2025-12-03T03:57:50+00:00","mainEntityOfPage":{"@id":"https:\/\/nbcs.mx\/?p=158754"},"wordCount":323,"commentCount":0,"publisher":{"@id":"https:\/\/nbcs.mx\/#organization"},"image":{"@id":"https:\/\/nbcs.mx\/?p=158754#primaryimage"},"thumbnailUrl":"https:\/\/nbcs.mx\/wp-content\/uploads\/2025\/12\/FOTO3-BOLETIN-03136-VMCC-ENCABEZA.jpg","articleSection":["Noticias"],"inLanguage":"es","potentialAction":[{"@type":"CommentAction","name":"Comment","target":["https:\/\/nbcs.mx\/?p=158754#respond"]}]},{"@type":"WebPage","@id":"https:\/\/nbcs.mx\/?p=158754","url":"https:\/\/nbcs.mx\/?p=158754","name":"Encabeza Gobernador V\u00edctor Castro instalaci\u00f3n de Consejos de Paz y Justicia C\u00edvica en BCS - NBCS Noticias","isPartOf":{"@id":"https:\/\/nbcs.mx\/#website"},"primaryImageOfPage":{"@id":"https:\/\/nbcs.mx\/?p=158754#primaryimage"},"image":{"@id":"https:\/\/nbcs.mx\/?p=158754#primaryimage"},"thumbnailUrl":"https:\/\/nbcs.mx\/wp-content\/uploads\/2025\/12\/FOTO3-BOLETIN-03136-VMCC-ENCABEZA.jpg","datePublished":"2025-12-03T03:57:50+00:00","breadcrumb":{"@id":"https:\/\/nbcs.mx\/?p=158754#breadcrumb"},"inLanguage":"es","potentialAction":[{"@type":"ReadAction","target":["https:\/\/nbcs.mx\/?p=158754"]}]},{"@type":"ImageObject","inLanguage":"es","@id":"https:\/\/nbcs.mx\/?p=158754#primaryimage","url":"https:\/\/nbcs.mx\/wp-content\/uploads\/2025\/12\/FOTO3-BOLETIN-03136-VMCC-ENCABEZA.jpg","contentUrl":"https:\/\/nbcs.mx\/wp-content\/uploads\/2025\/12\/FOTO3-BOLETIN-03136-VMCC-ENCABEZA.jpg","width":2400,"height":1344},{"@type":"BreadcrumbList","@id":"https:\/\/nbcs.mx\/?p=158754#breadcrumb","itemListElement":[{"@type":"ListItem","position":1,"name":"Portada","item":"https:\/\/nbcs.mx\/"},{"@type":"ListItem","position":2,"name":"Encabeza Gobernador V\u00edctor Castro instalaci\u00f3n de Consejos de Paz y Justicia C\u00edvica en BCS"}]},{"@type":"WebSite","@id":"https:\/\/nbcs.mx\/#website","url":"https:\/\/nbcs.mx\/","name":"NBCS Noticias","description":"Sitio web de noticias en Baja California Sur","publisher":{"@id":"https:\/\/nbcs.mx\/#organization"},"potentialAction":[{"@type":"SearchAction","target":{"@type":"EntryPoint","urlTemplate":"https:\/\/nbcs.mx\/?s={search_term_string}"},"query-input":{"@type":"PropertyValueSpecification","valueRequired":true,"valueName":"search_term_string"}}],"inLanguage":"es"},{"@type":"Organization","@id":"https:\/\/nbcs.mx\/#organization","name":"NBCS Noticias","url":"https:\/\/nbcs.mx\/","logo":{"@type":"ImageObject","inLanguage":"es","@id":"https:\/\/nbcs.mx\/#\/schema\/logo\/image\/","url":"https:\/\/nbcs.mx\/wp-content\/uploads\/2018\/09\/057b69485e93575a5c2b1c1dde2dd297.jpeg","contentUrl":"https:\/\/nbcs.mx\/wp-content\/uploads\/2018\/09\/057b69485e93575a5c2b1c1dde2dd297.jpeg","width":64,"height":64,"caption":"NBCS Noticias"},"image":{"@id":"https:\/\/nbcs.mx\/#\/schema\/logo\/image\/"},"sameAs":["https:\/\/www.facebook.com\/NBCSnoticias","https:\/\/x.com\/NBCSnoticias"]},{"@type":"Person","@id":"https:\/\/nbcs.mx\/#\/schema\/person\/ece58bab9a7c1e87a4d28ec9ecd79ff4","name":"NBCS Noticias","image":{"@type":"ImageObject","inLanguage":"es","@id":"https:\/\/secure.gravatar.com\/avatar\/4e52110cad1c4054b43271a0d14bbe9e2ea76aecd0e1097edfc670798d9ca1d4?s=96&d=blank&r=g","url":"https:\/\/secure.gravatar.com\/avatar\/4e52110cad1c4054b43271a0d14bbe9e2ea76aecd0e1097edfc670798d9ca1d4?s=96&d=blank&r=g","contentUrl":"https:\/\/secure.gravatar.com\/avatar\/4e52110cad1c4054b43271a0d14bbe9e2ea76aecd0e1097edfc670798d9ca1d4?s=96&d=blank&r=g","caption":"NBCS Noticias"},"description":"\u00bfTienes fotos o video de alg\u00fan acto de posible negligencia, corrupci\u00f3n y abuso de autoridad? M\u00e1ndalo al WhatsApp de NBCS Noticias: 612 141 98 08","sameAs":["https:\/\/www.nbcs.mx","https:\/\/www.facebook.com\/NBCSnoticias","https:\/\/www.instagram.com\/nbcsnoticias\/","https:\/\/x.com\/https:\/\/twitter.com\/NBCSnoticias"]}]}},"jetpack_publicize_connections":[],"jetpack_featured_media_url":"https:\/\/nbcs.mx\/wp-content\/uploads\/2025\/12\/FOTO3-BOLETIN-03136-VMCC-ENCABEZA.jpg","jetpack_sharing_enabled":true,"_links":{"self":[{"href":"https:\/\/nbcs.mx\/index.php?rest_route=\/wp\/v2\/posts\/158754","targetHints":{"allow":["GET"]}}],"collection":[{"href":"https:\/\/nbcs.mx\/index.php?rest_route=\/wp\/v2\/posts"}],"about":[{"href":"https:\/\/nbcs.mx\/index.php?rest_route=\/wp\/v2\/types\/post"}],"author":[{"embeddable":true,"href":"https:\/\/nbcs.mx\/index.php?rest_route=\/wp\/v2\/users\/1"}],"replies":[{"embeddable":true,"href":"https:\/\/nbcs.mx\/index.php?rest_route=%2Fwp%2Fv2%2Fcomments&post=158754"}],"version-history":[{"count":1,"href":"https:\/\/nbcs.mx\/index.php?rest_route=\/wp\/v2\/posts\/158754\/revisions"}],"predecessor-version":[{"id":158756,"href":"https:\/\/nbcs.mx\/index.php?rest_route=\/wp\/v2\/posts\/158754\/revisions\/158756"}],"wp:featuredmedia":[{"embeddable":true,"href":"https:\/\/nbcs.mx\/index.php?rest_route=\/wp\/v2\/media\/158755"}],"wp:attachment":[{"href":"https:\/\/nbcs.mx\/index.php?rest_route=%2Fwp%2Fv2%2Fmedia&parent=158754"}],"wp:term":[{"taxonomy":"category","embeddable":true,"href":"https:\/\/nbcs.mx\/index.php?rest_route=%2Fwp%2Fv2%2Fcategories&post=158754"},{"taxonomy":"post_tag","embeddable":true,"href":"https:\/\/nbcs.mx\/index.php?rest_route=%2Fwp%2Fv2%2Ftags&post=158754"}],"curies":[{"name":"wp","href":"https:\/\/api.w.org\/{rel}","templated":true}]}}